{"id":116607,"date":"2025-12-02T17:31:32","date_gmt":"2025-12-02T21:31:32","guid":{"rendered":"https:\/\/lasprimeras.com.do\/?p=116607"},"modified":"2025-12-02T17:31:34","modified_gmt":"2025-12-02T21:31:34","slug":"defensa-publica-inaugura-nueva-sede-en-jimani-para-fortalecer-el-acceso-a-la-justicia-en-la-frontera","status":"publish","type":"post","link":"https:\/\/lasprimeras.com.do\/index.php\/2025\/12\/02\/defensa-publica-inaugura-nueva-sede-en-jimani-para-fortalecer-el-acceso-a-la-justicia-en-la-frontera\/","title":{"rendered":"Defensa P\u00fablica inaugura nueva sede en Jiman\u00ed para fortalecer el acceso a la justicia en la frontera"},"content":{"rendered":"\n<p>La Oficina Nacional de Defensa P\u00fablica (ONDP) dej\u00f3 formalmente inaugurada una nueva sede en el municipio de Jiman\u00ed, con el objetivo de ampliar la cobertura de servicios y garantizar una defensa t\u00e9cnica gratuita, digna y accesible a las personas en condici\u00f3n de vulnerabilidad en esta zona fronteriza del pa\u00eds.<\/p>\n\n\n\n<p>La apertura tuvo lugar en el Palacio de Justicia de Jiman\u00ed y cont\u00f3 con la participaci\u00f3n del alcalde municipal, Laureano Santana; fiscales de la jurisdicci\u00f3n; representantes del Ministerio P\u00fablico y del Poder Judicial; autoridades de la Polic\u00eda Nacional; as\u00ed como Luis Valenzuela, representante de la gobernadora Mercedes Nova, junto a autoridades y representantes de la Oficina Nacional de Defensa P\u00fablica.<\/p>\n\n\n\n<p>Todos expresaron su respaldo a esta nueva sede por el impacto positivo que tendr\u00e1 en las comunidades de Independencia.<\/p>\n\n\n\n<p>Durante el acto, el director nacional de la Defensa P\u00fablica, Lcdo. Rodolfo Valent\u00edn Santos, afirm\u00f3 que esta inauguraci\u00f3n reafirma el compromiso de llevar la defensa t\u00e9cnica a todo el territorio nacional, especialmente a zonas hist\u00f3ricamente desatendidas o donde las barreras econ\u00f3micas y geogr\u00e1ficas limitaban el acceso a la justicia.<\/p>\n\n\n<div class=\"wp-block-image\">\n<figure class=\"alignleft size-full is-resized\"><img decoding=\"async\" width=\"900\" height=\"515\" src=\"https:\/\/lasprimeras.com.do\/wp-content\/uploads\/2025\/12\/Rodolfo-Valentin-Santos-2.jpg\" alt=\"\" class=\"wp-image-116609\" style=\"width:443px;height:auto\" srcset=\"https:\/\/lasprimeras.com.do\/wp-content\/uploads\/2025\/12\/Rodolfo-Valentin-Santos-2.jpg 900w, https:\/\/lasprimeras.com.do\/wp-content\/uploads\/2025\/12\/Rodolfo-Valentin-Santos-2-300x172.jpg 300w, https:\/\/lasprimeras.com.do\/wp-content\/uploads\/2025\/12\/Rodolfo-Valentin-Santos-2-768x439.jpg 768w\" sizes=\"(max-width: 900px) 100vw, 900px\" \/><\/figure>\n<\/div>\n\n\n<p>En su intervenci\u00f3n, Luis Valenzuela, en representaci\u00f3n de la gobernadora Mercedes Nova, manifest\u00f3 el apoyo institucional a todo proyecto que promueva la justicia y beneficie a la poblaci\u00f3n m\u00e1s vulnerable.<\/p>\n\n\n\n<blockquote class=\"wp-block-quote is-layout-flow wp-block-quote-is-layout-flow\">\n<p>\u201cSiempre y cuando sean para abrir m\u00e1s oficinas y ayudar a los m\u00e1s necesitados, nosotros lo apoyaremos. Felicidades por esta nueva apertura\u201d, expres\u00f3.<\/p>\n<\/blockquote>\n\n\n\n<p>La nueva sede ofrecer\u00e1 servicios de orientaci\u00f3n jur\u00eddica, asistencia en audiencias, seguimiento a casos penales y representaci\u00f3n legal para personas privadas de libertad, cumpliendo con los est\u00e1ndares de calidad, \u00e9tica y transparencia que caracterizan la labor de la ONDP.<\/p>\n\n\n\n<p>Con esta apertura, la Defensa P\u00fablica fortalece su presencia en la regi\u00f3n suroeste, ampliando su capacidad de respuesta en una provincia estrat\u00e9gica como Independencia, donde la movilidad fronteriza y las condiciones sociales hacen a\u00fan m\u00e1s necesario un acceso oportuno a la justicia.<\/p>\n","protected":false},"excerpt":{"rendered":"<p>La Oficina Nacional de Defensa P\u00fablica (ONDP) dej\u00f3 formalmente inaugurada una nueva sede en el municipio de Jiman\u00ed, con el objetivo de ampliar la cobertura de servicios y garantizar una&hellip;<\/p>\n","protected":false},"author":10,"featured_media":116608,"comment_status":"open","ping_status":"open","sticky":false,"template":"","format":"standard","meta":{"content-type":"","jetpack_post_was_ever_published":false,"_jetpack_newsletter_access":"","_jetpack_dont_email_post_to_subs":false,"_jetpack_newsletter_tier_id":0,"_jetpack_memberships_contains_paywalled_content":false,"_jetpack_memberships_contains_paid_content":false,"footnotes":""},"categories":[35],"tags":[1003,5459,74,2930,443],"class_list":["post-116607","post","type-post","status-publish","format-standard","has-post-thumbnail","hentry","category-nacionales","tag-acceso","tag-defensa-publica","tag-frontera","tag-jimani","tag-justicia"],"jetpack_featured_media_url":"https:\/\/lasprimeras.com.do\/wp-content\/uploads\/2025\/12\/Rodolfo-Valentin-Santos-1.jpg","jetpack-related-posts":[{"id":114860,"url":"https:\/\/lasprimeras.com.do\/index.php\/2025\/11\/17\/presidente-de-la-suprema-juramenta-a-rodolfo-valentin-como-director-de-la-defensa-publica\/","url_meta":{"origin":116607,"position":0},"title":"Presidente de la Suprema juramenta a Rodolfo Valent\u00edn como director de la Defensa P\u00fablica","author":"Nelson Feliz","date":"17 de noviembre de 2025","format":false,"excerpt":"El Juez presidente de la Suprema Corte de Justicia (SCJ), Henry Molina jurament\u00f3 al abogado Rodolfo Valent\u00edn Santos como director de la Oficina Nacional de la Defensa P\u00fablica, quien fue ratificado en el cargo para dirigir esa entidad por un nuevo per\u00edodo de 6 a\u00f1os. En el acto de juramentaci\u00f3n\u2026","rel":"","context":"En \u00abJUSTICIA\u00bb","block_context":{"text":"JUSTICIA","link":"https:\/\/lasprimeras.com.do\/index.php\/category\/justicia\/"},"img":{"alt_text":"","src":"https:\/\/i0.wp.com\/lasprimeras.com.do\/wp-content\/uploads\/2025\/11\/Henry-Molina.jpg?resize=350%2C200&ssl=1","width":350,"height":200,"srcset":"https:\/\/i0.wp.com\/lasprimeras.com.do\/wp-content\/uploads\/2025\/11\/Henry-Molina.jpg?resize=350%2C200&ssl=1 1x, https:\/\/i0.wp.com\/lasprimeras.com.do\/wp-content\/uploads\/2025\/11\/Henry-Molina.jpg?resize=525%2C300&ssl=1 1.5x, https:\/\/i0.wp.com\/lasprimeras.com.do\/wp-content\/uploads\/2025\/11\/Henry-Molina.jpg?resize=700%2C400&ssl=1 2x"},"classes":[]},{"id":113079,"url":"https:\/\/lasprimeras.com.do\/index.php\/2025\/10\/29\/autoridades-activan-el-comite-de-emergencia-ante-la-crecida-del-rio-blanco-en-jimani\/","url_meta":{"origin":116607,"position":1},"title":"Autoridades activan el comit\u00e9 de emergencia ante la crecida del r\u00edo Blanco en Jiman\u00ed","author":"Nelson Feliz","date":"29 de octubre de 2025","format":false,"excerpt":"El r\u00edo Blanco, en Jiman\u00ed, volvi\u00f3 a crecer este mi\u00e9rcoles con las lluvias dejadas por el hurac\u00e1n Melissa en la frontera sur con Hait\u00ed. El aumento del caudal del afluente, que nace en Hait\u00ed como Soliette y que ha causado tragedias en el pasado a comunidades de ambos pa\u00edses, provoc\u00f3\u2026","rel":"","context":"En \u00abNACIONALES\u00bb","block_context":{"text":"NACIONALES","link":"https:\/\/lasprimeras.com.do\/index.php\/category\/nacionales\/"},"img":{"alt_text":"","src":"https:\/\/i0.wp.com\/lasprimeras.com.do\/wp-content\/uploads\/2025\/10\/Autoridades-y-comunitarios-acudieron-al-puente-sobre-el-rio-Blanco-en-Jimani.jpg?resize=350%2C200&ssl=1","width":350,"height":200,"srcset":"https:\/\/i0.wp.com\/lasprimeras.com.do\/wp-content\/uploads\/2025\/10\/Autoridades-y-comunitarios-acudieron-al-puente-sobre-el-rio-Blanco-en-Jimani.jpg?resize=350%2C200&ssl=1 1x, https:\/\/i0.wp.com\/lasprimeras.com.do\/wp-content\/uploads\/2025\/10\/Autoridades-y-comunitarios-acudieron-al-puente-sobre-el-rio-Blanco-en-Jimani.jpg?resize=525%2C300&ssl=1 1.5x, https:\/\/i0.wp.com\/lasprimeras.com.do\/wp-content\/uploads\/2025\/10\/Autoridades-y-comunitarios-acudieron-al-puente-sobre-el-rio-Blanco-en-Jimani.jpg?resize=700%2C400&ssl=1 2x"},"classes":[]},{"id":112389,"url":"https:\/\/lasprimeras.com.do\/index.php\/2025\/10\/21\/ejercito-detiene-60-haitianos-indocumentados-durante-operativo-en-jimani\/","url_meta":{"origin":116607,"position":2},"title":"Ej\u00e9rcito detiene 60 haitianos indocumentados durante operativo en Jiman\u00ed","author":"Nelson Feliz","date":"21 de octubre de 2025","format":false,"excerpt":"Miembros de la Direcci\u00f3n de Inteligencia G-2 y de la uniformada del Ej\u00e9rcito de la Rep\u00fablica Dominicana (ERD), adscritos al 14to. Batall\u00f3n de Infanter\u00eda, detuvieron a 60 nacionales haitianos que se encontraban en territorio dominicano con estatus migratorio irregular, durante un amplio operativo de patrullaje desarrollado en el municipio de\u2026","rel":"","context":"En \u00abMILITARES\u00bb","block_context":{"text":"MILITARES","link":"https:\/\/lasprimeras.com.do\/index.php\/category\/militares\/"},"img":{"alt_text":"","src":"https:\/\/i0.wp.com\/lasprimeras.com.do\/wp-content\/uploads\/2025\/10\/ejer.jpg?resize=350%2C200&ssl=1","width":350,"height":200,"srcset":"https:\/\/i0.wp.com\/lasprimeras.com.do\/wp-content\/uploads\/2025\/10\/ejer.jpg?resize=350%2C200&ssl=1 1x, https:\/\/i0.wp.com\/lasprimeras.com.do\/wp-content\/uploads\/2025\/10\/ejer.jpg?resize=525%2C300&ssl=1 1.5x, https:\/\/i0.wp.com\/lasprimeras.com.do\/wp-content\/uploads\/2025\/10\/ejer.jpg?resize=700%2C400&ssl=1 2x"},"classes":[]},{"id":124424,"url":"https:\/\/lasprimeras.com.do\/index.php\/2026\/03\/12\/defensa-publica-inaugura-nueva-oficina-en-nagua-provincia-maria-trinidad-sanchez\/","url_meta":{"origin":116607,"position":3},"title":"Defensa P\u00fablica inaugura nueva oficina en Nagua, provincia Mar\u00eda Trinidad S\u00e1nchez","author":"Nelson Feliz","date":"12 de marzo de 2026","format":false,"excerpt":"La Oficina Nacional de Defensa P\u00fablica dej\u00f3 inaugurada una nueva oficina de servicios en el municipio de Nagua, provincia Mar\u00eda Trinidad S\u00e1nchez, como parte de su proceso de expansi\u00f3n institucional orientado a fortalecer el acceso a la justicia y garantizar el derecho a la defensa de la ciudadan\u00eda. El acto\u2026","rel":"","context":"En \u00abNACIONALES\u00bb","block_context":{"text":"NACIONALES","link":"https:\/\/lasprimeras.com.do\/index.php\/category\/nacionales\/"},"img":{"alt_text":"","src":"https:\/\/i0.wp.com\/lasprimeras.com.do\/wp-content\/uploads\/2026\/03\/IMG-20260311-WA0361-scaled.jpg?resize=350%2C200&ssl=1","width":350,"height":200,"srcset":"https:\/\/i0.wp.com\/lasprimeras.com.do\/wp-content\/uploads\/2026\/03\/IMG-20260311-WA0361-scaled.jpg?resize=350%2C200&ssl=1 1x, https:\/\/i0.wp.com\/lasprimeras.com.do\/wp-content\/uploads\/2026\/03\/IMG-20260311-WA0361-scaled.jpg?resize=525%2C300&ssl=1 1.5x, https:\/\/i0.wp.com\/lasprimeras.com.do\/wp-content\/uploads\/2026\/03\/IMG-20260311-WA0361-scaled.jpg?resize=700%2C400&ssl=1 2x, https:\/\/i0.wp.com\/lasprimeras.com.do\/wp-content\/uploads\/2026\/03\/IMG-20260311-WA0361-scaled.jpg?resize=1050%2C600&ssl=1 3x, https:\/\/i0.wp.com\/lasprimeras.com.do\/wp-content\/uploads\/2026\/03\/IMG-20260311-WA0361-scaled.jpg?resize=1400%2C800&ssl=1 4x"},"classes":[]},{"id":124120,"url":"https:\/\/lasprimeras.com.do\/index.php\/2026\/03\/08\/defensa-publica-inaugura-oficina-en-el-ccr-las-parras\/","url_meta":{"origin":116607,"position":4},"title":"Defensa P\u00fablica inaugura oficina en el CCR Las Parras","author":"Nelson Feliz","date":"8 de marzo de 2026","format":false,"excerpt":"El director de la Oficina Nacional de Defensa P\u00fablica, Rodolfo Valent\u00edn Santos, inaugur\u00f3 una nueva oficina de servicio en el Centro de Correcci\u00f3n y Rehabilitaci\u00f3n (CCR) Las Parras, con el objetivo de garantizar una asistencia legal oportuna a las personas privadas de libertad. La apertura de esta oficina representa un\u2026","rel":"","context":"En \u00abNACIONALES\u00bb","block_context":{"text":"NACIONALES","link":"https:\/\/lasprimeras.com.do\/index.php\/category\/nacionales\/"},"img":{"alt_text":"Rodolfo Valent\u00edn Santos","src":"https:\/\/i0.wp.com\/lasprimeras.com.do\/wp-content\/uploads\/2026\/03\/Rodolfo-Valentin-Santos.jpg?resize=350%2C200&ssl=1","width":350,"height":200,"srcset":"https:\/\/i0.wp.com\/lasprimeras.com.do\/wp-content\/uploads\/2026\/03\/Rodolfo-Valentin-Santos.jpg?resize=350%2C200&ssl=1 1x, https:\/\/i0.wp.com\/lasprimeras.com.do\/wp-content\/uploads\/2026\/03\/Rodolfo-Valentin-Santos.jpg?resize=525%2C300&ssl=1 1.5x, https:\/\/i0.wp.com\/lasprimeras.com.do\/wp-content\/uploads\/2026\/03\/Rodolfo-Valentin-Santos.jpg?resize=700%2C400&ssl=1 2x"},"classes":[]},{"id":85877,"url":"https:\/\/lasprimeras.com.do\/index.php\/2024\/07\/11\/ejercito-reinaugura-fortaleza-el-rodeo-en-jimani\/","url_meta":{"origin":116607,"position":5},"title":"Ej\u00e9rcito reinaugura Fortaleza \u201cEl Rodeo\u201d en Jiman\u00ed","author":"Nelson Feliz","date":"11 de julio de 2024","format":false,"excerpt":"El Ministro de Defensa, Teniente General Carlos Luciano D\u00edaz Morfa y el Comandante General del Ej\u00e9rcito de la Rep\u00fablica Dominicana, Mayor General Carlos Antonio Fern\u00e1ndez Onofre, reinauguraci\u00f3n por remozamiento de la Fortaleza \u201cEl Rodeo\u201d y las nuevas instalaciones del Destacamento Militar\u00a0 \u201c248\u201d ubicados en Jiman\u00ed provincia Independencia. Las palabras de\u2026","rel":"","context":"En \u00abMILITARES\u00bb","block_context":{"text":"MILITARES","link":"https:\/\/lasprimeras.com.do\/index.php\/category\/militares\/"},"img":{"alt_text":"El Rodeo","src":"https:\/\/i0.wp.com\/lasprimeras.com.do\/wp-content\/uploads\/2024\/07\/El-Rodeo-1.jpg?resize=350%2C200&ssl=1","width":350,"height":200,"srcset":"https:\/\/i0.wp.com\/lasprimeras.com.do\/wp-content\/uploads\/2024\/07\/El-Rodeo-1.jpg?resize=350%2C200&ssl=1 1x, https:\/\/i0.wp.com\/lasprimeras.com.do\/wp-content\/uploads\/2024\/07\/El-Rodeo-1.jpg?resize=525%2C300&ssl=1 1.5x, https:\/\/i0.wp.com\/lasprimeras.com.do\/wp-content\/uploads\/2024\/07\/El-Rodeo-1.jpg?resize=700%2C400&ssl=1 2x"},"classes":[]}],"jetpack_sharing_enabled":true,"_links":{"self":[{"href":"https:\/\/lasprimeras.com.do\/index.php\/wp-json\/wp\/v2\/posts\/116607","targetHints":{"allow":["GET"]}}],"collection":[{"href":"https:\/\/lasprimeras.com.do\/index.php\/wp-json\/wp\/v2\/posts"}],"about":[{"href":"https:\/\/lasprimeras.com.do\/index.php\/wp-json\/wp\/v2\/types\/post"}],"author":[{"embeddable":true,"href":"https:\/\/lasprimeras.com.do\/index.php\/wp-json\/wp\/v2\/users\/10"}],"replies":[{"embeddable":true,"href":"https:\/\/lasprimeras.com.do\/index.php\/wp-json\/wp\/v2\/comments?post=116607"}],"version-history":[{"count":1,"href":"https:\/\/lasprimeras.com.do\/index.php\/wp-json\/wp\/v2\/posts\/116607\/revisions"}],"predecessor-version":[{"id":116610,"href":"https:\/\/lasprimeras.com.do\/index.php\/wp-json\/wp\/v2\/posts\/116607\/revisions\/116610"}],"wp:featuredmedia":[{"embeddable":true,"href":"https:\/\/lasprimeras.com.do\/index.php\/wp-json\/wp\/v2\/media\/116608"}],"wp:attachment":[{"href":"https:\/\/lasprimeras.com.do\/index.php\/wp-json\/wp\/v2\/media?parent=116607"}],"wp:term":[{"taxonomy":"category","embeddable":true,"href":"https:\/\/lasprimeras.com.do\/index.php\/wp-json\/wp\/v2\/categories?post=116607"},{"taxonomy":"post_tag","embeddable":true,"href":"https:\/\/lasprimeras.com.do\/index.php\/wp-json\/wp\/v2\/tags?post=116607"}],"curies":[{"name":"wp","href":"https:\/\/api.w.org\/{rel}","templated":true}]}}