{"id":116611,"date":"2025-12-02T17:40:01","date_gmt":"2025-12-02T21:40:01","guid":{"rendered":"https:\/\/lasprimeras.com.do\/?p=116611"},"modified":"2025-12-02T17:40:04","modified_gmt":"2025-12-02T21:40:04","slug":"dgjp-paga-mas-rd-3884-millones-de-regalia-pascual-a-pensionados-a-nivel-nacional","status":"publish","type":"post","link":"https:\/\/lasprimeras.com.do\/index.php\/2025\/12\/02\/dgjp-paga-mas-rd-3884-millones-de-regalia-pascual-a-pensionados-a-nivel-nacional\/","title":{"rendered":"DGJP paga m\u00e1s RD$ 3,884 millones de regal\u00eda pascual a pensionados a nivel nacional"},"content":{"rendered":"\n<p>La Direcci\u00f3n General de Jubilaciones y Pensiones a Cargo del Estado (DGJP) inform\u00f3 que fue realizado el desembolso de m\u00e1s RD$ 3,884, 802,646.57 correspondiente al pago de la regal\u00eda pascual del a\u00f1o 2025, a todos los pensionados y jubilados a cargo del Estado.<\/p>\n\n\n\n<p>La entidad indic\u00f3 que el monto remunerado beneficia a 243 mil 186 pensionados civiles, de la Polic\u00eda Nacional y solidarios, reflejando as\u00ed el compromiso del Gobierno dominicano que encabeza el presidente Luis Abinader, de garantizar los derechos de sus jubilados, cumpliendo con el pago del salario 13, para que puedan disfrutar de las festividades de la temporada navide\u00f1a.<\/p>\n\n\n\n<p>Con esta entrega, la DGJP reafirma su compromiso de ofrecer servicios con calidad, transparentes y justo a tiempo, garantizando una jubilaci\u00f3n digna para quienes sirvieron al Estado.<\/p>\n","protected":false},"excerpt":{"rendered":"<p>La Direcci\u00f3n General de Jubilaciones y Pensiones a Cargo del Estado (DGJP) inform\u00f3 que fue realizado el desembolso de m\u00e1s RD$ 3,884, 802,646.57 correspondiente al pago de la regal\u00eda pascual&hellip;<\/p>\n","protected":false},"author":10,"featured_media":116612,"comment_status":"open","ping_status":"open","sticky":false,"template":"","format":"standard","meta":{"content-type":"","jetpack_post_was_ever_published":false,"_jetpack_newsletter_access":"","_jetpack_dont_email_post_to_subs":false,"_jetpack_newsletter_tier_id":0,"_jetpack_memberships_contains_paywalled_content":false,"_jetpack_memberships_contains_paid_content":false,"footnotes":""},"categories":[39],"tags":[18334,6653,9932,9875],"class_list":["post-116611","post","type-post","status-publish","format-standard","has-post-thumbnail","hentry","category-economia","tag-dgjp","tag-paga","tag-pensionados","tag-regalia-pascual"],"jetpack_featured_media_url":"https:\/\/lasprimeras.com.do\/wp-content\/uploads\/2025\/12\/DGJP.jpg","jetpack-related-posts":[{"id":69616,"url":"https:\/\/lasprimeras.com.do\/index.php\/2023\/12\/04\/comenzo-el-pago-de-la-regalia-pascual-a-pensionados-militares-y-policias\/","url_meta":{"origin":116611,"position":0},"title":"Comenz\u00f3 el pago de la regal\u00eda pascual a pensionados, militares y polic\u00edas","author":"BIMARY DE JES\u00daS Matos","date":"4 de diciembre de 2023","format":false,"excerpt":"Santo Domingo.-El gobierno comenz\u00f3 hoy el pago del sueldo n\u00famero 13 o regal\u00eda pascual a pensionados del sector p\u00fablico, militares y los miembros de la Polic\u00eda Nacional, inform\u00f3 la Tesorer\u00eda Nacional en una nota de prensa. Los primeros en cobrar fueron los jubilados, luego siguieron los integrantes de las Fuerzas\u2026","rel":"","context":"En \u00abPORTADA\u00bb","block_context":{"text":"PORTADA","link":"https:\/\/lasprimeras.com.do\/index.php\/category\/portada\/"},"img":{"alt_text":"","src":"https:\/\/i0.wp.com\/lasprimeras.com.do\/wp-content\/uploads\/2023\/12\/WhatsApp-Image-2023-12-04-at-12.35.37-PM-1.jpeg?resize=350%2C200&ssl=1","width":350,"height":200,"srcset":"https:\/\/i0.wp.com\/lasprimeras.com.do\/wp-content\/uploads\/2023\/12\/WhatsApp-Image-2023-12-04-at-12.35.37-PM-1.jpeg?resize=350%2C200&ssl=1 1x, https:\/\/i0.wp.com\/lasprimeras.com.do\/wp-content\/uploads\/2023\/12\/WhatsApp-Image-2023-12-04-at-12.35.37-PM-1.jpeg?resize=525%2C300&ssl=1 1.5x"},"classes":[]},{"id":115024,"url":"https:\/\/lasprimeras.com.do\/index.php\/2025\/11\/18\/mas-de-26000-personas-con-pensiones-aprobadas-no-la-han-reclamado\/","url_meta":{"origin":116611,"position":1},"title":"M\u00e1s de 26,000 personas con pensiones aprobadas no la han reclamado","author":"Nelson Feliz","date":"18 de noviembre de 2025","format":false,"excerpt":"La lista de beneficiarios est\u00e1 disponible en la p\u00e1gina web de la DIDA www.dida.gob.do. La Direcci\u00f3n General de Informaci\u00f3n y Defensa de los Afiliados a la Seguridad Social (DIDA) inform\u00f3 que 26,167 personas con distintos tipos de pensiones aprobadas por el Poder Ejecutivo a\u00fan no disfrutan de las mismas por\u2026","rel":"","context":"En \u00abECONOM\u00cdA\u00bb","block_context":{"text":"ECONOM\u00cdA","link":"https:\/\/lasprimeras.com.do\/index.php\/category\/economia\/"},"img":{"alt_text":"El\u00edas B\u00e1ez","src":"https:\/\/i0.wp.com\/lasprimeras.com.do\/wp-content\/uploads\/2025\/11\/Elias-Baez-1.jpg?resize=350%2C200&ssl=1","width":350,"height":200,"srcset":"https:\/\/i0.wp.com\/lasprimeras.com.do\/wp-content\/uploads\/2025\/11\/Elias-Baez-1.jpg?resize=350%2C200&ssl=1 1x, https:\/\/i0.wp.com\/lasprimeras.com.do\/wp-content\/uploads\/2025\/11\/Elias-Baez-1.jpg?resize=525%2C300&ssl=1 1.5x, https:\/\/i0.wp.com\/lasprimeras.com.do\/wp-content\/uploads\/2025\/11\/Elias-Baez-1.jpg?resize=700%2C400&ssl=1 2x"},"classes":[]},{"id":105799,"url":"https:\/\/lasprimeras.com.do\/index.php\/2025\/08\/07\/dgjp-capacita-a-colaboradores-de-inazucar-sobre-sistema-de-reparto\/","url_meta":{"origin":116611,"position":2},"title":"DGJP capacita a colaboradores de INAZUCAR sobre Sistema de Reparto","author":"Nelson Feliz","date":"7 de agosto de 2025","format":false,"excerpt":"La Direcci\u00f3n General de Jubilaciones y Pensiones a Cargo del Estado (DGJP), imparti\u00f3 una charla sobre el Sistema de Reparto Estatal, esta vez dirigida a colaboradores de Instituto Azucarero Dominicano (INAZUCAR). La capacitaci\u00f3n estuvo a cargo de los docentes de la DGJP, Francia de los Santos y Jos\u00e9 Santos, quienes\u2026","rel":"","context":"En \u00abECONOM\u00cdA\u00bb","block_context":{"text":"ECONOM\u00cdA","link":"https:\/\/lasprimeras.com.do\/index.php\/category\/economia\/"},"img":{"alt_text":"","src":"https:\/\/i0.wp.com\/lasprimeras.com.do\/wp-content\/uploads\/2025\/08\/Sistema-de-Reparto.jpg?resize=350%2C200&ssl=1","width":350,"height":200,"srcset":"https:\/\/i0.wp.com\/lasprimeras.com.do\/wp-content\/uploads\/2025\/08\/Sistema-de-Reparto.jpg?resize=350%2C200&ssl=1 1x, https:\/\/i0.wp.com\/lasprimeras.com.do\/wp-content\/uploads\/2025\/08\/Sistema-de-Reparto.jpg?resize=525%2C300&ssl=1 1.5x, https:\/\/i0.wp.com\/lasprimeras.com.do\/wp-content\/uploads\/2025\/08\/Sistema-de-Reparto.jpg?resize=700%2C400&ssl=1 2x"},"classes":[]},{"id":114554,"url":"https:\/\/lasprimeras.com.do\/index.php\/2025\/11\/14\/jubilaciones-y-pensiones-gana-medalla-de-plata-en-el-premio-nacional-a-la-calidad-2025\/","url_meta":{"origin":116611,"position":3},"title":"Jubilaciones y Pensiones gana Medalla de Plata en el Premio Nacional a la Calidad 2025","author":"Nelson Feliz","date":"14 de noviembre de 2025","format":false,"excerpt":"La Direcci\u00f3n General de Jubilaciones y Pensiones a Cargo del Estado (DGJP) fue galardonada con la Medalla de Plata en la XXI entrega del Premio Nacional a la Calidad del Sector P\u00fablico 2025, durante una ceremonia encabezada por la vicepresidenta de la Rep\u00fablica, Raquel Pe\u00f1a, en el Ministerio de Relaciones\u2026","rel":"","context":"En \u00abNACIONALES\u00bb","block_context":{"text":"NACIONALES","link":"https:\/\/lasprimeras.com.do\/index.php\/category\/nacionales\/"},"img":{"alt_text":"","src":"https:\/\/i0.wp.com\/lasprimeras.com.do\/wp-content\/uploads\/2025\/11\/premio-1.jpg?resize=350%2C200&ssl=1","width":350,"height":200,"srcset":"https:\/\/i0.wp.com\/lasprimeras.com.do\/wp-content\/uploads\/2025\/11\/premio-1.jpg?resize=350%2C200&ssl=1 1x, https:\/\/i0.wp.com\/lasprimeras.com.do\/wp-content\/uploads\/2025\/11\/premio-1.jpg?resize=525%2C300&ssl=1 1.5x, https:\/\/i0.wp.com\/lasprimeras.com.do\/wp-content\/uploads\/2025\/11\/premio-1.jpg?resize=700%2C400&ssl=1 2x"},"classes":[]},{"id":69013,"url":"https:\/\/lasprimeras.com.do\/index.php\/2023\/11\/29\/fopetcons-entregara-mas-de-rd-40-00-millones-en-regalia-pascual-a-servidores-y-pensionados\/","url_meta":{"origin":116611,"position":4},"title":"FOPETCONS entregar\u00e1 m\u00e1s de RD$ 40.00 millones en regal\u00eda pascual a servidores y pensionados","author":"Nelson Feliz","date":"29 de noviembre de 2023","format":false,"excerpt":"La erogaci\u00f3n se hizo con el ahorro de recursos propios de la instituci\u00f3n. Por Mart\u00edn Restituyo El Fondo de Pensiones de los Trabajadores de la Construcci\u00f3n (Fopetcons), inform\u00f3 que entregar\u00e1 a principio de la pr\u00f3xima semana m\u00e1s de RD$ 40.00 millones de pesos a sus colaboradores y pensionados por concepto\u2026","rel":"","context":"En \u00abECONOM\u00cdA\u00bb","block_context":{"text":"ECONOM\u00cdA","link":"https:\/\/lasprimeras.com.do\/index.php\/category\/economia\/"},"img":{"alt_text":"FOPETCONS","src":"https:\/\/i0.wp.com\/lasprimeras.com.do\/wp-content\/uploads\/2023\/11\/FOPETCONS.jpg?resize=350%2C200&ssl=1","width":350,"height":200,"srcset":"https:\/\/i0.wp.com\/lasprimeras.com.do\/wp-content\/uploads\/2023\/11\/FOPETCONS.jpg?resize=350%2C200&ssl=1 1x, https:\/\/i0.wp.com\/lasprimeras.com.do\/wp-content\/uploads\/2023\/11\/FOPETCONS.jpg?resize=525%2C300&ssl=1 1.5x, https:\/\/i0.wp.com\/lasprimeras.com.do\/wp-content\/uploads\/2023\/11\/FOPETCONS.jpg?resize=700%2C400&ssl=1 2x"},"classes":[]},{"id":116482,"url":"https:\/\/lasprimeras.com.do\/index.php\/2025\/12\/01\/dgjp-realiza-jornada-de-reforestacion-en-bonao\/","url_meta":{"origin":116611,"position":5},"title":"DGJP realiza jornada de reforestaci\u00f3n en Bonao","author":"Nelson Feliz","date":"1 de diciembre de 2025","format":false,"excerpt":"La Direcci\u00f3n General de Jubilaciones y Pensiones a Cargo del Estado (DGJP), en coordinaci\u00f3n con el Ministerio de Medio Ambiente y Recursos Naturales, desarrollaron una amplia jornada de reforestaci\u00f3n en el distrito municipal Villa Sonador, sector Colonial, provincia Monse\u00f1or Noel. En representaci\u00f3n del director general, Juan Rosa, el subdirector F\u00e9lix\u2026","rel":"","context":"En \u00abNACIONALES\u00bb","block_context":{"text":"NACIONALES","link":"https:\/\/lasprimeras.com.do\/index.php\/category\/nacionales\/"},"img":{"alt_text":"","src":"https:\/\/i0.wp.com\/lasprimeras.com.do\/wp-content\/uploads\/2025\/12\/DGJP-realiza-jornada-de-reforestacion-en-Bonao.jpg?resize=350%2C200&ssl=1","width":350,"height":200,"srcset":"https:\/\/i0.wp.com\/lasprimeras.com.do\/wp-content\/uploads\/2025\/12\/DGJP-realiza-jornada-de-reforestacion-en-Bonao.jpg?resize=350%2C200&ssl=1 1x, https:\/\/i0.wp.com\/lasprimeras.com.do\/wp-content\/uploads\/2025\/12\/DGJP-realiza-jornada-de-reforestacion-en-Bonao.jpg?resize=525%2C300&ssl=1 1.5x, https:\/\/i0.wp.com\/lasprimeras.com.do\/wp-content\/uploads\/2025\/12\/DGJP-realiza-jornada-de-reforestacion-en-Bonao.jpg?resize=700%2C400&ssl=1 2x"},"classes":[]}],"jetpack_sharing_enabled":true,"_links":{"self":[{"href":"https:\/\/lasprimeras.com.do\/index.php\/wp-json\/wp\/v2\/posts\/116611","targetHints":{"allow":["GET"]}}],"collection":[{"href":"https:\/\/lasprimeras.com.do\/index.php\/wp-json\/wp\/v2\/posts"}],"about":[{"href":"https:\/\/lasprimeras.com.do\/index.php\/wp-json\/wp\/v2\/types\/post"}],"author":[{"embeddable":true,"href":"https:\/\/lasprimeras.com.do\/index.php\/wp-json\/wp\/v2\/users\/10"}],"replies":[{"embeddable":true,"href":"https:\/\/lasprimeras.com.do\/index.php\/wp-json\/wp\/v2\/comments?post=116611"}],"version-history":[{"count":1,"href":"https:\/\/lasprimeras.com.do\/index.php\/wp-json\/wp\/v2\/posts\/116611\/revisions"}],"predecessor-version":[{"id":116613,"href":"https:\/\/lasprimeras.com.do\/index.php\/wp-json\/wp\/v2\/posts\/116611\/revisions\/116613"}],"wp:featuredmedia":[{"embeddable":true,"href":"https:\/\/lasprimeras.com.do\/index.php\/wp-json\/wp\/v2\/media\/116612"}],"wp:attachment":[{"href":"https:\/\/lasprimeras.com.do\/index.php\/wp-json\/wp\/v2\/media?parent=116611"}],"wp:term":[{"taxonomy":"category","embeddable":true,"href":"https:\/\/lasprimeras.com.do\/index.php\/wp-json\/wp\/v2\/categories?post=116611"},{"taxonomy":"post_tag","embeddable":true,"href":"https:\/\/lasprimeras.com.do\/index.php\/wp-json\/wp\/v2\/tags?post=116611"}],"curies":[{"name":"wp","href":"https:\/\/api.w.org\/{rel}","templated":true}]}}