{"id":116614,"date":"2025-12-02T17:50:04","date_gmt":"2025-12-02T21:50:04","guid":{"rendered":"https:\/\/lasprimeras.com.do\/?p=116614"},"modified":"2025-12-02T17:50:06","modified_gmt":"2025-12-02T21:50:06","slug":"jaquez-liranzo-uniore-aboga-elecciones-de-honduras-concluyan-exitosamente","status":"publish","type":"post","link":"https:\/\/lasprimeras.com.do\/index.php\/2025\/12\/02\/jaquez-liranzo-uniore-aboga-elecciones-de-honduras-concluyan-exitosamente\/","title":{"rendered":"J\u00e1quez Liranzo: UNIORE aboga elecciones de Honduras concluyan exitosamente"},"content":{"rendered":"\n<p><strong>El jefe de la Misi\u00f3n de Observaci\u00f3n Electoral del organismo y presidente de la JCE entrega informe preliminar<\/strong><\/p>\n\n\n\n<p>El presidente de la Junta Central Electoral, Rom\u00e1n Andr\u00e9s J\u00e1quez Liranzo, en su calidad de jefe de la Misi\u00f3n de Observaci\u00f3n Electoral de la Uni\u00f3n Interamericana de Organismos Electorales (UNIORE), entreg\u00f3 este martes a la presidenta del Consejo Nacional Electoral de Honduras, Ana Paola Hall, el informe preliminar de las elecciones generales de este pa\u00eds para per\u00edodo 2026-2030, celebradas el pasado 30 de noviembre de 2025.<\/p>\n\n\n\n<p>\u201cLa UNIORE aboga para que el proceso electoral de 2025 concluya exitosamente en su etapa final, conforme a lo dispuesto por la Constituci\u00f3n y las leyes, en un ambiente de paz y con la debida espera de los resultados oficiales emitidos por las autoridades competentes\u201d, manifest\u00f3 J\u00e1quez Liranzo, quien estuvo acompa\u00f1ado por los miembros titulares Samir Chami Isa y Rafael Armando Vallejo Santelises y el consultor Jur\u00eddico, Denny D\u00edaz Mord\u00e1n.<\/p>\n\n\n<div class=\"wp-block-image\">\n<figure class=\"alignleft size-full is-resized\"><img decoding=\"async\" width=\"900\" height=\"900\" src=\"https:\/\/lasprimeras.com.do\/wp-content\/uploads\/2025\/12\/UNIORE-1.jpg\" alt=\"\" class=\"wp-image-116616\" style=\"width:316px;height:auto\" srcset=\"https:\/\/lasprimeras.com.do\/wp-content\/uploads\/2025\/12\/UNIORE-1.jpg 900w, https:\/\/lasprimeras.com.do\/wp-content\/uploads\/2025\/12\/UNIORE-1-300x300.jpg 300w, https:\/\/lasprimeras.com.do\/wp-content\/uploads\/2025\/12\/UNIORE-1-150x150.jpg 150w, https:\/\/lasprimeras.com.do\/wp-content\/uploads\/2025\/12\/UNIORE-1-768x768.jpg 768w\" sizes=\"(max-width: 900px) 100vw, 900px\" \/><\/figure>\n<\/div>\n\n\n<p>Expuso que la misi\u00f3n se enmarc\u00f3 en los prop\u00f3sitos de la UNIORE y estuvo integrada por representantes de organismos electorales miembros de la Asociaci\u00f3n, magistrados y magistradas, funcionarios de El Salvador, Guatemala, M\u00e9xico, Panam\u00e1, Paraguay, Per\u00fa, Puerto Rico, Rep\u00fablica Dominicana y Uruguay.<\/p>\n\n\n\n<p>Destac\u00f3 que en este proceso electoral tambi\u00e9n participaron funcionarias del Centro de Asesor\u00eda y Promoci\u00f3n Electoral, IIDH\/CAPEL, en su condici\u00f3n de Secretar\u00eda Ejecutiva, y que todos ellos tomaron parte en las jornadas de informaci\u00f3n, as\u00ed como la observaci\u00f3n de la jornada electoral.<\/p>\n\n\n\n<p>\u201cLa misi\u00f3n se\u00f1ala que, conforme a la cl\u00e1usula segunda, inciso c), del acta constitutiva de la UNIORE, se promueve la participaci\u00f3n de representantes de organismos electorales miembros en calidad de observadores en los procesos electorales. <\/p>\n\n\n<div class=\"wp-block-image\">\n<figure class=\"alignright size-full is-resized\"><img decoding=\"async\" width=\"900\" height=\"998\" src=\"https:\/\/lasprimeras.com.do\/wp-content\/uploads\/2025\/12\/UNIORE-2.jpg\" alt=\"\" class=\"wp-image-116617\" style=\"width:279px;height:auto\" srcset=\"https:\/\/lasprimeras.com.do\/wp-content\/uploads\/2025\/12\/UNIORE-2.jpg 900w, https:\/\/lasprimeras.com.do\/wp-content\/uploads\/2025\/12\/UNIORE-2-271x300.jpg 271w, https:\/\/lasprimeras.com.do\/wp-content\/uploads\/2025\/12\/UNIORE-2-768x852.jpg 768w\" sizes=\"(max-width: 900px) 100vw, 900px\" \/><\/figure>\n<\/div>\n\n\n<p>Asimismo, estas misiones tienen como fin incrementar la cooperaci\u00f3n, facilitar el intercambio de informaci\u00f3n, especialmente, reconocer las buenas pr\u00e1cticas y formular recomendaciones orientadas a mejorar los procesos electorales observados\u201d, a\u00f1adi\u00f3.<\/p>\n\n\n\n<p>Se destaca que la miembro titular del Pleno de la JCE, Dolores Altagracia Fern\u00e1ndez S\u00e1nchez, particip\u00f3 como observadora en representaci\u00f3n de la Asociaci\u00f3n de Magistradas Electorales de las Am\u00e9ricas (AMEA).<\/p>\n\n\n\n<p>La Misi\u00f3n de Observaci\u00f3n Electoral de UNIORE durante las elecciones generales de Honduras de 2025 acompa\u00f1a y analiza las distintas etapas del proceso electoral para promover la transparencia, integridad y confianza ciudadana.<\/p>\n\n\n\n<figure class=\"wp-block-image size-full\"><img decoding=\"async\" width=\"900\" height=\"675\" src=\"https:\/\/lasprimeras.com.do\/wp-content\/uploads\/2025\/12\/UNIORE-3.jpg\" alt=\"\" class=\"wp-image-116618\" srcset=\"https:\/\/lasprimeras.com.do\/wp-content\/uploads\/2025\/12\/UNIORE-3.jpg 900w, https:\/\/lasprimeras.com.do\/wp-content\/uploads\/2025\/12\/UNIORE-3-300x225.jpg 300w, https:\/\/lasprimeras.com.do\/wp-content\/uploads\/2025\/12\/UNIORE-3-768x576.jpg 768w\" sizes=\"(max-width: 900px) 100vw, 900px\" \/><\/figure>\n","protected":false},"excerpt":{"rendered":"<p>El jefe de la Misi\u00f3n de Observaci\u00f3n Electoral del organismo y presidente de la JCE entrega informe preliminar El presidente de la Junta Central Electoral, Rom\u00e1n Andr\u00e9s J\u00e1quez Liranzo, en&hellip;<\/p>\n","protected":false},"author":10,"featured_media":116615,"comment_status":"open","ping_status":"open","sticky":false,"template":"","format":"standard","meta":{"content-type":"","jetpack_post_was_ever_published":false,"_jetpack_newsletter_access":"","_jetpack_dont_email_post_to_subs":false,"_jetpack_newsletter_tier_id":0,"_jetpack_memberships_contains_paywalled_content":false,"_jetpack_memberships_contains_paid_content":false,"footnotes":""},"categories":[35,25],"tags":[182,68,28099,11816],"class_list":["post-116614","post","type-post","status-publish","format-standard","has-post-thumbnail","hentry","category-nacionales","category-portada","tag-elecciones","tag-honduras","tag-jaquez-liranzo","tag-uniore"],"jetpack_featured_media_url":"https:\/\/lasprimeras.com.do\/wp-content\/uploads\/2025\/12\/UNIORE.jpg","jetpack-related-posts":[{"id":48548,"url":"https:\/\/lasprimeras.com.do\/index.php\/2023\/05\/01\/delegacion-de-la-jce-participa-como-observadora-en-las-elecciones-de-paraguay\/","url_meta":{"origin":116614,"position":0},"title":"Delegaci\u00f3n de la JCE participa como observadora en las elecciones de Paraguay","author":"prenxa100","date":"1 de mayo de 2023","format":false,"excerpt":"\u00a0Paraguay.- Una delegaci\u00f3n de la Junta Central Electoral (JCE), encabezada por su presidente Rom\u00e1n Andres J\u00e1quez Liranzo, \u00a0particip\u00f3 en la misi\u00f3n de observaci\u00f3n electoral de la Uni\u00f3n Interamericana de Organismos Electorales (UNIORE) para las elecciones nacionales y departamentales de Paraguay celebradas este domingo 30 de abril.\u00a0J\u00e1quez Liranzo en su calidad\u2026","rel":"","context":"En \u00abNACIONALES\u00bb","block_context":{"text":"NACIONALES","link":"https:\/\/lasprimeras.com.do\/index.php\/category\/nacionales\/"},"img":{"alt_text":"","src":"","width":0,"height":0},"classes":[]},{"id":58110,"url":"https:\/\/lasprimeras.com.do\/index.php\/2023\/08\/19\/presidente-de-la-jce-encabeza-mision-que-supervisa-servicios-y-organizacion-del-voto-en-el-exterior\/","url_meta":{"origin":116614,"position":1},"title":"Presidente de la JCE encabeza misi\u00f3n que supervisa servicios y organizaci\u00f3n del voto en el exterior","author":"Nelson Feliz","date":"19 de agosto de 2023","format":false,"excerpt":"Misiones de observaci\u00f3n electoral de la JCE en Guatemala y Ecuador por elecciones de este domingo. El presidente de la Junta Central Electoral (JCE), Rom\u00e1n Andr\u00e9s J\u00e1quez Liranzo, realiza una ruta de trabajo en los Estados Unidos, donde supervisa los servicios que ofrece la instituci\u00f3n en el exterior, as\u00ed como\u2026","rel":"","context":"En \u00abNACIONALES\u00bb","block_context":{"text":"NACIONALES","link":"https:\/\/lasprimeras.com.do\/index.php\/category\/nacionales\/"},"img":{"alt_text":"Rom\u00e1n Andr\u00e9s J\u00e1quez Liranzo","src":"https:\/\/i0.wp.com\/lasprimeras.com.do\/wp-content\/uploads\/2023\/08\/Roman-Andres-Jaquez-Liranzo-1.jpg?resize=350%2C200&ssl=1","width":350,"height":200,"srcset":"https:\/\/i0.wp.com\/lasprimeras.com.do\/wp-content\/uploads\/2023\/08\/Roman-Andres-Jaquez-Liranzo-1.jpg?resize=350%2C200&ssl=1 1x, https:\/\/i0.wp.com\/lasprimeras.com.do\/wp-content\/uploads\/2023\/08\/Roman-Andres-Jaquez-Liranzo-1.jpg?resize=525%2C300&ssl=1 1.5x, https:\/\/i0.wp.com\/lasprimeras.com.do\/wp-content\/uploads\/2023\/08\/Roman-Andres-Jaquez-Liranzo-1.jpg?resize=700%2C400&ssl=1 2x"},"classes":[]},{"id":76831,"url":"https:\/\/lasprimeras.com.do\/index.php\/2024\/02\/14\/jce-14-misiones-internacionales-observaran-elecciones-a-nivel-nacional\/","url_meta":{"origin":116614,"position":2},"title":"JCE: 14 misiones internacionales observaran elecciones a nivel nacional","author":"Nelson Feliz","date":"14 de febrero de 2024","format":false,"excerpt":"La Junta Central Electoral (JCE), con el objetivo de celebrar unas elecciones libres, justas y transparentes para el fortalecimiento de la democracia, contar\u00e1 con la observaci\u00f3n de 14 misiones de observaci\u00f3n electoral de diferentes pa\u00edses para las elecciones municipales de este domingo 18 de febrero. La OEA design\u00f3 a Eladio\u2026","rel":"","context":"En \u00abNACIONALES\u00bb","block_context":{"text":"NACIONALES","link":"https:\/\/lasprimeras.com.do\/index.php\/category\/nacionales\/"},"img":{"alt_text":"JCE","src":"https:\/\/i0.wp.com\/lasprimeras.com.do\/wp-content\/uploads\/2024\/02\/Obs.-4.jpg?resize=350%2C200&ssl=1","width":350,"height":200,"srcset":"https:\/\/i0.wp.com\/lasprimeras.com.do\/wp-content\/uploads\/2024\/02\/Obs.-4.jpg?resize=350%2C200&ssl=1 1x, https:\/\/i0.wp.com\/lasprimeras.com.do\/wp-content\/uploads\/2024\/02\/Obs.-4.jpg?resize=525%2C300&ssl=1 1.5x, https:\/\/i0.wp.com\/lasprimeras.com.do\/wp-content\/uploads\/2024\/02\/Obs.-4.jpg?resize=700%2C400&ssl=1 2x"},"classes":[]},{"id":76922,"url":"https:\/\/lasprimeras.com.do\/index.php\/2024\/02\/15\/jce-deja-abierto-proceso-de-observacion-electoral-con-miras-a-elecciones-de-este-domingo\/","url_meta":{"origin":116614,"position":3},"title":"JCE deja abierto proceso de observaci\u00f3n electoral con miras a elecciones de este domingo","author":"Nelson Feliz","date":"15 de febrero de 2024","format":false,"excerpt":"Presidente del \u00f3rgano electoral resalta importante de la observaci\u00f3n electoral y da garant\u00edas de elecciones \u00edntegras y transparentes. La Junta Central Electoral (JCE) dio inicio al ciclo de conferencias y actividades para el despliegue territorial de las misiones de observaci\u00f3n electoral internacional que se encuentran en el pa\u00eds de cara\u2026","rel":"","context":"En \u00abNACIONALES\u00bb","block_context":{"text":"NACIONALES","link":"https:\/\/lasprimeras.com.do\/index.php\/category\/nacionales\/"},"img":{"alt_text":"JCE","src":"https:\/\/i0.wp.com\/lasprimeras.com.do\/wp-content\/uploads\/2024\/02\/JCE-4.jpg?resize=350%2C200&ssl=1","width":350,"height":200,"srcset":"https:\/\/i0.wp.com\/lasprimeras.com.do\/wp-content\/uploads\/2024\/02\/JCE-4.jpg?resize=350%2C200&ssl=1 1x, https:\/\/i0.wp.com\/lasprimeras.com.do\/wp-content\/uploads\/2024\/02\/JCE-4.jpg?resize=525%2C300&ssl=1 1.5x, https:\/\/i0.wp.com\/lasprimeras.com.do\/wp-content\/uploads\/2024\/02\/JCE-4.jpg?resize=700%2C400&ssl=1 2x"},"classes":[]},{"id":96515,"url":"https:\/\/lasprimeras.com.do\/index.php\/2025\/04\/02\/delegacion-de-la-jce-participa-en-encuentro-organizado-por-uniore-y-la-cepal-en-chile\/","url_meta":{"origin":116614,"position":4},"title":"Delegaci\u00f3n de la JCE participa en encuentro organizado por UNIORE y la CEPAL en Chile","author":"Nelson Feliz","date":"2 de abril de 2025","format":false,"excerpt":"Una delegaci\u00f3n de la Junta Central Electoral (JCE) participa en la \u201cOctava reuni\u00f3n del Foro de los Pa\u00edses de Am\u00e9rica Latina y el Caribe sobre el Desarrollo Sostenible 2025\u201d, acogiendo la invitaci\u00f3n de la Uni\u00f3n Interamericana de Organismos Electorales (UNIORE) y de la Comisi\u00f3n Econ\u00f3mica para Am\u00e9rica Latina y el\u2026","rel":"","context":"En \u00abNACIONALES\u00bb","block_context":{"text":"NACIONALES","link":"https:\/\/lasprimeras.com.do\/index.php\/category\/nacionales\/"},"img":{"alt_text":"","src":"https:\/\/i0.wp.com\/lasprimeras.com.do\/wp-content\/uploads\/2025\/04\/jce.jpg?resize=350%2C200&ssl=1","width":350,"height":200,"srcset":"https:\/\/i0.wp.com\/lasprimeras.com.do\/wp-content\/uploads\/2025\/04\/jce.jpg?resize=350%2C200&ssl=1 1x, https:\/\/i0.wp.com\/lasprimeras.com.do\/wp-content\/uploads\/2025\/04\/jce.jpg?resize=525%2C300&ssl=1 1.5x, https:\/\/i0.wp.com\/lasprimeras.com.do\/wp-content\/uploads\/2025\/04\/jce.jpg?resize=700%2C400&ssl=1 2x"},"classes":[]},{"id":83414,"url":"https:\/\/lasprimeras.com.do\/index.php\/2024\/05\/16\/jce-oficializa-la-observacion-electoral-internacional-de-cara-a-las-elecciones-de-este-domingo\/","url_meta":{"origin":116614,"position":5},"title":"JCE oficializa la observaci\u00f3n electoral internacional de cara a las elecciones de este domingo","author":"Nelson Feliz","date":"16 de mayo de 2024","format":false,"excerpt":"M\u00e1s de 400 representantes de misiones internacionales observar\u00e1n comicios de este domingo. La Junta Central Electoral (JCE) inici\u00f3 este jueves la jornada de trabajo que da paso a la observaci\u00f3n electoral internacional con el inicio de un ciclo de conferencias y actividades para el despliegue territorial de las 21 misiones\u2026","rel":"","context":"En \u00abNACIONALES\u00bb","block_context":{"text":"NACIONALES","link":"https:\/\/lasprimeras.com.do\/index.php\/category\/nacionales\/"},"img":{"alt_text":"Junta Central Electoral","src":"https:\/\/i0.wp.com\/lasprimeras.com.do\/wp-content\/uploads\/2024\/05\/Junta-Central-Electoral.jpg?resize=350%2C200&ssl=1","width":350,"height":200,"srcset":"https:\/\/i0.wp.com\/lasprimeras.com.do\/wp-content\/uploads\/2024\/05\/Junta-Central-Electoral.jpg?resize=350%2C200&ssl=1 1x, https:\/\/i0.wp.com\/lasprimeras.com.do\/wp-content\/uploads\/2024\/05\/Junta-Central-Electoral.jpg?resize=525%2C300&ssl=1 1.5x, https:\/\/i0.wp.com\/lasprimeras.com.do\/wp-content\/uploads\/2024\/05\/Junta-Central-Electoral.jpg?resize=700%2C400&ssl=1 2x"},"classes":[]}],"jetpack_sharing_enabled":true,"_links":{"self":[{"href":"https:\/\/lasprimeras.com.do\/index.php\/wp-json\/wp\/v2\/posts\/116614","targetHints":{"allow":["GET"]}}],"collection":[{"href":"https:\/\/lasprimeras.com.do\/index.php\/wp-json\/wp\/v2\/posts"}],"about":[{"href":"https:\/\/lasprimeras.com.do\/index.php\/wp-json\/wp\/v2\/types\/post"}],"author":[{"embeddable":true,"href":"https:\/\/lasprimeras.com.do\/index.php\/wp-json\/wp\/v2\/users\/10"}],"replies":[{"embeddable":true,"href":"https:\/\/lasprimeras.com.do\/index.php\/wp-json\/wp\/v2\/comments?post=116614"}],"version-history":[{"count":1,"href":"https:\/\/lasprimeras.com.do\/index.php\/wp-json\/wp\/v2\/posts\/116614\/revisions"}],"predecessor-version":[{"id":116619,"href":"https:\/\/lasprimeras.com.do\/index.php\/wp-json\/wp\/v2\/posts\/116614\/revisions\/116619"}],"wp:featuredmedia":[{"embeddable":true,"href":"https:\/\/lasprimeras.com.do\/index.php\/wp-json\/wp\/v2\/media\/116615"}],"wp:attachment":[{"href":"https:\/\/lasprimeras.com.do\/index.php\/wp-json\/wp\/v2\/media?parent=116614"}],"wp:term":[{"taxonomy":"category","embeddable":true,"href":"https:\/\/lasprimeras.com.do\/index.php\/wp-json\/wp\/v2\/categories?post=116614"},{"taxonomy":"post_tag","embeddable":true,"href":"https:\/\/lasprimeras.com.do\/index.php\/wp-json\/wp\/v2\/tags?post=116614"}],"curies":[{"name":"wp","href":"https:\/\/api.w.org\/{rel}","templated":true}]}}