{"id":116620,"date":"2025-12-02T17:59:59","date_gmt":"2025-12-02T21:59:59","guid":{"rendered":"https:\/\/lasprimeras.com.do\/?p=116620"},"modified":"2025-12-02T18:00:01","modified_gmt":"2025-12-02T22:00:01","slug":"mescyt-dncd-dni-y-sesi-fortalecen-cooperacion-academica-con-la-firma-de-un-nuevo-acuerdo-interinstitucional","status":"publish","type":"post","link":"https:\/\/lasprimeras.com.do\/index.php\/2025\/12\/02\/mescyt-dncd-dni-y-sesi-fortalecen-cooperacion-academica-con-la-firma-de-un-nuevo-acuerdo-interinstitucional\/","title":{"rendered":"MESCyT, DNCD, DNI y SESI fortalecen cooperaci\u00f3n acad\u00e9mica con la firma de un nuevo acuerdo interinstitucional"},"content":{"rendered":"\n<p>El Ministerio de Educaci\u00f3n Superior, Ciencia y Tecnolog\u00eda (MESCyT), la Direcci\u00f3n Nacional de Control de Drogas (DNCD), el Departamento Nacional de Investigaciones (DNI) y el Centro Universitario SESI, Escuela Internacional de Negocios de Zaragoza, Espa\u00f1a, firmaron un nuevo convenio espec\u00edfico de colaboraci\u00f3n que fortalece la capacitaci\u00f3n acad\u00e9mica del personal operativo y estrat\u00e9gico de los organismos de seguridad del Estado.<\/p>\n\n\n\n<p>Este acuerdo, rubricado por tercera ocasi\u00f3n, consolida un proceso de cooperaci\u00f3n iniciado el 15 de noviembre de 2023, cuando las instituciones suscribieron un primer convenio que permiti\u00f3 que 19 miembros de la DNCD fueran admitidos al M\u00e1ster en Redes y Ciberseguridad y a la Especializaci\u00f3n en Seguridad y Defensa impartidos por SESI.<\/p>\n\n\n\n<p>Posteriormente, el 23 de mayo de 2024, ambas partes reafirmaron su compromiso mediante una segunda firma, gracias a la cual 10 agentes de la DNCD cursan actualmente estudios en la especializaci\u00f3n en seguridad y defensa.<\/p>\n\n\n\n<p>Con la firma del nuevo convenio, el ministro de Educaci\u00f3n Superior, Ciencia y Tecnolog\u00eda, doctor Franklin Garc\u00eda Ferm\u00edn, ratifica su firme voluntad institucional de apoyar a la DNCD y al DNI a trav\u00e9s del otorgamiento de becas que contribuyen al fortalecimiento cognitivo y la profesionalizaci\u00f3n del personal responsable de la seguridad nacional.<\/p>\n\n\n\n<p>La formaci\u00f3n ofrecida por SESI impacta positivamente en \u00e1reas estrat\u00e9gicas, elevando las competencias operativas de los agentes y fortaleciendo la imagen institucional de los organismos de inteligencia y control.<\/p>\n\n\n\n<p>Las instituciones coincidieron en destacar que este acuerdo representa un paso decisivo hacia la construcci\u00f3n de una sociedad m\u00e1s segura, preparada y orientada al desarrollo integral.<\/p>\n\n\n\n<p>El convenio firmado por; el doctor Franklin Garc\u00eda Ferm\u00edn, Ministro de Educaci\u00f3n Superior, Ciencia y Tecnolog\u00eda (MESCyT), Manuel Valdalba Renchina, rector de la Escuela Internacional de Negocios SESI, Zaragoza, Espa\u00f1a, vicealmirante, Jos\u00e9 Manuel Cabrera Ulloa, presidente de la Direcci\u00f3n Nacional de Control de Drogas (DNCD), Luis Soto, director del Departamento Nacional de Investigaciones (DNI).<\/p>\n\n\n\n<p>La ceremonia cont\u00f3 tambi\u00e9n con invitados especiales y representantes de las instituciones acad\u00e9micas y de seguridad involucradas.<\/p>\n","protected":false},"excerpt":{"rendered":"<p>El Ministerio de Educaci\u00f3n Superior, Ciencia y Tecnolog\u00eda (MESCyT), la Direcci\u00f3n Nacional de Control de Drogas (DNCD), el Departamento Nacional de Investigaciones (DNI) y el Centro Universitario SESI, Escuela Internacional&hellip;<\/p>\n","protected":false},"author":10,"featured_media":116621,"comment_status":"open","ping_status":"open","sticky":false,"template":"","format":"standard","meta":{"content-type":"","jetpack_post_was_ever_published":false,"_jetpack_newsletter_access":"","_jetpack_dont_email_post_to_subs":false,"_jetpack_newsletter_tier_id":0,"_jetpack_memberships_contains_paywalled_content":false,"_jetpack_memberships_contains_paid_content":false,"footnotes":""},"categories":[35],"tags":[9608,521,523,3707,6978,9737,1736,28100],"class_list":["post-116620","post","type-post","status-publish","format-standard","has-post-thumbnail","hentry","category-nacionales","tag-academica","tag-acuerdo","tag-cooperacion","tag-dncd","tag-dni","tag-interinstitucional","tag-mescyt","tag-sesi"],"jetpack_featured_media_url":"https:\/\/lasprimeras.com.do\/wp-content\/uploads\/2025\/12\/Franklin-Garcia-Fermin-1.jpg","jetpack-related-posts":[{"id":110207,"url":"https:\/\/lasprimeras.com.do\/index.php\/2025\/09\/26\/dni-y-dncd-reconocen-al-ministro-franklin-garcia-fermin-por-sus-aportes-a-la-formacion-academica\/","url_meta":{"origin":116620,"position":0},"title":"DNI y DNCD reconocen al ministro Franklin Garc\u00eda Ferm\u00edn por sus aportes a la formaci\u00f3n acad\u00e9mica","author":"Nelson Feliz","date":"26 de septiembre de 2025","format":false,"excerpt":"El Departamento Nacional de Investigaciones (DNI) y la Direcci\u00f3n Nacional de Control de Drogas (DNCD) otorgaron reconocimientos al ministro de Educaci\u00f3n Superior, Ciencia y Tecnolog\u00eda, doctor Franklin Garc\u00eda Ferm\u00edn, durante un acto acad\u00e9mico. El director general del DNI, Luis Soto, destac\u00f3 la contribuci\u00f3n del funcionario en la formaci\u00f3n acad\u00e9mica y\u2026","rel":"","context":"En \u00abNACIONALES\u00bb","block_context":{"text":"NACIONALES","link":"https:\/\/lasprimeras.com.do\/index.php\/category\/nacionales\/"},"img":{"alt_text":"","src":"https:\/\/i0.wp.com\/lasprimeras.com.do\/wp-content\/uploads\/2025\/09\/Franklin-Garcia-Fermin-3.jpg?resize=350%2C200&ssl=1","width":350,"height":200,"srcset":"https:\/\/i0.wp.com\/lasprimeras.com.do\/wp-content\/uploads\/2025\/09\/Franklin-Garcia-Fermin-3.jpg?resize=350%2C200&ssl=1 1x, https:\/\/i0.wp.com\/lasprimeras.com.do\/wp-content\/uploads\/2025\/09\/Franklin-Garcia-Fermin-3.jpg?resize=525%2C300&ssl=1 1.5x, https:\/\/i0.wp.com\/lasprimeras.com.do\/wp-content\/uploads\/2025\/09\/Franklin-Garcia-Fermin-3.jpg?resize=700%2C400&ssl=1 2x"},"classes":[]},{"id":117973,"url":"https:\/\/lasprimeras.com.do\/index.php\/2025\/12\/18\/mescyt-firma-acuerdo-para-formacion-docente-en-colombia\/","url_meta":{"origin":116620,"position":1},"title":"MESCyT firma acuerdo para formaci\u00f3n docente en Colombia","author":"Nelson Feliz","date":"18 de diciembre de 2025","format":false,"excerpt":"El Ministerio de Educaci\u00f3n Superior, Ciencia y Tecnolog\u00eda (MESCyT) y la Universidad Cooperativa de Colombia firmaron un convenio de cooperaci\u00f3n acad\u00e9mica que permitir\u00e1 fortalecer la formaci\u00f3n, capacitaci\u00f3n y actualizaci\u00f3n de docentes dominicanos, con \u00e9nfasis en el nivel medio del sistema educativo. El acuerdo fue rubricado por el ministro del MESCyT,\u2026","rel":"","context":"En \u00abNACIONALES\u00bb","block_context":{"text":"NACIONALES","link":"https:\/\/lasprimeras.com.do\/index.php\/category\/nacionales\/"},"img":{"alt_text":"MESCyT","src":"https:\/\/i0.wp.com\/lasprimeras.com.do\/wp-content\/uploads\/2025\/12\/MESCyT-1.jpg?resize=350%2C200&ssl=1","width":350,"height":200,"srcset":"https:\/\/i0.wp.com\/lasprimeras.com.do\/wp-content\/uploads\/2025\/12\/MESCyT-1.jpg?resize=350%2C200&ssl=1 1x, https:\/\/i0.wp.com\/lasprimeras.com.do\/wp-content\/uploads\/2025\/12\/MESCyT-1.jpg?resize=525%2C300&ssl=1 1.5x, https:\/\/i0.wp.com\/lasprimeras.com.do\/wp-content\/uploads\/2025\/12\/MESCyT-1.jpg?resize=700%2C400&ssl=1 2x"},"classes":[]},{"id":122399,"url":"https:\/\/lasprimeras.com.do\/index.php\/2026\/02\/17\/mescyt-apuesta-por-la-internacionalizacion-universitaria\/","url_meta":{"origin":116620,"position":2},"title":"MESCyT apuesta por la internacionalizaci\u00f3n universitaria","author":"Nelson Feliz","date":"17 de febrero de 2026","format":false,"excerpt":"Este proceso se desarrolla con recursos y capacidades del ministerio y de instituciones de educaci\u00f3n superior. El ministro de Educaci\u00f3n Superior, Ciencia y Tecnolog\u00eda (MESCyT), Rafael Santos Bad\u00eda, recibi\u00f3 al rector de la Universidad Europea del Atl\u00e1ntico (UNEATLANTICO), Rub\u00e9n Calder\u00f3n Iglesias, quien imparti\u00f3 la conferencia magistral \u201cLa internacionalizaci\u00f3n del sistema\u2026","rel":"","context":"En \u00abNACIONALES\u00bb","block_context":{"text":"NACIONALES","link":"https:\/\/lasprimeras.com.do\/index.php\/category\/nacionales\/"},"img":{"alt_text":"","src":"https:\/\/i0.wp.com\/lasprimeras.com.do\/wp-content\/uploads\/2026\/02\/IMG-20260217-WA0216.jpg?resize=350%2C200&ssl=1","width":350,"height":200,"srcset":"https:\/\/i0.wp.com\/lasprimeras.com.do\/wp-content\/uploads\/2026\/02\/IMG-20260217-WA0216.jpg?resize=350%2C200&ssl=1 1x, https:\/\/i0.wp.com\/lasprimeras.com.do\/wp-content\/uploads\/2026\/02\/IMG-20260217-WA0216.jpg?resize=525%2C300&ssl=1 1.5x, https:\/\/i0.wp.com\/lasprimeras.com.do\/wp-content\/uploads\/2026\/02\/IMG-20260217-WA0216.jpg?resize=700%2C400&ssl=1 2x, https:\/\/i0.wp.com\/lasprimeras.com.do\/wp-content\/uploads\/2026\/02\/IMG-20260217-WA0216.jpg?resize=1050%2C600&ssl=1 3x, https:\/\/i0.wp.com\/lasprimeras.com.do\/wp-content\/uploads\/2026\/02\/IMG-20260217-WA0216.jpg?resize=1400%2C800&ssl=1 4x"},"classes":[]},{"id":106800,"url":"https:\/\/lasprimeras.com.do\/index.php\/2025\/08\/19\/pn-y-secretaria-de-seguridad-de-honduras-firman-convenios-de-cooperacion-academica-y-policial\/","url_meta":{"origin":116620,"position":3},"title":"PN y Secretar\u00eda de Seguridad de Honduras firman convenios de cooperaci\u00f3n acad\u00e9mica y policial","author":"Nelson Feliz","date":"19 de agosto de 2025","format":false,"excerpt":"La Polic\u00eda Nacional de la Rep\u00fablica Dominicana y la Secretar\u00eda de Estado en el Despacho de Seguridad de la Rep\u00fablica de Honduras suscribieron dos importantes convenios: el Acuerdo de Cooperaci\u00f3n y Relaciones Internacionales y el Convenio Interinstitucional para la Formaci\u00f3n de Cadetes. La delegaci\u00f3n oficial de Honduras estuvo encabezada por\u2026","rel":"","context":"En \u00abMILITARES\u00bb","block_context":{"text":"MILITARES","link":"https:\/\/lasprimeras.com.do\/index.php\/category\/militares\/"},"img":{"alt_text":"","src":"https:\/\/i0.wp.com\/lasprimeras.com.do\/wp-content\/uploads\/2025\/08\/acuerdo-1.jpg?resize=350%2C200&ssl=1","width":350,"height":200,"srcset":"https:\/\/i0.wp.com\/lasprimeras.com.do\/wp-content\/uploads\/2025\/08\/acuerdo-1.jpg?resize=350%2C200&ssl=1 1x, https:\/\/i0.wp.com\/lasprimeras.com.do\/wp-content\/uploads\/2025\/08\/acuerdo-1.jpg?resize=525%2C300&ssl=1 1.5x, https:\/\/i0.wp.com\/lasprimeras.com.do\/wp-content\/uploads\/2025\/08\/acuerdo-1.jpg?resize=700%2C400&ssl=1 2x"},"classes":[]},{"id":122015,"url":"https:\/\/lasprimeras.com.do\/index.php\/2026\/02\/12\/gobierno-dominicano-confirma-a-ee-uu-su-apoyo-en-el-combate-al-narcotrafico\/","url_meta":{"origin":116620,"position":4},"title":"Gobierno dominicano confirma a EE. UU. su apoyo en el combate al narcotr\u00e1fico\u00a0","author":"Nelson Feliz","date":"12 de febrero de 2026","format":false,"excerpt":"Durante la visita el alto oficial estadounidense entreg\u00f3 a la DNCD una moneda que certifica la participaci\u00f3n de RD en el decomiso de un mill\u00f3n de libras de coca\u00edna. El Comandante del Comando de Preparaci\u00f3n de la Fuerza Guardia Costera de los Estados Unidos contralmirante Jeffrey K. Randall, visit\u00f3 al\u2026","rel":"","context":"En \u00abMILITARES\u00bb","block_context":{"text":"MILITARES","link":"https:\/\/lasprimeras.com.do\/index.php\/category\/militares\/"},"img":{"alt_text":"","src":"https:\/\/i0.wp.com\/lasprimeras.com.do\/wp-content\/uploads\/2026\/02\/acuerdo.jpg?resize=350%2C200&ssl=1","width":350,"height":200,"srcset":"https:\/\/i0.wp.com\/lasprimeras.com.do\/wp-content\/uploads\/2026\/02\/acuerdo.jpg?resize=350%2C200&ssl=1 1x, https:\/\/i0.wp.com\/lasprimeras.com.do\/wp-content\/uploads\/2026\/02\/acuerdo.jpg?resize=525%2C300&ssl=1 1.5x, https:\/\/i0.wp.com\/lasprimeras.com.do\/wp-content\/uploads\/2026\/02\/acuerdo.jpg?resize=700%2C400&ssl=1 2x"},"classes":[]},{"id":119887,"url":"https:\/\/lasprimeras.com.do\/index.php\/2026\/01\/18\/reconoce-gerencia-de-garcia-fermin-por-el-fortalecimiento-de-la-educacion-superior\/","url_meta":{"origin":116620,"position":5},"title":"Reconoce gerencia de Garc\u00eda Ferm\u00edn por el fortalecimiento de la educaci\u00f3n superior","author":"Nelson Feliz","date":"18 de enero de 2026","format":false,"excerpt":"El reconocimiento destaca los avances en becas, investigaci\u00f3n, calidad acad\u00e9mica y cooperaci\u00f3n interinstitucional. La Universidad Nacional para la Defensa \u201cGeneral Juan Pablo Duarte y D\u00edez\u201d (UNADE) otorg\u00f3 una placa de reconocimiento al ministro de Educaci\u00f3n Superior, Ciencia y Tecnolog\u00eda (MESCyT), doctor Franklin Garc\u00eda Ferm\u00edn, en m\u00e9rito a su gesti\u00f3n estrat\u00e9gica\u2026","rel":"","context":"En \u00abNACIONALES\u00bb","block_context":{"text":"NACIONALES","link":"https:\/\/lasprimeras.com.do\/index.php\/category\/nacionales\/"},"img":{"alt_text":"UNADE","src":"https:\/\/i0.wp.com\/lasprimeras.com.do\/wp-content\/uploads\/2026\/01\/UNADE-1.jpg?resize=350%2C200&ssl=1","width":350,"height":200,"srcset":"https:\/\/i0.wp.com\/lasprimeras.com.do\/wp-content\/uploads\/2026\/01\/UNADE-1.jpg?resize=350%2C200&ssl=1 1x, https:\/\/i0.wp.com\/lasprimeras.com.do\/wp-content\/uploads\/2026\/01\/UNADE-1.jpg?resize=525%2C300&ssl=1 1.5x, https:\/\/i0.wp.com\/lasprimeras.com.do\/wp-content\/uploads\/2026\/01\/UNADE-1.jpg?resize=700%2C400&ssl=1 2x"},"classes":[]}],"jetpack_sharing_enabled":true,"_links":{"self":[{"href":"https:\/\/lasprimeras.com.do\/index.php\/wp-json\/wp\/v2\/posts\/116620","targetHints":{"allow":["GET"]}}],"collection":[{"href":"https:\/\/lasprimeras.com.do\/index.php\/wp-json\/wp\/v2\/posts"}],"about":[{"href":"https:\/\/lasprimeras.com.do\/index.php\/wp-json\/wp\/v2\/types\/post"}],"author":[{"embeddable":true,"href":"https:\/\/lasprimeras.com.do\/index.php\/wp-json\/wp\/v2\/users\/10"}],"replies":[{"embeddable":true,"href":"https:\/\/lasprimeras.com.do\/index.php\/wp-json\/wp\/v2\/comments?post=116620"}],"version-history":[{"count":1,"href":"https:\/\/lasprimeras.com.do\/index.php\/wp-json\/wp\/v2\/posts\/116620\/revisions"}],"predecessor-version":[{"id":116622,"href":"https:\/\/lasprimeras.com.do\/index.php\/wp-json\/wp\/v2\/posts\/116620\/revisions\/116622"}],"wp:featuredmedia":[{"embeddable":true,"href":"https:\/\/lasprimeras.com.do\/index.php\/wp-json\/wp\/v2\/media\/116621"}],"wp:attachment":[{"href":"https:\/\/lasprimeras.com.do\/index.php\/wp-json\/wp\/v2\/media?parent=116620"}],"wp:term":[{"taxonomy":"category","embeddable":true,"href":"https:\/\/lasprimeras.com.do\/index.php\/wp-json\/wp\/v2\/categories?post=116620"},{"taxonomy":"post_tag","embeddable":true,"href":"https:\/\/lasprimeras.com.do\/index.php\/wp-json\/wp\/v2\/tags?post=116620"}],"curies":[{"name":"wp","href":"https:\/\/api.w.org\/{rel}","templated":true}]}}