{"id":116627,"date":"2025-12-02T18:20:22","date_gmt":"2025-12-02T22:20:22","guid":{"rendered":"https:\/\/lasprimeras.com.do\/?p=116627"},"modified":"2025-12-02T18:20:23","modified_gmt":"2025-12-02T22:20:23","slug":"embajadora-de-los-ee-uu-resalta-seguridad-fortaleza-y-prosperidad-compartidas-con-rd-durante-almuerzo-de-amchamdr","status":"publish","type":"post","link":"https:\/\/lasprimeras.com.do\/index.php\/2025\/12\/02\/embajadora-de-los-ee-uu-resalta-seguridad-fortaleza-y-prosperidad-compartidas-con-rd-durante-almuerzo-de-amchamdr\/","title":{"rendered":"Embajadora de los EE. UU. resalta seguridad, fortaleza y prosperidad compartidas con RD durante almuerzo de AMCHAMDR"},"content":{"rendered":"\n<p>La C\u00e1mara Americana de Comercio de la Rep\u00fablica Dominicana (AMCHAMDR) celebr\u00f3 su almuerzo del mes de diciembre, con la participaci\u00f3n especial de Leah Francis Campos, embajadora de los Estados Unidos en la Rep\u00fablica Dominicana, quien fue la oradora invitada y hu\u00e9sped de honor. Durante el evento, present\u00f3 la conferencia titulada \u201cEstados Unidos y la Rep\u00fablica Dominicana: seguridad, fortaleza y prosperidad\u201d.<\/p>\n\n\n\n<p>En su intervenci\u00f3n, la embajadora Campos destac\u00f3 la profundidad hist\u00f3rica y estrat\u00e9gica de la relaci\u00f3n bilateral, afirmando que, desde hace mucho tiempo, la Rep\u00fablica Dominicana es uno de los socios m\u00e1s fieles de los Estados Unidos en el Caribe.<\/p>\n\n\n<div class=\"wp-block-image\">\n<figure class=\"alignleft size-full is-resized\"><img decoding=\"async\" width=\"900\" height=\"600\" src=\"https:\/\/lasprimeras.com.do\/wp-content\/uploads\/2025\/12\/Leah-Francis-Campos-1.jpg\" alt=\"\" class=\"wp-image-116629\" style=\"width:508px;height:auto\" srcset=\"https:\/\/lasprimeras.com.do\/wp-content\/uploads\/2025\/12\/Leah-Francis-Campos-1.jpg 900w, https:\/\/lasprimeras.com.do\/wp-content\/uploads\/2025\/12\/Leah-Francis-Campos-1-300x200.jpg 300w, https:\/\/lasprimeras.com.do\/wp-content\/uploads\/2025\/12\/Leah-Francis-Campos-1-768x512.jpg 768w\" sizes=\"(max-width: 900px) 100vw, 900px\" \/><\/figure>\n<\/div>\n\n\n<p>\u201cJuntos, hemos trabajado para ampliar la cooperaci\u00f3n en materia de seguridad, fortalecer la educaci\u00f3n y mejorar la salud p\u00fablica. Cuando nos mantenemos unidos, ambos nos hacemos m\u00e1s fuertes [\u2026] Por lo tanto, el trabajo que hacemos juntos es, literalmente, \u2018America First\u2019 y \u2018the Dominican Republic First\u2019 al mismo tiempo. Es decir, respetamos y celebramos plenamente que la Rep\u00fablica Dominicana ponga a la Rep\u00fablica Dominicana en primer lugar. As\u00ed es como operan los verdaderos socios y amigos: respetando la soberan\u00eda, los valores y las prioridades de cada uno\u201d, expres\u00f3.<\/p>\n\n\n\n<p>La diplom\u00e1tica articul\u00f3 su ponencia alrededor de tres pilares: seguridad, fortaleza y prosperidad. Sobre seguridad, subray\u00f3 la importancia de la lucha contra el crimen financiero y las actividades il\u00edcitas, indicando que \u201ccuando detenemos el flujo de dinero il\u00edcito, protegemos los puestos de trabajo, las familias y las comunidades. Mantenemos la equidad de nuestros mercados, la credibilidad de nuestras instituciones y la seguridad de nuestra poblaci\u00f3n\u201d.<\/p>\n\n\n\n<figure class=\"wp-block-image size-full\"><img decoding=\"async\" width=\"900\" height=\"600\" src=\"https:\/\/lasprimeras.com.do\/wp-content\/uploads\/2025\/12\/Leah-Francis-Campos-2.jpg\" alt=\"\" class=\"wp-image-116630\" srcset=\"https:\/\/lasprimeras.com.do\/wp-content\/uploads\/2025\/12\/Leah-Francis-Campos-2.jpg 900w, https:\/\/lasprimeras.com.do\/wp-content\/uploads\/2025\/12\/Leah-Francis-Campos-2-300x200.jpg 300w, https:\/\/lasprimeras.com.do\/wp-content\/uploads\/2025\/12\/Leah-Francis-Campos-2-768x512.jpg 768w\" sizes=\"(max-width: 900px) 100vw, 900px\" \/><\/figure>\n\n\n\n<p>En cuanto a la fortaleza econ\u00f3mica y comercial, reafirm\u00f3 el compromiso de su misi\u00f3n en el pa\u00eds: \u201cMi Embajada est\u00e1 comprometida con promover los intereses comerciales de los Estados Unidos y de sus empresas en la Rep\u00fablica Dominicana, mientras buscamos formas de ampliar y mejorar el comercio rec\u00edproco entre nuestros dos grandes pa\u00edses\u201d.<\/p>\n\n\n\n<p>Asimismo, destac\u00f3 el potencial del nearshoring y la creciente integraci\u00f3n dominicana con la industria estadounidense de semiconductores, calificando este momento como propicio para fortalecer la cooperaci\u00f3n en sectores estrat\u00e9gicos.<\/p>\n\n\n<div class=\"wp-block-image\">\n<figure class=\"alignright size-large is-resized\"><img decoding=\"async\" width=\"683\" height=\"1024\" src=\"https:\/\/lasprimeras.com.do\/wp-content\/uploads\/2025\/12\/Leah-Francis-Campos-3-683x1024.jpg\" alt=\"\" class=\"wp-image-116631\" style=\"width:285px;height:auto\" srcset=\"https:\/\/lasprimeras.com.do\/wp-content\/uploads\/2025\/12\/Leah-Francis-Campos-3-683x1024.jpg 683w, https:\/\/lasprimeras.com.do\/wp-content\/uploads\/2025\/12\/Leah-Francis-Campos-3-200x300.jpg 200w, https:\/\/lasprimeras.com.do\/wp-content\/uploads\/2025\/12\/Leah-Francis-Campos-3-768x1152.jpg 768w, https:\/\/lasprimeras.com.do\/wp-content\/uploads\/2025\/12\/Leah-Francis-Campos-3.jpg 900w\" sizes=\"(max-width: 683px) 100vw, 683px\" \/><\/figure>\n<\/div>\n\n\n<p>En el pilar de prosperidad compartida, Campos valor\u00f3 positivamente los avances institucionales del pa\u00eds:: \u201cacogemos con satisfacci\u00f3n los esfuerzos de la Rep\u00fablica Dominicana por fortalecer las instituciones y mejorar la eficiencia regulatoria, esfuerzos que ayudan a atraer inversiones de alta calidad desde los Estados Unidos\u201d.<\/p>\n\n\n\n<p>A\u00f1adi\u00f3 que durante su misi\u00f3n trabajar\u00e1 para impulsar m\u00e1s oportunidades econ\u00f3micas a trav\u00e9s de iniciativas conjuntas.<\/p>\n\n\n\n<p>Durante el almuerzo, Francesca Rainieri, presidenta de AMCHAMDR, ofreci\u00f3 unas palabras de felicitaci\u00f3n y bienvenida a la embajadora Campos, destacando el buen momento que vive la Rep\u00fablica Dominicana como socio estrat\u00e9gico de los Estados Unidos.<\/p>\n\n\n\n<p>Se\u00f1al\u00f3 que \u201cla Rep\u00fablica Dominicana ha demostrado ser un socio regional seguro, estable y confiable, con una econom\u00eda din\u00e1mica, un sector empresarial vibrante y un compromiso claro con la estabilidad macroecon\u00f3mica y con la seguridad jur\u00eddica.<\/p>\n\n\n\n<p>En un entorno global desafiante, donde se necesitan cadenas de suministro resilientes, entornos de inversi\u00f3n predecibles, integridad institucional e innovaci\u00f3n y sostenibilidad, nuestro pa\u00eds avanza con pasos firmes. Hoy somos un destino atractivo para la inversi\u00f3n, un actor relevante en el nearshoring, un hub competitivo para la regi\u00f3n y un aliado estrat\u00e9gico y confiable\u201d.<\/p>\n\n\n\n<p>De su lado, el vicepresidente ejecutivo de AMCHAMDR, William Malamud, reiter\u00f3 que la colaboraci\u00f3n p\u00fablico-privada ha sido muy relevante para consolidar avances concretos en el clima institucional del pa\u00eds.<\/p>\n\n\n\n<p>\u201cDurante los \u00faltimos a\u00f1os, la Rep\u00fablica Dominicana ha demostrado que cuando el sector p\u00fablico y el sector privado colaboran con visi\u00f3n compartida, los resultados son visibles, medibles y transformadores. Hoy podemos afirmar, con evidencia concreta, que la Rep\u00fablica Dominicana ha logrado avances significativos en \u00e1reas cr\u00edticas para la relaci\u00f3n bilateral\u201d, expres\u00f3.<\/p>\n\n\n\n<p>El almuerzo cont\u00f3 con el patrocinio de las empresas del C\u00edrculo \u00c9lite de AMCHAMDR: Citi, Grupo Rica, Squire Patton Boggs, Barrick Pueblo Viejo, Inicia, AES Dominicana, Grupo Humano, HIT Puerto R\u00edo Haina, Grupo SID, Grupo Puntacana, Altice, Grupo Estrella, Grupo Viamar, DP World, Claro y Banco Santa Cruz.<\/p>\n","protected":false},"excerpt":{"rendered":"<p>La C\u00e1mara Americana de Comercio de la Rep\u00fablica Dominicana (AMCHAMDR) celebr\u00f3 su almuerzo del mes de diciembre, con la participaci\u00f3n especial de Leah Francis Campos, embajadora de los Estados Unidos&hellip;<\/p>\n","protected":false},"author":10,"featured_media":116628,"comment_status":"open","ping_status":"open","sticky":false,"template":"","format":"standard","meta":{"content-type":"","jetpack_post_was_ever_published":false,"_jetpack_newsletter_access":"","_jetpack_dont_email_post_to_subs":false,"_jetpack_newsletter_tier_id":0,"_jetpack_memberships_contains_paywalled_content":false,"_jetpack_memberships_contains_paid_content":false,"footnotes":""},"categories":[35,25],"tags":[28102,2831,2991,1540,10494,1226,76],"class_list":["post-116627","post","type-post","status-publish","format-standard","has-post-thumbnail","hentry","category-nacionales","category-portada","tag-almuerzo-de-amchamdr","tag-ee-uu-2","tag-embajadora","tag-fortaleza","tag-prosperidad","tag-republica-dominicana","tag-seguridad"],"jetpack_featured_media_url":"https:\/\/lasprimeras.com.do\/wp-content\/uploads\/2025\/12\/Leah-Francis-Campos.jpg","jetpack-related-posts":[{"id":68790,"url":"https:\/\/lasprimeras.com.do\/index.php\/2023\/11\/27\/presidente-de-amchamdr-resalta-alianza-entre-ee-uu-y-rd\/","url_meta":{"origin":116627,"position":0},"title":"Presidente de AMCHAMDR resalta alianza entre EE.UU. y RD","author":"Nelson Feliz","date":"27 de noviembre de 2023","format":false,"excerpt":"El presidente de AMCHAMDR, Edwin De los Santos, resalt\u00f3 la alianza pr\u00f3spera entre la Embajada de los EE.UU. y la C\u00e1mara Americana de Comercio de RD, relaci\u00f3n que ha contribuido significativamente al desarrollo econ\u00f3mico y comercial de ambas naciones y de la regi\u00f3n. \u201cLa presencia constante y el apoyo incondicional\u2026","rel":"","context":"En \u00abECONOM\u00cdA\u00bb","block_context":{"text":"ECONOM\u00cdA","link":"https:\/\/lasprimeras.com.do\/index.php\/category\/economia\/"},"img":{"alt_text":"Edwin De los Santos","src":"https:\/\/i0.wp.com\/lasprimeras.com.do\/wp-content\/uploads\/2023\/11\/Edwin-De-los-Santos.jpg?resize=350%2C200&ssl=1","width":350,"height":200,"srcset":"https:\/\/i0.wp.com\/lasprimeras.com.do\/wp-content\/uploads\/2023\/11\/Edwin-De-los-Santos.jpg?resize=350%2C200&ssl=1 1x, https:\/\/i0.wp.com\/lasprimeras.com.do\/wp-content\/uploads\/2023\/11\/Edwin-De-los-Santos.jpg?resize=525%2C300&ssl=1 1.5x, https:\/\/i0.wp.com\/lasprimeras.com.do\/wp-content\/uploads\/2023\/11\/Edwin-De-los-Santos.jpg?resize=700%2C400&ssl=1 2x"},"classes":[]},{"id":124575,"url":"https:\/\/lasprimeras.com.do\/index.php\/2026\/03\/13\/embajadora-ee-uu-presenta-al-presidente-dncd-nuevo-agregado-de-la-dea-en-rd\/","url_meta":{"origin":116627,"position":1},"title":"Embajadora EE. UU. presenta al presidente DNCD nuevo agregado de la DEA en RD","author":"Nelson Feliz","date":"13 de marzo de 2026","format":false,"excerpt":"\u00a0La unidad funcionar\u00e1 bajo una nueva direcci\u00f3n marcando un nuevo cap\u00edtulo en la lucha contra el narcotr\u00e1fico y sus delitos conexos La Embajadora de Estados Unidos, Leah F. Campos, se reuni\u00f3 con el presidente de la Direcci\u00f3n Nacional de Control de Drogas (DNCD), vicealmirante Jos\u00e9 M. Cabrera Ulloa, donde present\u00f3\u2026","rel":"","context":"En \u00abNACIONALES\u00bb","block_context":{"text":"NACIONALES","link":"https:\/\/lasprimeras.com.do\/index.php\/category\/nacionales\/"},"img":{"alt_text":"Leah F. Campos","src":"https:\/\/i0.wp.com\/lasprimeras.com.do\/wp-content\/uploads\/2026\/03\/Leah-F.-Campos-1.jpg?resize=350%2C200&ssl=1","width":350,"height":200,"srcset":"https:\/\/i0.wp.com\/lasprimeras.com.do\/wp-content\/uploads\/2026\/03\/Leah-F.-Campos-1.jpg?resize=350%2C200&ssl=1 1x, https:\/\/i0.wp.com\/lasprimeras.com.do\/wp-content\/uploads\/2026\/03\/Leah-F.-Campos-1.jpg?resize=525%2C300&ssl=1 1.5x, https:\/\/i0.wp.com\/lasprimeras.com.do\/wp-content\/uploads\/2026\/03\/Leah-F.-Campos-1.jpg?resize=700%2C400&ssl=1 2x"},"classes":[]},{"id":104082,"url":"https:\/\/lasprimeras.com.do\/index.php\/2025\/07\/21\/ministro-luis-miguel-de-camps-sera-el-orador-invitado-a-almuerzo-de-amchamdr\/","url_meta":{"origin":116627,"position":2},"title":"Ministro Luis Miguel De Camps ser\u00e1 el orador invitado a almuerzo de AMCHAMDR","author":"Nelson Feliz","date":"21 de julio de 2025","format":false,"excerpt":"El ministro de Educaci\u00f3n, Luis Miguel De Camps, participar\u00e1 como orador invitado en el almuerzo de la C\u00e1mara Americana de Comercio de la Rep\u00fablica Dominicana (AMCHAMDR), a celebrarse ma\u00f1ana martes en el Sal\u00f3n Garden Tent del Hotel Embajador, a partir del mediod\u00eda. Durante su intervenci\u00f3n, el ministro desarrollar\u00e1 el tema\u2026","rel":"","context":"En \u00abNACIONALES\u00bb","block_context":{"text":"NACIONALES","link":"https:\/\/lasprimeras.com.do\/index.php\/category\/nacionales\/"},"img":{"alt_text":"","src":"https:\/\/i0.wp.com\/lasprimeras.com.do\/wp-content\/uploads\/2025\/07\/Luis-Miguel-De-Camps.jpg?resize=350%2C200&ssl=1","width":350,"height":200,"srcset":"https:\/\/i0.wp.com\/lasprimeras.com.do\/wp-content\/uploads\/2025\/07\/Luis-Miguel-De-Camps.jpg?resize=350%2C200&ssl=1 1x, https:\/\/i0.wp.com\/lasprimeras.com.do\/wp-content\/uploads\/2025\/07\/Luis-Miguel-De-Camps.jpg?resize=525%2C300&ssl=1 1.5x, https:\/\/i0.wp.com\/lasprimeras.com.do\/wp-content\/uploads\/2025\/07\/Luis-Miguel-De-Camps.jpg?resize=700%2C400&ssl=1 2x"},"classes":[]},{"id":57185,"url":"https:\/\/lasprimeras.com.do\/index.php\/2023\/08\/09\/encargado-de-negocios-de-ee-uu-y-amchamdr-potenciaran-relaciones-comerciales-sociales-y-culturales-entre-ambas-naciones\/","url_meta":{"origin":116627,"position":3},"title":"Encargado de negocios de EE.UU. y AMCHAMDR potenciar\u00e1n relaciones entre ambas naciones","author":"Nelson Feliz","date":"9 de agosto de 2023","format":false,"excerpt":"En un encuentro que afianza la productiva e importante relaci\u00f3n entre la C\u00e1mara Americana de Comercio de la Rep\u00fablica Dominicana y la Embajada de los Estados Unidos en el pa\u00eds, los miembros del Consejo de Directores de AMCHAMDR se reunieron con el Encargado de Negocios de la embajada de los\u2026","rel":"","context":"En \u00abECONOM\u00cdA\u00bb","block_context":{"text":"ECONOM\u00cdA","link":"https:\/\/lasprimeras.com.do\/index.php\/category\/economia\/"},"img":{"alt_text":"","src":"https:\/\/i0.wp.com\/lasprimeras.com.do\/wp-content\/uploads\/2023\/08\/AMCHAMDR.jpg?resize=350%2C200&ssl=1","width":350,"height":200,"srcset":"https:\/\/i0.wp.com\/lasprimeras.com.do\/wp-content\/uploads\/2023\/08\/AMCHAMDR.jpg?resize=350%2C200&ssl=1 1x, https:\/\/i0.wp.com\/lasprimeras.com.do\/wp-content\/uploads\/2023\/08\/AMCHAMDR.jpg?resize=525%2C300&ssl=1 1.5x, https:\/\/i0.wp.com\/lasprimeras.com.do\/wp-content\/uploads\/2023\/08\/AMCHAMDR.jpg?resize=700%2C400&ssl=1 2x"},"classes":[]},{"id":124552,"url":"https:\/\/lasprimeras.com.do\/index.php\/2026\/03\/13\/amchamdr-analiza-oportunidades-estrategicas-ante-el-panorama-comercial-entre-rd-y-los-ee-uu\/","url_meta":{"origin":116627,"position":4},"title":"AMCHAMDR analiza oportunidades estrat\u00e9gicas ante el panorama comercial entre RD y los EE.UU.","author":"Nelson Feliz","date":"13 de marzo de 2026","format":false,"excerpt":"El conversatorio cont\u00f3 con la participaci\u00f3n del ministro Eduardo Sanz Lovat\u00f3n y del vicepresidente de Manchester Trade, David Lewis, siendo moderado por el vicepresidente del Comit\u00e9 de Relaciones Bilaterales de AMCHAMDR, Roberto Despradel. La C\u00e1mara Americana de Comercio de la Rep\u00fablica Dominicana (AMCHAMDR), a trav\u00e9s de su Comit\u00e9 Legal, celebr\u00f3\u2026","rel":"","context":"En \u00abECONOM\u00cdA\u00bb","block_context":{"text":"ECONOM\u00cdA","link":"https:\/\/lasprimeras.com.do\/index.php\/category\/economia\/"},"img":{"alt_text":"AMCHAMDR","src":"https:\/\/i0.wp.com\/lasprimeras.com.do\/wp-content\/uploads\/2026\/03\/AMCHAMDR.jpg?resize=350%2C200&ssl=1","width":350,"height":200,"srcset":"https:\/\/i0.wp.com\/lasprimeras.com.do\/wp-content\/uploads\/2026\/03\/AMCHAMDR.jpg?resize=350%2C200&ssl=1 1x, https:\/\/i0.wp.com\/lasprimeras.com.do\/wp-content\/uploads\/2026\/03\/AMCHAMDR.jpg?resize=525%2C300&ssl=1 1.5x, https:\/\/i0.wp.com\/lasprimeras.com.do\/wp-content\/uploads\/2026\/03\/AMCHAMDR.jpg?resize=700%2C400&ssl=1 2x"},"classes":[]},{"id":111359,"url":"https:\/\/lasprimeras.com.do\/index.php\/2025\/10\/08\/confirmada-leah-campos-como-embajadora-de-ee-uu-en-republica-dominicana\/","url_meta":{"origin":116627,"position":5},"title":"Confirmada Leah Campos como embajadora de EE. UU. en Rep\u00fablica Dominicana","author":"Nelson Feliz","date":"8 de octubre de 2025","format":false,"excerpt":"El Senado de los Estados Unidos confirm\u00f3 este martes a Leah Campos como embajadora de ese pa\u00eds en Rep\u00fablica Dominicana, inform\u00f3 la Embajada estadounidense en Santo Domingo. Es la tercera mujer en ocupar el cargo de embajadora de Estados Unidos en Rep\u00fablica Dominicana. Asimismo, se ha destacado como asesora de\u2026","rel":"","context":"En \u00abNACIONALES\u00bb","block_context":{"text":"NACIONALES","link":"https:\/\/lasprimeras.com.do\/index.php\/category\/nacionales\/"},"img":{"alt_text":"","src":"https:\/\/i0.wp.com\/lasprimeras.com.do\/wp-content\/uploads\/2025\/10\/Leah-Campos.jpg?resize=350%2C200&ssl=1","width":350,"height":200},"classes":[]}],"jetpack_sharing_enabled":true,"_links":{"self":[{"href":"https:\/\/lasprimeras.com.do\/index.php\/wp-json\/wp\/v2\/posts\/116627","targetHints":{"allow":["GET"]}}],"collection":[{"href":"https:\/\/lasprimeras.com.do\/index.php\/wp-json\/wp\/v2\/posts"}],"about":[{"href":"https:\/\/lasprimeras.com.do\/index.php\/wp-json\/wp\/v2\/types\/post"}],"author":[{"embeddable":true,"href":"https:\/\/lasprimeras.com.do\/index.php\/wp-json\/wp\/v2\/users\/10"}],"replies":[{"embeddable":true,"href":"https:\/\/lasprimeras.com.do\/index.php\/wp-json\/wp\/v2\/comments?post=116627"}],"version-history":[{"count":1,"href":"https:\/\/lasprimeras.com.do\/index.php\/wp-json\/wp\/v2\/posts\/116627\/revisions"}],"predecessor-version":[{"id":116632,"href":"https:\/\/lasprimeras.com.do\/index.php\/wp-json\/wp\/v2\/posts\/116627\/revisions\/116632"}],"wp:featuredmedia":[{"embeddable":true,"href":"https:\/\/lasprimeras.com.do\/index.php\/wp-json\/wp\/v2\/media\/116628"}],"wp:attachment":[{"href":"https:\/\/lasprimeras.com.do\/index.php\/wp-json\/wp\/v2\/media?parent=116627"}],"wp:term":[{"taxonomy":"category","embeddable":true,"href":"https:\/\/lasprimeras.com.do\/index.php\/wp-json\/wp\/v2\/categories?post=116627"},{"taxonomy":"post_tag","embeddable":true,"href":"https:\/\/lasprimeras.com.do\/index.php\/wp-json\/wp\/v2\/tags?post=116627"}],"curies":[{"name":"wp","href":"https:\/\/api.w.org\/{rel}","templated":true}]}}