{"id":116633,"date":"2025-12-02T18:39:31","date_gmt":"2025-12-02T22:39:31","guid":{"rendered":"https:\/\/lasprimeras.com.do\/?p=116633"},"modified":"2025-12-02T18:39:32","modified_gmt":"2025-12-02T22:39:32","slug":"pn-identifica-a-responsables-del-rapto-y-asesinato-de-hombre-desaparecido-en-san-cristobal","status":"publish","type":"post","link":"https:\/\/lasprimeras.com.do\/index.php\/2025\/12\/02\/pn-identifica-a-responsables-del-rapto-y-asesinato-de-hombre-desaparecido-en-san-cristobal\/","title":{"rendered":"PN identifica a &#8220;responsables&#8221; del rapto y asesinato de hombre desaparecido en San Crist\u00f3bal"},"content":{"rendered":"\n<p>La Polic\u00eda Nacional inform\u00f3 este martes que identific\u00f3 a los &#8220;responsables&#8221; del rapto y posterior asesinato de Jos\u00e9 Ignacio Mel\u00e9ndez Medrano, alias &#8220;Satan\u00e1s&#8221;, cuyo cuerpo fue encontrado con heridas de arma de fuego en la comunidad Los Novas, provincia San Crist\u00f3bal, tras ser reportado como desaparecido el 19 de noviembre.<\/p>\n\n\n\n<p>Seg\u00fan un comunicado, los implicados en el hecho son Crist\u00f3bal Omar de los Santos Miranda &#8220;Omar&#8221;, Yeury Yonel Lin\u00e1rez Jerez &#8220;Yonel&#8221;, Rafael Araujo &#8220;Rafaelito&#8221; y un cuarto hombre identificado \u00fanicamente como &#8220;Sa\u00fal&#8221;.<\/p>\n\n\n\n<p>&#8220;Todos est\u00e1n se\u00f1alados por su participaci\u00f3n en el secuestro y homicidio de Mel\u00e9ndez Medrano&#8221;, indic\u00f3 la Polic\u00eda.<\/p>\n\n\n\n<p>Las autoridades indicaron que los cuatro sujetos son considerados &#8220;altamente peligrosos, se desplazan fuertemente armados&#8221; y podr\u00edan intentar evadir la justicia mediante el uso de la violencia.<\/p>\n\n\n\n<p>Las motivaciones<\/p>\n\n\n\n<p>Las investigaciones preliminares establecen que la v\u00edctima fue raptada y ultimada debido a viejas rencillas con el grupo, que afirman actu\u00f3 de manera coordinada y huy\u00f3 tras cometer el crimen.<\/p>\n\n\n\n<p>El caso es trabajado por la Direcci\u00f3n Central de Investigaci\u00f3n (Dicrim), a trav\u00e9s del Departamento de B\u00fasqueda y Captura de Pr\u00f3fugos, que mantiene operativos activos en la zona y contin\u00faa avanzando en el proceso investigativo.<\/p>\n\n\n\n<p>La Polic\u00eda exhort\u00f3 a la ciudadan\u00eda a colaborar con cualquier informaci\u00f3n que contribuya a la captura de los implicados, garantizando total confidencialidad.<\/p>\n\n\n\n<figure class=\"wp-block-image size-full is-resized\"><img decoding=\"async\" width=\"363\" height=\"466\" src=\"https:\/\/lasprimeras.com.do\/wp-content\/uploads\/2025\/12\/san-cristobal-8e5bfeaf.jpg\" alt=\"\" class=\"wp-image-116635\" style=\"width:840px;height:auto\" srcset=\"https:\/\/lasprimeras.com.do\/wp-content\/uploads\/2025\/12\/san-cristobal-8e5bfeaf.jpg 363w, https:\/\/lasprimeras.com.do\/wp-content\/uploads\/2025\/12\/san-cristobal-8e5bfeaf-234x300.jpg 234w\" sizes=\"(max-width: 363px) 100vw, 363px\" \/><\/figure>\n\n\n\n<figure class=\"wp-block-image size-full is-resized\"><img decoding=\"async\" width=\"360\" height=\"473\" src=\"https:\/\/lasprimeras.com.do\/wp-content\/uploads\/2025\/12\/san-cristobal2-e74b2fb2.jpg\" alt=\"\" class=\"wp-image-116636\" style=\"width:840px;height:auto\" srcset=\"https:\/\/lasprimeras.com.do\/wp-content\/uploads\/2025\/12\/san-cristobal2-e74b2fb2.jpg 360w, https:\/\/lasprimeras.com.do\/wp-content\/uploads\/2025\/12\/san-cristobal2-e74b2fb2-228x300.jpg 228w\" sizes=\"(max-width: 360px) 100vw, 360px\" \/><\/figure>\n\n\n\n<figure class=\"wp-block-image size-full is-resized\"><img decoding=\"async\" width=\"361\" height=\"468\" src=\"https:\/\/lasprimeras.com.do\/wp-content\/uploads\/2025\/12\/san-cristobal3-77c14feb.jpg\" alt=\"\" class=\"wp-image-116634\" style=\"width:840px;height:auto\" srcset=\"https:\/\/lasprimeras.com.do\/wp-content\/uploads\/2025\/12\/san-cristobal3-77c14feb.jpg 361w, https:\/\/lasprimeras.com.do\/wp-content\/uploads\/2025\/12\/san-cristobal3-77c14feb-231x300.jpg 231w\" sizes=\"(max-width: 361px) 100vw, 361px\" \/><\/figure>\n","protected":false},"excerpt":{"rendered":"<p>La Polic\u00eda Nacional inform\u00f3 este martes que identific\u00f3 a los &#8220;responsables&#8221; del rapto y posterior asesinato de Jos\u00e9 Ignacio Mel\u00e9ndez Medrano, alias &#8220;Satan\u00e1s&#8221;, cuyo cuerpo fue encontrado con heridas de&hellip;<\/p>\n","protected":false},"author":10,"featured_media":104186,"comment_status":"open","ping_status":"open","sticky":false,"template":"","format":"standard","meta":{"content-type":"","jetpack_post_was_ever_published":false,"_jetpack_newsletter_access":"","_jetpack_dont_email_post_to_subs":false,"_jetpack_newsletter_tier_id":0,"_jetpack_memberships_contains_paywalled_content":false,"_jetpack_memberships_contains_paid_content":false,"footnotes":""},"categories":[3057],"tags":[771,28103,754,477,3798,1210],"class_list":["post-116633","post","type-post","status-publish","format-standard","has-post-thumbnail","hentry","category-militares","tag-asesinato","tag-hombre-desaparecido","tag-identifica","tag-pn","tag-rapto","tag-responsables"],"jetpack_featured_media_url":"https:\/\/lasprimeras.com.do\/wp-content\/uploads\/2025\/07\/PN-1.jpg","jetpack-related-posts":[{"id":94467,"url":"https:\/\/lasprimeras.com.do\/index.php\/2025\/03\/01\/pn-identifica-a-sospechosos-de-desaparicion-de-taxista-en-moca\/","url_meta":{"origin":116633,"position":0},"title":"PN identifica a sospechosos de desaparici\u00f3n de taxista en Moca","author":"Nelson Feliz","date":"1 de marzo de 2025","format":false,"excerpt":"Los operativos de b\u00fasqueda contin\u00faan simult\u00e1neamente en varias localidades del Cibao. La Polic\u00eda Nacional inform\u00f3 este s\u00e1bado que ha identificado a los presuntos responsables de la desaparici\u00f3n del taxista Alfred Joel Fern\u00e1ndez, cuyo paradero se desconoce desde la noche del pasado 22 de enero. La familia del hombre de 33\u2026","rel":"","context":"En \u00abNACIONALES\u00bb","block_context":{"text":"NACIONALES","link":"https:\/\/lasprimeras.com.do\/index.php\/category\/nacionales\/"},"img":{"alt_text":"","src":"https:\/\/i0.wp.com\/lasprimeras.com.do\/wp-content\/uploads\/2025\/03\/Alfred-Joel-Fernandez.jpg?resize=350%2C200&ssl=1","width":350,"height":200,"srcset":"https:\/\/i0.wp.com\/lasprimeras.com.do\/wp-content\/uploads\/2025\/03\/Alfred-Joel-Fernandez.jpg?resize=350%2C200&ssl=1 1x, https:\/\/i0.wp.com\/lasprimeras.com.do\/wp-content\/uploads\/2025\/03\/Alfred-Joel-Fernandez.jpg?resize=525%2C300&ssl=1 1.5x, https:\/\/i0.wp.com\/lasprimeras.com.do\/wp-content\/uploads\/2025\/03\/Alfred-Joel-Fernandez.jpg?resize=700%2C400&ssl=1 2x"},"classes":[]},{"id":92301,"url":"https:\/\/lasprimeras.com.do\/index.php\/2025\/01\/01\/pn-identifica-a-los-fallecidos-en-conflicto-en-la-playita-la-vega\/","url_meta":{"origin":116633,"position":1},"title":"PN identifica a los fallecidos en conflicto en La Playita, La Vega","author":"Nelson Feliz","date":"1 de enero de 2025","format":false,"excerpt":"Por Winston Hern\u00e1ndez@winstonnoticias La Polic\u00eda Nacional identific\u00f3 a los dos fallecidos y al herido en el conflicto ocurrido en un presunto punto de distribuci\u00f3n de drogas en el sector La Playita-La Vega. Las v\u00edctimas mortales fueron Jos\u00e9 Alberto Abreu Liriano, alias \u201cPititi\u201d, y Jeifry Alexander Coronado Valerio, alias \u201cCapital\u201d, mientras\u2026","rel":"","context":"En \u00abMILITARES\u00bb","block_context":{"text":"MILITARES","link":"https:\/\/lasprimeras.com.do\/index.php\/category\/militares\/"},"img":{"alt_text":"","src":"https:\/\/i0.wp.com\/lasprimeras.com.do\/wp-content\/uploads\/2025\/01\/22.jpg?resize=350%2C200&ssl=1","width":350,"height":200,"srcset":"https:\/\/i0.wp.com\/lasprimeras.com.do\/wp-content\/uploads\/2025\/01\/22.jpg?resize=350%2C200&ssl=1 1x, https:\/\/i0.wp.com\/lasprimeras.com.do\/wp-content\/uploads\/2025\/01\/22.jpg?resize=525%2C300&ssl=1 1.5x"},"classes":[]},{"id":93549,"url":"https:\/\/lasprimeras.com.do\/index.php\/2025\/02\/13\/a-prision-dos-hombres-por-rapto-y-abuso-de-dos-menores-que-contactaron-por-videojuego-en-santiago\/","url_meta":{"origin":116633,"position":2},"title":"A prisi\u00f3n dos hombres por rapto y abuso de dos menores que contactaron por videojuego en Santiago","author":"Nelson Feliz","date":"13 de febrero de 2025","format":false,"excerpt":"El tribunal de Atenci\u00f3n Permanente del distrito judicial de\u00a0Santiago\u00a0dict\u00f3 tres meses de\u00a0prisi\u00f3n\u00a0preventiva, como medida de coerci\u00f3n, contra dos hombres implicados en la\u00a0desaparici\u00f3n\u00a0de dos menores de edad, a quienes sustrajeron bajo\u00a0enga\u00f1o\u00a0y abusaron de ellas sexualmente. Adri\u00e1n\u00a0Castillo Vargas, conocido como Vitico, de 23 a\u00f1os, y Ove Emmanuel Gonz\u00e1lez Rub\u00e9n, alias Manuel, de\u2026","rel":"","context":"En \u00abJUSTICIA\u00bb","block_context":{"text":"JUSTICIA","link":"https:\/\/lasprimeras.com.do\/index.php\/category\/justicia\/"},"img":{"alt_text":"","src":"https:\/\/i0.wp.com\/lasprimeras.com.do\/wp-content\/uploads\/2025\/02\/a-prision-dos-hombres-por-rapto-y-abuso-de-dos-menores-que-contactaron-por-videojuego-en-santiago.jpg?resize=350%2C200&ssl=1","width":350,"height":200},"classes":[]},{"id":56760,"url":"https:\/\/lasprimeras.com.do\/index.php\/2023\/08\/04\/san-cristobal-encuentran-muerta-nina-de-11-anos-reportada-como-desaparecida\/","url_meta":{"origin":116633,"position":3},"title":"San Crist\u00f3bal: Encuentran muerta ni\u00f1a de 11 a\u00f1os reportada como desaparecida","author":"Nelson Feliz","date":"4 de agosto de 2023","format":false,"excerpt":"El cuerpo fue hallado en la autopista 6 de Noviembre. Encuentran muerta a Willeni Lorenzo Herrera, la ni\u00f1a de 11 a\u00f1os que hab\u00eda sido reportada como desaparecida desde el 20 de julio, en el sector La Pi\u00f1a, de Madre Vieja Norte, en San Crist\u00f3bal. La informaci\u00f3n fue confirmada por un\u2026","rel":"","context":"En \u00abNACIONALES\u00bb","block_context":{"text":"NACIONALES","link":"https:\/\/lasprimeras.com.do\/index.php\/category\/nacionales\/"},"img":{"alt_text":"Willeni Lorenzo Herrera","src":"https:\/\/i0.wp.com\/lasprimeras.com.do\/wp-content\/uploads\/2023\/08\/Willeni-Lorenzo-Herrera.jpg?resize=350%2C200&ssl=1","width":350,"height":200,"srcset":"https:\/\/i0.wp.com\/lasprimeras.com.do\/wp-content\/uploads\/2023\/08\/Willeni-Lorenzo-Herrera.jpg?resize=350%2C200&ssl=1 1x, https:\/\/i0.wp.com\/lasprimeras.com.do\/wp-content\/uploads\/2023\/08\/Willeni-Lorenzo-Herrera.jpg?resize=525%2C300&ssl=1 1.5x, https:\/\/i0.wp.com\/lasprimeras.com.do\/wp-content\/uploads\/2023\/08\/Willeni-Lorenzo-Herrera.jpg?resize=700%2C400&ssl=1 2x"},"classes":[]},{"id":91225,"url":"https:\/\/lasprimeras.com.do\/index.php\/2024\/11\/14\/dictan-apertura-a-juicio-contra-leonardo-alejandro-mendez-mojica-acusado-de-asesinar-pareja-en-la-guayiga\/","url_meta":{"origin":116633,"position":4},"title":"Dictan apertura a juicio contra Leonardo Alejandro M\u00e9ndez Mojica, acusado de asesinar pareja en La Gu\u00e1yiga","author":"Nelson Feliz","date":"14 de noviembre de 2024","format":false,"excerpt":"El acusado guarda prisi\u00f3n en el Centro de Correcci\u00f3n y Rehabilitaci\u00f3n (CCR) Najayo Hombres en la Provincia de San Crist\u00f3bal. La jueza Karol Patricia Heredia, del S\u00e9ptimo Juzgado de la Instrucci\u00f3n de Domingo Oeste, dict\u00f3 apertura a juicio contra Leonardo Alejandro M\u00e9ndez Mojica, acusado de ser coautor en el asesinato\u2026","rel":"","context":"En \u00abJUSTICIA\u00bb","block_context":{"text":"JUSTICIA","link":"https:\/\/lasprimeras.com.do\/index.php\/category\/justicia\/"},"img":{"alt_text":"","src":"https:\/\/i0.wp.com\/lasprimeras.com.do\/wp-content\/uploads\/2024\/11\/pareja.jpeg?resize=350%2C200&ssl=1","width":350,"height":200,"srcset":"https:\/\/i0.wp.com\/lasprimeras.com.do\/wp-content\/uploads\/2024\/11\/pareja.jpeg?resize=350%2C200&ssl=1 1x, https:\/\/i0.wp.com\/lasprimeras.com.do\/wp-content\/uploads\/2024\/11\/pareja.jpeg?resize=525%2C300&ssl=1 1.5x, https:\/\/i0.wp.com\/lasprimeras.com.do\/wp-content\/uploads\/2024\/11\/pareja.jpeg?resize=700%2C400&ssl=1 2x"},"classes":[]},{"id":128886,"url":"https:\/\/lasprimeras.com.do\/index.php\/2026\/04\/27\/pn-participa-en-caminata-por-inclusion-social-en-san-cristobal\/","url_meta":{"origin":116633,"position":5},"title":"PN participa en caminata por inclusi\u00f3n social en San Crist\u00f3bal","author":"Nelson Feliz","date":"27 de abril de 2026","format":false,"excerpt":"El Director Regional San Crist\u00f3bal de la Polic\u00eda Nacional, General Eduardo Ant. Escalante Alc\u00e1ntara, particip\u00f3 en el d\u00eda de hoy en la Cuarta Caminata por el Autismo y la Inclusi\u00f3n Social, desarrollada en el Parque Radhames. Esta significativa actividad fue organizada por la Fundaci\u00f3n Integral Autismo e Inclusi\u00f3n Social (FAIAS),\u2026","rel":"","context":"En \u00abMILITARES\u00bb","block_context":{"text":"MILITARES","link":"https:\/\/lasprimeras.com.do\/index.php\/category\/militares\/"},"img":{"alt_text":"Polic\u00eda Nacional","src":"https:\/\/i0.wp.com\/lasprimeras.com.do\/wp-content\/uploads\/2026\/04\/Policia-Nacional.jpg?resize=350%2C200&ssl=1","width":350,"height":200,"srcset":"https:\/\/i0.wp.com\/lasprimeras.com.do\/wp-content\/uploads\/2026\/04\/Policia-Nacional.jpg?resize=350%2C200&ssl=1 1x, https:\/\/i0.wp.com\/lasprimeras.com.do\/wp-content\/uploads\/2026\/04\/Policia-Nacional.jpg?resize=525%2C300&ssl=1 1.5x, https:\/\/i0.wp.com\/lasprimeras.com.do\/wp-content\/uploads\/2026\/04\/Policia-Nacional.jpg?resize=700%2C400&ssl=1 2x"},"classes":[]}],"jetpack_sharing_enabled":true,"_links":{"self":[{"href":"https:\/\/lasprimeras.com.do\/index.php\/wp-json\/wp\/v2\/posts\/116633","targetHints":{"allow":["GET"]}}],"collection":[{"href":"https:\/\/lasprimeras.com.do\/index.php\/wp-json\/wp\/v2\/posts"}],"about":[{"href":"https:\/\/lasprimeras.com.do\/index.php\/wp-json\/wp\/v2\/types\/post"}],"author":[{"embeddable":true,"href":"https:\/\/lasprimeras.com.do\/index.php\/wp-json\/wp\/v2\/users\/10"}],"replies":[{"embeddable":true,"href":"https:\/\/lasprimeras.com.do\/index.php\/wp-json\/wp\/v2\/comments?post=116633"}],"version-history":[{"count":1,"href":"https:\/\/lasprimeras.com.do\/index.php\/wp-json\/wp\/v2\/posts\/116633\/revisions"}],"predecessor-version":[{"id":116637,"href":"https:\/\/lasprimeras.com.do\/index.php\/wp-json\/wp\/v2\/posts\/116633\/revisions\/116637"}],"wp:featuredmedia":[{"embeddable":true,"href":"https:\/\/lasprimeras.com.do\/index.php\/wp-json\/wp\/v2\/media\/104186"}],"wp:attachment":[{"href":"https:\/\/lasprimeras.com.do\/index.php\/wp-json\/wp\/v2\/media?parent=116633"}],"wp:term":[{"taxonomy":"category","embeddable":true,"href":"https:\/\/lasprimeras.com.do\/index.php\/wp-json\/wp\/v2\/categories?post=116633"},{"taxonomy":"post_tag","embeddable":true,"href":"https:\/\/lasprimeras.com.do\/index.php\/wp-json\/wp\/v2\/tags?post=116633"}],"curies":[{"name":"wp","href":"https:\/\/api.w.org\/{rel}","templated":true}]}}