{"id":116638,"date":"2025-12-02T18:45:58","date_gmt":"2025-12-02T22:45:58","guid":{"rendered":"https:\/\/lasprimeras.com.do\/?p=116638"},"modified":"2025-12-02T18:45:59","modified_gmt":"2025-12-02T22:45:59","slug":"fuerza-del-pueblo-exige-a-la-jce-retirar-advertencia-por-propaganda-y-niega-violacion-electoral","status":"publish","type":"post","link":"https:\/\/lasprimeras.com.do\/index.php\/2025\/12\/02\/fuerza-del-pueblo-exige-a-la-jce-retirar-advertencia-por-propaganda-y-niega-violacion-electoral\/","title":{"rendered":"Fuerza del Pueblo exige a la JCE retirar advertencia por propaganda y niega violaci\u00f3n electoral"},"content":{"rendered":"\n<p><strong>En un acto de alguacil depositado el 2 de diciembre, el partido calific\u00f3 la imputaci\u00f3n como &#8220;infundada&#8221;.<\/strong><\/p>\n\n\n\n<p>La Fuerza del Pueblo (FP) exigi\u00f3 a la Junta Central Electoral (JCE) retirar la advertencia en la que se le atribuye presunta propaganda electoral prohibida durante la &#8220;Marcha del Pueblo&#8221;, y neg\u00f3 de forma categ\u00f3rica haber violado la ley.<\/p>\n\n\n\n<p>En un acto de alguacil depositado el 2 de diciembre, el partido calific\u00f3 la imputaci\u00f3n como &#8220;infundada&#8221; y advirti\u00f3 que la interpretaci\u00f3n del \u00f3rgano comicial &#8220;pone en riesgo derechos fundamentales&#8221;.<\/p>\n\n\n\n<p><strong>Implicaciones legales y pol\u00edticas de la advertencia<\/strong><\/p>\n\n\n\n<p>FP sostiene que la marcha fue una manifestaci\u00f3n ciudadana amparada por los derechos de reuni\u00f3n y libertad de expresi\u00f3n, y que no incluy\u00f3 promoci\u00f3n de candidatos ni llamados al voto. Alega que el uso de colores, s\u00edmbolos y consignas no constituye propaganda anticipada y acusa a la advertencia de &#8220;confundir protesta con proselitismo&#8221;.<\/p>\n\n\n\n<p>El partido tambi\u00e9n considera que la advertencia genera incertidumbre jur\u00eddica y podr\u00eda sentar un precedente que limite la participaci\u00f3n pol\u00edtica. En su petitorio, solicita que la JCE rectifique su posici\u00f3n y ajuste sus criterios para evitar restricciones indebidas a la libre manifestaci\u00f3n p\u00fablica.<\/p>\n\n\n\n<p><strong>Lo que dijo la JCE<\/strong><\/p>\n\n\n\n<p>El uso del nombre, colores y s\u00edmbolos en la llamada &#8220;Marcha del pueblo&#8221;, dirigida por el expresidente Leonel Fern\u00e1ndez, motiv\u00f3 a la Junta Central Electoral (JCE) a intimar a la Fuerza del Pueblo (FP), dej\u00e1ndole saber que esos elementos pueden interpretarse como proselitismo, que a esta fecha resulta prematuro.<\/p>\n\n\n\n<p>En un acto de alguacil, el \u00f3rgano electoral pide a la Fuerza del Pueblo tomar las medidas para que sus marchas sean seg\u00fan lo estipulado en la Ley 20-23, Org\u00e1nica del R\u00e9gimen Electoral.<\/p>\n\n\n\n<p>El \u00f3rgano advierte que, de no cumplir, la Fuerza del Pueblo podr\u00eda incurrir en las infracciones administrativas contenidas en el art\u00edculo 308, numerales 4 y 5, de la Ley Electoral. En caso de multa, estas pueden llegar hasta los 200 salarios m\u00ednimos.<\/p>\n\n\n\n<p>Adem\u00e1s, si hay desacato, el Pleno de la JCE facultar\u00e1 a la Unidad de Sanciones Electorales y Medidas Cautelares para iniciar un procedimiento sancionador, conforme a las leyes 33-18 de Partidos y Agrupaciones Pol\u00edticas y 20-23, de R\u00e9gimen Electoral, y al Reglamento del Procedimiento Administrativo Sancionador Electoral.<\/p>\n","protected":false},"excerpt":{"rendered":"<p>En un acto de alguacil depositado el 2 de diciembre, el partido calific\u00f3 la imputaci\u00f3n como &#8220;infundada&#8221;. La Fuerza del Pueblo (FP) exigi\u00f3 a la Junta Central Electoral (JCE) retirar&hellip;<\/p>\n","protected":false},"author":10,"featured_media":116639,"comment_status":"open","ping_status":"open","sticky":false,"template":"","format":"standard","meta":{"content-type":"","jetpack_post_was_ever_published":false,"_jetpack_newsletter_access":"","_jetpack_dont_email_post_to_subs":false,"_jetpack_newsletter_tier_id":0,"_jetpack_memberships_contains_paywalled_content":false,"_jetpack_memberships_contains_paid_content":false,"footnotes":""},"categories":[16559,25],"tags":[1722,731,158,183,1100,4677,3657],"class_list":["post-116638","post","type-post","status-publish","format-standard","has-post-thumbnail","hentry","category-politica","category-portada","tag-advertencia","tag-electoral","tag-fuerza-del-pueblo","tag-jce","tag-niega","tag-propaganda","tag-violacion"],"jetpack_featured_media_url":"https:\/\/lasprimeras.com.do\/wp-content\/uploads\/2025\/12\/leonel-fernandez.jpg","jetpack-related-posts":[{"id":116465,"url":"https:\/\/lasprimeras.com.do\/index.php\/2025\/12\/01\/jce-intima-a-la-fuerza-del-pueblo-por-posible-propaganda-anticipada-en-marcha-del-domingo\/","url_meta":{"origin":116638,"position":0},"title":"JCE intima a la Fuerza del Pueblo por posible propaganda anticipada en marcha del domingo","author":"Nelson Feliz","date":"1 de diciembre de 2025","format":false,"excerpt":"En un acto de alguacil, el \u00f3rgano electoral pide al partido que dirige Leonel Fern\u00e1ndez no alegar ignorancia. La Junta Central Electoral (JCE) intim\u00f3 este lunes al partido Fuerza del Pueblo (FP) al considerar que en la actividad del domingo llamada \u201cMarcha del pueblo\u201d se emplearon elementos que podr\u00edan configurar\u2026","rel":"","context":"En \u00abPOLITICA\u00bb","block_context":{"text":"POLITICA","link":"https:\/\/lasprimeras.com.do\/index.php\/category\/politica\/"},"img":{"alt_text":"","src":"https:\/\/i0.wp.com\/lasprimeras.com.do\/wp-content\/uploads\/2025\/11\/leonel.jpg?resize=350%2C200&ssl=1","width":350,"height":200,"srcset":"https:\/\/i0.wp.com\/lasprimeras.com.do\/wp-content\/uploads\/2025\/11\/leonel.jpg?resize=350%2C200&ssl=1 1x, https:\/\/i0.wp.com\/lasprimeras.com.do\/wp-content\/uploads\/2025\/11\/leonel.jpg?resize=525%2C300&ssl=1 1.5x, https:\/\/i0.wp.com\/lasprimeras.com.do\/wp-content\/uploads\/2025\/11\/leonel.jpg?resize=700%2C400&ssl=1 2x"},"classes":[]},{"id":116509,"url":"https:\/\/lasprimeras.com.do\/index.php\/2025\/12\/02\/pld-defiende-derechos-constitucionales-de-los-partidos-politicos-video\/","url_meta":{"origin":116638,"position":1},"title":"PLD defiende derechos constitucionales de los partidos pol\u00edticos | Video","author":"Nelson Feliz","date":"2 de diciembre de 2025","format":false,"excerpt":"PLD denuncia excesos y advierte tendencia a limitar derechos democr\u00e1ticos y autonom\u00eda de los partidos pol\u00edticos. El Secretario General del Partido de la Liberaci\u00f3n Dominicana (PLD), Johnny Pujols, calific\u00f3 como \u201cun exceso\u201d la intimaci\u00f3n realizada por la Junta Central Electoral (JCE) a la manifestaci\u00f3n convocada por el partido Fuerza del\u2026","rel":"","context":"En \u00abPOLITICA\u00bb","block_context":{"text":"POLITICA","link":"https:\/\/lasprimeras.com.do\/index.php\/category\/politica\/"},"img":{"alt_text":"Johnny Pujols","src":"https:\/\/i0.wp.com\/lasprimeras.com.do\/wp-content\/uploads\/2025\/12\/Johnny-Pujols.jpg?resize=350%2C200&ssl=1","width":350,"height":200,"srcset":"https:\/\/i0.wp.com\/lasprimeras.com.do\/wp-content\/uploads\/2025\/12\/Johnny-Pujols.jpg?resize=350%2C200&ssl=1 1x, https:\/\/i0.wp.com\/lasprimeras.com.do\/wp-content\/uploads\/2025\/12\/Johnny-Pujols.jpg?resize=525%2C300&ssl=1 1.5x, https:\/\/i0.wp.com\/lasprimeras.com.do\/wp-content\/uploads\/2025\/12\/Johnny-Pujols.jpg?resize=700%2C400&ssl=1 2x"},"classes":[]},{"id":116740,"url":"https:\/\/lasprimeras.com.do\/index.php\/2025\/12\/03\/hipolito-martinez-califica-marcha-de-la-fp-como-legal-popular-patriotica-y-democratica\/","url_meta":{"origin":116638,"position":2},"title":"Hip\u00f3lito Mart\u00ednez califica marcha de la FP como legal, popular, patri\u00f3tica y democr\u00e1tica","author":"Nelson Feliz","date":"3 de diciembre de 2025","format":false,"excerpt":"El presidente de la Circunscripci\u00f3n 1 de la Fuerza del Pueblo en Santiago, Hip\u00f3lito Mart\u00ednez, calific\u00f3 como \u201cpatri\u00f3tica, democr\u00e1tica, popular y leg\u00edtima\u201d la Marcha del Pueblo, escenificada el pasado domingo en la capital dominicana. Mart\u00ednez, un catedr\u00e1tico universitario de verbo firme, describi\u00f3 la multitud como \u201cun r\u00edo humano que sali\u00f3\u2026","rel":"","context":"En \u00abPOLITICA\u00bb","block_context":{"text":"POLITICA","link":"https:\/\/lasprimeras.com.do\/index.php\/category\/politica\/"},"img":{"alt_text":"Hip\u00f3lito Mart\u00ednez","src":"https:\/\/i0.wp.com\/lasprimeras.com.do\/wp-content\/uploads\/2025\/12\/Hipolito-Martinez.jpg?resize=350%2C200&ssl=1","width":350,"height":200,"srcset":"https:\/\/i0.wp.com\/lasprimeras.com.do\/wp-content\/uploads\/2025\/12\/Hipolito-Martinez.jpg?resize=350%2C200&ssl=1 1x, https:\/\/i0.wp.com\/lasprimeras.com.do\/wp-content\/uploads\/2025\/12\/Hipolito-Martinez.jpg?resize=525%2C300&ssl=1 1.5x"},"classes":[]},{"id":107825,"url":"https:\/\/lasprimeras.com.do\/index.php\/2025\/08\/31\/jce-da-cinco-dias-a-camino-nuevo-para-retirar-vallas-de-omar-fernandez\/","url_meta":{"origin":116638,"position":3},"title":"JCE da cinco d\u00edas a Camino Nuevo para retirar vallas de Omar Fern\u00e1ndez","author":"Nelson Feliz","date":"31 de agosto de 2025","format":false,"excerpt":"La Junta Central Electoral (JCE) otorg\u00f3 un plazo de cinco d\u00edas h\u00e1biles, al partido Camino Nuevo para retirar las vallas publicitarias colocadas en distintos puntos del Gran Santo Domingo con la imagen del senador del Distrito Nacional, Omar Fern\u00e1ndez, a quien la organizaci\u00f3n hab\u00eda ofrecido su candidatura presidencial. Mediante un\u2026","rel":"","context":"En \u00abPOLITICA\u00bb","block_context":{"text":"POLITICA","link":"https:\/\/lasprimeras.com.do\/index.php\/category\/politica\/"},"img":{"alt_text":"","src":"https:\/\/i0.wp.com\/lasprimeras.com.do\/wp-content\/uploads\/2025\/08\/CaminioNuevo1.jpg?resize=350%2C200&ssl=1","width":350,"height":200,"srcset":"https:\/\/i0.wp.com\/lasprimeras.com.do\/wp-content\/uploads\/2025\/08\/CaminioNuevo1.jpg?resize=350%2C200&ssl=1 1x, https:\/\/i0.wp.com\/lasprimeras.com.do\/wp-content\/uploads\/2025\/08\/CaminioNuevo1.jpg?resize=525%2C300&ssl=1 1.5x, https:\/\/i0.wp.com\/lasprimeras.com.do\/wp-content\/uploads\/2025\/08\/CaminioNuevo1.jpg?resize=700%2C400&ssl=1 2x"},"classes":[]},{"id":59034,"url":"https:\/\/lasprimeras.com.do\/index.php\/2023\/08\/30\/jce-ratifica-sancionara-partidos-y-a-candidatos-violen-medida-legal\/","url_meta":{"origin":116638,"position":4},"title":"JCE ratifica sancionar\u00e1 partidos y a candidatos violen medida legal","author":"Nelson Feliz","date":"30 de agosto de 2023","format":false,"excerpt":"La Junta Central Electoral (JCE) ratific\u00f3 su comunicado que proh\u00edbe a los partidos la realizaci\u00f3n de m\u00edtines, marchas y vallas publicitarias durante la precampa\u00f1a. Advirti\u00f3 que aplicar\u00e1 sanciones administrativas de uno a 200 salarios m\u00ednimos a las organizaciones pol\u00edticas, candidatos y candidatas, sus representantes o jefes de campa\u00f1a que organicen\u2026","rel":"","context":"En \u00abPORTADA\u00bb","block_context":{"text":"PORTADA","link":"https:\/\/lasprimeras.com.do\/index.php\/category\/portada\/"},"img":{"alt_text":"JCE","src":"https:\/\/i0.wp.com\/lasprimeras.com.do\/wp-content\/uploads\/2023\/07\/JCE.jpg?resize=350%2C200&ssl=1","width":350,"height":200,"srcset":"https:\/\/i0.wp.com\/lasprimeras.com.do\/wp-content\/uploads\/2023\/07\/JCE.jpg?resize=350%2C200&ssl=1 1x, https:\/\/i0.wp.com\/lasprimeras.com.do\/wp-content\/uploads\/2023\/07\/JCE.jpg?resize=525%2C300&ssl=1 1.5x, https:\/\/i0.wp.com\/lasprimeras.com.do\/wp-content\/uploads\/2023\/07\/JCE.jpg?resize=700%2C400&ssl=1 2x"},"classes":[]},{"id":57367,"url":"https:\/\/lasprimeras.com.do\/index.php\/2023\/08\/11\/fp-ignorara-orden-jce-mantendra-actividades-politicas-inalterables\/","url_meta":{"origin":116638,"position":5},"title":"FP ignorar\u00e1 orden JCE; mantendr\u00e1 actividades pol\u00edticas inalterables","author":"Nelson Feliz","date":"11 de agosto de 2023","format":false,"excerpt":"La Fuerza del Pueblo mantendr\u00e1 sus actividades pol\u00edticas \u00abinalterables\u00bb y no obedecer\u00e1 un ordenamiento de la Junta Centra Electoral (JCE) que proh\u00edbe a los partidos realizar m\u00edtines, marchas y publicidad externa durante la precampa\u00f1a. FP indic\u00f3 mediante un comunicado que la decisi\u00f3n de la JCE lleg\u00f3 \u201ctarde\u201d y es violatoria\u2026","rel":"","context":"En \u00abPORTADA\u00bb","block_context":{"text":"PORTADA","link":"https:\/\/lasprimeras.com.do\/index.php\/category\/portada\/"},"img":{"alt_text":"Leonel Fermandez","src":"https:\/\/i0.wp.com\/lasprimeras.com.do\/wp-content\/uploads\/2023\/08\/Leonel-Fermandez.jpeg?resize=350%2C200&ssl=1","width":350,"height":200,"srcset":"https:\/\/i0.wp.com\/lasprimeras.com.do\/wp-content\/uploads\/2023\/08\/Leonel-Fermandez.jpeg?resize=350%2C200&ssl=1 1x, https:\/\/i0.wp.com\/lasprimeras.com.do\/wp-content\/uploads\/2023\/08\/Leonel-Fermandez.jpeg?resize=525%2C300&ssl=1 1.5x, https:\/\/i0.wp.com\/lasprimeras.com.do\/wp-content\/uploads\/2023\/08\/Leonel-Fermandez.jpeg?resize=700%2C400&ssl=1 2x, https:\/\/i0.wp.com\/lasprimeras.com.do\/wp-content\/uploads\/2023\/08\/Leonel-Fermandez.jpeg?resize=1050%2C600&ssl=1 3x, https:\/\/i0.wp.com\/lasprimeras.com.do\/wp-content\/uploads\/2023\/08\/Leonel-Fermandez.jpeg?resize=1400%2C800&ssl=1 4x"},"classes":[]}],"jetpack_sharing_enabled":true,"_links":{"self":[{"href":"https:\/\/lasprimeras.com.do\/index.php\/wp-json\/wp\/v2\/posts\/116638","targetHints":{"allow":["GET"]}}],"collection":[{"href":"https:\/\/lasprimeras.com.do\/index.php\/wp-json\/wp\/v2\/posts"}],"about":[{"href":"https:\/\/lasprimeras.com.do\/index.php\/wp-json\/wp\/v2\/types\/post"}],"author":[{"embeddable":true,"href":"https:\/\/lasprimeras.com.do\/index.php\/wp-json\/wp\/v2\/users\/10"}],"replies":[{"embeddable":true,"href":"https:\/\/lasprimeras.com.do\/index.php\/wp-json\/wp\/v2\/comments?post=116638"}],"version-history":[{"count":1,"href":"https:\/\/lasprimeras.com.do\/index.php\/wp-json\/wp\/v2\/posts\/116638\/revisions"}],"predecessor-version":[{"id":116640,"href":"https:\/\/lasprimeras.com.do\/index.php\/wp-json\/wp\/v2\/posts\/116638\/revisions\/116640"}],"wp:featuredmedia":[{"embeddable":true,"href":"https:\/\/lasprimeras.com.do\/index.php\/wp-json\/wp\/v2\/media\/116639"}],"wp:attachment":[{"href":"https:\/\/lasprimeras.com.do\/index.php\/wp-json\/wp\/v2\/media?parent=116638"}],"wp:term":[{"taxonomy":"category","embeddable":true,"href":"https:\/\/lasprimeras.com.do\/index.php\/wp-json\/wp\/v2\/categories?post=116638"},{"taxonomy":"post_tag","embeddable":true,"href":"https:\/\/lasprimeras.com.do\/index.php\/wp-json\/wp\/v2\/tags?post=116638"}],"curies":[{"name":"wp","href":"https:\/\/api.w.org\/{rel}","templated":true}]}}