{"id":116651,"date":"2025-12-02T20:05:54","date_gmt":"2025-12-03T00:05:54","guid":{"rendered":"https:\/\/lasprimeras.com.do\/?p=116651"},"modified":"2025-12-02T20:05:57","modified_gmt":"2025-12-03T00:05:57","slug":"el-70-de-la-cartera-de-leasing-popular-se-concentra-en-vehiculos-para-pymes","status":"publish","type":"post","link":"https:\/\/lasprimeras.com.do\/index.php\/2025\/12\/02\/el-70-de-la-cartera-de-leasing-popular-se-concentra-en-vehiculos-para-pymes\/","title":{"rendered":"El 70% de la cartera de Leasing Popular se concentra en veh\u00edculos para pymes"},"content":{"rendered":"\n<p><strong>La Autoferia Popular 2025 inicia con tasas desde 7.25%, hasta el 90% del financiamiento del valor de los autos y beneficios de seguros<\/strong><\/p>\n\n\n\n<p>Para muchas peque\u00f1as y medianas empresas (pymes) y trabajadores independientes en Rep\u00fablica Dominicana, el veh\u00edculo no es solo un lujo, sino un activo valioso y esencial para trasladarse y entregar pedidos. En este contexto, el Leasing Popular ha ganado terreno como una opci\u00f3n financiera atractiva que permite a los peque\u00f1os negocios adquirir veh\u00edculos comerciales en condiciones preferenciales.<\/p>\n\n\n\n<p>El vicepresidente ejecutivo de Negocios Personales y Sucursales del Banco Popular Dominicano, Francisco Ram\u00edrez, destac\u00f3 que en 2024 el 70% de la cartera de leasing presentada en la Autoferia Popular fue destinada a pymes. Durante la inauguraci\u00f3n de la trig\u00e9sima edici\u00f3n de este evento en 2025, Ram\u00edrez enfatiz\u00f3 que los asistentes pueden optar por adquirir veh\u00edculos o flotillas a trav\u00e9s del Leasing Popular, que ofrece beneficios fiscales a profesionales, pymes y empresas.<\/p>\n\n\n\n<p>Los clientes podr\u00e1n beneficiarse de tasas fijas competitivas que oscilan desde el 7.75% a 6 meses hasta el 13.75% a 5 a\u00f1os, adem\u00e1s de una tasa especial de 7.25% para veh\u00edculos h\u00edbridos y el\u00e9ctricos. El plazo de financiamiento se extiende hasta siete a\u00f1os, permitiendo financiar hasta el 90% del valor del veh\u00edculo. Este a\u00f1o, la feria presenta un inventario destacado que incluye 76 modelos h\u00edbridos y 65 el\u00e9ctricos, para un total de 141 veh\u00edculos sostenibles.<\/p>\n\n\n\n<p>Para muchas peque\u00f1as y medianas empresas (pymes) y trabajadores independientes en Rep\u00fablica Dominicana, el veh\u00edculo no es solo un lujo, sino un activo valioso y esencial para trasladarse y entregar pedidos. En este contexto, el Leasing Popular ha ganado terreno como una opci\u00f3n financiera atractiva que permite a los peque\u00f1os negocios adquirir veh\u00edculos comerciales en condiciones preferenciales.<\/p>\n\n\n\n<p>Francisco Ram\u00edrez, vicepresidente ejecutivo de Negocios Personales y Sucursales del Banco Popular Dominicano, destac\u00f3 que en 2024 el 70% de la cartera de leasing presentada en la Autoferia Popular fue destinada a pymes. Durante la inauguraci\u00f3n de la trig\u00e9sima edici\u00f3n de este evento en 2025, Ram\u00edrez enfatiz\u00f3 que los asistentes pueden optar por adquirir veh\u00edculos o flotillas a trav\u00e9s del Leasing Popular, que ofrece beneficios fiscales a profesionales, pymes y empresas.<\/p>\n\n\n\n<p>Los clientes podr\u00e1n beneficiarse de tasas fijas competitivas que oscilan desde el 7.75% a 6 meses hasta el 13.75% a 5 a\u00f1os, adem\u00e1s de una tasa especial de 7.25% para veh\u00edculos h\u00edbridos y el\u00e9ctricos. El plazo de financiamiento se extiende hasta siete a\u00f1os, permitiendo financiar hasta el 90% del valor del veh\u00edculo. Este a\u00f1o, la feria presenta un inventario destacado que incluye 76 modelos h\u00edbridos y 65 el\u00e9ctricos, para un total de 141 veh\u00edculos sostenibles.<\/p>\n\n\n\n<p>Respecto a la morosidad de su cartera vehicular, Ram\u00edrez asegur\u00f3 que ha mantenido una estabilidad notable en los \u00faltimos cinco a\u00f1os. \u201cLa cartera de veh\u00edculos es muy sana, gracias a un robusto modelo de aprobaci\u00f3n crediticia y a especialistas en an\u00e1lisis de cr\u00e9dito que protegen a nuestros clientes\u201d, afirm\u00f3.<\/p>\n\n\n\n<p>Adem\u00e1s, subray\u00f3 la importancia de asesorar a los clientes no solo sobre las cuotas, sino tambi\u00e9n sobre el consumo de combustible y el mantenimiento, ayud\u00e1ndoles a elegir el veh\u00edculo que mejor se ajuste a sus necesidades financieras.<\/p>\n\n\n\n<p>J\u00f3venes con mayor participaci\u00f3n<\/p>\n\n\n\n<p>Ram\u00edrez tambi\u00e9n observ\u00f3 que, cada a\u00f1o, los j\u00f3venes est\u00e1n tomando un papel m\u00e1s relevante en la financiaci\u00f3n de veh\u00edculos, lo que refleja un cambio en las tendencias de consumo en el pa\u00eds. Cit\u00f3 que solo en 2024, de los autom\u00f3viles financiados por esta entidad, los j\u00f3venes de hasta 30 a\u00f1os fueron quienes m\u00e1s veh\u00edculos adquirieron, seguidos por los de 40 a 45 a\u00f1os, por lo que la entidad est\u00e1 realizando ofertas dirigidas a este segmento.<\/p>\n\n\n\n<p>De su lado, Leonte Brea, vicepresidente del \u00c1rea de Negocios Zona Interior Sur-Este y Canales Comerciales del Popular, detall\u00f3 que en la preferia se captura el 69% de las solicitudes, las cuales ascienden a la fecha a RD$11,400 millones, un 8% por encima de igual etapa de 2024.<\/p>\n\n\n\n<p>Ram\u00edrez record\u00f3 que, en 2024, la Autoferia Popular cerr\u00f3 con RD$17,000 millones en solicitudes de pr\u00e9stamos para un total de 9,100 veh\u00edculos nuevos. De ese monto, m\u00e1s de RD$850 millones fueron destinados al financiamiento de veh\u00edculos h\u00edbridos y el\u00e9ctricos.<\/p>\n\n\n\n<p>En la Autoferia Popular 2025, que se realizar\u00e1 hasta el domingo 7 de diciembre, participan las principales casas importadoras del pa\u00eds integradas en la Asociaci\u00f3n de Concesionarios de Fabricantes de Veh\u00edculos (Acofave) y el Grupo Unido de la Industria Automotriz de la Rep\u00fablica Dominicana (GUIA), que en conjunto realizaron 18 lanzamientos de nuevas unidades durante la feria, lo cual ampl\u00eda las opciones disponibles para los clientes durante estos d\u00edas.<\/p>\n\n\n\n<p>Tambi\u00e9n se incluir\u00e1n veh\u00edculos usados certificados por concesionarios aliados. Estas unidades contar\u00e1n con tasas preferenciales durante el evento, con condiciones que permitir\u00e1n acceder a opciones de financiamiento desde una tasa fija a un a\u00f1o, ampliando as\u00ed las oportunidades de adquirir veh\u00edculos con garant\u00eda certificada, en l\u00ednea con las expectativas del mercado.<\/p>\n\n\n\n<p>En tanto, como parte de las acciones promocionales de la feria, los clientes que adquieran su veh\u00edculo participar\u00e1n autom\u00e1ticamente en sorteos organizados por el Popular. En esta edici\u00f3n, se contempla la entrega del inicial de hasta RD$500,000 para tres ganadores. Adem\u00e1s, otros cinco ganadores recibir\u00e1n combustible Shell por un a\u00f1o.<\/p>\n\n\n\n<p>Proceso digital o presencial<\/p>\n\n\n\n<p>Los clientes podr\u00e1n gestionar sus solicitudes de manera digital (Autoferiapopular.com), presencial o combinada, donde encontrar\u00e1n herramientas como simuladores de pr\u00e9stamos y el cat\u00e1logo completo de veh\u00edculos disponibles. Tambi\u00e9n podr\u00e1n acudir de manera presencial a los 32 concesionarios y m\u00e1s de 250 distribuidores autorizados en todo el pa\u00eds que participan en esta edici\u00f3n, o a cualquier sucursal del Banco Popular.<\/p>\n","protected":false},"excerpt":{"rendered":"<p>La Autoferia Popular 2025 inicia con tasas desde 7.25%, hasta el 90% del financiamiento del valor de los autos y beneficios de seguros Para muchas peque\u00f1as y medianas empresas (pymes)&hellip;<\/p>\n","protected":false},"author":10,"featured_media":116652,"comment_status":"open","ping_status":"open","sticky":false,"template":"","format":"standard","meta":{"content-type":"","jetpack_post_was_ever_published":false,"_jetpack_newsletter_access":"","_jetpack_dont_email_post_to_subs":false,"_jetpack_newsletter_tier_id":0,"_jetpack_memberships_contains_paywalled_content":false,"_jetpack_memberships_contains_paid_content":false,"footnotes":""},"categories":[39],"tags":[28111,28110,10365,239],"class_list":["post-116651","post","type-post","status-publish","format-standard","has-post-thumbnail","hentry","category-economia","tag-70-de-la-cartera","tag-leasing-popular","tag-pymes","tag-vehiculo"],"jetpack_featured_media_url":"https:\/\/lasprimeras.com.do\/wp-content\/uploads\/2025\/12\/El-70-de-la-cartera-de-Leasing-Popular-se-concentra-en-vehiculos-para-pymes.jpg","jetpack-related-posts":[{"id":68808,"url":"https:\/\/lasprimeras.com.do\/index.php\/2023\/11\/28\/anuncian-autoferia-popular-con-tasas-fijas-desde-7-75\/","url_meta":{"origin":116651,"position":0},"title":"Anuncian autoferia popular con tasas fijas desde 7.75%","author":"BIMARY DE JES\u00daS Matos","date":"28 de noviembre de 2023","format":false,"excerpt":"Santo Domingo.-El Banco Popular Dominicano inform\u00f3 sobre el inicio de la vig\u00e9sima octava edici\u00f3n de la Autoferia Popular, que inicia con las tasas fijas de 7.75% a seis meses; 8.75% a 12 meses; 10.75% a dos a\u00f1os; 11.75% a tres a\u00f1os; y 12.75% a cinco a\u00f1os, siempre con la opci\u00f3n\u2026","rel":"","context":"En \u00abPORTADA\u00bb","block_context":{"text":"PORTADA","link":"https:\/\/lasprimeras.com.do\/index.php\/category\/portada\/"},"img":{"alt_text":"","src":"https:\/\/i0.wp.com\/lasprimeras.com.do\/wp-content\/uploads\/2023\/11\/Noticias-de-economia-2.jpg?resize=350%2C200&ssl=1","width":350,"height":200,"srcset":"https:\/\/i0.wp.com\/lasprimeras.com.do\/wp-content\/uploads\/2023\/11\/Noticias-de-economia-2.jpg?resize=350%2C200&ssl=1 1x, https:\/\/i0.wp.com\/lasprimeras.com.do\/wp-content\/uploads\/2023\/11\/Noticias-de-economia-2.jpg?resize=525%2C300&ssl=1 1.5x"},"classes":[]},{"id":70614,"url":"https:\/\/lasprimeras.com.do\/index.php\/2023\/12\/12\/ee-uu-otorga-prestamo-de-us200-millones-a-rd-para-impulsar-a-las-pymes\/","url_meta":{"origin":116651,"position":1},"title":"EE.UU. otorga pr\u00e9stamo de US$200 millones a RD para impulsar a las pymes","author":"Nelson Feliz","date":"12 de diciembre de 2023","format":false,"excerpt":"Los Estados Unidos, a trav\u00e9s de la Corporaci\u00f3n Financiera de Desarrollo Internacional (DFC), otorg\u00f3 a la Rep\u00fablica Dominicana un pr\u00e9stamo de US$200 millones para apoyar a las pymes, y de esos, el 50 % ser\u00e1 para empresas lideradas por mujeres. El apoyo financiero ser\u00e1 a trav\u00e9s del Banco Popular y\u2026","rel":"","context":"En \u00abECONOM\u00cdA\u00bb","block_context":{"text":"ECONOM\u00cdA","link":"https:\/\/lasprimeras.com.do\/index.php\/category\/economia\/"},"img":{"alt_text":"El empr\u00e9stito para apoyar las pymes ser\u00e1 a trav\u00e9s del Banco Popular.","src":"https:\/\/i0.wp.com\/lasprimeras.com.do\/wp-content\/uploads\/2023\/12\/El-emprestito-para-apoyar-las-pymes-sera-a-traves-del-Banco-Popular.jpg?resize=350%2C200&ssl=1","width":350,"height":200,"srcset":"https:\/\/i0.wp.com\/lasprimeras.com.do\/wp-content\/uploads\/2023\/12\/El-emprestito-para-apoyar-las-pymes-sera-a-traves-del-Banco-Popular.jpg?resize=350%2C200&ssl=1 1x, https:\/\/i0.wp.com\/lasprimeras.com.do\/wp-content\/uploads\/2023\/12\/El-emprestito-para-apoyar-las-pymes-sera-a-traves-del-Banco-Popular.jpg?resize=525%2C300&ssl=1 1.5x, https:\/\/i0.wp.com\/lasprimeras.com.do\/wp-content\/uploads\/2023\/12\/El-emprestito-para-apoyar-las-pymes-sera-a-traves-del-Banco-Popular.jpg?resize=700%2C400&ssl=1 2x"},"classes":[]},{"id":116754,"url":"https:\/\/lasprimeras.com.do\/index.php\/2025\/12\/03\/programa-fomenta-pymes-banreservas-es-reconocido-como-modelo-de-negocio\/","url_meta":{"origin":116651,"position":2},"title":"Programa Fomenta Pymes Banreservas es reconocido como modelo de negocio","author":"Nelson Feliz","date":"3 de diciembre de 2025","format":false,"excerpt":"Juan Carlos Garc\u00eda; director senior de Pymes Banreservas, y Raquel Giraldez, directora de Sostenibilidad y Responsabilidad Social, reciben reconocimiento por programa Fomenta Pymes. Les entregan, desde la izquierda, Ana Mar\u00eda D\u00edaz, representante residente del PNUD; Pa\u00edno Henr\u00edquez, ministro de Medio Ambiente; Celso Juan Marranzini, presidente del CONEP; y C\u00e9sar Dargam,\u2026","rel":"","context":"En \u00abECONOM\u00cdA\u00bb","block_context":{"text":"ECONOM\u00cdA","link":"https:\/\/lasprimeras.com.do\/index.php\/category\/economia\/"},"img":{"alt_text":"Juan Carlos Garc\u00eda; director senior de Pymes Banreservas, y Raquel Giraldez, directora de Sostenibilidad y Responsabilidad Social, reciben reconocimiento por programa Fomenta Pymes. Les entregan, desde la izquierda, Ana Mar\u00eda D\u00edaz, representante residente del PNUD; Pa\u00edno Henr\u00edquez, ministro de Medio Ambiente; Celso Juan Marranzini, presidente del CONEP; y C\u00e9sar Dargam, vicepresidente ejecutivo del CONEP","src":"https:\/\/i0.wp.com\/lasprimeras.com.do\/wp-content\/uploads\/2025\/12\/BANRESERVAS.jpg?resize=350%2C200&ssl=1","width":350,"height":200,"srcset":"https:\/\/i0.wp.com\/lasprimeras.com.do\/wp-content\/uploads\/2025\/12\/BANRESERVAS.jpg?resize=350%2C200&ssl=1 1x, https:\/\/i0.wp.com\/lasprimeras.com.do\/wp-content\/uploads\/2025\/12\/BANRESERVAS.jpg?resize=525%2C300&ssl=1 1.5x, https:\/\/i0.wp.com\/lasprimeras.com.do\/wp-content\/uploads\/2025\/12\/BANRESERVAS.jpg?resize=700%2C400&ssl=1 2x"},"classes":[]},{"id":107555,"url":"https:\/\/lasprimeras.com.do\/index.php\/2025\/08\/28\/banco-caribe-impulsa-el-desarrollo-empresarial-en-la-feria-de-equipos-imca-usados\/","url_meta":{"origin":116651,"position":3},"title":"Banco Caribe impulsa el desarrollo empresarial en la Feria de Equipos Imca Usados","author":"Nelson Feliz","date":"28 de agosto de 2025","format":false,"excerpt":"Banco Caribe participa como entidad financiera exclusiva en la Feria de Equipos Imca Usados, que se celebra desde el 27 al 29 de agosto en el parqueo principal de la empresa, evento es una oportunidad estrat\u00e9gica para conectar con el sector empresarial a todos los niveles y profesionales independientes, segmentos\u2026","rel":"","context":"En \u00abECONOM\u00cdA\u00bb","block_context":{"text":"ECONOM\u00cdA","link":"https:\/\/lasprimeras.com.do\/index.php\/category\/economia\/"},"img":{"alt_text":"","src":"https:\/\/i0.wp.com\/lasprimeras.com.do\/wp-content\/uploads\/2025\/08\/Ejecutivos-de-Banco-Caribe-e-Imca.jpg?resize=350%2C200&ssl=1","width":350,"height":200,"srcset":"https:\/\/i0.wp.com\/lasprimeras.com.do\/wp-content\/uploads\/2025\/08\/Ejecutivos-de-Banco-Caribe-e-Imca.jpg?resize=350%2C200&ssl=1 1x, https:\/\/i0.wp.com\/lasprimeras.com.do\/wp-content\/uploads\/2025\/08\/Ejecutivos-de-Banco-Caribe-e-Imca.jpg?resize=525%2C300&ssl=1 1.5x, https:\/\/i0.wp.com\/lasprimeras.com.do\/wp-content\/uploads\/2025\/08\/Ejecutivos-de-Banco-Caribe-e-Imca.jpg?resize=700%2C400&ssl=1 2x"},"classes":[]},{"id":123755,"url":"https:\/\/lasprimeras.com.do\/index.php\/2026\/03\/04\/banreservas-lanza-%c2%a8expo-pymes-2026%c2%a8-con-tasas-desde-10-25-aguilera-reafirma-compromiso-con-las-mipymes\/","url_meta":{"origin":116651,"position":4},"title":"Banreservas lanza \u00a8Expo Pymes 2026\u00a8 con tasas desde 10.25%; Aguilera reafirma compromiso con las mipymes","author":"Nelson Feliz","date":"4 de marzo de 2026","format":false,"excerpt":"Las pymes interesadas pueden escribir a la asistente virtual Alma, por WhatsApp 809-960-2110, o ingresar al portal expopymes.banreservas.com https:\/\/youtu.be\/Kx58pGxHvv4 El Banco de Reservas lanz\u00f3 su Expo Pymes 2026, que estar\u00e1 vigente del 5 de marzo al 30 de abril, con tasas de financiamiento desde 10.25%, fijas a seis meses, y\u2026","rel":"","context":"En \u00abECONOM\u00cdA\u00bb","block_context":{"text":"ECONOM\u00cdA","link":"https:\/\/lasprimeras.com.do\/index.php\/category\/economia\/"},"img":{"alt_text":"El presidente ejecutivo de Banreservas, doctor Leonardo Aguilera; y el ministro del MICM, Eduardo Sanz Lovat\u00f3n, encabezan el lanzamiento de Expo Pymes Banreservas 2026. Les acompa\u00f1an directivos de la entidad fnanciera.","src":"https:\/\/i0.wp.com\/lasprimeras.com.do\/wp-content\/uploads\/2026\/03\/El-presidente-ejecutivo-de-Banreservas-doctor-Leonardo-Aguilera.jpg?resize=350%2C200&ssl=1","width":350,"height":200,"srcset":"https:\/\/i0.wp.com\/lasprimeras.com.do\/wp-content\/uploads\/2026\/03\/El-presidente-ejecutivo-de-Banreservas-doctor-Leonardo-Aguilera.jpg?resize=350%2C200&ssl=1 1x, https:\/\/i0.wp.com\/lasprimeras.com.do\/wp-content\/uploads\/2026\/03\/El-presidente-ejecutivo-de-Banreservas-doctor-Leonardo-Aguilera.jpg?resize=525%2C300&ssl=1 1.5x, https:\/\/i0.wp.com\/lasprimeras.com.do\/wp-content\/uploads\/2026\/03\/El-presidente-ejecutivo-de-Banreservas-doctor-Leonardo-Aguilera.jpg?resize=700%2C400&ssl=1 2x"},"classes":[]},{"id":113526,"url":"https:\/\/lasprimeras.com.do\/index.php\/2025\/11\/03\/latinfinance-premia-a-banreservas-como-banco-del-ano-en-rd-y-banco-pymes-para-al-y-el-caribe\/","url_meta":{"origin":116651,"position":5},"title":"LatinFinance premia a Banreservas como Banco del A\u00f1o en RD y Banco Pymes para AL y el Caribe","author":"Nelson Feliz","date":"3 de noviembre de 2025","format":false,"excerpt":"La premiaci\u00f3n se efectu\u00f3 en Miami, en el marco de la 59\u00b0 Asamblea Anual de FELABAN 2025 El Banco de Reservas fue premiado por la revista LatinFinance como Banco del A\u00f1o en Rep\u00fablica Dominicana y entidad para Pymes de Am\u00e9rica Latina y el Caribe, por el desempe\u00f1o de la instituci\u00f3n\u2026","rel":"","context":"En \u00abECONOM\u00cdA\u00bb","block_context":{"text":"ECONOM\u00cdA","link":"https:\/\/lasprimeras.com.do\/index.php\/category\/economia\/"},"img":{"alt_text":"","src":"https:\/\/i0.wp.com\/lasprimeras.com.do\/wp-content\/uploads\/2025\/11\/premia.jpg?resize=350%2C200&ssl=1","width":350,"height":200,"srcset":"https:\/\/i0.wp.com\/lasprimeras.com.do\/wp-content\/uploads\/2025\/11\/premia.jpg?resize=350%2C200&ssl=1 1x, https:\/\/i0.wp.com\/lasprimeras.com.do\/wp-content\/uploads\/2025\/11\/premia.jpg?resize=525%2C300&ssl=1 1.5x, https:\/\/i0.wp.com\/lasprimeras.com.do\/wp-content\/uploads\/2025\/11\/premia.jpg?resize=700%2C400&ssl=1 2x"},"classes":[]}],"jetpack_sharing_enabled":true,"_links":{"self":[{"href":"https:\/\/lasprimeras.com.do\/index.php\/wp-json\/wp\/v2\/posts\/116651","targetHints":{"allow":["GET"]}}],"collection":[{"href":"https:\/\/lasprimeras.com.do\/index.php\/wp-json\/wp\/v2\/posts"}],"about":[{"href":"https:\/\/lasprimeras.com.do\/index.php\/wp-json\/wp\/v2\/types\/post"}],"author":[{"embeddable":true,"href":"https:\/\/lasprimeras.com.do\/index.php\/wp-json\/wp\/v2\/users\/10"}],"replies":[{"embeddable":true,"href":"https:\/\/lasprimeras.com.do\/index.php\/wp-json\/wp\/v2\/comments?post=116651"}],"version-history":[{"count":1,"href":"https:\/\/lasprimeras.com.do\/index.php\/wp-json\/wp\/v2\/posts\/116651\/revisions"}],"predecessor-version":[{"id":116653,"href":"https:\/\/lasprimeras.com.do\/index.php\/wp-json\/wp\/v2\/posts\/116651\/revisions\/116653"}],"wp:featuredmedia":[{"embeddable":true,"href":"https:\/\/lasprimeras.com.do\/index.php\/wp-json\/wp\/v2\/media\/116652"}],"wp:attachment":[{"href":"https:\/\/lasprimeras.com.do\/index.php\/wp-json\/wp\/v2\/media?parent=116651"}],"wp:term":[{"taxonomy":"category","embeddable":true,"href":"https:\/\/lasprimeras.com.do\/index.php\/wp-json\/wp\/v2\/categories?post=116651"},{"taxonomy":"post_tag","embeddable":true,"href":"https:\/\/lasprimeras.com.do\/index.php\/wp-json\/wp\/v2\/tags?post=116651"}],"curies":[{"name":"wp","href":"https:\/\/api.w.org\/{rel}","templated":true}]}}