{"id":116654,"date":"2025-12-02T20:17:19","date_gmt":"2025-12-03T00:17:19","guid":{"rendered":"https:\/\/lasprimeras.com.do\/?p=116654"},"modified":"2025-12-02T20:17:27","modified_gmt":"2025-12-03T00:17:27","slug":"exportaciones-de-empresas-lideradas-por-mujeres-aumentaron-35-2-a-octubre-de-2025","status":"publish","type":"post","link":"https:\/\/lasprimeras.com.do\/index.php\/2025\/12\/02\/exportaciones-de-empresas-lideradas-por-mujeres-aumentaron-35-2-a-octubre-de-2025\/","title":{"rendered":"Exportaciones de empresas lideradas por mujeres aumentaron 35.2% a octubre de 2025"},"content":{"rendered":"\n<p><strong>De acuerdo con ProDominicana, se hab\u00edan exportado m\u00e1s de US$2,401 millones.<\/strong><\/p>\n\n\n\n<p>La participaci\u00f3n de las mujeres en el comercio global est\u00e1 en constante desarrollo. En el caso de Rep\u00fablica Dominicana, datos del Centro de Exportaci\u00f3n e Inversi\u00f3n de la Rep\u00fablica Dominicana (ProDominicana) lo confirman.<\/p>\n\n\n\n<p>A pesar de los retos propios de un proceso de exportaci\u00f3n, de enero a octubre de 2025 se han exportado m\u00e1s de US$2,401 millones, lo que representa un crecimiento del 35.2%.<\/p>\n\n\n\n<p>As\u00ed lo destac\u00f3 Biviana Riveiro, directora de ProDominicana, al presentar la sexta edici\u00f3n del estudio \u201cMujeres en Exportaci\u00f3n 2025\u201d, el cual se\u00f1ala que, entre 2020 y 2024, un total de 1,469 empresas dirigidas por mujeres exportaron productos dominicanos a m\u00e1s de 100 mercados internacionales, consolidando su papel como motor de crecimiento y competitividad.<\/p>\n\n\n\n<p>Solo en 2024, las compa\u00f1\u00edas lideradas por mujeres alcanzaron exportaciones por US$2,150.8 millones, lo que representa un crecimiento del 26.8% respecto al a\u00f1o anterior. El an\u00e1lisis tambi\u00e9n destaca que, en 2024, las ventas totales de estas empresas ascendieron a RD$325,411.6 millones, para un aumento del 44% en comparaci\u00f3n con 2020.<\/p>\n\n\n\n<p>Adem\u00e1s, sus contribuciones fiscales superaron los RD$34,279 millones, un incremento interanual del 37%, equivalente al 4.1% de toda la recaudaci\u00f3n nacional, evidenciando la creciente relevancia de la mujer en la econom\u00eda dominicana.<\/p>\n\n\n\n<p>Estas empresas generaron m\u00e1s de 23,000 empleos formales, con un salario promedio mensual de RD$48,708.5 en el tercer trimestre. A partir de 2025, se observa una aceleraci\u00f3n en el crecimiento: el indicador alcanz\u00f3 RD$50,544.3 en el primer trimestre, RD$50,758.9 en el segundo y cerr\u00f3 en RD$51,595.7 en junio de 2025, reflejando un incremento acumulado de 8.5% en 19 meses.<\/p>\n\n\n\n<p>Productos<\/p>\n\n\n\n<p>En cuanto a los principales productos exportados, excluyendo el oro, se observa que el cacao en grano ocupa el primer lugar con US$119.1 millones, equivalente al 17% del total exportado en 2024.<\/p>\n\n\n\n<p>En segundo lugar, se ubican los minerales de cobre, con US$116.4 millones (17%), seguidos de los bananos, con US$105.0 millones (15%). Los art\u00edculos de joyer\u00eda registran US$77.6 millones (11%), mientras que el aceite de soya alcanza US$35.1 millones (5%).<\/p>\n\n\n\n<p>Otros productos destacados incluyen minerales de zinc (US$30.3 millones), resinas (US$27.7 millones), cemento (US$14.6 millones), frutas conservadas (US$12.1 millones) y aguacates (US$11.3 millones).<\/p>\n\n\n\n<p>Al referirse a los destinos, en 2024, las exportaciones mostraron una concentraci\u00f3n hacia los mercados de Europa y Asia, que representaron el 43% y 36% del total, respectivamente, impulsadas por productos agroindustriales, mineros y manufacturados con alto valor agregado.<\/p>\n\n\n\n<p>Am\u00e9rica del Norte se mantuvo como un destino relevante, con US$284.6 millones, representando el 15% del total exportado, favorecido por la proximidad geogr\u00e1fica y acuerdos comerciales, mientras que Am\u00e9rica Central y el Caribe concentraron US$158.6 millones, reflejando un fortalecimiento del comercio intrarregional.<\/p>\n\n\n\n<p>Exportadoras<\/p>\n\n\n\n<p>La moda es una gran aliada para conectar pa\u00edses. Sin embargo, para lograrlo, se requiere de un plan que les permita captar clientes y crear una propuesta de valor que destaque en un mercado cada vez m\u00e1s competitivo.<\/p>\n\n\n\n<p>De acuerdo con Mildred Veras, dise\u00f1adora de Mil\u00e9e Collection, una marca de moda dominicana con un enfoque sostenible, es importante que las empresas locales inicien con la mirada puesta en colocarse internacionalmente.<\/p>\n\n\n\n<p>\u201cLa marca siempre la vimos en los mercados internacionales\u201d, asegura Veras, al se\u00f1alar que para ello estandarizaron su proceso creativo, de patrones y de reutilizaci\u00f3n, \u201chaciendo el reciclaje algo estandarizado por talla, por dise\u00f1os y por est\u00e9tica, para que cuando ya lleg\u00e1ramos a los mercados tenerlo todo listo\u201d.<\/p>\n\n\n\n<p>Antes de exportar, realizaron \u201cmuch\u00edsimas pruebas en Rep\u00fablica Dominicana con diferentes tiendas\u201d. A la fecha, han exhibido sus piezas en Panam\u00e1 y Colombia, y han exportado espor\u00e1dicamente a Alemania, Espa\u00f1a, Estados Unidos y Puerto Rico.<\/p>\n\n\n\n<p>Laura Taveras, directora ejecutiva de Exportadora Betel SRL y de Dospice, marca de productos deshidratados, exporta a Canad\u00e1, los Estados Unidos e Islas Turcas y Caicos productos frescos. Sin embargo, el covid-19 la llev\u00f3 a buscar alternativas para darle una nueva salida a los productos que no pod\u00eda exportar.<\/p>\n\n\n\n<p>\u201cSe nos da\u00f1aron unos contenedores de aj\u00edes tailandeses y empezamos a pensar creativamente qu\u00e9 vamos a hacer para que eso no nos suceda de nuevo\u201d, recuerda Taveras, al se\u00f1alar que esto les llev\u00f3 a explorar la deshidrataci\u00f3n, porque es un m\u00e9todo de conservaci\u00f3n alimentaria sin agregarle absolutamente nada al producto, que te sirve para posteriormente rehidratar y utilizar.<\/p>\n\n\n\n<p>De acuerdo con Taveras, \u201cexportar no es f\u00e1cil, pero para nosotros es un tema de expansi\u00f3n de mercado; ya tenemos mercado de frescos en los Estados Unidos, Trinidad y Tobago y Canad\u00e1\u201d.<\/p>\n\n\n\n<p>Est\u00e1ndares<\/p>\n\n\n\n<p>Cada mercado tiene sus normativas, pero, a pesar de ello, tiene el mismo inter\u00e9s: la calidad. \u201cTenemos que hacer muchas pruebas locales, vender al p\u00fablico local; a veces es necesario hasta bajar el precio para que la gente lo pruebe, lo use y nos certifique\u201d, explica Veras.<\/p>\n\n\n\n<p>Asegura que \u201cno podemos exportar algo que no podamos confirmar y certificar, que no sea de muy buena calidad, porque eso es lo que habla de nuestro pa\u00eds, de nuestra marca y de lo que hacemos aqu\u00ed\u201d.<\/p>\n\n\n\n<p>Elizabeth Ripoll, creadora de Orgliz, marca de productos para la piel, agrega que es necesario conocer la normativa que tiene el pa\u00eds, especialmente cuando se trata de productos cosm\u00e9ticos.<\/p>\n\n\n\n<p>\u201cLo primero es que tienes que tener todos tus productos con sus permisos al d\u00eda. Adicional a eso, tus etiquetas deben cumplir con las caracter\u00edsticas que exige la Administraci\u00f3n de Alimentos y Medicamentos de Estados Unidos (FDA, por sus siglas en ingl\u00e9s)\u201d, destaca Ripoll, quien comercializa sus productos en Estados Unidos.<\/p>\n\n\n\n<p>Se\u00f1ala que es importante no colocar \u201cpromesas falsas\u201d, ni indicar que pueden \u201csanar una condici\u00f3n, porque no son medicamentos, sino cosm\u00e9ticos\u201d. Es recomendable que la etiqueta tenga una tipograf\u00eda clara y un buen tama\u00f1o de letras, as\u00ed como el contenido neto del producto.<\/p>\n","protected":false},"excerpt":{"rendered":"<p>De acuerdo con ProDominicana, se hab\u00edan exportado m\u00e1s de US$2,401 millones. La participaci\u00f3n de las mujeres en el comercio global est\u00e1 en constante desarrollo. En el caso de Rep\u00fablica Dominicana,&hellip;<\/p>\n","protected":false},"author":10,"featured_media":116655,"comment_status":"open","ping_status":"open","sticky":false,"template":"","format":"standard","meta":{"content-type":"","jetpack_post_was_ever_published":false,"_jetpack_newsletter_access":"","_jetpack_dont_email_post_to_subs":false,"_jetpack_newsletter_tier_id":0,"_jetpack_memberships_contains_paywalled_content":false,"_jetpack_memberships_contains_paid_content":false,"footnotes":""},"categories":[39,25],"tags":[752],"class_list":["post-116654","post","type-post","status-publish","format-standard","has-post-thumbnail","hentry","category-economia","category-portada","tag-prodominicana"],"jetpack_featured_media_url":"https:\/\/lasprimeras.com.do\/wp-content\/uploads\/2025\/12\/Biviana-Riveiro-Mujeres-en-Expotacion-750x536-1.jpg","jetpack-related-posts":[{"id":115168,"url":"https:\/\/lasprimeras.com.do\/index.php\/2025\/11\/19\/prodominicana-presenta-6ta-edicion-del-estudio-mujeres-en-exportacion-2025-destacandose-un-26-de-crecimiento\/","url_meta":{"origin":116654,"position":0},"title":"ProDominicana presenta 6ta edici\u00f3n del estudio \u201cMujeres en Exportaci\u00f3n 2025\u201d destac\u00e1ndose un 26% de crecimiento","author":"Nelson Feliz","date":"19 de noviembre de 2025","format":false,"excerpt":"En el marco de la presentaci\u00f3n de los avances hist\u00f3ricos del liderazgo femenino se reconocieron empresas ejemplares lideradas por mujeres Con la presencia de la vicepresidenta de la Rep\u00fablica Dominicana, Raquel Pe\u00f1a; el ministro de Industria, Comercio y Mipymes, V\u00edctor Bison\u00f3; y la directora ejecutiva del Centro de Exportaci\u00f3n e\u2026","rel":"","context":"En \u00abECONOM\u00cdA\u00bb","block_context":{"text":"ECONOM\u00cdA","link":"https:\/\/lasprimeras.com.do\/index.php\/category\/economia\/"},"img":{"alt_text":"","src":"https:\/\/i0.wp.com\/lasprimeras.com.do\/wp-content\/uploads\/2025\/11\/prodominicana-1.jpg?resize=350%2C200&ssl=1","width":350,"height":200,"srcset":"https:\/\/i0.wp.com\/lasprimeras.com.do\/wp-content\/uploads\/2025\/11\/prodominicana-1.jpg?resize=350%2C200&ssl=1 1x, https:\/\/i0.wp.com\/lasprimeras.com.do\/wp-content\/uploads\/2025\/11\/prodominicana-1.jpg?resize=525%2C300&ssl=1 1.5x, https:\/\/i0.wp.com\/lasprimeras.com.do\/wp-content\/uploads\/2025\/11\/prodominicana-1.jpg?resize=700%2C400&ssl=1 2x"},"classes":[]},{"id":111420,"url":"https:\/\/lasprimeras.com.do\/index.php\/2025\/10\/08\/prodominicana-anuncia-el-vi-encuentro-nacional-de-mujeres-en-exportacion-2025\/","url_meta":{"origin":116654,"position":1},"title":"ProDominicana anuncia el VI Encuentro Nacional de Mujeres en Exportaci\u00f3n 2025","author":"Nelson Feliz","date":"8 de octubre de 2025","format":false,"excerpt":"En el marco del evento se realizar\u00e1 el programa \u201cSumando Exportadoras\u201d una iniciativa que busca fortalecer la participaci\u00f3n femenina en los mercados internacionales. El Centro de Exportaci\u00f3n e Inversi\u00f3n de la Rep\u00fablica Dominicana (ProDominicana), anunci\u00f3 la celebraci\u00f3n de la VI edici\u00f3n del Encuentro Nacional de Mujeres en Exportaci\u00f3n 2025, un\u2026","rel":"","context":"En \u00abECONOM\u00cdA\u00bb","block_context":{"text":"ECONOM\u00cdA","link":"https:\/\/lasprimeras.com.do\/index.php\/category\/economia\/"},"img":{"alt_text":"","src":"https:\/\/i0.wp.com\/lasprimeras.com.do\/wp-content\/uploads\/2025\/10\/Biviana-Riveiro-Disla.jpg?resize=350%2C200&ssl=1","width":350,"height":200,"srcset":"https:\/\/i0.wp.com\/lasprimeras.com.do\/wp-content\/uploads\/2025\/10\/Biviana-Riveiro-Disla.jpg?resize=350%2C200&ssl=1 1x, https:\/\/i0.wp.com\/lasprimeras.com.do\/wp-content\/uploads\/2025\/10\/Biviana-Riveiro-Disla.jpg?resize=525%2C300&ssl=1 1.5x, https:\/\/i0.wp.com\/lasprimeras.com.do\/wp-content\/uploads\/2025\/10\/Biviana-Riveiro-Disla.jpg?resize=700%2C400&ssl=1 2x"},"classes":[]},{"id":115324,"url":"https:\/\/lasprimeras.com.do\/index.php\/2025\/11\/20\/prodominicana-reconoce-a-tabacalera-el-artista-por-su-liderazgo-en-la-exportacion\/","url_meta":{"origin":116654,"position":2},"title":"ProDominicana reconoce a Tabacalera El Artista por su liderazgo en la exportaci\u00f3n","author":"Nelson Feliz","date":"20 de noviembre de 2025","format":false,"excerpt":"ProDominicana distingui\u00f3 a Tabacalera El Artista como una de las empresas lideradas por mujeres que han marcado huella firme en la internacionalizaci\u00f3n de la oferta exportable del pa\u00eds. El galard\u00f3n, recibido por la Gerente General de la empresa, Elba Rodr\u00edguez, brill\u00f3 como testimonio de una trayectoria que ha sabido convertir\u2026","rel":"","context":"En \u00abECONOM\u00cdA\u00bb","block_context":{"text":"ECONOM\u00cdA","link":"https:\/\/lasprimeras.com.do\/index.php\/category\/economia\/"},"img":{"alt_text":"","src":"https:\/\/i0.wp.com\/lasprimeras.com.do\/wp-content\/uploads\/2025\/11\/Elba-Rodriguez.png?resize=350%2C200&ssl=1","width":350,"height":200,"srcset":"https:\/\/i0.wp.com\/lasprimeras.com.do\/wp-content\/uploads\/2025\/11\/Elba-Rodriguez.png?resize=350%2C200&ssl=1 1x, https:\/\/i0.wp.com\/lasprimeras.com.do\/wp-content\/uploads\/2025\/11\/Elba-Rodriguez.png?resize=525%2C300&ssl=1 1.5x"},"classes":[]},{"id":124450,"url":"https:\/\/lasprimeras.com.do\/index.php\/2026\/03\/12\/prodominicana-reconoce-a-empresas-en-vanguardia-exportadora\/","url_meta":{"origin":116654,"position":3},"title":"ProDominicana reconoce a empresas en Vanguardia Exportadora","author":"Nelson Feliz","date":"12 de marzo de 2026","format":false,"excerpt":"Exportaciones dominicanas crecen 14.4% en 2025 El Centro de Exportaci\u00f3n e Inversi\u00f3n de la Rep\u00fablica Dominicana (ProDominicana) celebr\u00f3 la segunda edici\u00f3n del reconocimiento \u201cVanguardia Exportadora\u201d, un evento que destaca a las empresas que han logrado posicionar con \u00e9xito sus productos y servicios en los mercados internacionales durante el a\u00f1o 2025.\u2026","rel":"","context":"En \u00abECONOM\u00cdA\u00bb","block_context":{"text":"ECONOM\u00cdA","link":"https:\/\/lasprimeras.com.do\/index.php\/category\/economia\/"},"img":{"alt_text":"Vanguardia Exportadora","src":"https:\/\/i0.wp.com\/lasprimeras.com.do\/wp-content\/uploads\/2026\/03\/Vanguardia-Exportadora.jpg?resize=350%2C200&ssl=1","width":350,"height":200,"srcset":"https:\/\/i0.wp.com\/lasprimeras.com.do\/wp-content\/uploads\/2026\/03\/Vanguardia-Exportadora.jpg?resize=350%2C200&ssl=1 1x, https:\/\/i0.wp.com\/lasprimeras.com.do\/wp-content\/uploads\/2026\/03\/Vanguardia-Exportadora.jpg?resize=525%2C300&ssl=1 1.5x, https:\/\/i0.wp.com\/lasprimeras.com.do\/wp-content\/uploads\/2026\/03\/Vanguardia-Exportadora.jpg?resize=700%2C400&ssl=1 2x"},"classes":[]},{"id":124457,"url":"https:\/\/lasprimeras.com.do\/index.php\/2026\/03\/13\/prodominicana-anuncia-4ta-edicion-del-encuentro-nacional-mujeres-en-exportacion-2\/","url_meta":{"origin":116654,"position":4},"title":"ProDominicana anuncia 4ta. Edici\u00f3n del \u201cEncuentro Nacional Mujeres en Exportaci\u00f3n\u201d","author":"Nelson Feliz","date":"13 de marzo de 2026","format":false,"excerpt":"Biviana Riveiro Disla, inform\u00f3 que el jueves 23 de noviembre del a\u00f1o en curso se realizar\u00e1 la 4ta. edici\u00f3n del \u201cEncuentro Nacional Mujeres en Exportaci\u00f3n\u201d. La directora ejecutiva del Centro de Exportaci\u00f3n e Inversi\u00f3n de la Rep\u00fablica Dominicana (ProDominicana), Biviana Riveiro Disla, inform\u00f3 que el jueves 23 de noviembre del\u2026","rel":"","context":"En \u00abECONOM\u00cdA\u00bb","block_context":{"text":"ECONOM\u00cdA","link":"https:\/\/lasprimeras.com.do\/index.php\/category\/economia\/"},"img":{"alt_text":"Biviana Riveiro Disla, directora ejecutiva de ProDominicana","src":"https:\/\/i0.wp.com\/lasprimeras.com.do\/wp-content\/uploads\/2023\/11\/Biviana-Riveiro-Disla-directora-ejecutiva-de-ProDominicana-2.jpg?resize=350%2C200&ssl=1","width":350,"height":200,"srcset":"https:\/\/i0.wp.com\/lasprimeras.com.do\/wp-content\/uploads\/2023\/11\/Biviana-Riveiro-Disla-directora-ejecutiva-de-ProDominicana-2.jpg?resize=350%2C200&ssl=1 1x, https:\/\/i0.wp.com\/lasprimeras.com.do\/wp-content\/uploads\/2023\/11\/Biviana-Riveiro-Disla-directora-ejecutiva-de-ProDominicana-2.jpg?resize=525%2C300&ssl=1 1.5x, https:\/\/i0.wp.com\/lasprimeras.com.do\/wp-content\/uploads\/2023\/11\/Biviana-Riveiro-Disla-directora-ejecutiva-de-ProDominicana-2.jpg?resize=700%2C400&ssl=1 2x, https:\/\/i0.wp.com\/lasprimeras.com.do\/wp-content\/uploads\/2023\/11\/Biviana-Riveiro-Disla-directora-ejecutiva-de-ProDominicana-2.jpg?resize=1050%2C600&ssl=1 3x, https:\/\/i0.wp.com\/lasprimeras.com.do\/wp-content\/uploads\/2023\/11\/Biviana-Riveiro-Disla-directora-ejecutiva-de-ProDominicana-2.jpg?resize=1400%2C800&ssl=1 4x"},"classes":[]},{"id":117790,"url":"https:\/\/lasprimeras.com.do\/index.php\/2025\/12\/16\/prodominicana-y-la-camara-de-comercio-y-produccion-de-santiago-acuerdan-fortalecer-exportaciones-en-la-region-norte\/","url_meta":{"origin":116654,"position":5},"title":"ProDominicana y la C\u00e1mara de Comercio y Producci\u00f3n de Santiago acuerdan fortalecer exportaciones en la Regi\u00f3n Norte","author":"Nelson Feliz","date":"16 de diciembre de 2025","format":false,"excerpt":"El Centro de Exportaci\u00f3n e Inversi\u00f3n de la Rep\u00fablica Dominicana (ProDominicana) y la C\u00e1mara de Comercio y Producci\u00f3n de Santiago firmaron un acuerdo interinstitucional orientado a fortalecer las capacidades de los sectores productivos y promover nuevas oportunidades en los mercados globales. Durante la firma, la directora ejecutiva de ProDominicana, Biviana\u2026","rel":"","context":"En \u00abECONOM\u00cdA\u00bb","block_context":{"text":"ECONOM\u00cdA","link":"https:\/\/lasprimeras.com.do\/index.php\/category\/economia\/"},"img":{"alt_text":"ProDominicana","src":"https:\/\/i0.wp.com\/lasprimeras.com.do\/wp-content\/uploads\/2025\/12\/ProDominicana.jpg?resize=350%2C200&ssl=1","width":350,"height":200,"srcset":"https:\/\/i0.wp.com\/lasprimeras.com.do\/wp-content\/uploads\/2025\/12\/ProDominicana.jpg?resize=350%2C200&ssl=1 1x, https:\/\/i0.wp.com\/lasprimeras.com.do\/wp-content\/uploads\/2025\/12\/ProDominicana.jpg?resize=525%2C300&ssl=1 1.5x, https:\/\/i0.wp.com\/lasprimeras.com.do\/wp-content\/uploads\/2025\/12\/ProDominicana.jpg?resize=700%2C400&ssl=1 2x, https:\/\/i0.wp.com\/lasprimeras.com.do\/wp-content\/uploads\/2025\/12\/ProDominicana.jpg?resize=1050%2C600&ssl=1 3x"},"classes":[]}],"jetpack_sharing_enabled":true,"_links":{"self":[{"href":"https:\/\/lasprimeras.com.do\/index.php\/wp-json\/wp\/v2\/posts\/116654","targetHints":{"allow":["GET"]}}],"collection":[{"href":"https:\/\/lasprimeras.com.do\/index.php\/wp-json\/wp\/v2\/posts"}],"about":[{"href":"https:\/\/lasprimeras.com.do\/index.php\/wp-json\/wp\/v2\/types\/post"}],"author":[{"embeddable":true,"href":"https:\/\/lasprimeras.com.do\/index.php\/wp-json\/wp\/v2\/users\/10"}],"replies":[{"embeddable":true,"href":"https:\/\/lasprimeras.com.do\/index.php\/wp-json\/wp\/v2\/comments?post=116654"}],"version-history":[{"count":1,"href":"https:\/\/lasprimeras.com.do\/index.php\/wp-json\/wp\/v2\/posts\/116654\/revisions"}],"predecessor-version":[{"id":116656,"href":"https:\/\/lasprimeras.com.do\/index.php\/wp-json\/wp\/v2\/posts\/116654\/revisions\/116656"}],"wp:featuredmedia":[{"embeddable":true,"href":"https:\/\/lasprimeras.com.do\/index.php\/wp-json\/wp\/v2\/media\/116655"}],"wp:attachment":[{"href":"https:\/\/lasprimeras.com.do\/index.php\/wp-json\/wp\/v2\/media?parent=116654"}],"wp:term":[{"taxonomy":"category","embeddable":true,"href":"https:\/\/lasprimeras.com.do\/index.php\/wp-json\/wp\/v2\/categories?post=116654"},{"taxonomy":"post_tag","embeddable":true,"href":"https:\/\/lasprimeras.com.do\/index.php\/wp-json\/wp\/v2\/tags?post=116654"}],"curies":[{"name":"wp","href":"https:\/\/api.w.org\/{rel}","templated":true}]}}