{"id":116657,"date":"2025-12-02T23:24:58","date_gmt":"2025-12-03T03:24:58","guid":{"rendered":"https:\/\/lasprimeras.com.do\/?p=116657"},"modified":"2025-12-02T23:24:59","modified_gmt":"2025-12-03T03:24:59","slug":"adoacero-y-la-dgcp-firman-acuerdo-para-impulsar-compras-publicas-en-el-sector-acero","status":"publish","type":"post","link":"https:\/\/lasprimeras.com.do\/index.php\/2025\/12\/02\/adoacero-y-la-dgcp-firman-acuerdo-para-impulsar-compras-publicas-en-el-sector-acero\/","title":{"rendered":"Adoacero y la DGCP firman acuerdo para impulsar compras p\u00fablicas en el sector acero"},"content":{"rendered":"\n<p><strong>El acuerdo suscrito tiene por objeto establecer hoja de ruta conjunta para incorporar criterios de sostenibilidad e innovaci\u00f3n.<\/strong><\/p>\n\n\n\n<p>La Asociaci\u00f3n Dominicana del Acero (Adoacero) y la Direcci\u00f3n General de Contrataciones P\u00fablicas (DGCP) firmaron un acuerdo Marco de Colaboraci\u00f3n Interinstitucional orientado a fortalecer la sostenibilidad, la transparencia y la innovaci\u00f3n en los procesos de contrataci\u00f3n p\u00fablica relacionados con el sector acero.<\/p>\n\n\n\n<p>El acuerdo fue firmado por \u00e9l director general de la Direcci\u00f3n General de Compras y Contrataciones, Carlos Pimentel, y el director ejecutivo de Adoacero, Marcelo Salazar.<\/p>\n\n\n\n<p>El acuerdo suscrito tiene por objeto establecer una hoja de ruta conjunta para incorporar criterios de sostenibilidad e innovaci\u00f3n en los procesos de contrataci\u00f3n p\u00fablica, as\u00ed como en las fichas t\u00e9cnicas, gu\u00edas y documentos de referencia utilizados por las instituciones del Estado vinculados a productos del sector acero, en el marco de la Pol\u00edtica de Compras Verdes impulsada por el Estado dominicano mediante el Decreto 617-22, que declara de inter\u00e9s nacional la promoci\u00f3n de compras p\u00fablicas sostenibles e inclusivas.<\/p>\n\n\n\n<p>Durante el acto, el director ejecutivo de Adoacero, Marcelo Salazar, destac\u00f3 la importancia de este paso institucional al subrayar que la sostenibilidad industrial del acero dominicano est\u00e1 hoy respaldada por procesos de certificaci\u00f3n, medici\u00f3n de huella ambiental y mejoras continuas en eficiencia energ\u00e9tica, reciclaje y control de emisiones. \u201cEste acuerdo representa un hito en la cooperaci\u00f3n p\u00fablico-privada.<\/p>\n\n\n\n<p>La DGCP ha demostrado apertura y visi\u00f3n al reconocer el valor estrat\u00e9gico del acero producido localmente bajo criterios de sostenibilidad y trazabilidad ambiental. Para nuestro sector, este es un compromiso con la calidad, la transparencia y las mejores pr\u00e1cticas ambientales\u201d, afirm\u00f3.<\/p>\n\n\n\n<p>Salazar tambi\u00e9n resalt\u00f3 la relevancia econ\u00f3mica del sector construcci\u00f3n como uno de los mayores generadores de empleo, dinamismo econ\u00f3mico y sectores que m\u00e1s contribuyen a la recaudaci\u00f3n fiscal en Rep\u00fablica Dominicana, y enfatiz\u00f3 que la disponibilidad de acero terminado producido en el pa\u00eds fortalece la capacidad industrial nacional, reduce vulnerabilidades externas y asegura insumos de calidad para el desarrollo de obras p\u00fablicas y privadas.<\/p>\n\n\n\n<p>\u201cSomos un sector que ha invertido en tecnolog\u00eda, innovaci\u00f3n y est\u00e1ndares internacionales, incluyendo certificaciones de huella ambiental. Esta colaboraci\u00f3n permitir\u00e1 que esas capacidades se traduzcan en decisiones de compras p\u00fablicas m\u00e1s sostenibles, una mejor calidad del gasto y mayores exigencias t\u00e9cnicas que beneficien al pa\u00eds y promuevan el crecimiento del aparato productivo dominicano\u201d, agreg\u00f3.<\/p>\n\n\n\n<p>De su lado, la DGCP reafirm\u00f3 su inter\u00e9s en impulsar la participaci\u00f3n de sectores productivos comprometidos con la sostenibilidad, la innovaci\u00f3n y el desarrollo responsable, alineando las pol\u00edticas de compras con los principios de transparencia y eficiencia del Sistema Nacional de Compras y Contrataciones P\u00fablicas.<\/p>\n","protected":false},"excerpt":{"rendered":"<p>El acuerdo suscrito tiene por objeto establecer hoja de ruta conjunta para incorporar criterios de sostenibilidad e innovaci\u00f3n. La Asociaci\u00f3n Dominicana del Acero (Adoacero) y la Direcci\u00f3n General de Contrataciones&hellip;<\/p>\n","protected":false},"author":10,"featured_media":116658,"comment_status":"open","ping_status":"open","sticky":false,"template":"","format":"standard","meta":{"content-type":"","jetpack_post_was_ever_published":false,"_jetpack_newsletter_access":"","_jetpack_dont_email_post_to_subs":false,"_jetpack_newsletter_tier_id":0,"_jetpack_memberships_contains_paywalled_content":false,"_jetpack_memberships_contains_paid_content":false,"footnotes":""},"categories":[39],"tags":[521,28112,28113,2247,28114],"class_list":["post-116657","post","type-post","status-publish","format-standard","has-post-thumbnail","hentry","category-economia","tag-acuerdo","tag-adoacero","tag-compras-publicas","tag-dgcp","tag-sector-acero"],"jetpack_featured_media_url":"https:\/\/lasprimeras.com.do\/wp-content\/uploads\/2025\/12\/Carlos-Pimentel-y-Marcelo-Salazar.jpeg","jetpack-related-posts":[{"id":99948,"url":"https:\/\/lasprimeras.com.do\/index.php\/2025\/05\/29\/direccion-de-compras-y-contrataciones-defiende-compra-de-3215-chacabanas-por-rd18-millones\/","url_meta":{"origin":116657,"position":0},"title":"Direcci\u00f3n de Compras y Contrataciones defiende compra de 3,215 chacabanas por RD$18 millones","author":"Nelson Feliz","date":"29 de mayo de 2025","format":false,"excerpt":"El director de la Direcci\u00f3n General de Compras y Contrataciones P\u00fablicas (DGCP), Carlos Pimentel, defendi\u00f3 la adquisici\u00f3n de 3,215 chacabanas por parte del Ministerio de Relaciones Exteriores (MIREX), con un costo total de RD$18 millones, destinadas a la organizaci\u00f3n de la d\u00e9cima Cumbre de las Am\u00e9ricas que se celebrar\u00e1 en\u2026","rel":"","context":"En \u00abECONOM\u00cdA\u00bb","block_context":{"text":"ECONOM\u00cdA","link":"https:\/\/lasprimeras.com.do\/index.php\/category\/economia\/"},"img":{"alt_text":"","src":"https:\/\/i0.wp.com\/lasprimeras.com.do\/wp-content\/uploads\/2025\/05\/Carlos-Pimentel.jpg?resize=350%2C200&ssl=1","width":350,"height":200,"srcset":"https:\/\/i0.wp.com\/lasprimeras.com.do\/wp-content\/uploads\/2025\/05\/Carlos-Pimentel.jpg?resize=350%2C200&ssl=1 1x, https:\/\/i0.wp.com\/lasprimeras.com.do\/wp-content\/uploads\/2025\/05\/Carlos-Pimentel.jpg?resize=525%2C300&ssl=1 1.5x, https:\/\/i0.wp.com\/lasprimeras.com.do\/wp-content\/uploads\/2025\/05\/Carlos-Pimentel.jpg?resize=700%2C400&ssl=1 2x"},"classes":[]},{"id":113634,"url":"https:\/\/lasprimeras.com.do\/index.php\/2025\/11\/04\/contrataciones-publicas-advierte-compras-por-emergencia-no-significan-via-libre-para-evadir-proceso\/","url_meta":{"origin":116657,"position":1},"title":"Contrataciones P\u00fablicas advierte compras por emergencia no significan v\u00eda libre para evadir proceso","author":"Nelson Feliz","date":"4 de noviembre de 2025","format":false,"excerpt":"El director de la DGCP, Carlos Pimentel, enfatiz\u00f3 que la rapidez no puede ser excusa para incumplir la ley. La Direcci\u00f3n General de Contrataciones P\u00fablicas (DGCP) dej\u00f3 claro este martes que las compras bajo la modalidad de emergencia no son un 'se vale todo'. Aunque los plazos se reduzcan por\u2026","rel":"","context":"En \u00abECONOM\u00cdA\u00bb","block_context":{"text":"ECONOM\u00cdA","link":"https:\/\/lasprimeras.com.do\/index.php\/category\/economia\/"},"img":{"alt_text":"","src":"https:\/\/i0.wp.com\/lasprimeras.com.do\/wp-content\/uploads\/2025\/11\/Carlos-Pimentel.jpg?resize=350%2C200&ssl=1","width":350,"height":200,"srcset":"https:\/\/i0.wp.com\/lasprimeras.com.do\/wp-content\/uploads\/2025\/11\/Carlos-Pimentel.jpg?resize=350%2C200&ssl=1 1x, https:\/\/i0.wp.com\/lasprimeras.com.do\/wp-content\/uploads\/2025\/11\/Carlos-Pimentel.jpg?resize=525%2C300&ssl=1 1.5x, https:\/\/i0.wp.com\/lasprimeras.com.do\/wp-content\/uploads\/2025\/11\/Carlos-Pimentel.jpg?resize=700%2C400&ssl=1 2x"},"classes":[]},{"id":109826,"url":"https:\/\/lasprimeras.com.do\/index.php\/2025\/09\/22\/dgcp-cancela-y-suspende-47-registros-de-proveedores-condenados-por-corrupcion\/","url_meta":{"origin":116657,"position":2},"title":"DGCP cancela y suspende 47 registros de proveedores condenados por corrupci\u00f3n","author":"Nelson Feliz","date":"22 de septiembre de 2025","format":false,"excerpt":"La Direcci\u00f3n General de Contrataciones P\u00fablicas (DGCP), en cumplimiento de sus atribuciones legales, emiti\u00f3 este lunes la Resoluci\u00f3n n\u00fam. DGCP-44-2025-003701 mediante la cual dispone la cancelaci\u00f3n y suspensi\u00f3n de oficio del Registro de Proveedores del Estado (RPE) de 47 personas f\u00edsicas y jur\u00eddicas condenadas o procesadas por delitos cometidos contra\u2026","rel":"","context":"En \u00abECONOM\u00cdA\u00bb","block_context":{"text":"ECONOM\u00cdA","link":"https:\/\/lasprimeras.com.do\/index.php\/category\/economia\/"},"img":{"alt_text":"dgcp","src":"https:\/\/i0.wp.com\/lasprimeras.com.do\/wp-content\/uploads\/2023\/12\/dgcp.jpg?resize=350%2C200&ssl=1","width":350,"height":200,"srcset":"https:\/\/i0.wp.com\/lasprimeras.com.do\/wp-content\/uploads\/2023\/12\/dgcp.jpg?resize=350%2C200&ssl=1 1x, https:\/\/i0.wp.com\/lasprimeras.com.do\/wp-content\/uploads\/2023\/12\/dgcp.jpg?resize=525%2C300&ssl=1 1.5x, https:\/\/i0.wp.com\/lasprimeras.com.do\/wp-content\/uploads\/2023\/12\/dgcp.jpg?resize=700%2C400&ssl=1 2x"},"classes":[]},{"id":113252,"url":"https:\/\/lasprimeras.com.do\/index.php\/2025\/10\/30\/detectan-estructura-organizada-que-manipulaba-procesos-de-contrataciones-con-el-estado\/","url_meta":{"origin":116657,"position":3},"title":"Detectan estructura organizada que manipulaba procesos de contrataciones con el Estado","author":"Nelson Feliz","date":"30 de octubre de 2025","format":false,"excerpt":"Las autoridades informaron este jueves que fue detectada la existencia de una estructura organizada de proveedores que habr\u00eda manipulado procesos de contrataciones p\u00fablicas mediante pr\u00e1cticas fraudulentas, sin identificar en cu\u00e1les instituciones del Estado operaba. La Direcci\u00f3n General de Contrataciones P\u00fablicas (DGCP), en coordinaci\u00f3n con la Unidad Antifraude de la Contralor\u00eda\u2026","rel":"","context":"En \u00abECONOM\u00cdA\u00bb","block_context":{"text":"ECONOM\u00cdA","link":"https:\/\/lasprimeras.com.do\/index.php\/category\/economia\/"},"img":{"alt_text":"","src":"https:\/\/i0.wp.com\/lasprimeras.com.do\/wp-content\/uploads\/2025\/10\/Carlos-Pimentel.jpg?resize=350%2C200&ssl=1","width":350,"height":200,"srcset":"https:\/\/i0.wp.com\/lasprimeras.com.do\/wp-content\/uploads\/2025\/10\/Carlos-Pimentel.jpg?resize=350%2C200&ssl=1 1x, https:\/\/i0.wp.com\/lasprimeras.com.do\/wp-content\/uploads\/2025\/10\/Carlos-Pimentel.jpg?resize=525%2C300&ssl=1 1.5x, https:\/\/i0.wp.com\/lasprimeras.com.do\/wp-content\/uploads\/2025\/10\/Carlos-Pimentel.jpg?resize=700%2C400&ssl=1 2x"},"classes":[]},{"id":68510,"url":"https:\/\/lasprimeras.com.do\/index.php\/2023\/11\/25\/intrant-debera-pagar-a-transcore-latam-srl-pese-a-nulidad-de-contrato\/","url_meta":{"origin":116657,"position":4},"title":"Intrant deber\u00e1 pagar a Transcore Latam SRL, pese a nulidad de contrato","author":"BIMARY DE JES\u00daS Matos","date":"25 de noviembre de 2023","format":false,"excerpt":"Santo Domingo.-El Instituto Nacional de Transporte Terrestre (Intrant) deber\u00e1 pagar a Transcore Latam SRL todas las facturas pendientes de pago, de acuerdo al contrato firmado entre las partes y que recientemente fue anulado por la Direcci\u00f3n General de Contrataciones P\u00fablicas (DGCP). As\u00ed lo establecen los t\u00e9rminos del contrato n\u00famero DJ-CSB-009-2023,\u2026","rel":"","context":"En \u00abPORTADA\u00bb","block_context":{"text":"PORTADA","link":"https:\/\/lasprimeras.com.do\/index.php\/category\/portada\/"},"img":{"alt_text":"","src":"https:\/\/i0.wp.com\/lasprimeras.com.do\/wp-content\/uploads\/2023\/11\/WhatsApp-Image-2023-11-24-at-1.48.00-PM-1.jpeg?resize=350%2C200&ssl=1","width":350,"height":200,"srcset":"https:\/\/i0.wp.com\/lasprimeras.com.do\/wp-content\/uploads\/2023\/11\/WhatsApp-Image-2023-11-24-at-1.48.00-PM-1.jpeg?resize=350%2C200&ssl=1 1x, https:\/\/i0.wp.com\/lasprimeras.com.do\/wp-content\/uploads\/2023\/11\/WhatsApp-Image-2023-11-24-at-1.48.00-PM-1.jpeg?resize=525%2C300&ssl=1 1.5x"},"classes":[]},{"id":100728,"url":"https:\/\/lasprimeras.com.do\/index.php\/2025\/06\/11\/intrant-y-dgcp-presentan-comision-de-veeduria-para-licitacion-del-sistema-de-licencias-de-conducir\/","url_meta":{"origin":116657,"position":5},"title":"INTRANT y DGCP presentan Comisi\u00f3n de Veedur\u00eda para Licitaci\u00f3n del Sistema de Licencias de Conducir","author":"Nelson Feliz","date":"11 de junio de 2025","format":false,"excerpt":"El Instituto Nacional de Tr\u00e1nsito y Transporte Terrestre (Intrant), junto a la Direcci\u00f3n General de Contrataciones P\u00fablicas (DGCP), dej\u00f3 formalmente instalada la Comisi\u00f3n de Veedur\u00eda de la Sociedad Civil, que tendr\u00e1 la responsabilidad de supervisar de forma activa y transparente el proceso de licitaci\u00f3n p\u00fablica nacional INTRANT-CCC-LPN-2025-0001. Este proceso corresponde\u2026","rel":"","context":"En \u00abECONOM\u00cdA\u00bb","block_context":{"text":"ECONOM\u00cdA","link":"https:\/\/lasprimeras.com.do\/index.php\/category\/economia\/"},"img":{"alt_text":"","src":"https:\/\/i0.wp.com\/lasprimeras.com.do\/wp-content\/uploads\/2025\/06\/Carlos-Pimentel.jpg?resize=350%2C200&ssl=1","width":350,"height":200,"srcset":"https:\/\/i0.wp.com\/lasprimeras.com.do\/wp-content\/uploads\/2025\/06\/Carlos-Pimentel.jpg?resize=350%2C200&ssl=1 1x, https:\/\/i0.wp.com\/lasprimeras.com.do\/wp-content\/uploads\/2025\/06\/Carlos-Pimentel.jpg?resize=525%2C300&ssl=1 1.5x, https:\/\/i0.wp.com\/lasprimeras.com.do\/wp-content\/uploads\/2025\/06\/Carlos-Pimentel.jpg?resize=700%2C400&ssl=1 2x"},"classes":[]}],"jetpack_sharing_enabled":true,"_links":{"self":[{"href":"https:\/\/lasprimeras.com.do\/index.php\/wp-json\/wp\/v2\/posts\/116657","targetHints":{"allow":["GET"]}}],"collection":[{"href":"https:\/\/lasprimeras.com.do\/index.php\/wp-json\/wp\/v2\/posts"}],"about":[{"href":"https:\/\/lasprimeras.com.do\/index.php\/wp-json\/wp\/v2\/types\/post"}],"author":[{"embeddable":true,"href":"https:\/\/lasprimeras.com.do\/index.php\/wp-json\/wp\/v2\/users\/10"}],"replies":[{"embeddable":true,"href":"https:\/\/lasprimeras.com.do\/index.php\/wp-json\/wp\/v2\/comments?post=116657"}],"version-history":[{"count":1,"href":"https:\/\/lasprimeras.com.do\/index.php\/wp-json\/wp\/v2\/posts\/116657\/revisions"}],"predecessor-version":[{"id":116659,"href":"https:\/\/lasprimeras.com.do\/index.php\/wp-json\/wp\/v2\/posts\/116657\/revisions\/116659"}],"wp:featuredmedia":[{"embeddable":true,"href":"https:\/\/lasprimeras.com.do\/index.php\/wp-json\/wp\/v2\/media\/116658"}],"wp:attachment":[{"href":"https:\/\/lasprimeras.com.do\/index.php\/wp-json\/wp\/v2\/media?parent=116657"}],"wp:term":[{"taxonomy":"category","embeddable":true,"href":"https:\/\/lasprimeras.com.do\/index.php\/wp-json\/wp\/v2\/categories?post=116657"},{"taxonomy":"post_tag","embeddable":true,"href":"https:\/\/lasprimeras.com.do\/index.php\/wp-json\/wp\/v2\/tags?post=116657"}],"curies":[{"name":"wp","href":"https:\/\/api.w.org\/{rel}","templated":true}]}}