{"id":116660,"date":"2025-12-02T23:52:51","date_gmt":"2025-12-03T03:52:51","guid":{"rendered":"https:\/\/lasprimeras.com.do\/?p=116660"},"modified":"2025-12-02T23:52:53","modified_gmt":"2025-12-03T03:52:53","slug":"jad-reconoce-como-agroempresa-del-ano-2025-al-consorcio-azucarero-de-empresas-industriales","status":"publish","type":"post","link":"https:\/\/lasprimeras.com.do\/index.php\/2025\/12\/02\/jad-reconoce-como-agroempresa-del-ano-2025-al-consorcio-azucarero-de-empresas-industriales\/","title":{"rendered":"JAD reconoce como \u201cAgroempresa del A\u00f1o 2025\u201d al Consorcio Azucarero de Empresas Industriales"},"content":{"rendered":"\n<p>El consejo de directores de la Junta Agroempresarial Dominicana (JAD) reconoci\u00f3 este martes como \u201cAgroempresa del A\u00f1o 2025\u201d al Consorcio Azucarero de Empresas Industriales (CAEI), en un acto encabezado por la vicepresidenta de la Rep\u00fablica, Raquel Pe\u00f1a.<\/p>\n\n\n\n<p>La vicemandataria destac\u00f3 la historia del consorcio y su aporte sostenido a la econom\u00eda y a las comunidades donde opera. Afirm\u00f3 que CAEI ha sido un referente en la generaci\u00f3n de empleos dignos y en la ejecuci\u00f3n de programas sociales que fortalecen a las familias y dinamizan los territorios.<\/p>\n\n\n\n<p>\u201cDesde el Gobierno que encabeza el presidente Luis Abinader reafirmamos nuestra determinaci\u00f3n de continuar apoyando al campo y a la industria nacional, para que prosperen, exporten m\u00e1s y sigan siendo motivo de orgullo para la Rep\u00fablica Dominicana\u201d, expres\u00f3 Pe\u00f1a.<\/p>\n\n\n\n<p>\u201cEsta distinci\u00f3n resalta los aportes que ha realizado CAEI al pa\u00eds durante 143 a\u00f1os de trabajo ininterrumpido, generando empleos y divisas, impulsando la innovaci\u00f3n y promoviendo la responsabilidad social empresarial dentro de la industria azucarera\u201d, indica un comunicado de prensa.<\/p>\n\n\n\n<p>El acto fue bendecido por Monse\u00f1or Jos\u00e9 Dolores Grull\u00f3n Estrella, Obispo Em\u00e9rito de San Juan de la Maguana.<\/p>\n\n\n\n<p>Roberto Serrano, presidente del Consejo de Directores de la JAD, expres\u00f3 que esta es la oportunidad para reconocer los m\u00e9ritos de las empresas y productores que se dedican a la actividad agropecuaria en sus m\u00faltiples ramificaciones.<\/p>\n\n\n\n<p>Serrano se\u00f1al\u00f3 que, con esta premiaci\u00f3n, se procura destacar a los agroempresarios por sus aportes a la modernizaci\u00f3n agr\u00edcola, la sostenibilidad productiva y la competitividad internacional, entre otras contribuciones que fortalecen la posici\u00f3n de la Rep\u00fablica Dominicana en el mercado local y en la exportaci\u00f3n de productos agr\u00edcolas de calidad.<\/p>\n\n\n\n<p>\u201cEl Consorcio Azucarero de Empresas Industriales (CAEI) representa una instituci\u00f3n moderna, innovadora y profundamente responsable. Su visi\u00f3n combina producci\u00f3n eficiente, manejo sostenible, energ\u00eda limpia, investigaci\u00f3n cient\u00edfica, equidad social y desarrollo comunitario\u201d, expres\u00f3 Osmar C. Ben\u00edtez, presidente ejecutivo de la JAD, al momento de leer la semblanza de la empresa.<\/p>\n\n\n\n<p>Ben\u00edtez agreg\u00f3 que, por su trayectoria hist\u00f3rica, su visi\u00f3n de futuro y su aporte al pa\u00eds, CAEI es merecedora del reconocimiento como Agroempresa del A\u00f1o, un galard\u00f3n que honra su compromiso con la Rep\u00fablica Dominicana y con las generaciones futuras.<\/p>\n\n\n\n<p>El reconocimiento fue recibido por Benigno Trueba, vicepresidente de CAEI, quien expres\u00f3 que recib\u00eda con profundo orgullo y honor esta distinci\u00f3n otorgada por la JAD, instituci\u00f3n que durante d\u00e9cadas ha sido motor, gu\u00eda y aliada estrat\u00e9gica para el crecimiento del sector agropecuario nacional.<\/p>\n\n\n\n<p>Se\u00f1al\u00f3 que este galard\u00f3n pertenece a cada una de las personas que creen en el valor del trabajo, en la producci\u00f3n responsable y en la innovaci\u00f3n como camino para la transformaci\u00f3n productiva.<\/p>\n\n\n\n<p>Afirm\u00f3 que lo asumen con un compromiso renovado para seguir aportando al desarrollo del pa\u00eds, preservando los recursos naturales, fortaleciendo la cadena industrial y generando oportunidades de vida para su gente.<\/p>\n\n\n\n<p>CAEI es pionera en el uso de herramientas avanzadas para la agricultura moderna. Integra sensores terrestres, im\u00e1genes satelitales, modelos predictivos, automatizaci\u00f3n de maquinaria, monitoreo de suelos y manejo de datos para optimizar la productividad agr\u00edcola.<\/p>\n\n\n\n<p>La provincia de San Pedro de Macor\u00eds, donde se encuentra ubicada la empresa, constituye su principal espacio de impacto econ\u00f3mico, ecol\u00f3gico y social. Desde all\u00ed, CAEI dijo que impulsa y participa en diversas iniciativas orientadas a mejorar las condiciones de vida de los petromacorisanos y a preservar los recursos naturales de la zona.<\/p>\n\n\n\n<p>Actualmente, sostuvo que gran parte de sus colaboradores son oriundos de la provincia, y la empresa organiza ferias de empleo dirigidas a estudiantes y profesionales de San Pedro de Macor\u00eds. Adem\u00e1s, promueve la educaci\u00f3n ambiental mediante campa\u00f1as en escuelas locales y jornadas de limpieza de playas.<\/p>\n\n\n\n<p>\u201cCAEI tambi\u00e9n forma parte de la Coalici\u00f3n Multisectorial para la Conservaci\u00f3n de la Cuenca del R\u00edo Higuamo, con proyectos de saneamiento, reforestaci\u00f3n y monitoreo de las aguas del r\u00edo, reafirmando su compromiso con la sostenibilidad y el medioambiente\u201d, indica.<\/p>\n\n\n\n<p>La entrega del galard\u00f3n \u201cAgroempresa del A\u00f1o 2025\u201d se realiz\u00f3 durante un Almuerzo de Gala, celebrado en el Sal\u00f3n Anacaona del Renaissance Jaragua Hotel &amp; Casino, con la participaci\u00f3n de l\u00edderes del sector agropecuario, funcionarios gubernamentales, productores, empresarios y representantes de organismos internacionales.<\/p>\n","protected":false},"excerpt":{"rendered":"<p>El consejo de directores de la Junta Agroempresarial Dominicana (JAD) reconoci\u00f3 este martes como \u201cAgroempresa del A\u00f1o 2025\u201d al Consorcio Azucarero de Empresas Industriales (CAEI), en un acto encabezado por&hellip;<\/p>\n","protected":false},"author":10,"featured_media":116661,"comment_status":"open","ping_status":"open","sticky":false,"template":"","format":"standard","meta":{"content-type":"","jetpack_post_was_ever_published":false,"_jetpack_newsletter_access":"","_jetpack_dont_email_post_to_subs":false,"_jetpack_newsletter_tier_id":0,"_jetpack_memberships_contains_paywalled_content":false,"_jetpack_memberships_contains_paid_content":false,"footnotes":""},"categories":[39],"tags":[28115,4305,4304,143,2120,2904],"class_list":["post-116660","post","type-post","status-publish","format-standard","has-post-thumbnail","hentry","category-economia","tag-agroempresa-del-ano-2025","tag-azucarero","tag-consorcio","tag-empresas","tag-industriales","tag-jad"],"jetpack_featured_media_url":"https:\/\/lasprimeras.com.do\/wp-content\/uploads\/2025\/12\/Raquel-Pena.jpeg","jetpack-related-posts":[{"id":53985,"url":"https:\/\/lasprimeras.com.do\/index.php\/2023\/07\/03\/encargado-de-negocios-de-los-ee-uu-visita-caei-para-aprender-sobre-trabajo-azucarero\/","url_meta":{"origin":116660,"position":0},"title":"Encargado de Negocios de los EE.UU. visita CAEI para aprender sobre trabajo azucarero\u00a0","author":"Nelson Feliz","date":"3 de julio de 2023","format":false,"excerpt":"El funcionario diplom\u00e1tico acept\u00f3 la invitaci\u00f3n de la empresa para conocer la gesti\u00f3n de sus comunidades ca\u00f1eras. El encargado de Negocios de la Embajada de Estados Unidos en el pa\u00eds, Isiah Parnell, agradeci\u00f3 invitaci\u00f3n para visitar el Consorcio Azucarero de Empresas Industriales (CAEI) y as\u00ed aprender m\u00e1s sobre el sector\u2026","rel":"","context":"En \u00abNACIONALES\u00bb","block_context":{"text":"NACIONALES","link":"https:\/\/lasprimeras.com.do\/index.php\/category\/nacionales\/"},"img":{"alt_text":"Benigno Trueba, Isiah Parnell, Alexander Ted Bryan y Frederick Giles","src":"https:\/\/i0.wp.com\/lasprimeras.com.do\/wp-content\/uploads\/2023\/07\/Benigno-TruebaIsiah-Parnell-Alexander-Ted-Bryan-y-Frederick-Giles.jpg?resize=350%2C200&ssl=1","width":350,"height":200,"srcset":"https:\/\/i0.wp.com\/lasprimeras.com.do\/wp-content\/uploads\/2023\/07\/Benigno-TruebaIsiah-Parnell-Alexander-Ted-Bryan-y-Frederick-Giles.jpg?resize=350%2C200&ssl=1 1x, https:\/\/i0.wp.com\/lasprimeras.com.do\/wp-content\/uploads\/2023\/07\/Benigno-TruebaIsiah-Parnell-Alexander-Ted-Bryan-y-Frederick-Giles.jpg?resize=525%2C300&ssl=1 1.5x"},"classes":[]},{"id":111771,"url":"https:\/\/lasprimeras.com.do\/index.php\/2025\/10\/13\/pescadores-de-cabral-denuncian-crimen-ecologico-y-culpan-al-consorcio-azucarero-por-la-desecacion-de-la-laguna-rincon\/","url_meta":{"origin":116660,"position":1},"title":"Pescadores de Cabral denuncian crimen ecol\u00f3gico y culpan al Consorcio Azucarero por la desecaci\u00f3n de la Laguna Rinc\u00f3n","author":"Nelson Feliz","date":"13 de octubre de 2025","format":false,"excerpt":"CABRAL, BARAHONA - La Laguna Rinc\u00f3n, tambi\u00e9n conocida como Lago de Cabral, se encuentra en un estado cr\u00edtico de desecaci\u00f3n, afectando gravemente a los pescadores de la zona, quienes culpan a la empresa Consorcio Azucarero Central (CAC) por lo que califican de \"crimen ecol\u00f3gico\". Un para\u00edso que agoniza Considerado el\u2026","rel":"","context":"En \u00abMEDIO AMBIENTE\u00bb","block_context":{"text":"MEDIO AMBIENTE","link":"https:\/\/lasprimeras.com.do\/index.php\/category\/medio-ambiente\/"},"img":{"alt_text":"","src":"https:\/\/i0.wp.com\/lasprimeras.com.do\/wp-content\/uploads\/2025\/10\/La-Laguna-Rincon-1.jpg?resize=350%2C200&ssl=1","width":350,"height":200,"srcset":"https:\/\/i0.wp.com\/lasprimeras.com.do\/wp-content\/uploads\/2025\/10\/La-Laguna-Rincon-1.jpg?resize=350%2C200&ssl=1 1x, https:\/\/i0.wp.com\/lasprimeras.com.do\/wp-content\/uploads\/2025\/10\/La-Laguna-Rincon-1.jpg?resize=525%2C300&ssl=1 1.5x, https:\/\/i0.wp.com\/lasprimeras.com.do\/wp-content\/uploads\/2025\/10\/La-Laguna-Rincon-1.jpg?resize=700%2C400&ssl=1 2x"},"classes":[]},{"id":110827,"url":"https:\/\/lasprimeras.com.do\/index.php\/2025\/10\/01\/medio-ambiente-responsabiliza-al-consorcio-azucarero-central-por-merma-de-agua-en-laguna-de-cabral\/","url_meta":{"origin":116660,"position":2},"title":"Medio Ambiente responsabiliza al Consorcio Azucarero Central por merma de agua en laguna de Cabral","author":"Nelson Feliz","date":"1 de octubre de 2025","format":false,"excerpt":"El Ministerio de Medio Ambiente y Recursos Naturales inform\u00f3 sobre los resultados de una evaluaci\u00f3n t\u00e9cnica y atribuy\u00f3 la degradaci\u00f3n la laguna de Cabral o Laguna Rinc\u00f3n, en Barahona a varios factores, principalmente al uso exclusivo del canal de Trujillo por parte del Consorcio Azucarero Central (CAC). Explic\u00f3 mediante un\u2026","rel":"","context":"En \u00abMEDIO AMBIENTE\u00bb","block_context":{"text":"MEDIO AMBIENTE","link":"https:\/\/lasprimeras.com.do\/index.php\/category\/medio-ambiente\/"},"img":{"alt_text":"","src":"https:\/\/i0.wp.com\/lasprimeras.com.do\/wp-content\/uploads\/2025\/10\/laguna.jpg?resize=350%2C200&ssl=1","width":350,"height":200,"srcset":"https:\/\/i0.wp.com\/lasprimeras.com.do\/wp-content\/uploads\/2025\/10\/laguna.jpg?resize=350%2C200&ssl=1 1x, https:\/\/i0.wp.com\/lasprimeras.com.do\/wp-content\/uploads\/2025\/10\/laguna.jpg?resize=525%2C300&ssl=1 1.5x, https:\/\/i0.wp.com\/lasprimeras.com.do\/wp-content\/uploads\/2025\/10\/laguna.jpg?resize=700%2C400&ssl=1 2x"},"classes":[]},{"id":116749,"url":"https:\/\/lasprimeras.com.do\/index.php\/2025\/12\/03\/el-conep-y-pnud-reconocen-19-iniciativas-empresariales-en-la-quinta-edicion-del-catalogo-de-practicas-prometedoras\/","url_meta":{"origin":116660,"position":3},"title":"El CONEP y PNUD reconocen 19 iniciativas empresariales en la quinta edici\u00f3n del Cat\u00e1logo de Pr\u00e1cticas Prometedoras","author":"Nelson Feliz","date":"3 de diciembre de 2025","format":false,"excerpt":"El Consejo Nacional de la Empresa Privada (CONEP) y el Programa de las Naciones Unidas para el Desarrollo (PNUD) presentaron la quinta edici\u00f3n del Cat\u00e1logo de Pr\u00e1cticas Prometedoras, reconociendo 19 iniciativas empresariales que elevan el est\u00e1ndar nacional en sostenibilidad, innovaci\u00f3n y desarrollo humano. Durante el acto, el presidente del CONEP,\u2026","rel":"","context":"En \u00abECONOM\u00cdA\u00bb","block_context":{"text":"ECONOM\u00cdA","link":"https:\/\/lasprimeras.com.do\/index.php\/category\/economia\/"},"img":{"alt_text":"CONEP y PNUD","src":"https:\/\/i0.wp.com\/lasprimeras.com.do\/wp-content\/uploads\/2025\/12\/CONEP-y-PNUD.jpg?resize=350%2C200&ssl=1","width":350,"height":200,"srcset":"https:\/\/i0.wp.com\/lasprimeras.com.do\/wp-content\/uploads\/2025\/12\/CONEP-y-PNUD.jpg?resize=350%2C200&ssl=1 1x, https:\/\/i0.wp.com\/lasprimeras.com.do\/wp-content\/uploads\/2025\/12\/CONEP-y-PNUD.jpg?resize=525%2C300&ssl=1 1.5x, https:\/\/i0.wp.com\/lasprimeras.com.do\/wp-content\/uploads\/2025\/12\/CONEP-y-PNUD.jpg?resize=700%2C400&ssl=1 2x"},"classes":[]},{"id":65889,"url":"https:\/\/lasprimeras.com.do\/index.php\/2023\/11\/01\/diputados-de-la-fp-aseguran-que-gobierno-destruye-la-industria-azucarera\/","url_meta":{"origin":116660,"position":4},"title":"Diputados de la FP aseguran que gobierno destruye la industria azucarera","author":"Nelson Feliz","date":"1 de noviembre de 2023","format":false,"excerpt":"Los legisladores aseguran que proyecto de tasa cero ser\u00e1 perjudicial para el sector. El bloque de diputados del partido Fuerza del Pueblo (FP) acus\u00f3 al gobierno de pretender destruir la industria azucarera local con la implementaci\u00f3n del proyecto de ley de exenciones arancelarias (tasa cero) para la importaci\u00f3n de ese\u2026","rel":"","context":"En \u00abSin categor\u00eda\u00bb","block_context":{"text":"Sin categor\u00eda","link":"https:\/\/lasprimeras.com.do\/index.php\/category\/sin-categoria\/"},"img":{"alt_text":"","src":"https:\/\/i0.wp.com\/lasprimeras.com.do\/wp-content\/uploads\/2023\/11\/Tobias-Crespo.jpg?resize=350%2C200&ssl=1","width":350,"height":200,"srcset":"https:\/\/i0.wp.com\/lasprimeras.com.do\/wp-content\/uploads\/2023\/11\/Tobias-Crespo.jpg?resize=350%2C200&ssl=1 1x, https:\/\/i0.wp.com\/lasprimeras.com.do\/wp-content\/uploads\/2023\/11\/Tobias-Crespo.jpg?resize=525%2C300&ssl=1 1.5x, https:\/\/i0.wp.com\/lasprimeras.com.do\/wp-content\/uploads\/2023\/11\/Tobias-Crespo.jpg?resize=700%2C400&ssl=1 2x"},"classes":[]},{"id":84906,"url":"https:\/\/lasprimeras.com.do\/index.php\/2024\/06\/17\/el-fondo-agua-impacta-con-siembra-1-3-millones-de-arboles-y-un-crecimiento-financiero-del-29\/","url_meta":{"origin":116660,"position":5},"title":"El Fondo Agua impacta con siembra 1.3 millones de \u00e1rboles y un crecimiento financiero del 29%","author":"Nelson Feliz","date":"17 de junio de 2024","format":false,"excerpt":"En las memorias presentadas en asamblea, resaltan que han beneficiado a m\u00e1s de 2,500 personas en las comunidades de las cuencas de los r\u00edos Nizao, Ozama y Haina, cruciales para el abastecimiento de agua en el Gran Santo Domingo. El Fondo Agua Santo Domingo (FASD) interviene desde el 2023 m\u00e1s\u2026","rel":"","context":"En \u00abECONOM\u00cdA\u00bb","block_context":{"text":"ECONOM\u00cdA","link":"https:\/\/lasprimeras.com.do\/index.php\/category\/economia\/"},"img":{"alt_text":"","src":"https:\/\/i0.wp.com\/lasprimeras.com.do\/wp-content\/uploads\/2024\/06\/Foto-directivos-de-Fondo-Agua.jpg?resize=350%2C200&ssl=1","width":350,"height":200,"srcset":"https:\/\/i0.wp.com\/lasprimeras.com.do\/wp-content\/uploads\/2024\/06\/Foto-directivos-de-Fondo-Agua.jpg?resize=350%2C200&ssl=1 1x, https:\/\/i0.wp.com\/lasprimeras.com.do\/wp-content\/uploads\/2024\/06\/Foto-directivos-de-Fondo-Agua.jpg?resize=525%2C300&ssl=1 1.5x, https:\/\/i0.wp.com\/lasprimeras.com.do\/wp-content\/uploads\/2024\/06\/Foto-directivos-de-Fondo-Agua.jpg?resize=700%2C400&ssl=1 2x"},"classes":[]}],"jetpack_sharing_enabled":true,"_links":{"self":[{"href":"https:\/\/lasprimeras.com.do\/index.php\/wp-json\/wp\/v2\/posts\/116660","targetHints":{"allow":["GET"]}}],"collection":[{"href":"https:\/\/lasprimeras.com.do\/index.php\/wp-json\/wp\/v2\/posts"}],"about":[{"href":"https:\/\/lasprimeras.com.do\/index.php\/wp-json\/wp\/v2\/types\/post"}],"author":[{"embeddable":true,"href":"https:\/\/lasprimeras.com.do\/index.php\/wp-json\/wp\/v2\/users\/10"}],"replies":[{"embeddable":true,"href":"https:\/\/lasprimeras.com.do\/index.php\/wp-json\/wp\/v2\/comments?post=116660"}],"version-history":[{"count":1,"href":"https:\/\/lasprimeras.com.do\/index.php\/wp-json\/wp\/v2\/posts\/116660\/revisions"}],"predecessor-version":[{"id":116662,"href":"https:\/\/lasprimeras.com.do\/index.php\/wp-json\/wp\/v2\/posts\/116660\/revisions\/116662"}],"wp:featuredmedia":[{"embeddable":true,"href":"https:\/\/lasprimeras.com.do\/index.php\/wp-json\/wp\/v2\/media\/116661"}],"wp:attachment":[{"href":"https:\/\/lasprimeras.com.do\/index.php\/wp-json\/wp\/v2\/media?parent=116660"}],"wp:term":[{"taxonomy":"category","embeddable":true,"href":"https:\/\/lasprimeras.com.do\/index.php\/wp-json\/wp\/v2\/categories?post=116660"},{"taxonomy":"post_tag","embeddable":true,"href":"https:\/\/lasprimeras.com.do\/index.php\/wp-json\/wp\/v2\/tags?post=116660"}],"curies":[{"name":"wp","href":"https:\/\/api.w.org\/{rel}","templated":true}]}}