{"id":116718,"date":"2025-12-03T09:51:27","date_gmt":"2025-12-03T13:51:27","guid":{"rendered":"https:\/\/lasprimeras.com.do\/?p=116718"},"modified":"2025-12-03T09:51:29","modified_gmt":"2025-12-03T13:51:29","slug":"mide-entrega-cheque-sueldo-por-ano-a-militares-recientemente-retirados","status":"publish","type":"post","link":"https:\/\/lasprimeras.com.do\/index.php\/2025\/12\/03\/mide-entrega-cheque-sueldo-por-ano-a-militares-recientemente-retirados\/","title":{"rendered":"MIDE entrega \u201cCheque Sueldo por A\u00f1o\u201d a militares recientemente retirados"},"content":{"rendered":"\n<p>El Ministerio de Defensa (MIDE) inici\u00f3 la entrega del \u201cCheque Sueldo por A\u00f1o\u201d a los militares que pasaron recientemente a la honrosa condici\u00f3n de retiro, cumpliendo con el anuncio realizado oportunamente y reafirmando el compromiso institucional de dignificar y proteger a quienes sirvieron durante d\u00e9cadas a la defensa y seguridad de la Rep\u00fablica Dominicana.<\/p>\n\n\n\n<p>La actividad tuvo lugar en las instalaciones del Instituto de Seguridad Social de las Fuerzas Armadas (ISSFFAA) y estuvo encabezada por el Ministro de Defensa, teniente general Carlos Antonio Fern\u00e1ndez Onofre, ERD, acompa\u00f1ado del director del ISSFFAA, contralmirante Henry Antonio Guzm\u00e1n Taveras, ARD.<\/p>\n\n\n\n<p>Durante el acto, el Ministro Fern\u00e1ndez Onofre resalt\u00f3 que esta entrega no constituye un regalo, sino un derecho adquirido por cada militar conforme al art\u00edculo 169 de la Ley 139-13, que establece la compensaci\u00f3n por a\u00f1os de servicio dentro del Sistema Integral de Seguridad Social de las Fuerzas Armadas.<\/p>\n\n\n\n<p>Explic\u00f3 que este beneficio proviene de los aportes realizados por los propios miembros mientras se encontraban en servicio activo.<\/p>\n\n\n<div class=\"wp-block-image\">\n<figure class=\"alignleft size-full is-resized\"><img decoding=\"async\" width=\"900\" height=\"506\" src=\"https:\/\/lasprimeras.com.do\/wp-content\/uploads\/2025\/12\/CHEQUE.jpg\" alt=\"\" class=\"wp-image-116720\" style=\"aspect-ratio:1.7786793792473883;width:408px;height:auto\" srcset=\"https:\/\/lasprimeras.com.do\/wp-content\/uploads\/2025\/12\/CHEQUE.jpg 900w, https:\/\/lasprimeras.com.do\/wp-content\/uploads\/2025\/12\/CHEQUE-300x169.jpg 300w, https:\/\/lasprimeras.com.do\/wp-content\/uploads\/2025\/12\/CHEQUE-768x432.jpg 768w\" sizes=\"(max-width: 900px) 100vw, 900px\" \/><\/figure>\n<\/div>\n\n\n<p>El titular del MIDE se\u00f1al\u00f3 que esta entrega representa no solo un deber legal, sino una obligaci\u00f3n moral de la instituci\u00f3n con quienes durante a\u00f1os sostuvieron con honor la Bandera Nacional y encarnaron la disciplina, los valores y el esp\u00edritu de servicio que distinguen a las Fuerzas Armadas.<\/p>\n\n\n\n<p>Asimismo, enfatiz\u00f3 que esta jornada constituye un ejercicio de rendici\u00f3n de cuentas, transparencia y respeto hacia los retirados, reiterando que mientras est\u00e9 al frente de la instituci\u00f3n la seguridad social militar seguir\u00e1 fortalecida para garantizar que el personal activo y en retiro se mantenga protegido y acompa\u00f1ado.<\/p>\n\n\n\n<p>El Ministro de Defensa tambi\u00e9n reconoci\u00f3 el esfuerzo extraordinario del ISSFFAA para organizar este proceso con eficiencia, responsabilidad y claridad.<\/p>\n\n\n\n<figure class=\"wp-block-image size-full\"><img decoding=\"async\" width=\"900\" height=\"506\" src=\"https:\/\/lasprimeras.com.do\/wp-content\/uploads\/2025\/12\/MILITARES.jpg\" alt=\"\" class=\"wp-image-116721\" srcset=\"https:\/\/lasprimeras.com.do\/wp-content\/uploads\/2025\/12\/MILITARES.jpg 900w, https:\/\/lasprimeras.com.do\/wp-content\/uploads\/2025\/12\/MILITARES-300x169.jpg 300w, https:\/\/lasprimeras.com.do\/wp-content\/uploads\/2025\/12\/MILITARES-768x432.jpg 768w\" sizes=\"(max-width: 900px) 100vw, 900px\" \/><\/figure>\n\n\n\n<p>Expres\u00f3 sus disculpas por el tiempo de espera, al tiempo que reafirm\u00f3 su compromiso personal de defender y preservar la solidez del sistema de seguridad social de las Fuerzas Armadas.<\/p>\n\n\n<div class=\"wp-block-image\">\n<figure class=\"alignright size-full is-resized\"><img decoding=\"async\" width=\"900\" height=\"506\" src=\"https:\/\/lasprimeras.com.do\/wp-content\/uploads\/2025\/12\/MILITARES-2.jpg\" alt=\"\" class=\"wp-image-116722\" style=\"aspect-ratio:1.7786793792473883;width:392px;height:auto\" srcset=\"https:\/\/lasprimeras.com.do\/wp-content\/uploads\/2025\/12\/MILITARES-2.jpg 900w, https:\/\/lasprimeras.com.do\/wp-content\/uploads\/2025\/12\/MILITARES-2-300x169.jpg 300w, https:\/\/lasprimeras.com.do\/wp-content\/uploads\/2025\/12\/MILITARES-2-768x432.jpg 768w\" sizes=\"(max-width: 900px) 100vw, 900px\" \/><\/figure>\n<\/div>\n\n\n<p>El proceso de entrega continuar\u00e1 conforme al cronograma establecido, a fin de garantizar que cada beneficiario reciba su compensaci\u00f3n de manera organizada y oportuna.<\/p>\n\n\n\n<p>El Ministerio de Defensa reiter\u00f3 que estas acciones forman parte de la visi\u00f3n institucional orientada a honrar a quienes honraron a la Patria, reconociendo su trayectoria y asegurando un retiro digno para los hombres y mujeres que dedicaron su vida al servicio militar.<\/p>\n","protected":false},"excerpt":{"rendered":"<p>El Ministerio de Defensa (MIDE) inici\u00f3 la entrega del \u201cCheque Sueldo por A\u00f1o\u201d a los militares que pasaron recientemente a la honrosa condici\u00f3n de retiro, cumpliendo con el anuncio realizado&hellip;<\/p>\n","protected":false},"author":10,"featured_media":116719,"comment_status":"open","ping_status":"open","sticky":false,"template":"","format":"standard","meta":{"content-type":"","jetpack_post_was_ever_published":false,"_jetpack_newsletter_access":"","_jetpack_dont_email_post_to_subs":false,"_jetpack_newsletter_tier_id":0,"_jetpack_memberships_contains_paywalled_content":false,"_jetpack_memberships_contains_paid_content":false,"footnotes":""},"categories":[39],"tags":[28137,447,26135,10797],"class_list":["post-116718","post","type-post","status-publish","format-standard","has-post-thumbnail","hentry","category-economia","tag-cheque-sueldo-por-ano","tag-mide","tag-militares-retirados","tag-ministerio-de-defensa"],"jetpack_featured_media_url":"https:\/\/lasprimeras.com.do\/wp-content\/uploads\/2025\/12\/ONOFRE.jpg","jetpack-related-posts":[{"id":118153,"url":"https:\/\/lasprimeras.com.do\/index.php\/2025\/12\/22\/otros-300-militares-en-retiro-recibiran-rd240-8-millones-en-sueldo-por-ano\/","url_meta":{"origin":116718,"position":0},"title":"Otros 300 militares en retiro recibir\u00e1n RD$240.8 millones en Sueldo por A\u00f1o","author":"Nelson Feliz","date":"22 de diciembre de 2025","format":false,"excerpt":"MIDE culminar\u00e1 pagos este 23 de diciembre de 2025. El Ministerio de Defensa (MIDE) inform\u00f3 que este martes 23 de diciembre de 2025 culminar\u00e1 el proceso de entrega de cheques correspondientes al beneficio institucional de \u201cSueldo por A\u00f1o\u201d a los militares puestos en la honrosa condici\u00f3n de retiro durante el\u2026","rel":"","context":"En \u00abECONOM\u00cdA\u00bb","block_context":{"text":"ECONOM\u00cdA","link":"https:\/\/lasprimeras.com.do\/index.php\/category\/economia\/"},"img":{"alt_text":"Carlos Antonio Fern\u00e1ndez Onofre","src":"https:\/\/i0.wp.com\/lasprimeras.com.do\/wp-content\/uploads\/2025\/12\/Carlos-Antonio-Fernandez-Onofre.jpg?resize=350%2C200&ssl=1","width":350,"height":200,"srcset":"https:\/\/i0.wp.com\/lasprimeras.com.do\/wp-content\/uploads\/2025\/12\/Carlos-Antonio-Fernandez-Onofre.jpg?resize=350%2C200&ssl=1 1x, https:\/\/i0.wp.com\/lasprimeras.com.do\/wp-content\/uploads\/2025\/12\/Carlos-Antonio-Fernandez-Onofre.jpg?resize=525%2C300&ssl=1 1.5x, https:\/\/i0.wp.com\/lasprimeras.com.do\/wp-content\/uploads\/2025\/12\/Carlos-Antonio-Fernandez-Onofre.jpg?resize=700%2C400&ssl=1 2x"},"classes":[]},{"id":105193,"url":"https:\/\/lasprimeras.com.do\/index.php\/2025\/07\/31\/ministerio-de-defensa-continua-pago-de-retroactivos-a-retirados-militares\/","url_meta":{"origin":116718,"position":1},"title":"Ministerio de Defensa contin\u00faa pago de retroactivos a retirados militares","author":"Nelson Feliz","date":"31 de julio de 2025","format":false,"excerpt":"El Ministro de Defensa, Teniente General Carlos Antonio Fern\u00e1ndez Onofre, dispuso a trav\u00e9s de la Junta de Retiro y Fondo de Pensiones de las Fuerzas Armadas del Ministerio de Defensa (MIDE) la entrega de cuatro millones quinientos cuarenta y dos mil trescientos setenta y cinco pesos (RD$4,542,375) por concepto de\u2026","rel":"","context":"En \u00abECONOM\u00cdA\u00bb","block_context":{"text":"ECONOM\u00cdA","link":"https:\/\/lasprimeras.com.do\/index.php\/category\/economia\/"},"img":{"alt_text":"","src":"https:\/\/i0.wp.com\/lasprimeras.com.do\/wp-content\/uploads\/2025\/07\/pago-1.jpg?resize=350%2C200&ssl=1","width":350,"height":200,"srcset":"https:\/\/i0.wp.com\/lasprimeras.com.do\/wp-content\/uploads\/2025\/07\/pago-1.jpg?resize=350%2C200&ssl=1 1x, https:\/\/i0.wp.com\/lasprimeras.com.do\/wp-content\/uploads\/2025\/07\/pago-1.jpg?resize=525%2C300&ssl=1 1.5x, https:\/\/i0.wp.com\/lasprimeras.com.do\/wp-content\/uploads\/2025\/07\/pago-1.jpg?resize=700%2C400&ssl=1 2x"},"classes":[]},{"id":113614,"url":"https:\/\/lasprimeras.com.do\/index.php\/2025\/11\/04\/ministerio-de-defensa-desembolsa-mas-de-rd7-7-millones-en-pago-retroactivo-a-pensionados-militares\/","url_meta":{"origin":116718,"position":2},"title":"Ministerio de Defensa desembolsa m\u00e1s de RD$7.7 millones en pago retroactivo a pensionados militares","author":"Nelson Feliz","date":"4 de noviembre de 2025","format":false,"excerpt":"El Ministro de Defensa, Teniente General Carlos Antonio Fern\u00e1ndez Onofre, orden\u00f3 un nuevo desembolso a trav\u00e9s de la Junta de Retiro y Fondo de Pensiones de las Fuerzas Armadas (JRFPFFAA) para fortalecer la estabilidad y el bienestar de la comunidad pensionada. El aporte, correspondiente a sueldos retroactivos, asciende a RD$7,758,172,\u2026","rel":"","context":"En \u00abECONOM\u00cdA\u00bb","block_context":{"text":"ECONOM\u00cdA","link":"https:\/\/lasprimeras.com.do\/index.php\/category\/economia\/"},"img":{"alt_text":"Carlos Antonio Fern\u00e1ndez Onofre","src":"https:\/\/i0.wp.com\/lasprimeras.com.do\/wp-content\/uploads\/2025\/02\/Carlos-Antonio-Fernandez-Onofre.jpg?resize=350%2C200&ssl=1","width":350,"height":200,"srcset":"https:\/\/i0.wp.com\/lasprimeras.com.do\/wp-content\/uploads\/2025\/02\/Carlos-Antonio-Fernandez-Onofre.jpg?resize=350%2C200&ssl=1 1x, https:\/\/i0.wp.com\/lasprimeras.com.do\/wp-content\/uploads\/2025\/02\/Carlos-Antonio-Fernandez-Onofre.jpg?resize=525%2C300&ssl=1 1.5x"},"classes":[]},{"id":104591,"url":"https:\/\/lasprimeras.com.do\/index.php\/2025\/07\/25\/mide-realiza-jornada-de-salud-y-encuentro-con-pensionados-en-santo-domingo-este\/","url_meta":{"origin":116718,"position":3},"title":"MIDE realiza jornada de salud y encuentro con pensionados en Santo Domingo Este","author":"Nelson Feliz","date":"25 de julio de 2025","format":false,"excerpt":"La Junta de Retiro y Fondo de Pensiones de las Fuerzas Armadas, \u00f3rgano dependiente del Ministerio de Defensa (MIDE), llev\u00f3 a cabo una jornada de atenci\u00f3n social y salud visual en el club recreativo Los Trinitarios, con la participaci\u00f3n de m\u00e1s de 600 pensionados, viudas y tutores procedentes de diversos\u2026","rel":"","context":"En \u00abMILITARES\u00bb","block_context":{"text":"MILITARES","link":"https:\/\/lasprimeras.com.do\/index.php\/category\/militares\/"},"img":{"alt_text":"","src":"https:\/\/i0.wp.com\/lasprimeras.com.do\/wp-content\/uploads\/2025\/07\/Ministerio-de-Defensa-1-1.jpg?resize=350%2C200&ssl=1","width":350,"height":200,"srcset":"https:\/\/i0.wp.com\/lasprimeras.com.do\/wp-content\/uploads\/2025\/07\/Ministerio-de-Defensa-1-1.jpg?resize=350%2C200&ssl=1 1x, https:\/\/i0.wp.com\/lasprimeras.com.do\/wp-content\/uploads\/2025\/07\/Ministerio-de-Defensa-1-1.jpg?resize=525%2C300&ssl=1 1.5x, https:\/\/i0.wp.com\/lasprimeras.com.do\/wp-content\/uploads\/2025\/07\/Ministerio-de-Defensa-1-1.jpg?resize=700%2C400&ssl=1 2x"},"classes":[]},{"id":97713,"url":"https:\/\/lasprimeras.com.do\/index.php\/2025\/04\/25\/ministerio-de-defensa-realiza-pago-de-retroactivos-a-miembros-retirados\/","url_meta":{"origin":116718,"position":4},"title":"Ministerio de Defensa realiza pago de retroactivos a miembros retirados","author":"Nelson Feliz","date":"25 de abril de 2025","format":false,"excerpt":"El Ministerio de Defensa (MIDE), la Junta de Retiro y Fondo de Pensiones de las Fuerzas Armadas desembols\u00f3 la suma de cinco millones, ochocientos setenta y cinco mil pesos (RD$ 5,875,000) en concepto de sueldos retroactivos. Estos recursos beneficiaron a 128 miembros retirados, entre oficiales, viudas y tutores. Con esta\u2026","rel":"","context":"En \u00abECONOM\u00cdA\u00bb","block_context":{"text":"ECONOM\u00cdA","link":"https:\/\/lasprimeras.com.do\/index.php\/category\/economia\/"},"img":{"alt_text":"","src":"https:\/\/i0.wp.com\/lasprimeras.com.do\/wp-content\/uploads\/2025\/04\/dos.jpg?resize=350%2C200&ssl=1","width":350,"height":200,"srcset":"https:\/\/i0.wp.com\/lasprimeras.com.do\/wp-content\/uploads\/2025\/04\/dos.jpg?resize=350%2C200&ssl=1 1x, https:\/\/i0.wp.com\/lasprimeras.com.do\/wp-content\/uploads\/2025\/04\/dos.jpg?resize=525%2C300&ssl=1 1.5x, https:\/\/i0.wp.com\/lasprimeras.com.do\/wp-content\/uploads\/2025\/04\/dos.jpg?resize=700%2C400&ssl=1 2x"},"classes":[]},{"id":111326,"url":"https:\/\/lasprimeras.com.do\/index.php\/2025\/10\/07\/cercania-y-oportunidades-retirados-militares-reciben-respaldo-integral-en-haina\/","url_meta":{"origin":116718,"position":5},"title":"Cercan\u00eda y oportunidades: Retirados militares reciben respaldo integral en Haina","author":"Nelson Feliz","date":"7 de octubre de 2025","format":false,"excerpt":"La Junta de Retiro y Fondo de Pensiones de las Fuerzas Armadas, dependencia del Ministerio de Defensa (MIDE), volvi\u00f3 a demostrar su compromiso con los militares en condici\u00f3n de retiro, sus viudas y tutores, al llevar a cabo un encuentro en la Escuela Amparo Garc\u00eda, ubicada en el sector El\u2026","rel":"","context":"En \u00abMILITARES\u00bb","block_context":{"text":"MILITARES","link":"https:\/\/lasprimeras.com.do\/index.php\/category\/militares\/"},"img":{"alt_text":"","src":"https:\/\/i0.wp.com\/lasprimeras.com.do\/wp-content\/uploads\/2025\/10\/Pablo-Roberto-Jimenez-Sanchez.jpg?resize=350%2C200&ssl=1","width":350,"height":200,"srcset":"https:\/\/i0.wp.com\/lasprimeras.com.do\/wp-content\/uploads\/2025\/10\/Pablo-Roberto-Jimenez-Sanchez.jpg?resize=350%2C200&ssl=1 1x, https:\/\/i0.wp.com\/lasprimeras.com.do\/wp-content\/uploads\/2025\/10\/Pablo-Roberto-Jimenez-Sanchez.jpg?resize=525%2C300&ssl=1 1.5x, https:\/\/i0.wp.com\/lasprimeras.com.do\/wp-content\/uploads\/2025\/10\/Pablo-Roberto-Jimenez-Sanchez.jpg?resize=700%2C400&ssl=1 2x"},"classes":[]}],"jetpack_sharing_enabled":true,"_links":{"self":[{"href":"https:\/\/lasprimeras.com.do\/index.php\/wp-json\/wp\/v2\/posts\/116718","targetHints":{"allow":["GET"]}}],"collection":[{"href":"https:\/\/lasprimeras.com.do\/index.php\/wp-json\/wp\/v2\/posts"}],"about":[{"href":"https:\/\/lasprimeras.com.do\/index.php\/wp-json\/wp\/v2\/types\/post"}],"author":[{"embeddable":true,"href":"https:\/\/lasprimeras.com.do\/index.php\/wp-json\/wp\/v2\/users\/10"}],"replies":[{"embeddable":true,"href":"https:\/\/lasprimeras.com.do\/index.php\/wp-json\/wp\/v2\/comments?post=116718"}],"version-history":[{"count":1,"href":"https:\/\/lasprimeras.com.do\/index.php\/wp-json\/wp\/v2\/posts\/116718\/revisions"}],"predecessor-version":[{"id":116723,"href":"https:\/\/lasprimeras.com.do\/index.php\/wp-json\/wp\/v2\/posts\/116718\/revisions\/116723"}],"wp:featuredmedia":[{"embeddable":true,"href":"https:\/\/lasprimeras.com.do\/index.php\/wp-json\/wp\/v2\/media\/116719"}],"wp:attachment":[{"href":"https:\/\/lasprimeras.com.do\/index.php\/wp-json\/wp\/v2\/media?parent=116718"}],"wp:term":[{"taxonomy":"category","embeddable":true,"href":"https:\/\/lasprimeras.com.do\/index.php\/wp-json\/wp\/v2\/categories?post=116718"},{"taxonomy":"post_tag","embeddable":true,"href":"https:\/\/lasprimeras.com.do\/index.php\/wp-json\/wp\/v2\/tags?post=116718"}],"curies":[{"name":"wp","href":"https:\/\/api.w.org\/{rel}","templated":true}]}}