{"id":116728,"date":"2025-12-03T11:26:32","date_gmt":"2025-12-03T15:26:32","guid":{"rendered":"https:\/\/lasprimeras.com.do\/?p=116728"},"modified":"2025-12-03T11:26:33","modified_gmt":"2025-12-03T15:26:33","slug":"entregan-premios-nacionales-xix-version-concurso-de-ensayos-sobre-etica-judicial","status":"publish","type":"post","link":"https:\/\/lasprimeras.com.do\/index.php\/2025\/12\/03\/entregan-premios-nacionales-xix-version-concurso-de-ensayos-sobre-etica-judicial\/","title":{"rendered":"Entregan premios nacionales XIX versi\u00f3n Concurso de Ensayos sobre \u00c9tica Judicial"},"content":{"rendered":"\n<p>El Poder Judicial de Rep\u00fablica Dominicana premi\u00f3 a los ganadores de la fase nacional del XIX Concurso Internacional de Ensayos en torno al C\u00f3digo Iberoamericano de \u00c9tica Judicial, cuya tem\u00e1tica fue \u201cLa Objeci\u00f3n de Conciencia y la \u00c9tica Judicial\u201d.<\/p>\n\n\n\n<p>Este a\u00f1o obtuvo el primer lugar Jenny Rafaelina L\u00f3pez Ortiz, por su trabajo \u201c\u00bfPuede un juez traicionar su conciencia y seguir siendo imparcial? (una reflexi\u00f3n sobre l\u00edmites procesales, derechos fundamentales y la dimensi\u00f3n humana de la justicia contempor\u00e1nea)\u201d.<\/p>\n\n\n\n<p>El segundo y tercer lugar, respectivamente, recayeron sobre Brianda Mar\u00eda Trujillo -Fl\u00f3rez Estrada con su ensayo \u201cConciencia, Deber e imparcialidad en el Sistema Judicial: una Revisi\u00f3n \u00c9tica y Jur\u00eddica del Ordenamiento Dominicano a Partir de los Casos Mitchell Nance y Luigi Tosti\u201d; y William Ismael Lithgow M\u00e9ndez, con su tema \u201cConciencia y Justicia\u201d.<\/p>\n\n\n\n<p>Se destaca, que L\u00f3pez Ortiz tambi\u00e9n gan\u00f3 el primer lugar en la fase internacional del concurso, siendo el segundo a\u00f1o consecutivo que Rep\u00fablica Dominicana gana el primer lugar a nivel de Iberoam\u00e9rica.<\/p>\n\n\n\n<p>En su ensayo, la ganadora del primer lugar plantea una reflexi\u00f3n profunda sobre si un juez puede traicionar su propia conciencia sin comprometer su imparcialidad judicial, partiendo de la premisa de que, en contextos procesales complejos, los jueces enfrentan tensiones entre normas legales y convicciones morales, y con ello, propone un equilibrio entre la \u00e9tica personal y el deber jur\u00eddico, alineado con el C\u00f3digo Iberoamericano de \u00c9tica Judicial.<\/p>\n\n\n\n<p>El acto de premiaci\u00f3n fue encabezado por la magistrada de la Suprema Corte de Justicia (SCJ), Pilar Jim\u00e9nez Ortiz, representante del Poder Judicial dominicano ante la Comisi\u00f3n Iberoamericana de \u00c9tica Judicial; el magistrado Justiniano Montero Montero, juez de la Primera Sala de la SCJ e integrante del Comit\u00e9 de Comportamiento \u00c9tico del Poder Judicial, y la doctora Gervasia Valenzuela Sosa, Coordinadora Nacional de Rep\u00fablica Dominicana ante a la Cumbre. Igualmente estuvieron presentes los magistrados en retiro Eglys Esmurdoc y Ram\u00f3n Horacio Gonz\u00e1lez, en representaci\u00f3n del Comit\u00e9 Evaluador de los ensayos concursantes.<\/p>\n\n\n\n<p>Los tres ganadores definieron la experiencia como muy enriquecedora a nivel del conocimiento jur\u00eddico internacional.<\/p>\n\n\n\n<p>En sus palabras de motivaciones, la magistrada Pilar Jim\u00e9nez resalt\u00f3 la calidad de los trabajos que se presentaron, al tiempo que felicit\u00f3 a los ganadores y les exhort\u00f3 a que sigan participando.<\/p>\n\n\n\n<p>Mientras, que el magistrado Justiniano destac\u00f3 la dimensi\u00f3n alcanzada por el concurso, pudiendo abarcar la participaci\u00f3n no solo interna, sino adem\u00e1s externa, constituy\u00e9ndose as\u00ed en una nueva visi\u00f3n, apertura y entusiasmo para todos los sectores interesados en trabajar el tema de la \u00e9tica judicial.<\/p>\n\n\n\n<p>Asimismo, la doctora Gervasia Valenzuela ponder\u00f3 que la Rep\u00fablica Dominicana es un referente en Iberoam\u00e9rica en el tema de la Etica Judicial, obteniendo en los dos \u00faltimos a\u00f1os el primer lugar en la fase internacional de este concurso organizado por la CIEJ con lo que se fortalece el Poder Judicial internacionalmente.<\/p>\n\n\n\n<p>Por \u00faltimo, Jenny Rafaelina L\u00f3pez agradeci\u00f3 al Poder Judicial por permitirle participar en el concurso, siendo abogada externa, y poder aportar a la doctrina jur\u00eddica desde el tema de la \u00e9tica, abog\u00f3 para que se siga promoviendo este tipo de actividad con la participaci\u00f3n de j\u00f3venes, especialmente de las mujeres.<\/p>\n\n\n\n<p>El Concurso de Ensayos sobre \u00c9tica Judicial tiene como objetivo fundamental fomentar la \u00e9tica en los espacios judiciales, contribuyendo a lograr la excelencia en el servicio de administraci\u00f3n de justicia, as\u00ed como, fortalecer la confianza de la ciudadan\u00eda.<\/p>\n","protected":false},"excerpt":{"rendered":"<p>El Poder Judicial de Rep\u00fablica Dominicana premi\u00f3 a los ganadores de la fase nacional del XIX Concurso Internacional de Ensayos en torno al C\u00f3digo Iberoamericano de \u00c9tica Judicial, cuya tem\u00e1tica&hellip;<\/p>\n","protected":false},"author":10,"featured_media":116729,"comment_status":"open","ping_status":"open","sticky":false,"template":"","format":"standard","meta":{"content-type":"","jetpack_post_was_ever_published":false,"_jetpack_newsletter_access":"","_jetpack_dont_email_post_to_subs":false,"_jetpack_newsletter_tier_id":0,"_jetpack_memberships_contains_paywalled_content":false,"_jetpack_memberships_contains_paid_content":false,"footnotes":""},"categories":[84],"tags":[7557,13665,28138,3444,2409],"class_list":["post-116728","post","type-post","status-publish","format-standard","has-post-thumbnail","hentry","category-entretenimiento","tag-concurso","tag-ensayos","tag-etica-judicial","tag-nacionales","tag-premios"],"jetpack_featured_media_url":"https:\/\/lasprimeras.com.do\/wp-content\/uploads\/2025\/12\/Concurso-de-Ensayos.jpg","jetpack-related-posts":[{"id":84927,"url":"https:\/\/lasprimeras.com.do\/index.php\/2024\/06\/17\/instituto-superior-de-la-jce-anuncia-ganadores-del-concurso-de-ensayos-democracia-e-identidad-2023\/","url_meta":{"origin":116728,"position":0},"title":"Instituto Superior de la JCE anuncia ganadores del concurso de ensayos &#8220;Democracia e Identidad 2023&#8221;","author":"Nelson Feliz","date":"17 de junio de 2024","format":false,"excerpt":"El Instituto Especializado Superior en Formaci\u00f3n Pol\u00edtica Electoral y del Estado Civil, instituci\u00f3n acad\u00e9mica de la Junta Central Electoral (JCE), dio a conocer los nombres de los ganadores del segundo concurso nacional de ensayo \"Democracia e Identidad 2023\u201d, el cual tuvo como objetivo fomentar el estudio y la investigaci\u00f3n cient\u00edfica\u2026","rel":"","context":"En \u00abNACIONALES\u00bb","block_context":{"text":"NACIONALES","link":"https:\/\/lasprimeras.com.do\/index.php\/category\/nacionales\/"},"img":{"alt_text":"Junta Central Electoral","src":"https:\/\/i0.wp.com\/lasprimeras.com.do\/wp-content\/uploads\/2024\/06\/Junta-Central-Electoral.jpg?resize=350%2C200&ssl=1","width":350,"height":200,"srcset":"https:\/\/i0.wp.com\/lasprimeras.com.do\/wp-content\/uploads\/2024\/06\/Junta-Central-Electoral.jpg?resize=350%2C200&ssl=1 1x, https:\/\/i0.wp.com\/lasprimeras.com.do\/wp-content\/uploads\/2024\/06\/Junta-Central-Electoral.jpg?resize=525%2C300&ssl=1 1.5x, https:\/\/i0.wp.com\/lasprimeras.com.do\/wp-content\/uploads\/2024\/06\/Junta-Central-Electoral.jpg?resize=700%2C400&ssl=1 2x"},"classes":[]},{"id":86086,"url":"https:\/\/lasprimeras.com.do\/index.php\/2024\/07\/17\/reconocen-estudiantes-universitarios-que-participaron-en-el-ii-concurso-nacional-de-ensayo-democracia-e-identidad-2023\/","url_meta":{"origin":116728,"position":1},"title":"Reconocen estudiantes universitarios que participaron en el II Concurso Nacional de Ensayo \u201cDemocracia e Identidad 2023\u201d","author":"Nelson Feliz","date":"17 de julio de 2024","format":false,"excerpt":"La ganadora del concurso fue la estudiante de medicina Indira Morillo, de La Romana El Instituto Especializado Superior en Formaci\u00f3n Pol\u00edtica Electoral y del Estado Civil (IESPEC), brazo acad\u00e9mico de la Junta Central Electoral (JCE), realiz\u00f3 la ceremonia de Premiaci\u00f3n del II Concurso Nacional de Ensayo \u201cDemocracia e Identidad 2023\u201d,\u2026","rel":"","context":"En \u00abNACIONALES\u00bb","block_context":{"text":"NACIONALES","link":"https:\/\/lasprimeras.com.do\/index.php\/category\/nacionales\/"},"img":{"alt_text":"","src":"https:\/\/i0.wp.com\/lasprimeras.com.do\/wp-content\/uploads\/2024\/07\/JCE.jpg?resize=350%2C200&ssl=1","width":350,"height":200,"srcset":"https:\/\/i0.wp.com\/lasprimeras.com.do\/wp-content\/uploads\/2024\/07\/JCE.jpg?resize=350%2C200&ssl=1 1x, https:\/\/i0.wp.com\/lasprimeras.com.do\/wp-content\/uploads\/2024\/07\/JCE.jpg?resize=525%2C300&ssl=1 1.5x, https:\/\/i0.wp.com\/lasprimeras.com.do\/wp-content\/uploads\/2024\/07\/JCE.jpg?resize=700%2C400&ssl=1 2x"},"classes":[]},{"id":103577,"url":"https:\/\/lasprimeras.com.do\/index.php\/2025\/07\/16\/jce-iespec-anuncia-ganadores-del-tercer-concurso-nacional-de-ensayo-democracia-e-identidad-2024\/","url_meta":{"origin":116728,"position":2},"title":"JCE-IESPEC anuncia ganadores del \u201cTercer Concurso Nacional de Ensayo: Democracia e Identidad 2024\u201d","author":"Nelson Feliz","date":"16 de julio de 2025","format":false,"excerpt":"El Instituto Especializado Superior en Formaci\u00f3n Pol\u00edtica Electoral y del Estado Civil (IESPEC), instituci\u00f3n acad\u00e9mica de la Junta Central Electoral (JCE), dio a conocer los nombres de los ganadores del \u201cTercer Concurso Nacional de Ensayo: Democracia e Identidad 2024\u201d, el cual tuvo como objetivo fomentar la investigaci\u00f3n y producci\u00f3n intelectual\u2026","rel":"","context":"En \u00abNACIONALES\u00bb","block_context":{"text":"NACIONALES","link":"https:\/\/lasprimeras.com.do\/index.php\/category\/nacionales\/"},"img":{"alt_text":"","src":"https:\/\/i0.wp.com\/lasprimeras.com.do\/wp-content\/uploads\/2025\/06\/jce-2.jpg?resize=350%2C200&ssl=1","width":350,"height":200,"srcset":"https:\/\/i0.wp.com\/lasprimeras.com.do\/wp-content\/uploads\/2025\/06\/jce-2.jpg?resize=350%2C200&ssl=1 1x, https:\/\/i0.wp.com\/lasprimeras.com.do\/wp-content\/uploads\/2025\/06\/jce-2.jpg?resize=525%2C300&ssl=1 1.5x, https:\/\/i0.wp.com\/lasprimeras.com.do\/wp-content\/uploads\/2025\/06\/jce-2.jpg?resize=700%2C400&ssl=1 2x"},"classes":[]},{"id":98349,"url":"https:\/\/lasprimeras.com.do\/index.php\/2025\/05\/06\/tc-afirma-independencia-judicial-es-esencial-para-fortalecimiento-de-la-democracia\/","url_meta":{"origin":116728,"position":3},"title":"TC afirma independencia judicial es esencial para fortalecimiento de la democracia","author":"Nelson Feliz","date":"6 de mayo de 2025","format":false,"excerpt":"El magistrado Napole\u00f3n R. Est\u00e9vez Lavandier particip\u00f3 como panelista en la 29.\u00aa edici\u00f3n del World Law Congress. Afirm\u00f3 que la independencia judicial garantiza que no haya injerencias, que la ciudadan\u00eda conf\u00ede en el sistema judicial y los tribunales mantengan su credibilidad. Al participar como panelista en la 29.\u00aa edici\u00f3n del\u2026","rel":"","context":"En \u00abJUSTICIA\u00bb","block_context":{"text":"JUSTICIA","link":"https:\/\/lasprimeras.com.do\/index.php\/category\/justicia\/"},"img":{"alt_text":"","src":"https:\/\/i0.wp.com\/lasprimeras.com.do\/wp-content\/uploads\/2025\/05\/Mag.-Estevez-Lavandier-participo-como-panelista-en-la-29.a-edicion-del-World-Law-Congress-1.jpg?resize=350%2C200&ssl=1","width":350,"height":200,"srcset":"https:\/\/i0.wp.com\/lasprimeras.com.do\/wp-content\/uploads\/2025\/05\/Mag.-Estevez-Lavandier-participo-como-panelista-en-la-29.a-edicion-del-World-Law-Congress-1.jpg?resize=350%2C200&ssl=1 1x, https:\/\/i0.wp.com\/lasprimeras.com.do\/wp-content\/uploads\/2025\/05\/Mag.-Estevez-Lavandier-participo-como-panelista-en-la-29.a-edicion-del-World-Law-Congress-1.jpg?resize=525%2C300&ssl=1 1.5x, https:\/\/i0.wp.com\/lasprimeras.com.do\/wp-content\/uploads\/2025\/05\/Mag.-Estevez-Lavandier-participo-como-panelista-en-la-29.a-edicion-del-World-Law-Congress-1.jpg?resize=700%2C400&ssl=1 2x"},"classes":[]},{"id":67270,"url":"https:\/\/lasprimeras.com.do\/index.php\/2023\/11\/14\/otorgan-reconocimiento-a-julio-cesar-cano-alfau\/","url_meta":{"origin":116728,"position":4},"title":"Otorgan reconocimiento a Julio C\u00e9sar Cano Alfau","author":"Nelson Feliz","date":"14 de noviembre de 2023","format":false,"excerpt":"El movimiento c\u00edvico Participaci\u00f3n Ciudadana, anunci\u00f3 que entregar\u00e1 el Reconocimiento a la Integridad y la Lucha contra la Corrupci\u00f3n 2023 al Magistrado Julio C\u00e9sar Can\u00f3 Alfau, por su ejercicio \u00e9tico y transparente en el servicio judicial y el combate a las diferentes manifestaciones de corrupci\u00f3n. El acto ser\u00e1 celebrado el\u2026","rel":"","context":"En \u00abNACIONALES\u00bb","block_context":{"text":"NACIONALES","link":"https:\/\/lasprimeras.com.do\/index.php\/category\/nacionales\/"},"img":{"alt_text":"JULIO CESAR CANO ALFAU","src":"https:\/\/i0.wp.com\/lasprimeras.com.do\/wp-content\/uploads\/2023\/11\/JULIO-CESAR-CANO-ALFAU.jpg?resize=350%2C200&ssl=1","width":350,"height":200,"srcset":"https:\/\/i0.wp.com\/lasprimeras.com.do\/wp-content\/uploads\/2023\/11\/JULIO-CESAR-CANO-ALFAU.jpg?resize=350%2C200&ssl=1 1x, https:\/\/i0.wp.com\/lasprimeras.com.do\/wp-content\/uploads\/2023\/11\/JULIO-CESAR-CANO-ALFAU.jpg?resize=525%2C300&ssl=1 1.5x, https:\/\/i0.wp.com\/lasprimeras.com.do\/wp-content\/uploads\/2023\/11\/JULIO-CESAR-CANO-ALFAU.jpg?resize=700%2C400&ssl=1 2x, https:\/\/i0.wp.com\/lasprimeras.com.do\/wp-content\/uploads\/2023\/11\/JULIO-CESAR-CANO-ALFAU.jpg?resize=1050%2C600&ssl=1 3x"},"classes":[]},{"id":102160,"url":"https:\/\/lasprimeras.com.do\/index.php\/2025\/07\/01\/danilo-medina-juramento-a-los-integrantes-de-los-tribunales-de-disciplina-y-etica-del-pld\/","url_meta":{"origin":116728,"position":5},"title":"Danilo Medina juramento a los integrantes de los Tribunales de Disciplina y \u00c9tica del PLD","author":"Nelson Feliz","date":"1 de julio de 2025","format":false,"excerpt":"\u201cQue su trabajo honre la historia del PLD, fortalezca nuestra institucionalidad y sirva de ejemplo para todo el sistema pol\u00edtico nacional.\u201d, sostuvo Alejandrina Germ\u00e1n El Partido de la Liberaci\u00f3n Dominicana (PLD) realiz\u00f3 hoy la Juramentaci\u00f3n Nacional de los miembros de los Tribunales de Disciplina y \u00c9tica en las provincias, municipios,\u2026","rel":"","context":"En \u00abPOLITICA\u00bb","block_context":{"text":"POLITICA","link":"https:\/\/lasprimeras.com.do\/index.php\/category\/politica\/"},"img":{"alt_text":"","src":"https:\/\/i0.wp.com\/lasprimeras.com.do\/wp-content\/uploads\/2025\/07\/Danilo-Medina-2.jpg?resize=350%2C200&ssl=1","width":350,"height":200,"srcset":"https:\/\/i0.wp.com\/lasprimeras.com.do\/wp-content\/uploads\/2025\/07\/Danilo-Medina-2.jpg?resize=350%2C200&ssl=1 1x, https:\/\/i0.wp.com\/lasprimeras.com.do\/wp-content\/uploads\/2025\/07\/Danilo-Medina-2.jpg?resize=525%2C300&ssl=1 1.5x, https:\/\/i0.wp.com\/lasprimeras.com.do\/wp-content\/uploads\/2025\/07\/Danilo-Medina-2.jpg?resize=700%2C400&ssl=1 2x"},"classes":[]}],"jetpack_sharing_enabled":true,"_links":{"self":[{"href":"https:\/\/lasprimeras.com.do\/index.php\/wp-json\/wp\/v2\/posts\/116728","targetHints":{"allow":["GET"]}}],"collection":[{"href":"https:\/\/lasprimeras.com.do\/index.php\/wp-json\/wp\/v2\/posts"}],"about":[{"href":"https:\/\/lasprimeras.com.do\/index.php\/wp-json\/wp\/v2\/types\/post"}],"author":[{"embeddable":true,"href":"https:\/\/lasprimeras.com.do\/index.php\/wp-json\/wp\/v2\/users\/10"}],"replies":[{"embeddable":true,"href":"https:\/\/lasprimeras.com.do\/index.php\/wp-json\/wp\/v2\/comments?post=116728"}],"version-history":[{"count":1,"href":"https:\/\/lasprimeras.com.do\/index.php\/wp-json\/wp\/v2\/posts\/116728\/revisions"}],"predecessor-version":[{"id":116730,"href":"https:\/\/lasprimeras.com.do\/index.php\/wp-json\/wp\/v2\/posts\/116728\/revisions\/116730"}],"wp:featuredmedia":[{"embeddable":true,"href":"https:\/\/lasprimeras.com.do\/index.php\/wp-json\/wp\/v2\/media\/116729"}],"wp:attachment":[{"href":"https:\/\/lasprimeras.com.do\/index.php\/wp-json\/wp\/v2\/media?parent=116728"}],"wp:term":[{"taxonomy":"category","embeddable":true,"href":"https:\/\/lasprimeras.com.do\/index.php\/wp-json\/wp\/v2\/categories?post=116728"},{"taxonomy":"post_tag","embeddable":true,"href":"https:\/\/lasprimeras.com.do\/index.php\/wp-json\/wp\/v2\/tags?post=116728"}],"curies":[{"name":"wp","href":"https:\/\/api.w.org\/{rel}","templated":true}]}}