{"id":116743,"date":"2025-12-03T17:37:40","date_gmt":"2025-12-03T21:37:40","guid":{"rendered":"https:\/\/lasprimeras.com.do\/?p=116743"},"modified":"2025-12-03T17:37:42","modified_gmt":"2025-12-03T21:37:42","slug":"richard-medina-estancamiento-economico-no-se-debe-a-factores-externos","status":"publish","type":"post","link":"https:\/\/lasprimeras.com.do\/index.php\/2025\/12\/03\/richard-medina-estancamiento-economico-no-se-debe-a-factores-externos\/","title":{"rendered":"Richard Medina: Estancamiento econ\u00f3mico no se debe a factores externos"},"content":{"rendered":"\n<p><strong>La Econom\u00eda dominicana \u201cluce en una situaci\u00f3n de par\u00e1lisis\u201d, afirma el economista Richard Medina, miembro del Comit\u00e9 Pol\u00edtico del PLD.<\/strong><\/p>\n\n\n\n<p>El economista Richard Medina, miembro del Comit\u00e9 Pol\u00edtico del Partido de la Liberaci\u00f3n Dominicana (PLD), al afirmar que la econom\u00eda de Rep\u00fablica Dominicana est\u00e1 creciendo muy poco, afirma que \u201cluce en una situaci\u00f3n de par\u00e1lisis\u201d.<\/p>\n\n\n\n<p>\u201cEl estancamiento dominicano no se debe principalmente a factores externos. Si as\u00ed fuera, la regi\u00f3n mostrar\u00eda desempe\u00f1os igualmente bajos, cuando hist\u00f3ricamente Rep\u00fablica Dominicana ha liderado el crecimiento\u201d, aclar\u00f3 Medina en un art\u00edculo publicado en los medios period\u00edsticos List\u00edn Diario y Vanguardia del Pueblo.<\/p>\n\n\n\n<p>Considera el tambi\u00e9n acad\u00e9mico que la debilidad se percibe m\u00e1s generalizada: bajo dinamismo del consumo privado, poco crecimiento de la inversi\u00f3n p\u00fablica y ca\u00edda de la formaci\u00f3n bruta de capital.<\/p>\n\n\n\n<p>\u201cEn 2025, el bajo crecimiento es una consecuencia de inversi\u00f3n p\u00fablica baja y muy concentrada en unos pocos proyectos de transporte o agua potable, as\u00ed como de menor actividad econ\u00f3mica privada luego del anuncio de la reforma fiscal de 2024\u201d, explica Richard Medina.<\/p>\n\n\n\n<p>Con la cr\u00edtica, el economista y dirigente pol\u00edtico, sugiere aumentar el gasto en obras p\u00fablicas de alto impacto social en cientos de comunidades del pa\u00eds, y aprovechar las tasas de inter\u00e9s m\u00e1s bajas para dinamizar la demanda.<\/p>\n\n\n\n<p>En su enfoque Richard Medina niega que el resultado del reducido crecimiento en octubre se debi\u00f3 al efecto de las lluvias.<\/p>\n","protected":false},"excerpt":{"rendered":"<p>La Econom\u00eda dominicana \u201cluce en una situaci\u00f3n de par\u00e1lisis\u201d, afirma el economista Richard Medina, miembro del Comit\u00e9 Pol\u00edtico del PLD. El economista Richard Medina, miembro del Comit\u00e9 Pol\u00edtico del Partido&hellip;<\/p>\n","protected":false},"author":10,"featured_media":105841,"comment_status":"open","ping_status":"open","sticky":false,"template":"","format":"standard","meta":{"content-type":"","jetpack_post_was_ever_published":false,"_jetpack_newsletter_access":"","_jetpack_dont_email_post_to_subs":false,"_jetpack_newsletter_tier_id":0,"_jetpack_memberships_contains_paywalled_content":false,"_jetpack_memberships_contains_paid_content":false,"footnotes":""},"categories":[16559,25],"tags":[1410,25362,28141,7825],"class_list":["post-116743","post","type-post","status-publish","format-standard","has-post-thumbnail","hentry","category-politica","category-portada","tag-economico","tag-estancamiento","tag-factores-externos","tag-richard-medina"],"jetpack_featured_media_url":"https:\/\/lasprimeras.com.do\/wp-content\/uploads\/2025\/08\/Richard-Medina.jpg","jetpack-related-posts":[{"id":105840,"url":"https:\/\/lasprimeras.com.do\/index.php\/2025\/08\/07\/richard-medina-republica-dominicana-con-reducido-crecimiento-economico\/","url_meta":{"origin":116743,"position":0},"title":"Richard Medina: Rep\u00fablica Dominicana con reducido crecimiento econ\u00f3mico","author":"Nelson Feliz","date":"7 de agosto de 2025","format":false,"excerpt":"\u201cLa econom\u00eda est\u00e1 desacelerada y sus efectos ya se sienten en los bolsillos de las familias y en las ventas de las empresas\u201d. El miembro del Comit\u00e9 Pol\u00edtico del Partido de la Liberaci\u00f3n Dominicana (PLD, economista Richard Medina, afirm\u00f3 que la econom\u00eda dominicana est\u00e1 dando muestras claras de bajo crecimiento,\u2026","rel":"","context":"En \u00abECONOM\u00cdA\u00bb","block_context":{"text":"ECONOM\u00cdA","link":"https:\/\/lasprimeras.com.do\/index.php\/category\/economia\/"},"img":{"alt_text":"","src":"https:\/\/i0.wp.com\/lasprimeras.com.do\/wp-content\/uploads\/2025\/08\/Richard-Medina.jpg?resize=350%2C200&ssl=1","width":350,"height":200,"srcset":"https:\/\/i0.wp.com\/lasprimeras.com.do\/wp-content\/uploads\/2025\/08\/Richard-Medina.jpg?resize=350%2C200&ssl=1 1x, https:\/\/i0.wp.com\/lasprimeras.com.do\/wp-content\/uploads\/2025\/08\/Richard-Medina.jpg?resize=525%2C300&ssl=1 1.5x, https:\/\/i0.wp.com\/lasprimeras.com.do\/wp-content\/uploads\/2025\/08\/Richard-Medina.jpg?resize=700%2C400&ssl=1 2x"},"classes":[]},{"id":113316,"url":"https:\/\/lasprimeras.com.do\/index.php\/2025\/10\/31\/richard-medina-se-reducen-las-perspectivas-de-crecimiento-de-la-economia\/","url_meta":{"origin":116743,"position":1},"title":"Richard Medina: Se reducen las perspectivas de crecimiento de la econom\u00eda","author":"Nelson Feliz","date":"31 de octubre de 2025","format":false,"excerpt":"El miembro del Comit\u00e9 Pol\u00edtico del Partido de la Liberaci\u00f3n Dominicana (PLD), economista Richard Medina, advirti\u00f3 que se est\u00e1 reduciendo la perspectiva de crecimiento para 2025, ya que la proyecci\u00f3n inicial estaba alrededor de 5% de crecimiento para 2025, y esta misma semana el Gobernador del Banco Central dijo que\u2026","rel":"","context":"En \u00abECONOM\u00cdA\u00bb","block_context":{"text":"ECONOM\u00cdA","link":"https:\/\/lasprimeras.com.do\/index.php\/category\/economia\/"},"img":{"alt_text":"Richard Medina","src":"https:\/\/i0.wp.com\/lasprimeras.com.do\/wp-content\/uploads\/2025\/10\/Richard-Medina.jpg?resize=350%2C200&ssl=1","width":350,"height":200,"srcset":"https:\/\/i0.wp.com\/lasprimeras.com.do\/wp-content\/uploads\/2025\/10\/Richard-Medina.jpg?resize=350%2C200&ssl=1 1x, https:\/\/i0.wp.com\/lasprimeras.com.do\/wp-content\/uploads\/2025\/10\/Richard-Medina.jpg?resize=525%2C300&ssl=1 1.5x, https:\/\/i0.wp.com\/lasprimeras.com.do\/wp-content\/uploads\/2025\/10\/Richard-Medina.jpg?resize=700%2C400&ssl=1 2x"},"classes":[]},{"id":119168,"url":"https:\/\/lasprimeras.com.do\/index.php\/2026\/01\/07\/richard-medina-bajo-gasto-de-capital-es-limitante-para-el-crecimiento-economico\/","url_meta":{"origin":116743,"position":2},"title":"Richard Medina: Bajo gasto de capital es limitante para el crecimiento econ\u00f3mico","author":"Nelson Feliz","date":"7 de enero de 2026","format":false,"excerpt":"Richard Medina","rel":"","context":"En \u00abECONOM\u00cdA\u00bb","block_context":{"text":"ECONOM\u00cdA","link":"https:\/\/lasprimeras.com.do\/index.php\/category\/economia\/"},"img":{"alt_text":"Richard Medina","src":"https:\/\/i0.wp.com\/lasprimeras.com.do\/wp-content\/uploads\/2026\/01\/Richard-Medina.jpg?resize=350%2C200&ssl=1","width":350,"height":200,"srcset":"https:\/\/i0.wp.com\/lasprimeras.com.do\/wp-content\/uploads\/2026\/01\/Richard-Medina.jpg?resize=350%2C200&ssl=1 1x, https:\/\/i0.wp.com\/lasprimeras.com.do\/wp-content\/uploads\/2026\/01\/Richard-Medina.jpg?resize=525%2C300&ssl=1 1.5x, https:\/\/i0.wp.com\/lasprimeras.com.do\/wp-content\/uploads\/2026\/01\/Richard-Medina.jpg?resize=700%2C400&ssl=1 2x"},"classes":[]},{"id":117423,"url":"https:\/\/lasprimeras.com.do\/index.php\/2025\/12\/10\/richard-medina-preve-crecimiento-economico-dificil-en-rd-en-el-primer-trimestre-de-2026\/","url_meta":{"origin":116743,"position":3},"title":"Richard Medina prev\u00e9 crecimiento econ\u00f3mico dif\u00edcil en RD en el primer trimestre de 2026","author":"Nelson Feliz","date":"10 de diciembre de 2025","format":false,"excerpt":"El economista Richard Medina, miembro del Comit\u00e9 Pol\u00edtico del Partido de la Liberaci\u00f3n Dominicana (PLD) prev\u00e9 un crecimiento econ\u00f3mico dif\u00edcil para el primer trimestre del pr\u00f3ximo a\u00f1o 2026 en Rep\u00fablica Dominicana (PLD). Medina al intervenir en el programa El Sol de la Ma\u00f1ana reiter\u00f3 que el ritmo de crecimiento no\u2026","rel":"","context":"En \u00abECONOM\u00cdA\u00bb","block_context":{"text":"ECONOM\u00cdA","link":"https:\/\/lasprimeras.com.do\/index.php\/category\/economia\/"},"img":{"alt_text":"Richard Medina","src":"https:\/\/i0.wp.com\/lasprimeras.com.do\/wp-content\/uploads\/2025\/04\/Richard-Medina.jpg?resize=350%2C200&ssl=1","width":350,"height":200,"srcset":"https:\/\/i0.wp.com\/lasprimeras.com.do\/wp-content\/uploads\/2025\/04\/Richard-Medina.jpg?resize=350%2C200&ssl=1 1x, https:\/\/i0.wp.com\/lasprimeras.com.do\/wp-content\/uploads\/2025\/04\/Richard-Medina.jpg?resize=525%2C300&ssl=1 1.5x, https:\/\/i0.wp.com\/lasprimeras.com.do\/wp-content\/uploads\/2025\/04\/Richard-Medina.jpg?resize=700%2C400&ssl=1 2x"},"classes":[]},{"id":120994,"url":"https:\/\/lasprimeras.com.do\/index.php\/2026\/01\/29\/richard-medina-la-reduccion-de-la-evasion-fiscal-debe-ser-un-reto-del-gobierno\/","url_meta":{"origin":116743,"position":4},"title":"Richard Medina: La reducci\u00f3n de la evasi\u00f3n fiscal debe ser un reto del Gobierno","author":"Nelson Feliz","date":"29 de enero de 2026","format":false,"excerpt":"Richard Medina","rel":"","context":"En \u00abECONOM\u00cdA\u00bb","block_context":{"text":"ECONOM\u00cdA","link":"https:\/\/lasprimeras.com.do\/index.php\/category\/economia\/"},"img":{"alt_text":"Richard Medina","src":"https:\/\/i0.wp.com\/lasprimeras.com.do\/wp-content\/uploads\/2026\/01\/Richard-Medina-1.jpg?resize=350%2C200&ssl=1","width":350,"height":200},"classes":[]},{"id":126086,"url":"https:\/\/lasprimeras.com.do\/index.php\/2026\/03\/29\/richard-medina-crisis-petrolera-encuentra-al-pais-con-el-peor-crecimiento-economico-en-15-anos\/","url_meta":{"origin":116743,"position":5},"title":"Richard Medina: Crisis petrolera encuentra al pa\u00eds con el peor crecimiento econ\u00f3mico en 15 a\u00f1os","author":"Nelson Feliz","date":"29 de marzo de 2026","format":false,"excerpt":"El miembro del Comit\u00e9 Pol\u00edtico del Partido de la Liberaci\u00f3n Dominicana (PLD), economista Richard Medina, considera, que ante de cargar el costo de la crisis sobre las familias dominicanas, el gobierno debe disponer de un plan de austeridad para mitigar esa crisis. \u201cEl gobierno primero debe apretarse el cintur\u00f3n, proponer\u2026","rel":"","context":"En \u00abECONOM\u00cdA\u00bb","block_context":{"text":"ECONOM\u00cdA","link":"https:\/\/lasprimeras.com.do\/index.php\/category\/economia\/"},"img":{"alt_text":"","src":"https:\/\/i0.wp.com\/lasprimeras.com.do\/wp-content\/uploads\/2025\/09\/Richard-Medina.jpg?resize=350%2C200&ssl=1","width":350,"height":200,"srcset":"https:\/\/i0.wp.com\/lasprimeras.com.do\/wp-content\/uploads\/2025\/09\/Richard-Medina.jpg?resize=350%2C200&ssl=1 1x, https:\/\/i0.wp.com\/lasprimeras.com.do\/wp-content\/uploads\/2025\/09\/Richard-Medina.jpg?resize=525%2C300&ssl=1 1.5x"},"classes":[]}],"jetpack_sharing_enabled":true,"_links":{"self":[{"href":"https:\/\/lasprimeras.com.do\/index.php\/wp-json\/wp\/v2\/posts\/116743","targetHints":{"allow":["GET"]}}],"collection":[{"href":"https:\/\/lasprimeras.com.do\/index.php\/wp-json\/wp\/v2\/posts"}],"about":[{"href":"https:\/\/lasprimeras.com.do\/index.php\/wp-json\/wp\/v2\/types\/post"}],"author":[{"embeddable":true,"href":"https:\/\/lasprimeras.com.do\/index.php\/wp-json\/wp\/v2\/users\/10"}],"replies":[{"embeddable":true,"href":"https:\/\/lasprimeras.com.do\/index.php\/wp-json\/wp\/v2\/comments?post=116743"}],"version-history":[{"count":1,"href":"https:\/\/lasprimeras.com.do\/index.php\/wp-json\/wp\/v2\/posts\/116743\/revisions"}],"predecessor-version":[{"id":116744,"href":"https:\/\/lasprimeras.com.do\/index.php\/wp-json\/wp\/v2\/posts\/116743\/revisions\/116744"}],"wp:featuredmedia":[{"embeddable":true,"href":"https:\/\/lasprimeras.com.do\/index.php\/wp-json\/wp\/v2\/media\/105841"}],"wp:attachment":[{"href":"https:\/\/lasprimeras.com.do\/index.php\/wp-json\/wp\/v2\/media?parent=116743"}],"wp:term":[{"taxonomy":"category","embeddable":true,"href":"https:\/\/lasprimeras.com.do\/index.php\/wp-json\/wp\/v2\/categories?post=116743"},{"taxonomy":"post_tag","embeddable":true,"href":"https:\/\/lasprimeras.com.do\/index.php\/wp-json\/wp\/v2\/tags?post=116743"}],"curies":[{"name":"wp","href":"https:\/\/api.w.org\/{rel}","templated":true}]}}