{"id":116745,"date":"2025-12-03T17:45:50","date_gmt":"2025-12-03T21:45:50","guid":{"rendered":"https:\/\/lasprimeras.com.do\/?p=116745"},"modified":"2025-12-03T17:45:51","modified_gmt":"2025-12-03T21:45:51","slug":"inabie-beneficia-a-mas-de-1300-estudiantes-de-cotui-en-jornada-de-salud-integral","status":"publish","type":"post","link":"https:\/\/lasprimeras.com.do\/index.php\/2025\/12\/03\/inabie-beneficia-a-mas-de-1300-estudiantes-de-cotui-en-jornada-de-salud-integral\/","title":{"rendered":"INABIE beneficia a m\u00e1s de 1,300 estudiantes de Cotu\u00ed en Jornada de Salud Integral"},"content":{"rendered":"\n<p><strong>Fueron ofrecidas atenciones en salud visual, auditiva, bucal, epidemiol\u00f3gica y nutrici\u00f3n<\/strong><\/p>\n\n\n\n<p>M\u00e1s de 1,300 estudiantes de distintos centros educativos fueron beneficiados en una Jornada de Salud Integral realizada por el Instituto Nacional de Bienestar Estudiantil (INABIE) en el Liceo Francisco Henr\u00edquez y Carvajal, como parte de la Ruta del Bienestar que impulsa la instituci\u00f3n en todo el pa\u00eds.<\/p>\n\n\n\n<p>En la jornada, desarrollada del 24 al 28 de noviembre de 2025, fueron ofrecidas atenciones en salud visual, auditiva, bucal, epidemiolog\u00eda y nutrici\u00f3n. Tambi\u00e9n incluy\u00f3 evaluaciones antropom\u00e9tricas de talla y peso para monitorear el estado nutricional de los estudiantes, fortaleciendo el acompa\u00f1amiento preventivo que la instituci\u00f3n brinda a la comunidad educativa.<\/p>\n\n\n\n<p>La actividad estuvo encabezada por el director ejecutivo del INABIE, Adolfo P\u00e9rez, quien valor\u00f3 positivamente la acogida de la comunidad y el impacto directo de estas intervenciones.<\/p>\n\n\n\n<p>\u201cCada jornada representa un paso firme hacia un sistema educativo m\u00e1s inclusivo y humano. Nos aseguramos de que los estudiantes reciban servicios de salud que muchas familias no pueden costear, porque su bienestar es esencial para aprender y permanecer en las aulas\u201d, afirm\u00f3.<\/p>\n\n\n\n<figure class=\"wp-block-image size-full\"><img decoding=\"async\" width=\"900\" height=\"599\" src=\"https:\/\/lasprimeras.com.do\/wp-content\/uploads\/2025\/12\/Salud-integral-.jpg\" alt=\"\" class=\"wp-image-116747\" srcset=\"https:\/\/lasprimeras.com.do\/wp-content\/uploads\/2025\/12\/Salud-integral-.jpg 900w, https:\/\/lasprimeras.com.do\/wp-content\/uploads\/2025\/12\/Salud-integral--300x200.jpg 300w, https:\/\/lasprimeras.com.do\/wp-content\/uploads\/2025\/12\/Salud-integral--768x511.jpg 768w\" sizes=\"(max-width: 900px) 100vw, 900px\" \/><\/figure>\n\n\n\n<p>Durante la jornada fueron atendidos estudiantes entre 5 y 19 a\u00f1os, procedentes del Liceo Francisco Henr\u00edquez y Carvajal, el Centro Educativo Salom\u00e9 Ure\u00f1a, la Escuela Cevicos y el Centro Educativo M\u00e9lida Garc\u00eda. Por \u00e1rea, se ofrecieron los siguientes servicios: Salud visual (434 estudiantes), salud auditiva (293), salud bucal (579) y epidemiolog\u00eda (677).<\/p>\n\n\n\n<p>La se\u00f1ora Marlene Alexandra Capell\u00e1n, madre de uno de los estudiantes beneficiados, destac\u00f3 el impacto emocional y econ\u00f3mico de estas acciones.<\/p>\n\n\n\n<p>\u201cEsta jornada es muy importante porque mi hijo recibi\u00f3 atenci\u00f3n bucal y le arreglaron un diente roto. Muchos padres no tenemos los recursos para llevar nuestros hijos al odont\u00f3logo. Por eso esto es un alivio enorme\u201d, expres\u00f3.<\/p>\n\n\n\n<p>En la actividad tambi\u00e9n estuvieron presentes la directora de la Regional 16 de Educaci\u00f3n, Virginia Suriel; el alcalde de Cotu\u00ed, Jos\u00e9 Eugenio Montilla; y el director del centro educativo, Mart\u00edn Bautista.<\/p>\n\n\n\n<p>Asimismo, acompa\u00f1aron al director ejecutivo, el subdirector general del INABIE, Luis Valdez; Santos Gervasio, encargado de Oficinas de Representaci\u00f3n Provincial; el director de Salud y Nutrici\u00f3n, Luis Lizardo; y el encargado provincial del INABIE en Cotu\u00ed, Juan Carlos Infante Mirambeaux.<\/p>\n\n\n\n<p>El INABIE inform\u00f3 que estas jornadas continuar\u00e1n desarroll\u00e1ndose en diferentes comunidades del pa\u00eds, con el objetivo de garantizar atenciones oportunas que contribuyan al bienestar estudiantil, a su permanencia en las aulas y a un proceso de aprendizaje m\u00e1s saludable.<\/p>\n","protected":false},"excerpt":{"rendered":"<p>Fueron ofrecidas atenciones en salud visual, auditiva, bucal, epidemiol\u00f3gica y nutrici\u00f3n M\u00e1s de 1,300 estudiantes de distintos centros educativos fueron beneficiados en una Jornada de Salud Integral realizada por el&hellip;<\/p>\n","protected":false},"author":10,"featured_media":116746,"comment_status":"open","ping_status":"open","sticky":false,"template":"","format":"standard","meta":{"content-type":"","jetpack_post_was_ever_published":false,"_jetpack_newsletter_access":"","_jetpack_dont_email_post_to_subs":false,"_jetpack_newsletter_tier_id":0,"_jetpack_memberships_contains_paywalled_content":false,"_jetpack_memberships_contains_paid_content":false,"footnotes":""},"categories":[16558],"tags":[3258,524,9338,28142],"class_list":["post-116745","post","type-post","status-publish","format-standard","has-post-thumbnail","hentry","category-salud","tag-cotui","tag-estudiantes","tag-inabie","tag-jornada-de-salud-integral"],"jetpack_featured_media_url":"https:\/\/lasprimeras.com.do\/wp-content\/uploads\/2025\/12\/Salud-integal.jpg","jetpack-related-posts":[{"id":125803,"url":"https:\/\/lasprimeras.com.do\/index.php\/2026\/03\/26\/inabie-pone-en-funcionamiento-nuevo-modulo-de-salud-bucal-en-sanchez\/","url_meta":{"origin":116745,"position":0},"title":"INABIE pone en funcionamiento nuevo m\u00f3dulo de salud bucal en S\u00e1nchez","author":"Nelson Feliz","date":"26 de marzo de 2026","format":false,"excerpt":"La instituci\u00f3n, adem\u00e1s, favoreci\u00f3 a los alumnos con atenciones de salud visual, auditiva y preventiva durante una jornada* El Instituto Nacional de Bienestar Estudiantil (INABIE) puso en funcionamiento un nuevo m\u00f3dulo de salud bucal en el Polit\u00e9cnico Gloria Mar\u00eda Calca\u00f1o de este municipio, con el prop\u00f3sito de impactar a m\u00e1s\u2026","rel":"","context":"En \u00abSALUD\u00bb","block_context":{"text":"SALUD","link":"https:\/\/lasprimeras.com.do\/index.php\/category\/salud\/"},"img":{"alt_text":"","src":"https:\/\/i0.wp.com\/lasprimeras.com.do\/wp-content\/uploads\/2026\/03\/IMG-20260326-WA0396.jpg?resize=350%2C200&ssl=1","width":350,"height":200,"srcset":"https:\/\/i0.wp.com\/lasprimeras.com.do\/wp-content\/uploads\/2026\/03\/IMG-20260326-WA0396.jpg?resize=350%2C200&ssl=1 1x, https:\/\/i0.wp.com\/lasprimeras.com.do\/wp-content\/uploads\/2026\/03\/IMG-20260326-WA0396.jpg?resize=525%2C300&ssl=1 1.5x, https:\/\/i0.wp.com\/lasprimeras.com.do\/wp-content\/uploads\/2026\/03\/IMG-20260326-WA0396.jpg?resize=700%2C400&ssl=1 2x, https:\/\/i0.wp.com\/lasprimeras.com.do\/wp-content\/uploads\/2026\/03\/IMG-20260326-WA0396.jpg?resize=1050%2C600&ssl=1 3x"},"classes":[]},{"id":124983,"url":"https:\/\/lasprimeras.com.do\/index.php\/2026\/03\/18\/inabie-entrega-124-lentes-a-estudiantes-en-puerto-plata\/","url_meta":{"origin":116745,"position":1},"title":"INABIE entrega 124 lentes a estudiantes en Puerto Plata","author":"Nelson Feliz","date":"18 de marzo de 2026","format":false,"excerpt":"Adem\u00e1s, benefici\u00f3 a los alumnos con 2,496 medicamentos esenciales y 395 kits de higiene bucal, como parte de las acciones de salud integral de su equipo m\u00e9dico. El Instituto Nacional de Bienestar Estudiantil (INABIE) realiz\u00f3 la entrega de 124 lentes correctivos a estudiantes del Distrito Educativo 11-02, como parte de\u2026","rel":"","context":"En \u00abSALUD\u00bb","block_context":{"text":"SALUD","link":"https:\/\/lasprimeras.com.do\/index.php\/category\/salud\/"},"img":{"alt_text":"","src":"https:\/\/i0.wp.com\/lasprimeras.com.do\/wp-content\/uploads\/2026\/03\/INABIE-entrega-124-lentes-correctivos-a-estudiantes-del-Distrito-Educativo-11-02-de-Puerto-Plata.jpg?resize=350%2C200&ssl=1","width":350,"height":200,"srcset":"https:\/\/i0.wp.com\/lasprimeras.com.do\/wp-content\/uploads\/2026\/03\/INABIE-entrega-124-lentes-correctivos-a-estudiantes-del-Distrito-Educativo-11-02-de-Puerto-Plata.jpg?resize=350%2C200&ssl=1 1x, https:\/\/i0.wp.com\/lasprimeras.com.do\/wp-content\/uploads\/2026\/03\/INABIE-entrega-124-lentes-correctivos-a-estudiantes-del-Distrito-Educativo-11-02-de-Puerto-Plata.jpg?resize=525%2C300&ssl=1 1.5x, https:\/\/i0.wp.com\/lasprimeras.com.do\/wp-content\/uploads\/2026\/03\/INABIE-entrega-124-lentes-correctivos-a-estudiantes-del-Distrito-Educativo-11-02-de-Puerto-Plata.jpg?resize=700%2C400&ssl=1 2x"},"classes":[]},{"id":123594,"url":"https:\/\/lasprimeras.com.do\/index.php\/2026\/03\/03\/inabie-beneficia-a-mas-de-800-estudiantes-de-puerto-plata-con-atenciones-medicas\/","url_meta":{"origin":116745,"position":2},"title":"INABIE beneficia a m\u00e1s de 800 estudiantes de Puerto Plata con atenciones m\u00e9dicas","author":"Nelson Feliz","date":"3 de marzo de 2026","format":false,"excerpt":"Recibieron servicios de salud bucal, auditiva, visual y preventiva, como parte del cuidado de su bienestar El Instituto Nacional de Bienestar Estudiantil (INABIE) benefici\u00f3 con atenciones m\u00e9dicas a m\u00e1s de 800 estudiantes, de entre 5 y 19 a\u00f1os, de esta provincia durante una jornada de salud integral realizada en el\u2026","rel":"","context":"En \u00abSALUD\u00bb","block_context":{"text":"SALUD","link":"https:\/\/lasprimeras.com.do\/index.php\/category\/salud\/"},"img":{"alt_text":"","src":"https:\/\/i0.wp.com\/lasprimeras.com.do\/wp-content\/uploads\/2026\/03\/INABIE-beneficia-a-mas-de-800-estudiantes-de-Puerto-Plata.jpg?resize=350%2C200&ssl=1","width":350,"height":200,"srcset":"https:\/\/i0.wp.com\/lasprimeras.com.do\/wp-content\/uploads\/2026\/03\/INABIE-beneficia-a-mas-de-800-estudiantes-de-Puerto-Plata.jpg?resize=350%2C200&ssl=1 1x, https:\/\/i0.wp.com\/lasprimeras.com.do\/wp-content\/uploads\/2026\/03\/INABIE-beneficia-a-mas-de-800-estudiantes-de-Puerto-Plata.jpg?resize=525%2C300&ssl=1 1.5x, https:\/\/i0.wp.com\/lasprimeras.com.do\/wp-content\/uploads\/2026\/03\/INABIE-beneficia-a-mas-de-800-estudiantes-de-Puerto-Plata.jpg?resize=700%2C400&ssl=1 2x"},"classes":[]},{"id":129046,"url":"https:\/\/lasprimeras.com.do\/index.php\/2026\/04\/29\/inabie-interviene-sabana-perdida-con-jornada-de-salud-en-beneficio-de-mas-de-1000-estudiantes\/","url_meta":{"origin":116745,"position":3},"title":"INABIE interviene Sabana Perdida con jornada de salud en beneficio de m\u00e1s de 1,000 estudiantes","author":"Nelson Feliz","date":"29 de abril de 2026","format":false,"excerpt":"El director de la entidad destac\u00f3 que tienen planificado brindar este a\u00f1o servicios m\u00e9dicos a m\u00e1s de medio mill\u00f3n de preuniversitarios. El Instituto Nacional de Bienestar Estudiantil\u00a0(INABIE)\u00a0lleva a cabo una\u00a0jornada de salud integral\u00a0en\u00a0Sabana Perdida, para beneficiar a\u00a0m\u00e1s de 1,000 estudiantes\u00a0de distintos centros educativos, como parte de sus esfuerzos por fortalecer\u2026","rel":"","context":"En \u00abSALUD\u00bb","block_context":{"text":"SALUD","link":"https:\/\/lasprimeras.com.do\/index.php\/category\/salud\/"},"img":{"alt_text":"","src":"https:\/\/i0.wp.com\/lasprimeras.com.do\/wp-content\/uploads\/2026\/04\/El-INABIE-interviene-Sabana-Perd.jpg?resize=350%2C200&ssl=1","width":350,"height":200,"srcset":"https:\/\/i0.wp.com\/lasprimeras.com.do\/wp-content\/uploads\/2026\/04\/El-INABIE-interviene-Sabana-Perd.jpg?resize=350%2C200&ssl=1 1x, https:\/\/i0.wp.com\/lasprimeras.com.do\/wp-content\/uploads\/2026\/04\/El-INABIE-interviene-Sabana-Perd.jpg?resize=525%2C300&ssl=1 1.5x, https:\/\/i0.wp.com\/lasprimeras.com.do\/wp-content\/uploads\/2026\/04\/El-INABIE-interviene-Sabana-Perd.jpg?resize=700%2C400&ssl=1 2x, https:\/\/i0.wp.com\/lasprimeras.com.do\/wp-content\/uploads\/2026\/04\/El-INABIE-interviene-Sabana-Perd.jpg?resize=1050%2C600&ssl=1 3x"},"classes":[]},{"id":100575,"url":"https:\/\/lasprimeras.com.do\/index.php\/2025\/06\/08\/inabie-amplio-su-cobertura-de-salud-con-mas-de-146-mil-estudiantes-atendidos\/","url_meta":{"origin":116745,"position":4},"title":"INABIE ampli\u00f3 su cobertura de salud con m\u00e1s de 146 mil estudiantes atendidos","author":"Nelson Feliz","date":"8 de junio de 2025","format":false,"excerpt":"El Instituto Nacional de Bienestar Estudiantil (INABIE) ofreci\u00f3 atenci\u00f3n m\u00e9dica directa a 146,066 estudiantes del sistema educativo p\u00fablico nacional durante el per\u00edodo comprendido entre agosto de 2024 y mayo de 2025. Estas atenciones, ofrecidas de forma gratuita en la sede del instituto y a trav\u00e9s de jornadas en centros educativos,\u2026","rel":"","context":"En \u00abSALUD\u00bb","block_context":{"text":"SALUD","link":"https:\/\/lasprimeras.com.do\/index.php\/category\/salud\/"},"img":{"alt_text":"","src":"https:\/\/i0.wp.com\/lasprimeras.com.do\/wp-content\/uploads\/2025\/06\/SALUD-AUDITIVA.jpg?resize=350%2C200&ssl=1","width":350,"height":200,"srcset":"https:\/\/i0.wp.com\/lasprimeras.com.do\/wp-content\/uploads\/2025\/06\/SALUD-AUDITIVA.jpg?resize=350%2C200&ssl=1 1x, https:\/\/i0.wp.com\/lasprimeras.com.do\/wp-content\/uploads\/2025\/06\/SALUD-AUDITIVA.jpg?resize=525%2C300&ssl=1 1.5x, https:\/\/i0.wp.com\/lasprimeras.com.do\/wp-content\/uploads\/2025\/06\/SALUD-AUDITIVA.jpg?resize=700%2C400&ssl=1 2x"},"classes":[]},{"id":119081,"url":"https:\/\/lasprimeras.com.do\/index.php\/2026\/01\/06\/inabie-brinda-atencion-en-salud-a-mas-de-311000-estudiantes-en-2025\/","url_meta":{"origin":116745,"position":5},"title":"INABIE brinda atenci\u00f3n en salud a m\u00e1s de 311,000 estudiantes en 2025","author":"Nelson Feliz","date":"6 de enero de 2026","format":false,"excerpt":"Las acciones impactaron a m\u00e1s de 2.1 millones de beneficiarios y contribuyeron a reducir el gasto familiar y avanzar hacia el objetivo de Hambre Cero. El Instituto Nacional de Bienestar Estudiantil (INABIE) consolid\u00f3 en 2025 su impacto social al superar por segundo a\u00f1o consecutivo, los 1,000 millones de raciones alimenticias\u2026","rel":"","context":"En \u00abECONOM\u00cdA\u00bb","block_context":{"text":"ECONOM\u00cdA","link":"https:\/\/lasprimeras.com.do\/index.php\/category\/economia\/"},"img":{"alt_text":"INABIE","src":"https:\/\/i0.wp.com\/lasprimeras.com.do\/wp-content\/uploads\/2026\/01\/INABIE.jpg?resize=350%2C200&ssl=1","width":350,"height":200,"srcset":"https:\/\/i0.wp.com\/lasprimeras.com.do\/wp-content\/uploads\/2026\/01\/INABIE.jpg?resize=350%2C200&ssl=1 1x, https:\/\/i0.wp.com\/lasprimeras.com.do\/wp-content\/uploads\/2026\/01\/INABIE.jpg?resize=525%2C300&ssl=1 1.5x, https:\/\/i0.wp.com\/lasprimeras.com.do\/wp-content\/uploads\/2026\/01\/INABIE.jpg?resize=700%2C400&ssl=1 2x"},"classes":[]}],"jetpack_sharing_enabled":true,"_links":{"self":[{"href":"https:\/\/lasprimeras.com.do\/index.php\/wp-json\/wp\/v2\/posts\/116745","targetHints":{"allow":["GET"]}}],"collection":[{"href":"https:\/\/lasprimeras.com.do\/index.php\/wp-json\/wp\/v2\/posts"}],"about":[{"href":"https:\/\/lasprimeras.com.do\/index.php\/wp-json\/wp\/v2\/types\/post"}],"author":[{"embeddable":true,"href":"https:\/\/lasprimeras.com.do\/index.php\/wp-json\/wp\/v2\/users\/10"}],"replies":[{"embeddable":true,"href":"https:\/\/lasprimeras.com.do\/index.php\/wp-json\/wp\/v2\/comments?post=116745"}],"version-history":[{"count":1,"href":"https:\/\/lasprimeras.com.do\/index.php\/wp-json\/wp\/v2\/posts\/116745\/revisions"}],"predecessor-version":[{"id":116748,"href":"https:\/\/lasprimeras.com.do\/index.php\/wp-json\/wp\/v2\/posts\/116745\/revisions\/116748"}],"wp:featuredmedia":[{"embeddable":true,"href":"https:\/\/lasprimeras.com.do\/index.php\/wp-json\/wp\/v2\/media\/116746"}],"wp:attachment":[{"href":"https:\/\/lasprimeras.com.do\/index.php\/wp-json\/wp\/v2\/media?parent=116745"}],"wp:term":[{"taxonomy":"category","embeddable":true,"href":"https:\/\/lasprimeras.com.do\/index.php\/wp-json\/wp\/v2\/categories?post=116745"},{"taxonomy":"post_tag","embeddable":true,"href":"https:\/\/lasprimeras.com.do\/index.php\/wp-json\/wp\/v2\/tags?post=116745"}],"curies":[{"name":"wp","href":"https:\/\/api.w.org\/{rel}","templated":true}]}}