{"id":116749,"date":"2025-12-03T17:52:20","date_gmt":"2025-12-03T21:52:20","guid":{"rendered":"https:\/\/lasprimeras.com.do\/?p=116749"},"modified":"2025-12-03T17:52:21","modified_gmt":"2025-12-03T21:52:21","slug":"el-conep-y-pnud-reconocen-19-iniciativas-empresariales-en-la-quinta-edicion-del-catalogo-de-practicas-prometedoras","status":"publish","type":"post","link":"https:\/\/lasprimeras.com.do\/index.php\/2025\/12\/03\/el-conep-y-pnud-reconocen-19-iniciativas-empresariales-en-la-quinta-edicion-del-catalogo-de-practicas-prometedoras\/","title":{"rendered":"El CONEP y PNUD reconocen 19 iniciativas empresariales en la quinta edici\u00f3n del Cat\u00e1logo de Pr\u00e1cticas Prometedoras"},"content":{"rendered":"\n<p>El Consejo Nacional de la Empresa Privada (CONEP) y el Programa de las Naciones Unidas para el Desarrollo (PNUD) presentaron la quinta edici\u00f3n del Cat\u00e1logo de Pr\u00e1cticas Prometedoras, reconociendo 19 iniciativas empresariales que elevan el est\u00e1ndar nacional en sostenibilidad, innovaci\u00f3n y desarrollo humano.<\/p>\n\n\n\n<p>Durante el acto, el presidente del CONEP, Celso J. Marranzini, resalt\u00f3 que \u201cla sostenibilidad no es un complemento en la agenda empresarial, sino el coraz\u00f3n de la competitividad moderna\u201d, y que el cat\u00e1logo evidencia que \u201cel sector privado dominicano es m\u00e1s que un motor econ\u00f3mico: es un agente de transformaci\u00f3n capaz de generar cambios reales en la vida de las personas\u201d.<\/p>\n\n\n\n<p>En tanto que, la representante residente del PNUD, Ana Mar\u00eda D\u00edaz, destac\u00f3: \u201cLas pr\u00e1cticas prometedoras reconocidas a lo largo de las cinco ediciones representan una contribuci\u00f3n acumulada de 4,500 millones de d\u00f3lares, colocando a la Rep\u00fablica Dominicana a la vanguardia de la gesti\u00f3n empresarial orientada al impacto y el desarrollo sostenible en la regi\u00f3n de Am\u00e9rica Latina y el Caribe\u201d.<\/p>\n\n\n\n<p>En el \u00e1mbito de Modelo de Negocio fueron reconocidas las iniciativas: Programa de inclusi\u00f3n financiera para bancarizar a poblaci\u00f3n vulnerable de la Asociaci\u00f3n Cibao de Ahorros y Pr\u00e9stamos; Fomenta Pymes Banreservas del Banco de Reservas; Bienestar Integral del Banco Popular; Colmado Verde de la Cervecer\u00eda Nacional Dominicana.<\/p>\n\n\n\n<p>Adem\u00e1s, Programa para la Gesti\u00f3n Integral de Residuos El\u00e9ctricos y Electr\u00f3nicos de Claro Dominicana; Aumento de la Eficiencia Energ\u00e9tica mediante la instalaci\u00f3n del Sistema Fogging de Compa\u00f1\u00eda de Electricidad de San Pedro de Macor\u00eds (Energas); Sistema Integrado de vigilancia y control fitosanitario de la ca\u00f1a de az\u00facar de Consorcio Azucarero de Empresas Industriales (CAEI); CEPM Zero del Consorcio Energ\u00e9tico Punta Cana Macao (CEPM); Parque Solar Esperanza de Empresa Generadora de Electricidad Haina (EGE Haina) y Energ\u00eda Renovable y Producci\u00f3n Sostenible: El modelo innovador de Hacienda Rivera.<\/p>\n\n\n\n<p>Asimismo, en la categor\u00eda de Micro y Peque\u00f1as Empresas fueron reconocidas: Greenfeed Bypass Protein: Innovaci\u00f3n en Nutrici\u00f3n Animal sostenible de Greenfeed Dominicana; Ruta Verde de Ingenieros y Asociados Arq. Francisco Veras; Feria Financiera: Finanzas con Cucharitas de Economics Data KGLC, SRL y Our Flavour Snacks de Four-Union.<\/p>\n\n\n\n<p>En la categor\u00eda de Responsabilidad Social Corporativa se reconocieron Fabricaci\u00f3n de Mantas de coco para rehabilitaci\u00f3n de suelo de Barrick Pueblo Viejo; EducaSID, para un mejor futuro de Grupo SID; Proyecto de Protecci\u00f3n y conservaci\u00f3n de tortugas marinas de HIT Puerto R\u00edo Haina; Alerta Rosada de Mapfre Rep\u00fablica Dominicana y el Programa de reproducci\u00f3n de plantas nativas y end\u00e9micas amenazadas de Fundaci\u00f3n Cap Cana.<\/p>\n\n\n\n<p>Al finalizar, Cesar Dargam, vicepresidente ejecutivo del CONEP, destac\u00f3 que, al sumar esfuerzos y apostar por un desarrollo responsable y planificado, adem\u00e1s de avanzar hacia los ODS, se construye una Rep\u00fablica Dominicana m\u00e1s fuerte, justa, competitiva y resiliente ante los desaf\u00edos y oportunidades del siglo XXI.<\/p>\n\n\n\n<p>\ufeffLa presentaci\u00f3n de esta nueva edici\u00f3n tambi\u00e9n sirvi\u00f3 de espacio para la firma de un nuevo memor\u00e1ndum de entendimiento donde PNUD y CONEP renuevan su alianza estrat\u00e9gica.<\/p>\n","protected":false},"excerpt":{"rendered":"<p>El Consejo Nacional de la Empresa Privada (CONEP) y el Programa de las Naciones Unidas para el Desarrollo (PNUD) presentaron la quinta edici\u00f3n del Cat\u00e1logo de Pr\u00e1cticas Prometedoras, reconociendo 19&hellip;<\/p>\n","protected":false},"author":10,"featured_media":116750,"comment_status":"open","ping_status":"open","sticky":false,"template":"","format":"standard","meta":{"content-type":"","jetpack_post_was_ever_published":false,"_jetpack_newsletter_access":"","_jetpack_dont_email_post_to_subs":false,"_jetpack_newsletter_tier_id":0,"_jetpack_memberships_contains_paywalled_content":false,"_jetpack_memberships_contains_paid_content":false,"footnotes":""},"categories":[39,25],"tags":[28143,512,6063,2968,4746],"class_list":["post-116749","post","type-post","status-publish","format-standard","has-post-thumbnail","hentry","category-economia","category-portada","tag-catalogo-de-practicas-prometedoras","tag-conep","tag-empresariales","tag-iniciativas","tag-pnud"],"jetpack_featured_media_url":"https:\/\/lasprimeras.com.do\/wp-content\/uploads\/2025\/12\/CONEP-y-PNUD.jpg","jetpack-related-posts":[{"id":116754,"url":"https:\/\/lasprimeras.com.do\/index.php\/2025\/12\/03\/programa-fomenta-pymes-banreservas-es-reconocido-como-modelo-de-negocio\/","url_meta":{"origin":116749,"position":0},"title":"Programa Fomenta Pymes Banreservas es reconocido como modelo de negocio","author":"Nelson Feliz","date":"3 de diciembre de 2025","format":false,"excerpt":"Juan Carlos Garc\u00eda; director senior de Pymes Banreservas, y Raquel Giraldez, directora de Sostenibilidad y Responsabilidad Social, reciben reconocimiento por programa Fomenta Pymes. Les entregan, desde la izquierda, Ana Mar\u00eda D\u00edaz, representante residente del PNUD; Pa\u00edno Henr\u00edquez, ministro de Medio Ambiente; Celso Juan Marranzini, presidente del CONEP; y C\u00e9sar Dargam,\u2026","rel":"","context":"En \u00abECONOM\u00cdA\u00bb","block_context":{"text":"ECONOM\u00cdA","link":"https:\/\/lasprimeras.com.do\/index.php\/category\/economia\/"},"img":{"alt_text":"Juan Carlos Garc\u00eda; director senior de Pymes Banreservas, y Raquel Giraldez, directora de Sostenibilidad y Responsabilidad Social, reciben reconocimiento por programa Fomenta Pymes. Les entregan, desde la izquierda, Ana Mar\u00eda D\u00edaz, representante residente del PNUD; Pa\u00edno Henr\u00edquez, ministro de Medio Ambiente; Celso Juan Marranzini, presidente del CONEP; y C\u00e9sar Dargam, vicepresidente ejecutivo del CONEP","src":"https:\/\/i0.wp.com\/lasprimeras.com.do\/wp-content\/uploads\/2025\/12\/BANRESERVAS.jpg?resize=350%2C200&ssl=1","width":350,"height":200,"srcset":"https:\/\/i0.wp.com\/lasprimeras.com.do\/wp-content\/uploads\/2025\/12\/BANRESERVAS.jpg?resize=350%2C200&ssl=1 1x, https:\/\/i0.wp.com\/lasprimeras.com.do\/wp-content\/uploads\/2025\/12\/BANRESERVAS.jpg?resize=525%2C300&ssl=1 1.5x, https:\/\/i0.wp.com\/lasprimeras.com.do\/wp-content\/uploads\/2025\/12\/BANRESERVAS.jpg?resize=700%2C400&ssl=1 2x"},"classes":[]},{"id":97390,"url":"https:\/\/lasprimeras.com.do\/index.php\/2025\/04\/19\/pnud-pucmm-y-fundacion-popular-capacitan-a-mas-de-80-lideres-empresariales\/","url_meta":{"origin":116749,"position":1},"title":"PNUD, PUCMM y Fundaci\u00f3n Popular capacitan a m\u00e1s de 80 l\u00edderes empresariales","author":"Nelson Feliz","date":"19 de abril de 2025","format":false,"excerpt":"Iniciativa busca fortalecer la contribuci\u00f3n del sector privado a los Objetivos de Desarrollo Sostenible (ODS). El Programa de las Naciones Unidas para el Desarrollo (PNUD), la Pontificia Universidad Cat\u00f3lica Madre y Maestra (PUCMM), y la Fundaci\u00f3n Popular, a trav\u00e9s de su C\u00e1tedra de Sostenibilidad \u201cAlejandro E. Grull\u00f3n E.\u201d, capacitaron a\u2026","rel":"","context":"En \u00abECONOM\u00cdA\u00bb","block_context":{"text":"ECONOM\u00cdA","link":"https:\/\/lasprimeras.com.do\/index.php\/category\/economia\/"},"img":{"alt_text":"","src":"https:\/\/i0.wp.com\/lasprimeras.com.do\/wp-content\/uploads\/2025\/04\/pnud.jpg?resize=350%2C200&ssl=1","width":350,"height":200,"srcset":"https:\/\/i0.wp.com\/lasprimeras.com.do\/wp-content\/uploads\/2025\/04\/pnud.jpg?resize=350%2C200&ssl=1 1x, https:\/\/i0.wp.com\/lasprimeras.com.do\/wp-content\/uploads\/2025\/04\/pnud.jpg?resize=525%2C300&ssl=1 1.5x, https:\/\/i0.wp.com\/lasprimeras.com.do\/wp-content\/uploads\/2025\/04\/pnud.jpg?resize=700%2C400&ssl=1 2x"},"classes":[]},{"id":84993,"url":"https:\/\/lasprimeras.com.do\/index.php\/2024\/06\/20\/omar-fernandez-y-conep-pasan-balance-a-propuestas-estrategicas-de-reformas\/","url_meta":{"origin":116749,"position":2},"title":"Omar Fern\u00e1ndez y CONEP pasan balance a propuestas estrat\u00e9gicas de reformas","author":"Nelson Feliz","date":"20 de junio de 2024","format":false,"excerpt":"El diputado y senador electo de la Fuerza del Pueblo (FP) por el Distrito Nacional, Omar Fern\u00e1ndez, se reuni\u00f3 con el presidente y vicepresidente ejecutivo del Consejo Nacional de la Empresa Privada (Conep), en el que presentaron al legislador de la principal plaza pol\u00edtica del pa\u00eds. La visi\u00f3n del sector\u2026","rel":"","context":"En \u00abPORTADA\u00bb","block_context":{"text":"PORTADA","link":"https:\/\/lasprimeras.com.do\/index.php\/category\/portada\/"},"img":{"alt_text":"Omar Fern\u00e1ndez","src":"https:\/\/i0.wp.com\/lasprimeras.com.do\/wp-content\/uploads\/2024\/06\/Omar-Fernandez-2.jpg?resize=350%2C200&ssl=1","width":350,"height":200,"srcset":"https:\/\/i0.wp.com\/lasprimeras.com.do\/wp-content\/uploads\/2024\/06\/Omar-Fernandez-2.jpg?resize=350%2C200&ssl=1 1x, https:\/\/i0.wp.com\/lasprimeras.com.do\/wp-content\/uploads\/2024\/06\/Omar-Fernandez-2.jpg?resize=525%2C300&ssl=1 1.5x"},"classes":[]},{"id":117080,"url":"https:\/\/lasprimeras.com.do\/index.php\/2025\/12\/07\/conep-pide-investigacion-imparcial-y-respeto-al-debido-proceso-en-caso-senasa\/","url_meta":{"origin":116749,"position":3},"title":"Conep pide investigaci\u00f3n imparcial y respeto al debido proceso en caso Senasa","author":"Nelson Feliz","date":"7 de diciembre de 2025","format":false,"excerpt":"La entidad empresarial conden\u00f3 cualquier acci\u00f3n il\u00edcita que afecte los recursos p\u00fablicos y la confianza de la ciudadan\u00eda. El Consejo Nacional de la Empresa Privada (Conep) llam\u00f3 a que las investigaciones sobre los presuntos actos de corrupci\u00f3n en el Seguro Nacional de Salud (Senasa) se realicen con \"rigor, transparencia e\u2026","rel":"","context":"En \u00abECONOM\u00cdA\u00bb","block_context":{"text":"ECONOM\u00cdA","link":"https:\/\/lasprimeras.com.do\/index.php\/category\/economia\/"},"img":{"alt_text":"Conep","src":"https:\/\/i0.wp.com\/lasprimeras.com.do\/wp-content\/uploads\/2025\/12\/Conep.jpg?resize=350%2C200&ssl=1","width":350,"height":200,"srcset":"https:\/\/i0.wp.com\/lasprimeras.com.do\/wp-content\/uploads\/2025\/12\/Conep.jpg?resize=350%2C200&ssl=1 1x, https:\/\/i0.wp.com\/lasprimeras.com.do\/wp-content\/uploads\/2025\/12\/Conep.jpg?resize=525%2C300&ssl=1 1.5x"},"classes":[]},{"id":113753,"url":"https:\/\/lasprimeras.com.do\/index.php\/2025\/11\/05\/el-conep-critica-rechazo-de-los-diputados-a-discutir-la-cesantia-laboral\/","url_meta":{"origin":116749,"position":4},"title":"El Conep critica rechazo de los diputados a discutir la cesant\u00eda laboral","author":"Nelson Feliz","date":"5 de noviembre de 2025","format":false,"excerpt":"C\u00e9sar Dargam afirm\u00f3 que las iniciativas presentadas por el sector empresarial no afectan los derechos adquiridos de los trabajadores El vicepresidente ejecutivo del Consejo Nacional de la Empresa Privada (Conep), C\u00e9sar Dargam, expres\u00f3 su preocupaci\u00f3n por la negativa de algunos sectores en la C\u00e1mara de Diputados a debatir t\u00e9cnicamente las\u2026","rel":"","context":"En \u00abECONOM\u00cdA\u00bb","block_context":{"text":"ECONOM\u00cdA","link":"https:\/\/lasprimeras.com.do\/index.php\/category\/economia\/"},"img":{"alt_text":"C\u00e9sar Dargam","src":"https:\/\/i0.wp.com\/lasprimeras.com.do\/wp-content\/uploads\/2024\/01\/Cesar-Dargam.jpeg?resize=350%2C200&ssl=1","width":350,"height":200,"srcset":"https:\/\/i0.wp.com\/lasprimeras.com.do\/wp-content\/uploads\/2024\/01\/Cesar-Dargam.jpeg?resize=350%2C200&ssl=1 1x, https:\/\/i0.wp.com\/lasprimeras.com.do\/wp-content\/uploads\/2024\/01\/Cesar-Dargam.jpeg?resize=525%2C300&ssl=1 1.5x, https:\/\/i0.wp.com\/lasprimeras.com.do\/wp-content\/uploads\/2024\/01\/Cesar-Dargam.jpeg?resize=700%2C400&ssl=1 2x"},"classes":[]},{"id":84319,"url":"https:\/\/lasprimeras.com.do\/index.php\/2024\/06\/06\/conep-propone-un-pacto-nacional-para-blindar-el-desarrollo-del-pais-2\/","url_meta":{"origin":116749,"position":5},"title":"Conep propone un pacto nacional para blindar el desarrollo del pa\u00eds","author":"Nelson Feliz","date":"6 de junio de 2024","format":false,"excerpt":"Celso\u00a0Juan\u00a0Marranzini, presidente del Consejo Nacional de la Empresa Privada (Conep), hizo un llamado al liderazgo pol\u00edtico, social y empresarial para firmar un pacto con el objetivo de concretar las transformaciones que necesita el pa\u00eds. El l\u00edder de la entidad empresarial considera que la posible\u00a0reformafiscal\u00a0debe ser producto de un proceso de\u2026","rel":"","context":"En \u00abNACIONALES\u00bb","block_context":{"text":"NACIONALES","link":"https:\/\/lasprimeras.com.do\/index.php\/category\/nacionales\/"},"img":{"alt_text":"","src":"https:\/\/i0.wp.com\/lasprimeras.com.do\/wp-content\/uploads\/2024\/06\/fotografia_principal-1.jpeg?resize=350%2C200&ssl=1","width":350,"height":200,"srcset":"https:\/\/i0.wp.com\/lasprimeras.com.do\/wp-content\/uploads\/2024\/06\/fotografia_principal-1.jpeg?resize=350%2C200&ssl=1 1x, https:\/\/i0.wp.com\/lasprimeras.com.do\/wp-content\/uploads\/2024\/06\/fotografia_principal-1.jpeg?resize=525%2C300&ssl=1 1.5x, https:\/\/i0.wp.com\/lasprimeras.com.do\/wp-content\/uploads\/2024\/06\/fotografia_principal-1.jpeg?resize=700%2C400&ssl=1 2x"},"classes":[]}],"jetpack_sharing_enabled":true,"_links":{"self":[{"href":"https:\/\/lasprimeras.com.do\/index.php\/wp-json\/wp\/v2\/posts\/116749","targetHints":{"allow":["GET"]}}],"collection":[{"href":"https:\/\/lasprimeras.com.do\/index.php\/wp-json\/wp\/v2\/posts"}],"about":[{"href":"https:\/\/lasprimeras.com.do\/index.php\/wp-json\/wp\/v2\/types\/post"}],"author":[{"embeddable":true,"href":"https:\/\/lasprimeras.com.do\/index.php\/wp-json\/wp\/v2\/users\/10"}],"replies":[{"embeddable":true,"href":"https:\/\/lasprimeras.com.do\/index.php\/wp-json\/wp\/v2\/comments?post=116749"}],"version-history":[{"count":1,"href":"https:\/\/lasprimeras.com.do\/index.php\/wp-json\/wp\/v2\/posts\/116749\/revisions"}],"predecessor-version":[{"id":116751,"href":"https:\/\/lasprimeras.com.do\/index.php\/wp-json\/wp\/v2\/posts\/116749\/revisions\/116751"}],"wp:featuredmedia":[{"embeddable":true,"href":"https:\/\/lasprimeras.com.do\/index.php\/wp-json\/wp\/v2\/media\/116750"}],"wp:attachment":[{"href":"https:\/\/lasprimeras.com.do\/index.php\/wp-json\/wp\/v2\/media?parent=116749"}],"wp:term":[{"taxonomy":"category","embeddable":true,"href":"https:\/\/lasprimeras.com.do\/index.php\/wp-json\/wp\/v2\/categories?post=116749"},{"taxonomy":"post_tag","embeddable":true,"href":"https:\/\/lasprimeras.com.do\/index.php\/wp-json\/wp\/v2\/tags?post=116749"}],"curies":[{"name":"wp","href":"https:\/\/api.w.org\/{rel}","templated":true}]}}