{"id":116754,"date":"2025-12-03T18:10:31","date_gmt":"2025-12-03T22:10:31","guid":{"rendered":"https:\/\/lasprimeras.com.do\/?p=116754"},"modified":"2025-12-03T18:10:32","modified_gmt":"2025-12-03T22:10:32","slug":"programa-fomenta-pymes-banreservas-es-reconocido-como-modelo-de-negocio","status":"publish","type":"post","link":"https:\/\/lasprimeras.com.do\/index.php\/2025\/12\/03\/programa-fomenta-pymes-banreservas-es-reconocido-como-modelo-de-negocio\/","title":{"rendered":"Programa Fomenta Pymes Banreservas es reconocido como modelo de negocio"},"content":{"rendered":"\n<p><strong>Desde 2018, la entidad bancaria ha desembolsado m\u00e1s de RD$285,000 millones a las pymes<\/strong><\/p>\n\n\n\n<p>El programa Fomenta Pymes del Banco de Reservas fue reconocido como Modelo de Negocio en la quinta edici\u00f3n del Cat\u00e1logo de Pr\u00e1cticas Prometedoras, que realiza el Consejo Nacional de la Empresa Privada (CONEP) y el Programa de las Naciones Unidas para el Desarrollo (PNUD).<\/p>\n\n\n\n<p>El galard\u00f3n fue recibido por el director senior de Pymes de Banreservas, Juan Carlos Garc\u00eda; y la directora de Sostenibilidad y Responsabilidad Social de la instituci\u00f3n bancaria, Raquel Giraldez.<\/p>\n\n\n\n<p>La iniciativa es una propuesta integral de soluciones financieras que impulsa el desarrollo sostenible del sector, dise\u00f1ada exclusivamente para responder a las necesidades de las peque\u00f1as empresas del pa\u00eds<\/p>\n\n\n\n<p>A trav\u00e9s de su programa Fomenta Pymes, Banreservas ha desembolsado desde 2018 m\u00e1s de RD$285,000 millones, facilitando el acceso a productos y servicios bancarios, con una cartera activa de m\u00e1s de RD$95,000 millones y una pasiva que supera los RD$104,000 millones.<\/p>\n\n\n\n<figure class=\"wp-block-image size-full\"><img decoding=\"async\" width=\"900\" height=\"615\" src=\"https:\/\/lasprimeras.com.do\/wp-content\/uploads\/2025\/12\/BANRESERVAS-1.jpg\" alt=\"\" class=\"wp-image-116756\" srcset=\"https:\/\/lasprimeras.com.do\/wp-content\/uploads\/2025\/12\/BANRESERVAS-1.jpg 900w, https:\/\/lasprimeras.com.do\/wp-content\/uploads\/2025\/12\/BANRESERVAS-1-300x205.jpg 300w, https:\/\/lasprimeras.com.do\/wp-content\/uploads\/2025\/12\/BANRESERVAS-1-768x525.jpg 768w\" sizes=\"(max-width: 900px) 100vw, 900px\" \/><\/figure>\n\n\n\n<p>En la actualidad, m\u00e1s de 157,000 pymes han sido atendidas por el Banco y 30,800 personas se han beneficiado de la formaci\u00f3n y las asesor\u00edas t\u00e9cnicas que ofrece el programa, para fortalecer la gesti\u00f3n y manejo de las finanzas, promover el emprendimiento innovador y fomentar la asociatividad<\/p>\n\n\n\n<p>A cada una de las pymes beneficiadas, la instituci\u00f3n adem\u00e1s les facilita la protecci\u00f3n de riesgos catastr\u00f3ficos y civiles mediante una p\u00f3liza especializada y financiamientos verdes, gesti\u00f3n esta \u00faltima que alcanza a 380 clientes.<\/p>\n\n\n\n<p>Seg\u00fan los datos de la Oficina Nacional de Estad\u00edstica (ONE), las mypimes representan el 98.5% de las empresas en la Rep\u00fablica Dominicana y generan el 38.5% de los empleos formales.<\/p>\n\n\n\n<p>Con el Programa Fomenta Pymes, Banreservas impulsa la prosperidad de todos los dominicanos de manera sostenible y replicable, al tiempo que responde a los objetivos de desarrollo de la Agenda 2030.<\/p>\n\n\n\n<p>El acto de entrega cont\u00f3 con la participaci\u00f3n de 19 empresas con iniciativas sobresalientes en las categor\u00edas Modelo de Negocio, Responsabilidad Social Corporativa y Micro y peque\u00f1as empresas.<\/p>\n","protected":false},"excerpt":{"rendered":"<p>Juan Carlos Garc\u00eda; director senior de Pymes Banreservas, y Raquel Giraldez, directora de Sostenibilidad y Responsabilidad Social, reciben reconocimiento por programa Fomenta Pymes. Les entregan, desde la izquierda, Ana Mar\u00eda D\u00edaz, representante residente del PNUD; Pa\u00edno Henr\u00edquez, ministro de Medio Ambiente; Celso Juan Marranzini, presidente del CONEP; y C\u00e9sar Dargam, vicepresidente ejecutivo del CONEP<\/p>\n","protected":false},"author":10,"featured_media":116755,"comment_status":"open","ping_status":"open","sticky":false,"template":"","format":"standard","meta":{"content-type":"","jetpack_post_was_ever_published":false,"_jetpack_newsletter_access":"","_jetpack_dont_email_post_to_subs":false,"_jetpack_newsletter_tier_id":0,"_jetpack_memberships_contains_paywalled_content":false,"_jetpack_memberships_contains_paid_content":false,"footnotes":""},"categories":[39,25],"tags":[726,28145,28146,198,1753],"class_list":["post-116754","post","type-post","status-publish","format-standard","has-post-thumbnail","hentry","category-economia","category-portada","tag-banreservas","tag-fomenta-pymes","tag-modelo-de-negocio","tag-programa","tag-reconocido"],"jetpack_featured_media_url":"https:\/\/lasprimeras.com.do\/wp-content\/uploads\/2025\/12\/BANRESERVAS.jpg","jetpack-related-posts":[{"id":113526,"url":"https:\/\/lasprimeras.com.do\/index.php\/2025\/11\/03\/latinfinance-premia-a-banreservas-como-banco-del-ano-en-rd-y-banco-pymes-para-al-y-el-caribe\/","url_meta":{"origin":116754,"position":0},"title":"LatinFinance premia a Banreservas como Banco del A\u00f1o en RD y Banco Pymes para AL y el Caribe","author":"Nelson Feliz","date":"3 de noviembre de 2025","format":false,"excerpt":"La premiaci\u00f3n se efectu\u00f3 en Miami, en el marco de la 59\u00b0 Asamblea Anual de FELABAN 2025 El Banco de Reservas fue premiado por la revista LatinFinance como Banco del A\u00f1o en Rep\u00fablica Dominicana y entidad para Pymes de Am\u00e9rica Latina y el Caribe, por el desempe\u00f1o de la instituci\u00f3n\u2026","rel":"","context":"En \u00abECONOM\u00cdA\u00bb","block_context":{"text":"ECONOM\u00cdA","link":"https:\/\/lasprimeras.com.do\/index.php\/category\/economia\/"},"img":{"alt_text":"","src":"https:\/\/i0.wp.com\/lasprimeras.com.do\/wp-content\/uploads\/2025\/11\/premia.jpg?resize=350%2C200&ssl=1","width":350,"height":200,"srcset":"https:\/\/i0.wp.com\/lasprimeras.com.do\/wp-content\/uploads\/2025\/11\/premia.jpg?resize=350%2C200&ssl=1 1x, https:\/\/i0.wp.com\/lasprimeras.com.do\/wp-content\/uploads\/2025\/11\/premia.jpg?resize=525%2C300&ssl=1 1.5x, https:\/\/i0.wp.com\/lasprimeras.com.do\/wp-content\/uploads\/2025\/11\/premia.jpg?resize=700%2C400&ssl=1 2x"},"classes":[]},{"id":123755,"url":"https:\/\/lasprimeras.com.do\/index.php\/2026\/03\/04\/banreservas-lanza-%c2%a8expo-pymes-2026%c2%a8-con-tasas-desde-10-25-aguilera-reafirma-compromiso-con-las-mipymes\/","url_meta":{"origin":116754,"position":1},"title":"Banreservas lanza \u00a8Expo Pymes 2026\u00a8 con tasas desde 10.25%; Aguilera reafirma compromiso con las mipymes","author":"Nelson Feliz","date":"4 de marzo de 2026","format":false,"excerpt":"Las pymes interesadas pueden escribir a la asistente virtual Alma, por WhatsApp 809-960-2110, o ingresar al portal expopymes.banreservas.com https:\/\/youtu.be\/Kx58pGxHvv4 El Banco de Reservas lanz\u00f3 su Expo Pymes 2026, que estar\u00e1 vigente del 5 de marzo al 30 de abril, con tasas de financiamiento desde 10.25%, fijas a seis meses, y\u2026","rel":"","context":"En \u00abECONOM\u00cdA\u00bb","block_context":{"text":"ECONOM\u00cdA","link":"https:\/\/lasprimeras.com.do\/index.php\/category\/economia\/"},"img":{"alt_text":"El presidente ejecutivo de Banreservas, doctor Leonardo Aguilera; y el ministro del MICM, Eduardo Sanz Lovat\u00f3n, encabezan el lanzamiento de Expo Pymes Banreservas 2026. Les acompa\u00f1an directivos de la entidad fnanciera.","src":"https:\/\/i0.wp.com\/lasprimeras.com.do\/wp-content\/uploads\/2026\/03\/El-presidente-ejecutivo-de-Banreservas-doctor-Leonardo-Aguilera.jpg?resize=350%2C200&ssl=1","width":350,"height":200,"srcset":"https:\/\/i0.wp.com\/lasprimeras.com.do\/wp-content\/uploads\/2026\/03\/El-presidente-ejecutivo-de-Banreservas-doctor-Leonardo-Aguilera.jpg?resize=350%2C200&ssl=1 1x, https:\/\/i0.wp.com\/lasprimeras.com.do\/wp-content\/uploads\/2026\/03\/El-presidente-ejecutivo-de-Banreservas-doctor-Leonardo-Aguilera.jpg?resize=525%2C300&ssl=1 1.5x, https:\/\/i0.wp.com\/lasprimeras.com.do\/wp-content\/uploads\/2026\/03\/El-presidente-ejecutivo-de-Banreservas-doctor-Leonardo-Aguilera.jpg?resize=700%2C400&ssl=1 2x"},"classes":[]},{"id":118220,"url":"https:\/\/lasprimeras.com.do\/index.php\/2025\/12\/23\/banreservas-se-consagra-con-la-mayor-cantidad-de-premios-internacionales-en-2025-entre-ellos-mejor-banco-digital\/","url_meta":{"origin":116754,"position":2},"title":"Banreservas se consagra con la mayor cantidad de premios internacionales en 2025, entre ellos mejor banco digital","author":"Nelson Feliz","date":"23 de diciembre de 2025","format":false,"excerpt":"La instituci\u00f3n financiera mantiene calificaci\u00f3n AAA de largo plazo, con perspectiva Estable, de las calificadoras de riesgos Moody\u2019s y Feller Rate El Banco de Reservas se consagr\u00f3 como la instituci\u00f3n financiera de la Rep\u00fablica Dominicana con m\u00e1s reconocimientos internacionales en el a\u00f1o 2025, entre ellos el important\u00edsimo rengl\u00f3n de seguridad\u2026","rel":"","context":"En \u00abECONOM\u00cdA\u00bb","block_context":{"text":"ECONOM\u00cdA","link":"https:\/\/lasprimeras.com.do\/index.php\/category\/economia\/"},"img":{"alt_text":"","src":"https:\/\/i0.wp.com\/lasprimeras.com.do\/wp-content\/uploads\/2025\/12\/Banreservas-2.jpg?resize=350%2C200&ssl=1","width":350,"height":200,"srcset":"https:\/\/i0.wp.com\/lasprimeras.com.do\/wp-content\/uploads\/2025\/12\/Banreservas-2.jpg?resize=350%2C200&ssl=1 1x, https:\/\/i0.wp.com\/lasprimeras.com.do\/wp-content\/uploads\/2025\/12\/Banreservas-2.jpg?resize=525%2C300&ssl=1 1.5x, https:\/\/i0.wp.com\/lasprimeras.com.do\/wp-content\/uploads\/2025\/12\/Banreservas-2.jpg?resize=700%2C400&ssl=1 2x"},"classes":[]},{"id":115670,"url":"https:\/\/lasprimeras.com.do\/index.php\/2025\/11\/24\/euromoney-premia-a-banreservas-como-mejor-banco-transaccional-de-la-republica-dominicana\/","url_meta":{"origin":116754,"position":3},"title":"Euromoney premia a Banreservas como Mejor Banco Transaccional de la Rep\u00fablica Dominicana","author":"Nelson Feliz","date":"24 de noviembre de 2025","format":false,"excerpt":"El doctor Leonardo Aguilera asegura que el Banco continuar\u00e1 fortaleciendo su estructura tecnol\u00f3gica La revista especializada en finanzas Euromoney premi\u00f3 al Banco de Reservas como Mejor Banco Transaccional de la Rep\u00fablica Dominicana en 2025, por su innovaci\u00f3n en productos y servicios y los excelentes resultados obtenidos en operaciones relacionadas a\u2026","rel":"","context":"En \u00abECONOM\u00cdA\u00bb","block_context":{"text":"ECONOM\u00cdA","link":"https:\/\/lasprimeras.com.do\/index.php\/category\/economia\/"},"img":{"alt_text":"Banreservas","src":"https:\/\/i0.wp.com\/lasprimeras.com.do\/wp-content\/uploads\/2025\/11\/Banreservas-8.jpg?resize=350%2C200&ssl=1","width":350,"height":200,"srcset":"https:\/\/i0.wp.com\/lasprimeras.com.do\/wp-content\/uploads\/2025\/11\/Banreservas-8.jpg?resize=350%2C200&ssl=1 1x, https:\/\/i0.wp.com\/lasprimeras.com.do\/wp-content\/uploads\/2025\/11\/Banreservas-8.jpg?resize=525%2C300&ssl=1 1.5x, https:\/\/i0.wp.com\/lasprimeras.com.do\/wp-content\/uploads\/2025\/11\/Banreservas-8.jpg?resize=700%2C400&ssl=1 2x"},"classes":[]},{"id":112159,"url":"https:\/\/lasprimeras.com.do\/index.php\/2025\/10\/19\/banreservas-obtiene-oro-en-dos-categorias-del-ranking-de-digitalizacion-de-la-superintendencia-de-bancos\/","url_meta":{"origin":116754,"position":4},"title":"Banreservas obtiene Oro en dos categor\u00edas del Ranking de Digitalizaci\u00f3n de la Superintendencia de Bancos","author":"Nelson Feliz","date":"19 de octubre de 2025","format":false,"excerpt":"La instituci\u00f3n financiera reafirma su posicionamiento como principal Banco del sistema El Banco de Reservas fue galardonado con Oro en las categor\u00edas segmentos de Negocio y Personal del Ranking de Digitalizaci\u00f3n de la Superintendencia de Bancos de la Rep\u00fablica Dominicana. Tambi\u00e9n la entidad bancaria gan\u00f3 el segundo lugar en Experiencia\u2026","rel":"","context":"En \u00abECONOM\u00cdA\u00bb","block_context":{"text":"ECONOM\u00cdA","link":"https:\/\/lasprimeras.com.do\/index.php\/category\/economia\/"},"img":{"alt_text":"","src":"https:\/\/i0.wp.com\/lasprimeras.com.do\/wp-content\/uploads\/2025\/10\/banreservas-premio.jpg?resize=350%2C200&ssl=1","width":350,"height":200,"srcset":"https:\/\/i0.wp.com\/lasprimeras.com.do\/wp-content\/uploads\/2025\/10\/banreservas-premio.jpg?resize=350%2C200&ssl=1 1x, https:\/\/i0.wp.com\/lasprimeras.com.do\/wp-content\/uploads\/2025\/10\/banreservas-premio.jpg?resize=525%2C300&ssl=1 1.5x, https:\/\/i0.wp.com\/lasprimeras.com.do\/wp-content\/uploads\/2025\/10\/banreservas-premio.jpg?resize=700%2C400&ssl=1 2x"},"classes":[]},{"id":126992,"url":"https:\/\/lasprimeras.com.do\/index.php\/2026\/04\/07\/banreservas-es-premiado-por-global-finance-como-mejor-banco-dominicano-recibe-otros-tres-reconocimientos\/","url_meta":{"origin":116754,"position":5},"title":"Banreservas es premiado por &#8220;Global Finance como Mejor Banco dominicano&#8221;; recibe otros tres reconocimientos","author":"Nelson Feliz","date":"7 de abril de 2026","format":false,"excerpt":"Leonardo Aguilera destaca que estos reconocimientos reflejan el liderazgo y la solidez de la instituci\u00f3n en el sistema financiero. La prestigiosa revista internacional Global Finance otorg\u00f3 al Banco de Reservas cuatro importantes reconocimientos, entre ellos el de Mejor Banco de la Rep\u00fablica Dominicana, consolidando su posicionamiento como referente del sistema\u2026","rel":"","context":"En \u00abECONOM\u00cdA\u00bb","block_context":{"text":"ECONOM\u00cdA","link":"https:\/\/lasprimeras.com.do\/index.php\/category\/economia\/"},"img":{"alt_text":"Leonardo Aguilera","src":"https:\/\/i0.wp.com\/lasprimeras.com.do\/wp-content\/uploads\/2026\/04\/Leonardo-Aguilera-Banreservas.jpg?resize=350%2C200&ssl=1","width":350,"height":200,"srcset":"https:\/\/i0.wp.com\/lasprimeras.com.do\/wp-content\/uploads\/2026\/04\/Leonardo-Aguilera-Banreservas.jpg?resize=350%2C200&ssl=1 1x, https:\/\/i0.wp.com\/lasprimeras.com.do\/wp-content\/uploads\/2026\/04\/Leonardo-Aguilera-Banreservas.jpg?resize=525%2C300&ssl=1 1.5x, https:\/\/i0.wp.com\/lasprimeras.com.do\/wp-content\/uploads\/2026\/04\/Leonardo-Aguilera-Banreservas.jpg?resize=700%2C400&ssl=1 2x"},"classes":[]}],"jetpack_sharing_enabled":true,"_links":{"self":[{"href":"https:\/\/lasprimeras.com.do\/index.php\/wp-json\/wp\/v2\/posts\/116754","targetHints":{"allow":["GET"]}}],"collection":[{"href":"https:\/\/lasprimeras.com.do\/index.php\/wp-json\/wp\/v2\/posts"}],"about":[{"href":"https:\/\/lasprimeras.com.do\/index.php\/wp-json\/wp\/v2\/types\/post"}],"author":[{"embeddable":true,"href":"https:\/\/lasprimeras.com.do\/index.php\/wp-json\/wp\/v2\/users\/10"}],"replies":[{"embeddable":true,"href":"https:\/\/lasprimeras.com.do\/index.php\/wp-json\/wp\/v2\/comments?post=116754"}],"version-history":[{"count":1,"href":"https:\/\/lasprimeras.com.do\/index.php\/wp-json\/wp\/v2\/posts\/116754\/revisions"}],"predecessor-version":[{"id":116757,"href":"https:\/\/lasprimeras.com.do\/index.php\/wp-json\/wp\/v2\/posts\/116754\/revisions\/116757"}],"wp:featuredmedia":[{"embeddable":true,"href":"https:\/\/lasprimeras.com.do\/index.php\/wp-json\/wp\/v2\/media\/116755"}],"wp:attachment":[{"href":"https:\/\/lasprimeras.com.do\/index.php\/wp-json\/wp\/v2\/media?parent=116754"}],"wp:term":[{"taxonomy":"category","embeddable":true,"href":"https:\/\/lasprimeras.com.do\/index.php\/wp-json\/wp\/v2\/categories?post=116754"},{"taxonomy":"post_tag","embeddable":true,"href":"https:\/\/lasprimeras.com.do\/index.php\/wp-json\/wp\/v2\/tags?post=116754"}],"curies":[{"name":"wp","href":"https:\/\/api.w.org\/{rel}","templated":true}]}}