{"id":116758,"date":"2025-12-03T18:34:45","date_gmt":"2025-12-03T22:34:45","guid":{"rendered":"https:\/\/lasprimeras.com.do\/?p=116758"},"modified":"2025-12-03T18:35:53","modified_gmt":"2025-12-03T22:35:53","slug":"abinader-pone-en-marcha-navidad-con-garantia-de-paz-2-0-con-despliegue-de-cerca-de-28000-agentes","status":"publish","type":"post","link":"https:\/\/lasprimeras.com.do\/index.php\/2025\/12\/03\/abinader-pone-en-marcha-navidad-con-garantia-de-paz-2-0-con-despliegue-de-cerca-de-28000-agentes\/","title":{"rendered":"Abinader pone en marcha \u201cNavidad con Garant\u00eda de Paz 2.0\u201d con despliegue de cerca de 28,000 agentes"},"content":{"rendered":"\n<p><strong>Mandatario afirma que las labores de seguridad durante estas festividades se ejecutar\u00e1n con firmeza y absoluto respeto a los derechos humanos, resaltando la importancia de la disciplina y del cumplimiento estricto de las \u00f3rdenes superiores.<\/strong><\/p>\n\n\n\n<p><strong>El operativo se realizar\u00e1 a nivel nacional desde este 3 de diciembre de 2025 a las 9:00 a. m. hasta el 10 de enero de 2026 a las 10:00 a. m.<\/strong><\/p>\n\n\n\n<p>El presidente Luis Abinader puso en marcha este mi\u00e9rcoles el operativo \u201cNavidad con Garant\u00eda de Paz 2.0\u201d, con un despliegue de 22,794 miembros de la Polic\u00eda Nacional y con el apoyo de m\u00e1s de 5,000 efectivos de las Fuerzas Armadas, lo que suman 27,794 agentes para reforzar de manera contundente la seguridad ciudadana durante las festividades de Navidad, A\u00f1o Nuevo y los Santos Reyes, reafirmando el compromiso del Gobierno de garantizar celebraciones tranquilas, protegidas y en pleno orden para toda la poblaci\u00f3n.<\/p>\n\n\n\n<p>Las acciones se desarrollar\u00e1n desde las 9:00 de la ma\u00f1ana de este mi\u00e9rcoles 3 de diciembre de 2025 hasta las 10:00 de la ma\u00f1ana del s\u00e1bado 10 de enero de 2026, en todo el territorio nacional.<\/p>\n\n\n<div class=\"wp-block-image\">\n<figure class=\"alignleft size-full is-resized\"><img decoding=\"async\" width=\"900\" height=\"599\" src=\"https:\/\/lasprimeras.com.do\/wp-content\/uploads\/2025\/12\/policias-1.jpg\" alt=\"\" class=\"wp-image-116760\" style=\"aspect-ratio:1.502527632593608;width:381px;height:auto\" srcset=\"https:\/\/lasprimeras.com.do\/wp-content\/uploads\/2025\/12\/policias-1.jpg 900w, https:\/\/lasprimeras.com.do\/wp-content\/uploads\/2025\/12\/policias-1-300x200.jpg 300w, https:\/\/lasprimeras.com.do\/wp-content\/uploads\/2025\/12\/policias-1-768x511.jpg 768w\" sizes=\"(max-width: 900px) 100vw, 900px\" \/><\/figure>\n<\/div>\n\n\n<p>Al dirigirse a los agentes, el presidente Luis Abinader expres\u00f3 que durante estas festividades las labores de seguridad se desarrollar\u00e1n con firmeza y pleno respeto a los derechos humanos, destacando la importancia de mantener la disciplina y el cumplimiento estricto de las \u00f3rdenes de sus superiores.<\/p>\n\n\n\n<p>El mandatario expres\u00f3 que la misi\u00f3n fundamental de la instituci\u00f3n es proteger la paz de todos los dominicanos garantizando un ambiente de tranquilidad y convivencia durante este per\u00edodo especial del a\u00f1o.<\/p>\n\n\n<div class=\"wp-block-image\">\n<figure class=\"alignright size-full is-resized\"><img decoding=\"async\" width=\"900\" height=\"599\" src=\"https:\/\/lasprimeras.com.do\/wp-content\/uploads\/2025\/12\/policias.jpg\" alt=\"\" class=\"wp-image-116761\" style=\"aspect-ratio:1.502527632593608;width:397px;height:auto\" srcset=\"https:\/\/lasprimeras.com.do\/wp-content\/uploads\/2025\/12\/policias.jpg 900w, https:\/\/lasprimeras.com.do\/wp-content\/uploads\/2025\/12\/policias-300x200.jpg 300w, https:\/\/lasprimeras.com.do\/wp-content\/uploads\/2025\/12\/policias-768x511.jpg 768w\" sizes=\"(max-width: 900px) 100vw, 900px\" \/><\/figure>\n<\/div>\n\n\n<p>El presidente Abinader record\u00f3 que los agentes han sido entrenados de la mejor manera como parte del proceso de reforma de la Polic\u00eda Nacional, y afirm\u00f3 que el Gobierno conf\u00eda plenamente en su capacidad para cumplir con excelencia la labor que se les ha asignado.<\/p>\n\n\n\n<p><strong>Movilizaci\u00f3n de una amplia cantidad de agentes<\/strong><\/p>\n\n\n\n<p>El despliegue contempla la movilizaci\u00f3n de una amplia cantidad de agentes que se integran a labores de patrullaje disuasivo, con el prop\u00f3sito de prevenir hechos delictivos y evitar el aumento de conflictos sociales durante el per\u00edodo festivo.<\/p>\n\n\n\n<p>Las instituciones que respaldan este amplio operativo de seguridad ciudadana son la Procuradur\u00eda General de la Rep\u00fablica (PGR); el Ministerio de Salud P\u00fablica; el Ministerio de Medio Ambiente y Recursos Naturales; Direcci\u00f3n Nacional de Control de Drogas (DNCD); el Centro de Operaciones de Emergencias (COE); el Sistema Nacional de Atenci\u00f3n a Emergencias y Seguridad (911); la Direcci\u00f3n de Asistencia Social y Alimentaci\u00f3n Comunitaria (DASAC); los ayuntamientos del pa\u00eds; la Defensa Civil, la Cruz Roja Dominicana y los Cuerpos de Bomberos.<\/p>\n\n\n\n<p>Acompa\u00f1aron al presidente Abinader el ministro de Defensa, teniente general Carlos Antonio Fern\u00e1ndez Onofre; los viceministros de Defensa, para Asuntos Navales y Costeros, vicealmirante, Ram\u00f3n Gustavo Betances Hern\u00e1ndez; para Asuntos Militares, mayor general Miguel \u00c1ngel Rubio B\u00e1ez; para Asuntos A\u00e9reos y Espaciales, mayor general t\u00e9cnico de aviaci\u00f3n Carlos Ram\u00f3n Febrillet Rodr\u00edguez; el inspector general de las Fuerzas Armadas, mayor general Delio Buenaventura Col\u00f3n Rosario; los comandantes generales, de la Fuerza A\u00e9rea, mayor general piloto Floreal Su\u00e1rez Mart\u00ednez; del Ej\u00e9rcito, mayor general Jorge Iv\u00e1n Camino P\u00e9rez y de la Armada de Rep\u00fablica Dominicana, vicealmirante Juan Bienvenido Cris\u00f3stomo Mart\u00ednez.<\/p>\n\n\n\n<p>Tambi\u00e9n, los directores de la Direcci\u00f3n General de Seguridad de Tr\u00e1nsito y Transporte Terrestre (Digesett), general Pascual Cruz M\u00e9ndez; del Sistema Nacional de Atenci\u00f3n a Emergencias 911, coronel piloto Randolfo Rijo; de la Polic\u00eda de Turismo (Politur), general Minoru Matsunaga; de la Comisi\u00f3n Militar y Policial (Comipol), coronel Luis Rafael Herrera Almonte; el subdirector de la Polic\u00eda Nacional, general Juan Hilario Guzm\u00e1n Bad\u00eda; el director de Asuntos Internos de la Polic\u00eda Nacional, general general Werner N\u00fa\u00f1ez Quezada; el comisionado ejecutivo para Reforma Policial, Luis Ernesto Garc\u00eda Hern\u00e1ndez; entre otras personalidades.<\/p>\n","protected":false},"excerpt":{"rendered":"<p>Mandatario afirma que las labores de seguridad durante estas festividades se ejecutar\u00e1n con firmeza y absoluto respeto a los derechos humanos, resaltando la importancia de la disciplina y del cumplimiento&hellip;<\/p>\n","protected":false},"author":10,"featured_media":116759,"comment_status":"open","ping_status":"open","sticky":false,"template":"","format":"standard","meta":{"content-type":"","jetpack_post_was_ever_published":false,"_jetpack_newsletter_access":"","_jetpack_dont_email_post_to_subs":false,"_jetpack_newsletter_tier_id":0,"_jetpack_memberships_contains_paywalled_content":false,"_jetpack_memberships_contains_paid_content":false,"footnotes":""},"categories":[35,25],"tags":[3660,4752,67,80,28147,8470,5344],"class_list":["post-116758","post","type-post","status-publish","format-standard","has-post-thumbnail","hentry","category-nacionales","category-portada","tag-agentes","tag-convivencia","tag-luis-abinader","tag-marcha","tag-navidad-con-garantia-de-paz-2-0","tag-reforzar","tag-tranquilidad"],"jetpack_featured_media_url":"https:\/\/lasprimeras.com.do\/wp-content\/uploads\/2025\/12\/Luis-Abinader-Principal.jpg","jetpack-related-posts":[{"id":91883,"url":"https:\/\/lasprimeras.com.do\/index.php\/2024\/12\/03\/abinader-pone-marcha-operativo-navidad-con-garantia-de-paz-2024\/","url_meta":{"origin":116758,"position":0},"title":"Abinader pone marcha operativo Navidad con Garant\u00eda de Paz 2024","author":"Nelson Feliz","date":"3 de diciembre de 2024","format":false,"excerpt":"En este operativo los patrullajes ser\u00e1n reforzados con la inclusi\u00f3n de 240 camionetas de patrullaje de la Polic\u00eda Nacional y 10 veh\u00edculos destinados a la seguridad vial en las carreteras con mayores \u00edndices de accidentes. El presidente Luis Abinader puso en marcha este martes el Operativo Navidad con Garant\u00eda de\u2026","rel":"","context":"En \u00abMILITARES\u00bb","block_context":{"text":"MILITARES","link":"https:\/\/lasprimeras.com.do\/index.php\/category\/militares\/"},"img":{"alt_text":"","src":"https:\/\/i0.wp.com\/lasprimeras.com.do\/wp-content\/uploads\/2023\/08\/Policia.jpeg?resize=350%2C200&ssl=1","width":350,"height":200,"srcset":"https:\/\/i0.wp.com\/lasprimeras.com.do\/wp-content\/uploads\/2023\/08\/Policia.jpeg?resize=350%2C200&ssl=1 1x, https:\/\/i0.wp.com\/lasprimeras.com.do\/wp-content\/uploads\/2023\/08\/Policia.jpeg?resize=525%2C300&ssl=1 1.5x, https:\/\/i0.wp.com\/lasprimeras.com.do\/wp-content\/uploads\/2023\/08\/Policia.jpeg?resize=700%2C400&ssl=1 2x"},"classes":[]},{"id":116770,"url":"https:\/\/lasprimeras.com.do\/index.php\/2025\/12\/03\/director-de-la-pn-garantiza-unas-festividades-navidenas-seguras-y-en-plena-convivencia-ciudadana\/","url_meta":{"origin":116758,"position":1},"title":"Director de la PN garantiza unas festividades navide\u00f1as seguras y en plena convivencia ciudadana","author":"Nelson Feliz","date":"3 de diciembre de 2025","format":false,"excerpt":"El director general de la Polic\u00eda Nacional, mayor general Ram\u00f3n Antonio Guzm\u00e1n Peralta, inform\u00f3 que para el operativo \"Garant\u00eda de Paz 2.0\" se har\u00e1 un esfuerzo conjunto que reforzar\u00e1 la presencia en zonas comerciales, avenidas, espacios p\u00fablicos, \u00e1reas residenciales, terminales de transporte y destinos tur\u00edsticos, con el prop\u00f3sito de garantizar\u2026","rel":"","context":"En \u00abMILITARES\u00bb","block_context":{"text":"MILITARES","link":"https:\/\/lasprimeras.com.do\/index.php\/category\/militares\/"},"img":{"alt_text":"Ram\u00f3n Antonio Guzm\u00e1n Peralta","src":"https:\/\/i0.wp.com\/lasprimeras.com.do\/wp-content\/uploads\/2025\/12\/Ramon-Antonio-Guzman-Peralta.jpg?resize=350%2C200&ssl=1","width":350,"height":200,"srcset":"https:\/\/i0.wp.com\/lasprimeras.com.do\/wp-content\/uploads\/2025\/12\/Ramon-Antonio-Guzman-Peralta.jpg?resize=350%2C200&ssl=1 1x, https:\/\/i0.wp.com\/lasprimeras.com.do\/wp-content\/uploads\/2025\/12\/Ramon-Antonio-Guzman-Peralta.jpg?resize=525%2C300&ssl=1 1.5x, https:\/\/i0.wp.com\/lasprimeras.com.do\/wp-content\/uploads\/2025\/12\/Ramon-Antonio-Guzman-Peralta.jpg?resize=700%2C400&ssl=1 2x, https:\/\/i0.wp.com\/lasprimeras.com.do\/wp-content\/uploads\/2025\/12\/Ramon-Antonio-Guzman-Peralta.jpg?resize=1050%2C600&ssl=1 3x, https:\/\/i0.wp.com\/lasprimeras.com.do\/wp-content\/uploads\/2025\/12\/Ramon-Antonio-Guzman-Peralta.jpg?resize=1400%2C800&ssl=1 4x"},"classes":[]},{"id":91683,"url":"https:\/\/lasprimeras.com.do\/index.php\/2024\/12\/01\/faride-anuncia-el-operacion-garantia-de-paz-navidad-2024\/","url_meta":{"origin":116758,"position":2},"title":"Faride anuncia el\u201d Operaci\u00f3n Garant\u00eda de Paz Navidad 2024\u201d","author":"Nelson Feliz","date":"1 de diciembre de 2024","format":false,"excerpt":"La ministra de Interior y Polic\u00eda, Faride Raful, anunci\u00f3 que el pr\u00f3ximo 3 de diciembre empieza la\u201d Operaci\u00f3n Garant\u00eda de Paz Navidad 2024\u201d, para mantener la seguridad ciudadana en las festividades navide\u00f1as. Raful, dijo operativo contara con la integraci\u00f3n de los primeros 1,016 agentes egresados de la reforma policial que\u2026","rel":"","context":"En \u00abMILITARES\u00bb","block_context":{"text":"MILITARES","link":"https:\/\/lasprimeras.com.do\/index.php\/category\/militares\/"},"img":{"alt_text":"Faride Raful","src":"https:\/\/i0.wp.com\/lasprimeras.com.do\/wp-content\/uploads\/2024\/12\/Faride-Raful.jpg?resize=350%2C200&ssl=1","width":350,"height":200,"srcset":"https:\/\/i0.wp.com\/lasprimeras.com.do\/wp-content\/uploads\/2024\/12\/Faride-Raful.jpg?resize=350%2C200&ssl=1 1x, https:\/\/i0.wp.com\/lasprimeras.com.do\/wp-content\/uploads\/2024\/12\/Faride-Raful.jpg?resize=525%2C300&ssl=1 1.5x, https:\/\/i0.wp.com\/lasprimeras.com.do\/wp-content\/uploads\/2024\/12\/Faride-Raful.jpg?resize=700%2C400&ssl=1 2x"},"classes":[]},{"id":116502,"url":"https:\/\/lasprimeras.com.do\/index.php\/2025\/12\/01\/la-operacion-garantia-de-paz-navidad-2025-tendra-el-doble-de-agentes-en-labores-de-patrullaje\/","url_meta":{"origin":116758,"position":3},"title":"La operaci\u00f3n Garant\u00eda de Paz Navidad 2025 tendr\u00e1 el doble de agentes en labores de patrullaje","author":"Nelson Feliz","date":"1 de diciembre de 2025","format":false,"excerpt":"El Operativo \"Garant\u00eda de Paz Navidad 2025\" contar\u00e1 con el doble de agentes policiales que el a\u00f1o pasado en labores de patrullaje, debido a la incorporaci\u00f3n de los nuevos miembros graduados bajo el nuevo modelo educativo renovado de la Polic\u00eda Nacional. La ministra de Interior y Polic\u00eda, Faride Raful, ofreci\u00f3\u2026","rel":"","context":"En \u00abMILITARES\u00bb","block_context":{"text":"MILITARES","link":"https:\/\/lasprimeras.com.do\/index.php\/category\/militares\/"},"img":{"alt_text":"","src":"https:\/\/i0.wp.com\/lasprimeras.com.do\/wp-content\/uploads\/2025\/11\/Policia-Nacional-3.jpg?resize=350%2C200&ssl=1","width":350,"height":200,"srcset":"https:\/\/i0.wp.com\/lasprimeras.com.do\/wp-content\/uploads\/2025\/11\/Policia-Nacional-3.jpg?resize=350%2C200&ssl=1 1x, https:\/\/i0.wp.com\/lasprimeras.com.do\/wp-content\/uploads\/2025\/11\/Policia-Nacional-3.jpg?resize=525%2C300&ssl=1 1.5x, https:\/\/i0.wp.com\/lasprimeras.com.do\/wp-content\/uploads\/2025\/11\/Policia-Nacional-3.jpg?resize=700%2C400&ssl=1 2x"},"classes":[]},{"id":111034,"url":"https:\/\/lasprimeras.com.do\/index.php\/2025\/10\/03\/gobierno-destaca-reduccion-de-homicidios-y-feminicidios-durante-gestion-del-presidente-abinader\/","url_meta":{"origin":116758,"position":4},"title":"Gobierno destaca reducci\u00f3n de homicidios y feminicidios durante gesti\u00f3n del presidente Abinader","author":"Nelson Feliz","date":"3 de octubre de 2025","format":false,"excerpt":"El Gobierno dominicano present\u00f3 los principales logros en materia de seguridad alcanzados entre agosto de 2020 y agosto de 2025, destacando una reducci\u00f3n significativa en los indicadores de criminalidad. De acuerdo con el informe oficial, la tasa de homicidios se redujo a 8.3 por cada 100,000 habitantes, mientras que la\u2026","rel":"","context":"En \u00abNACIONALES\u00bb","block_context":{"text":"NACIONALES","link":"https:\/\/lasprimeras.com.do\/index.php\/category\/nacionales\/"},"img":{"alt_text":"","src":"https:\/\/i0.wp.com\/lasprimeras.com.do\/wp-content\/uploads\/2025\/10\/LUIS-ABINADER-1.jpg?resize=350%2C200&ssl=1","width":350,"height":200,"srcset":"https:\/\/i0.wp.com\/lasprimeras.com.do\/wp-content\/uploads\/2025\/10\/LUIS-ABINADER-1.jpg?resize=350%2C200&ssl=1 1x, https:\/\/i0.wp.com\/lasprimeras.com.do\/wp-content\/uploads\/2025\/10\/LUIS-ABINADER-1.jpg?resize=525%2C300&ssl=1 1.5x, https:\/\/i0.wp.com\/lasprimeras.com.do\/wp-content\/uploads\/2025\/10\/LUIS-ABINADER-1.jpg?resize=700%2C400&ssl=1 2x"},"classes":[]},{"id":96077,"url":"https:\/\/lasprimeras.com.do\/index.php\/2025\/03\/25\/interior-y-policia-asegura-control-del-territorio-dominicano-y-refuerza-seguridad-ciudadana\/","url_meta":{"origin":116758,"position":5},"title":"Interior y Polic\u00eda asegura control del territorio dominicano y refuerza seguridad ciudadana","author":"Nelson Feliz","date":"25 de marzo de 2025","format":false,"excerpt":"El Ministerio de Interior y Polic\u00eda asegur\u00f3 que el territorio dominicano est\u00e1 bajo control total de las autoridades y que las instituciones cuentan con los agentes necesarios para garantizar la seguridad ciudadana. En ese sentido, la ministra Faride Raful inform\u00f3 que la cartera otorg\u00f3 una \u201cNo Objeci\u00f3n\u201d al movimiento Antigua\u2026","rel":"","context":"En \u00abNACIONALES\u00bb","block_context":{"text":"NACIONALES","link":"https:\/\/lasprimeras.com.do\/index.php\/category\/nacionales\/"},"img":{"alt_text":"","src":"https:\/\/i0.wp.com\/lasprimeras.com.do\/wp-content\/uploads\/2025\/03\/Faride-Raful-1.jpg?resize=350%2C200&ssl=1","width":350,"height":200,"srcset":"https:\/\/i0.wp.com\/lasprimeras.com.do\/wp-content\/uploads\/2025\/03\/Faride-Raful-1.jpg?resize=350%2C200&ssl=1 1x, https:\/\/i0.wp.com\/lasprimeras.com.do\/wp-content\/uploads\/2025\/03\/Faride-Raful-1.jpg?resize=525%2C300&ssl=1 1.5x"},"classes":[]}],"jetpack_sharing_enabled":true,"_links":{"self":[{"href":"https:\/\/lasprimeras.com.do\/index.php\/wp-json\/wp\/v2\/posts\/116758","targetHints":{"allow":["GET"]}}],"collection":[{"href":"https:\/\/lasprimeras.com.do\/index.php\/wp-json\/wp\/v2\/posts"}],"about":[{"href":"https:\/\/lasprimeras.com.do\/index.php\/wp-json\/wp\/v2\/types\/post"}],"author":[{"embeddable":true,"href":"https:\/\/lasprimeras.com.do\/index.php\/wp-json\/wp\/v2\/users\/10"}],"replies":[{"embeddable":true,"href":"https:\/\/lasprimeras.com.do\/index.php\/wp-json\/wp\/v2\/comments?post=116758"}],"version-history":[{"count":2,"href":"https:\/\/lasprimeras.com.do\/index.php\/wp-json\/wp\/v2\/posts\/116758\/revisions"}],"predecessor-version":[{"id":116763,"href":"https:\/\/lasprimeras.com.do\/index.php\/wp-json\/wp\/v2\/posts\/116758\/revisions\/116763"}],"wp:featuredmedia":[{"embeddable":true,"href":"https:\/\/lasprimeras.com.do\/index.php\/wp-json\/wp\/v2\/media\/116759"}],"wp:attachment":[{"href":"https:\/\/lasprimeras.com.do\/index.php\/wp-json\/wp\/v2\/media?parent=116758"}],"wp:term":[{"taxonomy":"category","embeddable":true,"href":"https:\/\/lasprimeras.com.do\/index.php\/wp-json\/wp\/v2\/categories?post=116758"},{"taxonomy":"post_tag","embeddable":true,"href":"https:\/\/lasprimeras.com.do\/index.php\/wp-json\/wp\/v2\/tags?post=116758"}],"curies":[{"name":"wp","href":"https:\/\/api.w.org\/{rel}","templated":true}]}}