{"id":116764,"date":"2025-12-03T18:45:26","date_gmt":"2025-12-03T22:45:26","guid":{"rendered":"https:\/\/lasprimeras.com.do\/?p=116764"},"modified":"2025-12-03T18:45:28","modified_gmt":"2025-12-03T22:45:28","slug":"ministra-de-interior-integra-casi-25000-nuevos-policias-al-patrullaje-navideno","status":"publish","type":"post","link":"https:\/\/lasprimeras.com.do\/index.php\/2025\/12\/03\/ministra-de-interior-integra-casi-25000-nuevos-policias-al-patrullaje-navideno\/","title":{"rendered":"Ministra de Interior integra casi 25,000 nuevos polic\u00edas al patrullaje navide\u00f1o"},"content":{"rendered":"\n<p>La ministra de Interior y Polic\u00eda, Faride Raful, inform\u00f3 que el pa\u00eds aumenta su capacidad operativa pasando de 19,000 agentes en las calles a casi 25,000, integrando la promoci\u00f3n m\u00e1s grande de nuevos polic\u00edas, hombres y mujeres preparados para prevenir, disuadir, vigilar y proteger, durante las festividades de Navidad, A\u00f1o Nuevo y los Santos Reyes.<\/p>\n\n\n\n<p>Raful, explic\u00f3 que esta ampliaci\u00f3n forma parte de un cambio profundo en la estrategia de seguridad, donde ya no se espera que ocurra un delito para actuar, sino que se utilizan sistemas de inteligencia territorial que permiten concentrar los recursos antes de que aparezca el riesgo. \u201cEso es prevenci\u00f3n real, no ret\u00f3rica\u201d, afirm\u00f3.<\/p>\n\n\n<div class=\"wp-block-image\">\n<figure class=\"alignleft size-full is-resized\"><img decoding=\"async\" width=\"900\" height=\"810\" src=\"https:\/\/lasprimeras.com.do\/wp-content\/uploads\/2025\/12\/Faride-Raful-2.jpg\" alt=\"\" class=\"wp-image-116766\" style=\"aspect-ratio:1.111115804591632;width:363px;height:auto\" srcset=\"https:\/\/lasprimeras.com.do\/wp-content\/uploads\/2025\/12\/Faride-Raful-2.jpg 900w, https:\/\/lasprimeras.com.do\/wp-content\/uploads\/2025\/12\/Faride-Raful-2-300x270.jpg 300w, https:\/\/lasprimeras.com.do\/wp-content\/uploads\/2025\/12\/Faride-Raful-2-768x691.jpg 768w\" sizes=\"(max-width: 900px) 100vw, 900px\" \/><\/figure>\n<\/div>\n\n\n<p>La funcionaria, destac\u00f3 que este avance se suma a los resultados obtenidos en 2024, cuando el pa\u00eds alcanz\u00f3 una tasa de 9.58 homicidios por cada 100,000 habitantes, la m\u00e1s baja en casi una d\u00e9cada.<\/p>\n\n\n\n<p>Indic\u00f3 que detr\u00e1s de esa cifra existe un trabajo deliberado desde el gobierno, pero tambi\u00e9n miles de decisiones correctas tomadas por comunidades y familias que confiaron en el proceso. <\/p>\n\n\n\n<p>Se\u00f1al\u00f3 que en este a\u00f1o han rectificado acciones, mejorado sus procedimientos y utilizado los indicadores del mapa de calor para responder con mayor precisi\u00f3n a las necesidades del territorio.<\/p>\n\n\n\n<p>La ministra enfatiz\u00f3 que estos logros no son producto de la casualidad, sino del trabajo sostenido de la Fuerza de Tarea Conjunta, donde la Polic\u00eda Nacional, las Fuerzas Armadas y el Ministerio P\u00fablico operan como un solo cuerpo.<\/p>\n\n\n<div class=\"wp-block-image\">\n<figure class=\"alignright size-full is-resized\"><img decoding=\"async\" width=\"900\" height=\"675\" src=\"https:\/\/lasprimeras.com.do\/wp-content\/uploads\/2025\/12\/patrulla.jpg\" alt=\"\" class=\"wp-image-116767\" style=\"width:377px;height:auto\" srcset=\"https:\/\/lasprimeras.com.do\/wp-content\/uploads\/2025\/12\/patrulla.jpg 900w, https:\/\/lasprimeras.com.do\/wp-content\/uploads\/2025\/12\/patrulla-300x225.jpg 300w, https:\/\/lasprimeras.com.do\/wp-content\/uploads\/2025\/12\/patrulla-768x576.jpg 768w\" sizes=\"(max-width: 900px) 100vw, 900px\" \/><\/figure>\n<\/div>\n\n\n<p>Record\u00f3 que se han celebrado m\u00e1s de 100 reuniones de seguimiento al Plan de Seguridad Ciudadana, encabezadas semana tras semana por el presidente Luis Abinader y que gracias a esa constancia, la tasa de homicidios se ha reducido en un 32% en los \u00faltimos tres a\u00f1os y 28 provincias presentan cifras de homicidios de un solo d\u00edgito, un hecho sin precedentes en la historia reciente del pa\u00eds.<\/p>\n\n\n\n<p>La ministra Raful llam\u00f3 a la corresponsabilidad ciudadana, recordando que la seguridad no depende solo del Estado y se\u00f1al\u00f3 que el pa\u00eds puede poner todos los uniformes en las calles, pero si cada persona no asume su rol, el esfuerzo se queda corto: el comerciante que excede el horario permitido, el conductor que maneja bajo los efectos del alcohol o el vecino que irrespeta la tranquilidad de los dem\u00e1s afectan la convivencia.<\/p>\n\n\n\n<figure class=\"wp-block-image size-full\"><img decoding=\"async\" width=\"900\" height=\"599\" src=\"https:\/\/lasprimeras.com.do\/wp-content\/uploads\/2025\/12\/policias-1-1.jpg\" alt=\"\" class=\"wp-image-116768\" srcset=\"https:\/\/lasprimeras.com.do\/wp-content\/uploads\/2025\/12\/policias-1-1.jpg 900w, https:\/\/lasprimeras.com.do\/wp-content\/uploads\/2025\/12\/policias-1-1-300x200.jpg 300w, https:\/\/lasprimeras.com.do\/wp-content\/uploads\/2025\/12\/policias-1-1-768x511.jpg 768w\" sizes=\"(max-width: 900px) 100vw, 900px\" \/><\/figure>\n\n\n\n<p>\u201cLa paz no se decreta, se construye entre todos, decisi\u00f3n por decisi\u00f3n\u201d y concluy\u00f3 deseando que estas fiestas encuentren al pa\u00eds unido y que en enero las familias puedan decir: \u201cLo logramos juntos\u201d.<\/p>\n","protected":false},"excerpt":{"rendered":"<p>La ministra de Interior y Polic\u00eda, Faride Raful, inform\u00f3 que el pa\u00eds aumenta su capacidad operativa pasando de 19,000 agentes en las calles a casi 25,000, integrando la promoci\u00f3n m\u00e1s&hellip;<\/p>\n","protected":false},"author":10,"featured_media":116765,"comment_status":"open","ping_status":"open","sticky":false,"template":"","format":"standard","meta":{"content-type":"","jetpack_post_was_ever_published":false,"_jetpack_newsletter_access":"","_jetpack_dont_email_post_to_subs":false,"_jetpack_newsletter_tier_id":0,"_jetpack_memberships_contains_paywalled_content":false,"_jetpack_memberships_contains_paid_content":false,"footnotes":""},"categories":[35],"tags":[996,854,9320,10041,6747,3330],"class_list":["post-116764","post","type-post","status-publish","format-standard","has-post-thumbnail","hentry","category-nacionales","tag-faride-raful","tag-interior-y-policia","tag-ministra","tag-navideno","tag-patrullaje","tag-policias"],"jetpack_featured_media_url":"https:\/\/lasprimeras.com.do\/wp-content\/uploads\/2025\/12\/Faride-Raful-1.jpg","jetpack-related-posts":[{"id":118569,"url":"https:\/\/lasprimeras.com.do\/index.php\/2025\/12\/31\/interior-y-policia-intensifica-operativos-a-nivel-nacional-ante-celebraciones-de-ano-nuevo\/","url_meta":{"origin":116764,"position":0},"title":"Interior y Polic\u00eda intensifica operativos a nivel nacional ante celebraciones de A\u00f1o Nuevo","author":"Nelson Feliz","date":"31 de diciembre de 2025","format":false,"excerpt":"Faride Raful","rel":"","context":"En \u00abMILITARES\u00bb","block_context":{"text":"MILITARES","link":"https:\/\/lasprimeras.com.do\/index.php\/category\/militares\/"},"img":{"alt_text":"","src":"https:\/\/i0.wp.com\/lasprimeras.com.do\/wp-content\/uploads\/2025\/12\/IMG-20251229-WA0486.jpg?resize=350%2C200&ssl=1","width":350,"height":200,"srcset":"https:\/\/i0.wp.com\/lasprimeras.com.do\/wp-content\/uploads\/2025\/12\/IMG-20251229-WA0486.jpg?resize=350%2C200&ssl=1 1x, https:\/\/i0.wp.com\/lasprimeras.com.do\/wp-content\/uploads\/2025\/12\/IMG-20251229-WA0486.jpg?resize=525%2C300&ssl=1 1.5x, https:\/\/i0.wp.com\/lasprimeras.com.do\/wp-content\/uploads\/2025\/12\/IMG-20251229-WA0486.jpg?resize=700%2C400&ssl=1 2x, https:\/\/i0.wp.com\/lasprimeras.com.do\/wp-content\/uploads\/2025\/12\/IMG-20251229-WA0486.jpg?resize=1050%2C600&ssl=1 3x"},"classes":[]},{"id":92399,"url":"https:\/\/lasprimeras.com.do\/index.php\/2025\/01\/03\/ministra-de-interior-saluda-comportamiento-de-dominicanos-en-las-fiestas-navidenas\/","url_meta":{"origin":116764,"position":1},"title":"Ministra de Interior saluda comportamiento de dominicanos en las fiestas navide\u00f1as","author":"Nelson Feliz","date":"3 de enero de 2025","format":false,"excerpt":"La ministra de Interior y Polic\u00eda, Faride Raful, agradeci\u00f3 a trav\u00e9s de sus redes sociales a los dominicanos el \u201cbuen comportamiento\u201d que mantuvieron durante las festividades navide\u00f1as. A trav\u00e9s de su cuenta de X (antiguo Twitter), la ministra indic\u00f3 que desde el Gobierno trabajan en cumplir las leyes y mejorar\u2026","rel":"","context":"En \u00abNACIONALES\u00bb","block_context":{"text":"NACIONALES","link":"https:\/\/lasprimeras.com.do\/index.php\/category\/nacionales\/"},"img":{"alt_text":"Faride Raful","src":"https:\/\/i0.wp.com\/lasprimeras.com.do\/wp-content\/uploads\/2025\/01\/Faride-Raful.jpeg?resize=350%2C200&ssl=1","width":350,"height":200,"srcset":"https:\/\/i0.wp.com\/lasprimeras.com.do\/wp-content\/uploads\/2025\/01\/Faride-Raful.jpeg?resize=350%2C200&ssl=1 1x, https:\/\/i0.wp.com\/lasprimeras.com.do\/wp-content\/uploads\/2025\/01\/Faride-Raful.jpeg?resize=525%2C300&ssl=1 1.5x, https:\/\/i0.wp.com\/lasprimeras.com.do\/wp-content\/uploads\/2025\/01\/Faride-Raful.jpeg?resize=700%2C400&ssl=1 2x"},"classes":[]},{"id":91683,"url":"https:\/\/lasprimeras.com.do\/index.php\/2024\/12\/01\/faride-anuncia-el-operacion-garantia-de-paz-navidad-2024\/","url_meta":{"origin":116764,"position":2},"title":"Faride anuncia el\u201d Operaci\u00f3n Garant\u00eda de Paz Navidad 2024\u201d","author":"Nelson Feliz","date":"1 de diciembre de 2024","format":false,"excerpt":"La ministra de Interior y Polic\u00eda, Faride Raful, anunci\u00f3 que el pr\u00f3ximo 3 de diciembre empieza la\u201d Operaci\u00f3n Garant\u00eda de Paz Navidad 2024\u201d, para mantener la seguridad ciudadana en las festividades navide\u00f1as. Raful, dijo operativo contara con la integraci\u00f3n de los primeros 1,016 agentes egresados de la reforma policial que\u2026","rel":"","context":"En \u00abMILITARES\u00bb","block_context":{"text":"MILITARES","link":"https:\/\/lasprimeras.com.do\/index.php\/category\/militares\/"},"img":{"alt_text":"Faride Raful","src":"https:\/\/i0.wp.com\/lasprimeras.com.do\/wp-content\/uploads\/2024\/12\/Faride-Raful.jpg?resize=350%2C200&ssl=1","width":350,"height":200,"srcset":"https:\/\/i0.wp.com\/lasprimeras.com.do\/wp-content\/uploads\/2024\/12\/Faride-Raful.jpg?resize=350%2C200&ssl=1 1x, https:\/\/i0.wp.com\/lasprimeras.com.do\/wp-content\/uploads\/2024\/12\/Faride-Raful.jpg?resize=525%2C300&ssl=1 1.5x, https:\/\/i0.wp.com\/lasprimeras.com.do\/wp-content\/uploads\/2024\/12\/Faride-Raful.jpg?resize=700%2C400&ssl=1 2x"},"classes":[]},{"id":105024,"url":"https:\/\/lasprimeras.com.do\/index.php\/2025\/07\/29\/dictan-impedimento-de-salida-garantia-economica-a-la-torita-por-caso-de-faride-raful\/","url_meta":{"origin":116764,"position":3},"title":"Dictan impedimento de salida, garant\u00eda econ\u00f3mica a &#8220;la Torita&#8221; por caso de Faride Raful","author":"Nelson Feliz","date":"29 de julio de 2025","format":false,"excerpt":"Ingrid Jorge fue sometida por alegada difamaci\u00f3n e injuria contra Faride Raful, ministra de Interior y Polic\u00eda. La jueza Yanibet Rivas, del Sexto Juzgado de la Instrucci\u00f3n del Distrito Nacional, impuso la tarde de este martes medida de coerci\u00f3n contra la creadora de contenido Ingrid Jorge, conocida como \"la Torita\",\u2026","rel":"","context":"En \u00abJUSTICIA\u00bb","block_context":{"text":"JUSTICIA","link":"https:\/\/lasprimeras.com.do\/index.php\/category\/justicia\/"},"img":{"alt_text":"","src":"https:\/\/i0.wp.com\/lasprimeras.com.do\/wp-content\/uploads\/2025\/07\/Faride-Raful.jpg?resize=350%2C200&ssl=1","width":350,"height":200,"srcset":"https:\/\/i0.wp.com\/lasprimeras.com.do\/wp-content\/uploads\/2025\/07\/Faride-Raful.jpg?resize=350%2C200&ssl=1 1x, https:\/\/i0.wp.com\/lasprimeras.com.do\/wp-content\/uploads\/2025\/07\/Faride-Raful.jpg?resize=525%2C300&ssl=1 1.5x, https:\/\/i0.wp.com\/lasprimeras.com.do\/wp-content\/uploads\/2025\/07\/Faride-Raful.jpg?resize=700%2C400&ssl=1 2x"},"classes":[]},{"id":111692,"url":"https:\/\/lasprimeras.com.do\/index.php\/2025\/10\/12\/faride-raful-garantiza-orden-y-paz-ante-llamado-a-paro-en-navarrete\/","url_meta":{"origin":116764,"position":4},"title":"Faride Raful garantiza orden y paz ante llamado a paro en Navarrete","author":"Nelson Feliz","date":"12 de octubre de 2025","format":false,"excerpt":"La ministra de Interior y Polic\u00eda, Faride Raful, garantiz\u00f3 este domingo el orden y la paz en el municipio de Navarrete, ante el llamado a paro por 48 horas convocado por organizaciones sociales para este lunes y martes. Raful ofreci\u00f3 sus declaraciones durante una visita al director regional Cibao Central\u2026","rel":"","context":"En \u00abMILITARES\u00bb","block_context":{"text":"MILITARES","link":"https:\/\/lasprimeras.com.do\/index.php\/category\/militares\/"},"img":{"alt_text":"Faride Raful","src":"https:\/\/i0.wp.com\/lasprimeras.com.do\/wp-content\/uploads\/2025\/01\/Faride-Raful.jpeg?resize=350%2C200&ssl=1","width":350,"height":200,"srcset":"https:\/\/i0.wp.com\/lasprimeras.com.do\/wp-content\/uploads\/2025\/01\/Faride-Raful.jpeg?resize=350%2C200&ssl=1 1x, https:\/\/i0.wp.com\/lasprimeras.com.do\/wp-content\/uploads\/2025\/01\/Faride-Raful.jpeg?resize=525%2C300&ssl=1 1.5x, https:\/\/i0.wp.com\/lasprimeras.com.do\/wp-content\/uploads\/2025\/01\/Faride-Raful.jpeg?resize=700%2C400&ssl=1 2x"},"classes":[]},{"id":116502,"url":"https:\/\/lasprimeras.com.do\/index.php\/2025\/12\/01\/la-operacion-garantia-de-paz-navidad-2025-tendra-el-doble-de-agentes-en-labores-de-patrullaje\/","url_meta":{"origin":116764,"position":5},"title":"La operaci\u00f3n Garant\u00eda de Paz Navidad 2025 tendr\u00e1 el doble de agentes en labores de patrullaje","author":"Nelson Feliz","date":"1 de diciembre de 2025","format":false,"excerpt":"El Operativo \"Garant\u00eda de Paz Navidad 2025\" contar\u00e1 con el doble de agentes policiales que el a\u00f1o pasado en labores de patrullaje, debido a la incorporaci\u00f3n de los nuevos miembros graduados bajo el nuevo modelo educativo renovado de la Polic\u00eda Nacional. La ministra de Interior y Polic\u00eda, Faride Raful, ofreci\u00f3\u2026","rel":"","context":"En \u00abMILITARES\u00bb","block_context":{"text":"MILITARES","link":"https:\/\/lasprimeras.com.do\/index.php\/category\/militares\/"},"img":{"alt_text":"","src":"https:\/\/i0.wp.com\/lasprimeras.com.do\/wp-content\/uploads\/2025\/11\/Policia-Nacional-3.jpg?resize=350%2C200&ssl=1","width":350,"height":200,"srcset":"https:\/\/i0.wp.com\/lasprimeras.com.do\/wp-content\/uploads\/2025\/11\/Policia-Nacional-3.jpg?resize=350%2C200&ssl=1 1x, https:\/\/i0.wp.com\/lasprimeras.com.do\/wp-content\/uploads\/2025\/11\/Policia-Nacional-3.jpg?resize=525%2C300&ssl=1 1.5x, https:\/\/i0.wp.com\/lasprimeras.com.do\/wp-content\/uploads\/2025\/11\/Policia-Nacional-3.jpg?resize=700%2C400&ssl=1 2x"},"classes":[]}],"jetpack_sharing_enabled":true,"_links":{"self":[{"href":"https:\/\/lasprimeras.com.do\/index.php\/wp-json\/wp\/v2\/posts\/116764","targetHints":{"allow":["GET"]}}],"collection":[{"href":"https:\/\/lasprimeras.com.do\/index.php\/wp-json\/wp\/v2\/posts"}],"about":[{"href":"https:\/\/lasprimeras.com.do\/index.php\/wp-json\/wp\/v2\/types\/post"}],"author":[{"embeddable":true,"href":"https:\/\/lasprimeras.com.do\/index.php\/wp-json\/wp\/v2\/users\/10"}],"replies":[{"embeddable":true,"href":"https:\/\/lasprimeras.com.do\/index.php\/wp-json\/wp\/v2\/comments?post=116764"}],"version-history":[{"count":1,"href":"https:\/\/lasprimeras.com.do\/index.php\/wp-json\/wp\/v2\/posts\/116764\/revisions"}],"predecessor-version":[{"id":116769,"href":"https:\/\/lasprimeras.com.do\/index.php\/wp-json\/wp\/v2\/posts\/116764\/revisions\/116769"}],"wp:featuredmedia":[{"embeddable":true,"href":"https:\/\/lasprimeras.com.do\/index.php\/wp-json\/wp\/v2\/media\/116765"}],"wp:attachment":[{"href":"https:\/\/lasprimeras.com.do\/index.php\/wp-json\/wp\/v2\/media?parent=116764"}],"wp:term":[{"taxonomy":"category","embeddable":true,"href":"https:\/\/lasprimeras.com.do\/index.php\/wp-json\/wp\/v2\/categories?post=116764"},{"taxonomy":"post_tag","embeddable":true,"href":"https:\/\/lasprimeras.com.do\/index.php\/wp-json\/wp\/v2\/tags?post=116764"}],"curies":[{"name":"wp","href":"https:\/\/api.w.org\/{rel}","templated":true}]}}