{"id":116773,"date":"2025-12-03T19:07:33","date_gmt":"2025-12-03T23:07:33","guid":{"rendered":"https:\/\/lasprimeras.com.do\/?p=116773"},"modified":"2025-12-03T19:07:35","modified_gmt":"2025-12-03T23:07:35","slug":"zoologico-nacional-desmiente-importacion-de-especies-venenosas-al-pais","status":"publish","type":"post","link":"https:\/\/lasprimeras.com.do\/index.php\/2025\/12\/03\/zoologico-nacional-desmiente-importacion-de-especies-venenosas-al-pais\/","title":{"rendered":"Zool\u00f3gico Nacional desmiente importaci\u00f3n de especies venenosas al pa\u00eds"},"content":{"rendered":"\n<p><strong>Aclara especies solicitadas fueron caimanes, pericos y monos.<\/strong><\/p>\n\n\n\n<p>Debido a la propagaci\u00f3n de una informaci\u00f3n sobre la importaci\u00f3n de animales que el Parque Zool\u00f3gico Nacional recibir\u00e1 en donaci\u00f3n desde el centro de rescate de especies ex\u00f3ticas de Puerto Rico, queremos dejar constancia de que en ning\u00fan momento se han incluido en esta donaci\u00f3n serpientes venenosas, que no existen en la vecina isla, y que se trata de una informaci\u00f3n malintencionada que afecta su imagen de pa\u00eds libre de animales venenosos.<\/p>\n\n\n\n<p>Las especies solicitadas fueron caimanes, pericos cuello anillado y monos rhesus.<\/p>\n\n\n\n<p>Con respecto a estos \u00faltimos, queremos aclarar que no ha ocurrido en la vecina isla un solo caso de transmisi\u00f3n de herpes desde estos animales a los humanos, y la raz\u00f3n por la que fueron incautados fue porque los utilizaban para tomarse fotos en los parques con turistas.<\/p>\n\n\n\n<p>En la actualidad estamos en el proceso de solicitar a la Direcci\u00f3n General de Ganader\u00eda, el permiso zoosanitario correspondiente, y el permiso de no objeci\u00f3n que otorga el Ministerio de Medio Ambiente, condiciones indispensables para introducir cualquier especie animal a nuestro pa\u00eds.<\/p>\n","protected":false},"excerpt":{"rendered":"<p>Aclara especies solicitadas fueron caimanes, pericos y monos. Debido a la propagaci\u00f3n de una informaci\u00f3n sobre la importaci\u00f3n de animales que el Parque Zool\u00f3gico Nacional recibir\u00e1 en donaci\u00f3n desde el&hellip;<\/p>\n","protected":false},"author":10,"featured_media":116774,"comment_status":"open","ping_status":"open","sticky":false,"template":"","format":"standard","meta":{"content-type":"","jetpack_post_was_ever_published":false,"_jetpack_newsletter_access":"","_jetpack_dont_email_post_to_subs":false,"_jetpack_newsletter_tier_id":0,"_jetpack_memberships_contains_paywalled_content":false,"_jetpack_memberships_contains_paid_content":false,"footnotes":""},"categories":[35],"tags":[28151,210,28149,4529,28152,28150,28148],"class_list":["post-116773","post","type-post","status-publish","format-standard","has-post-thumbnail","hentry","category-nacionales","tag-caimanes","tag-desmiente","tag-especies-venenosas","tag-importacion","tag-monos","tag-pericos","tag-zoologico-nacional"],"jetpack_featured_media_url":"https:\/\/lasprimeras.com.do\/wp-content\/uploads\/2025\/12\/Zoologico-Nacional.jpeg","jetpack-related-posts":[{"id":67363,"url":"https:\/\/lasprimeras.com.do\/index.php\/2023\/11\/15\/colombia-inicia-la-esterilizacion-de-hipopotamos-descendientes-de-las-mascotas-del-narcotraficante-pablo-escobar\/","url_meta":{"origin":116773,"position":0},"title":"Colombia inicia la esterilizaci\u00f3n de hipop\u00f3tamos descendientes de las mascotas del narcotraficante Pablo Escobar","author":"Nelson Feliz","date":"15 de noviembre de 2023","format":false,"excerpt":"BOGOT\u00c1, Colombia (AP) \u2014 Colombia comenz\u00f3 el martes la esterilizaci\u00f3n de hipop\u00f3tamos , descendientes de animales tra\u00eddos ilegalmente al pa\u00eds por el fallecido narcotraficante Pablo Escobar en la d\u00e9cada de 1980. Dos hipop\u00f3tamos macho y una hembra fueron sometidos a esterilizaci\u00f3n quir\u00fargica, dijeron autoridades ambientales. Es parte de un esfuerzo\u2026","rel":"","context":"En \u00abSin categor\u00eda\u00bb","block_context":{"text":"Sin categor\u00eda","link":"https:\/\/lasprimeras.com.do\/index.php\/category\/sin-categoria\/"},"img":{"alt_text":"hipop\u00f3tamos","src":"https:\/\/i0.wp.com\/lasprimeras.com.do\/wp-content\/uploads\/2023\/11\/hipopotamos.jpg?resize=350%2C200&ssl=1","width":350,"height":200,"srcset":"https:\/\/i0.wp.com\/lasprimeras.com.do\/wp-content\/uploads\/2023\/11\/hipopotamos.jpg?resize=350%2C200&ssl=1 1x, https:\/\/i0.wp.com\/lasprimeras.com.do\/wp-content\/uploads\/2023\/11\/hipopotamos.jpg?resize=525%2C300&ssl=1 1.5x, https:\/\/i0.wp.com\/lasprimeras.com.do\/wp-content\/uploads\/2023\/11\/hipopotamos.jpg?resize=700%2C400&ssl=1 2x"},"classes":[]},{"id":90609,"url":"https:\/\/lasprimeras.com.do\/index.php\/2024\/10\/26\/descubren-en-brasil-un-sapo-pulga-que-es-el-segundo-vertebrado-mas-pequeno-del-mundo\/","url_meta":{"origin":116773,"position":1},"title":"Descubren en Brasil un sapo-pulga que es el segundo vertebrado m\u00e1s peque\u00f1o del mundo","author":"Nelson Feliz","date":"26 de octubre de 2024","format":false,"excerpt":"R\u00edo de Janeiro,(EFE).- Un grupo de investigadores de la Universidad Estadual de Campinas (Unicamp) descubrieron en Brasil un sapo-pulga, el segundo vertebrado m\u00e1s peque\u00f1o del mundo, seg\u00fan un estudio divulgado este viernes. El ejemplar, del g\u00e9nero Brachycephalus, mide 6,95 mil\u00edmetros y puede posarse sobre una u\u00f1a. El estudio, apoyado por\u2026","rel":"","context":"En \u00abSin categor\u00eda\u00bb","block_context":{"text":"Sin categor\u00eda","link":"https:\/\/lasprimeras.com.do\/index.php\/category\/sin-categoria\/"},"img":{"alt_text":"sapo-pulga","src":"https:\/\/i0.wp.com\/lasprimeras.com.do\/wp-content\/uploads\/2024\/10\/sapo-pulga.jpg?resize=350%2C200&ssl=1","width":350,"height":200,"srcset":"https:\/\/i0.wp.com\/lasprimeras.com.do\/wp-content\/uploads\/2024\/10\/sapo-pulga.jpg?resize=350%2C200&ssl=1 1x, https:\/\/i0.wp.com\/lasprimeras.com.do\/wp-content\/uploads\/2024\/10\/sapo-pulga.jpg?resize=525%2C300&ssl=1 1.5x, https:\/\/i0.wp.com\/lasprimeras.com.do\/wp-content\/uploads\/2024\/10\/sapo-pulga.jpg?resize=700%2C400&ssl=1 2x"},"classes":[]},{"id":57512,"url":"https:\/\/lasprimeras.com.do\/index.php\/2023\/08\/13\/hallan-insolita-criatura-con-20-brazos-al-acecho-en-el-oceano-antartico\/","url_meta":{"origin":116773,"position":2},"title":"Hallan ins\u00f3lita criatura con 20 brazos al acecho en el oc\u00e9ano Ant\u00e1rtico","author":"Nelson Feliz","date":"13 de agosto de 2023","format":false,"excerpt":"Aspen Pflughoeft Cient\u00edficos a bordo de un buque de investigaci\u00f3n cerca de la Ant\u00e1rtida sacaron sus redes de las fr\u00edas aguas del oc\u00e9ano. Entre sus capturas, encontraron una criatura de 20 brazos con una forma corporal distintiva. Se trata de una nueva especie. Los investigadores rastrearon el oc\u00e9ano Ant\u00e1rtico en\u2026","rel":"","context":"En \u00abSin categor\u00eda\u00bb","block_context":{"text":"Sin categor\u00eda","link":"https:\/\/lasprimeras.com.do\/index.php\/category\/sin-categoria\/"},"img":{"alt_text":"","src":"https:\/\/i0.wp.com\/lasprimeras.com.do\/wp-content\/uploads\/2023\/08\/Especie.jpg?resize=350%2C200&ssl=1","width":350,"height":200,"srcset":"https:\/\/i0.wp.com\/lasprimeras.com.do\/wp-content\/uploads\/2023\/08\/Especie.jpg?resize=350%2C200&ssl=1 1x, https:\/\/i0.wp.com\/lasprimeras.com.do\/wp-content\/uploads\/2023\/08\/Especie.jpg?resize=525%2C300&ssl=1 1.5x"},"classes":[]},{"id":55370,"url":"https:\/\/lasprimeras.com.do\/index.php\/2023\/07\/20\/descubren-en-republica-dominicana-un-insecto-depredador-del-trips-en-cultivos-de-aguacate\/","url_meta":{"origin":116773,"position":3},"title":"Descubren en Rep\u00fablica Dominicana un insecto depredador del trips en cultivos de aguacate","author":"Nelson Feliz","date":"20 de julio de 2023","format":false,"excerpt":"Estos hem\u00edpteros est\u00e1n siendo considerados en otros pa\u00edses como una alternativa a tomar en cuenta en la lucha biol\u00f3gica contra plagas de los cultivos hort\u00edcolas. Se ha reportado por primera vez en Rep\u00fablica Dominicana la presencia de un insecto hem\u00edptero depredador del trips, una de las plagas m\u00e1s importantes en\u2026","rel":"","context":"En \u00abNACIONALES\u00bb","block_context":{"text":"NACIONALES","link":"https:\/\/lasprimeras.com.do\/index.php\/category\/nacionales\/"},"img":{"alt_text":"Especie Orius flaviceps","src":"https:\/\/i0.wp.com\/lasprimeras.com.do\/wp-content\/uploads\/2023\/07\/Especie-Orius-flaviceps.jpg?resize=350%2C200&ssl=1","width":350,"height":200,"srcset":"https:\/\/i0.wp.com\/lasprimeras.com.do\/wp-content\/uploads\/2023\/07\/Especie-Orius-flaviceps.jpg?resize=350%2C200&ssl=1 1x, https:\/\/i0.wp.com\/lasprimeras.com.do\/wp-content\/uploads\/2023\/07\/Especie-Orius-flaviceps.jpg?resize=525%2C300&ssl=1 1.5x, https:\/\/i0.wp.com\/lasprimeras.com.do\/wp-content\/uploads\/2023\/07\/Especie-Orius-flaviceps.jpg?resize=700%2C400&ssl=1 2x"},"classes":[]},{"id":49525,"url":"https:\/\/lasprimeras.com.do\/index.php\/2023\/05\/11\/desmienten-posible-fallecimiento-de-la-madre-de-abel-martinez\/","url_meta":{"origin":116773,"position":4},"title":"Desmienten posible fallecimiento de la madre de Abel Mart\u00ednez","author":"prenxa100","date":"11 de mayo de 2023","format":false,"excerpt":"Santo Domingo.-. El equipo de comunicaciones del Candidato Presidencial del Partido de la Liberaci\u00f3n Dominicana (PLD), Abel Mart\u00ednez Duran, se dirige a los medios de comunicaci\u00f3n y al pueblo dominicano para brindar una actualizaci\u00f3n sobre la situaci\u00f3n de salud de Melida Duran, madre de nuestro candidato, y del diputado Mayobanex\u2026","rel":"","context":"En \u00abNACIONALES\u00bb","block_context":{"text":"NACIONALES","link":"https:\/\/lasprimeras.com.do\/index.php\/category\/nacionales\/"},"img":{"alt_text":"","src":"","width":0,"height":0},"classes":[]},{"id":60853,"url":"https:\/\/lasprimeras.com.do\/index.php\/2023\/09\/19\/australia-le-declara-la-guerra-a-los-gatos-para-salvar-a-sus-animales-nativos\/","url_meta":{"origin":116773,"position":5},"title":"Australia le declara la &#8220;guerra&#8221; a los gatos para salvar a sus animales nativos","author":"Nelson Feliz","date":"19 de septiembre de 2023","format":false,"excerpt":"Las autoridades ya llevan a\u00f1os de guerra contra los gatos salvajes, que no son aut\u00f3ctonos del pa\u00eds y que han jugado un papel clave en la extinci\u00f3n de 34 especies de mam\u00edferos. Para frenar la extinci\u00f3n de sus especies nativas, el Gobierno de Australia busca redoblar su \"guerra\" contra los\u2026","rel":"","context":"En \u00abSin categor\u00eda\u00bb","block_context":{"text":"Sin categor\u00eda","link":"https:\/\/lasprimeras.com.do\/index.php\/category\/sin-categoria\/"},"img":{"alt_text":"gatos","src":"https:\/\/i0.wp.com\/lasprimeras.com.do\/wp-content\/uploads\/2023\/09\/gatos.jpeg?resize=350%2C200&ssl=1","width":350,"height":200,"srcset":"https:\/\/i0.wp.com\/lasprimeras.com.do\/wp-content\/uploads\/2023\/09\/gatos.jpeg?resize=350%2C200&ssl=1 1x, https:\/\/i0.wp.com\/lasprimeras.com.do\/wp-content\/uploads\/2023\/09\/gatos.jpeg?resize=525%2C300&ssl=1 1.5x, https:\/\/i0.wp.com\/lasprimeras.com.do\/wp-content\/uploads\/2023\/09\/gatos.jpeg?resize=700%2C400&ssl=1 2x"},"classes":[]}],"jetpack_sharing_enabled":true,"_links":{"self":[{"href":"https:\/\/lasprimeras.com.do\/index.php\/wp-json\/wp\/v2\/posts\/116773","targetHints":{"allow":["GET"]}}],"collection":[{"href":"https:\/\/lasprimeras.com.do\/index.php\/wp-json\/wp\/v2\/posts"}],"about":[{"href":"https:\/\/lasprimeras.com.do\/index.php\/wp-json\/wp\/v2\/types\/post"}],"author":[{"embeddable":true,"href":"https:\/\/lasprimeras.com.do\/index.php\/wp-json\/wp\/v2\/users\/10"}],"replies":[{"embeddable":true,"href":"https:\/\/lasprimeras.com.do\/index.php\/wp-json\/wp\/v2\/comments?post=116773"}],"version-history":[{"count":1,"href":"https:\/\/lasprimeras.com.do\/index.php\/wp-json\/wp\/v2\/posts\/116773\/revisions"}],"predecessor-version":[{"id":116775,"href":"https:\/\/lasprimeras.com.do\/index.php\/wp-json\/wp\/v2\/posts\/116773\/revisions\/116775"}],"wp:featuredmedia":[{"embeddable":true,"href":"https:\/\/lasprimeras.com.do\/index.php\/wp-json\/wp\/v2\/media\/116774"}],"wp:attachment":[{"href":"https:\/\/lasprimeras.com.do\/index.php\/wp-json\/wp\/v2\/media?parent=116773"}],"wp:term":[{"taxonomy":"category","embeddable":true,"href":"https:\/\/lasprimeras.com.do\/index.php\/wp-json\/wp\/v2\/categories?post=116773"},{"taxonomy":"post_tag","embeddable":true,"href":"https:\/\/lasprimeras.com.do\/index.php\/wp-json\/wp\/v2\/tags?post=116773"}],"curies":[{"name":"wp","href":"https:\/\/api.w.org\/{rel}","templated":true}]}}