{"id":116776,"date":"2025-12-03T19:18:47","date_gmt":"2025-12-03T23:18:47","guid":{"rendered":"https:\/\/lasprimeras.com.do\/?p=116776"},"modified":"2025-12-03T19:18:49","modified_gmt":"2025-12-03T23:18:49","slug":"pld-presente-en-el-dia-internacional-de-las-personas-con-discapacidad","status":"publish","type":"post","link":"https:\/\/lasprimeras.com.do\/index.php\/2025\/12\/03\/pld-presente-en-el-dia-internacional-de-las-personas-con-discapacidad\/","title":{"rendered":"PLD presente en el D\u00eda Internacional de las Personas con Discapacidad"},"content":{"rendered":"\n<p><strong>PLD llama a enfrentar las barreras estructurales que a\u00fan excluyen a las personas con discapacidad<\/strong><\/p>\n\n\n\n<p>En el D\u00eda Internacional de las personas con Discapacidad, el Partido de la Liberaci\u00f3n Dominicana (PLD), celebr\u00f3 un acto organizado por la Secretar\u00eda de Participaci\u00f3n e Inclusi\u00f3n.<\/p>\n\n\n\n<p>En la actividad se resalt\u00f3 que, pese a los avances legales y las iniciativas impulsadas en a\u00f1os anteriores, las personas con discapacidad contin\u00faan enfrentando barreras significativas para su plena inclusi\u00f3n social, institucional y laboral.<\/p>\n\n\n<div class=\"wp-block-image\">\n<figure class=\"alignleft size-full is-resized\"><img decoding=\"async\" width=\"900\" height=\"600\" src=\"https:\/\/lasprimeras.com.do\/wp-content\/uploads\/2025\/12\/Johnny-Pujols-1-1.jpg\" alt=\"\" class=\"wp-image-116778\" style=\"width:407px;height:auto\" srcset=\"https:\/\/lasprimeras.com.do\/wp-content\/uploads\/2025\/12\/Johnny-Pujols-1-1.jpg 900w, https:\/\/lasprimeras.com.do\/wp-content\/uploads\/2025\/12\/Johnny-Pujols-1-1-300x200.jpg 300w, https:\/\/lasprimeras.com.do\/wp-content\/uploads\/2025\/12\/Johnny-Pujols-1-1-768x512.jpg 768w\" sizes=\"(max-width: 900px) 100vw, 900px\" \/><\/figure>\n<\/div>\n\n\n<p>El secretario general del PLD, Johnny Pujols, se\u00f1al\u00f3 que el prop\u00f3sito central del encuentro era reconocer a quienes han luchado por derribar esas barreras, recordando que a\u00fan queda un amplio camino por recorrer para garantizar igualdad real.<\/p>\n\n\n\n<p>Reafirm\u00f3 que la sociedad dominicana debe redoblar esfuerzos para promover la participaci\u00f3n plena de todas las personas y evitar retrocesos en materia de inclusi\u00f3n.<\/p>\n\n\n\n<p>De su lado, el titular de la secretar\u00eda de Participaci\u00f3n e Inclusi\u00f3n, Junior Fructuoso, destac\u00f3 que la creaci\u00f3n de la Ley General de Discapacidad impulsada por el presidente Danilo Medina represent\u00f3 un avance importante, pero insisti\u00f3 en que la verdadera deuda sigue siendo la aplicaci\u00f3n efectiva de esa legislaci\u00f3n, especialmente en lo relativo a garantizar accesibilidad, servicios dignos y oportunidades laborales. Subray\u00f3 que, aunque existen marcos legales y discursos oficiales, persiste la necesidad de transformar las instituciones y eliminar pr\u00e1cticas que todav\u00eda excluyen o limitan a este colectivo.<\/p>\n\n\n\n<p>El acto incluy\u00f3 la entrega de reconocimientos a personas que han trabajado desde diferentes espacios para visibilizar esta problem\u00e1tica y exigir cambios reales.<\/p>\n\n\n\n<p>Tambi\u00e9n participaron Yenny De Los Santos, Elbe Delia Castillo, Josefina Alc\u00e1ntara y Magino Corpor\u00e1n Lorenzo, quienes coincidieron en que la inclusi\u00f3n debe ser un compromiso permanente y no un tema reservado para una fecha conmemorativa.<\/p>\n\n\n<div class=\"wp-block-image\">\n<figure class=\"alignright size-full is-resized\"><img decoding=\"async\" width=\"900\" height=\"600\" src=\"https:\/\/lasprimeras.com.do\/wp-content\/uploads\/2025\/12\/Johnny-Pujols-2.jpg\" alt=\"\" class=\"wp-image-116779\" style=\"width:434px;height:auto\" srcset=\"https:\/\/lasprimeras.com.do\/wp-content\/uploads\/2025\/12\/Johnny-Pujols-2.jpg 900w, https:\/\/lasprimeras.com.do\/wp-content\/uploads\/2025\/12\/Johnny-Pujols-2-300x200.jpg 300w, https:\/\/lasprimeras.com.do\/wp-content\/uploads\/2025\/12\/Johnny-Pujols-2-768x512.jpg 768w\" sizes=\"(max-width: 900px) 100vw, 900px\" \/><\/figure>\n<\/div>\n\n\n<p>En las palabras de bienvenida, Yeny De Los Santos subray\u00f3 la importancia de mantener la atenci\u00f3n sobre estas limitaciones estructurales que todav\u00eda excluyen a miles de ciudadanos.<\/p>\n\n\n\n<p>La actividad reafirm\u00f3 que el principal desaf\u00edo sigue siendo romper con las barreras f\u00edsicas, sociales y culturales que mantienen a las personas con discapacidad en condiciones de desigualdad, y que el pa\u00eds debe avanzar hacia pol\u00edticas m\u00e1s firmes, coherentes y sostenibles para garantizar derechos y oportunidades en igualdad de condiciones.<\/p>\n","protected":false},"excerpt":{"rendered":"<p>PLD llama a enfrentar las barreras estructurales que a\u00fan excluyen a las personas con discapacidad En el D\u00eda Internacional de las personas con Discapacidad, el Partido de la Liberaci\u00f3n Dominicana&hellip;<\/p>\n","protected":false},"author":10,"featured_media":116777,"comment_status":"open","ping_status":"open","sticky":false,"template":"","format":"standard","meta":{"content-type":"","jetpack_post_was_ever_published":false,"_jetpack_newsletter_access":"","_jetpack_dont_email_post_to_subs":false,"_jetpack_newsletter_tier_id":0,"_jetpack_memberships_contains_paywalled_content":false,"_jetpack_memberships_contains_paid_content":false,"footnotes":""},"categories":[16559,25],"tags":[15984,4191,412,269],"class_list":["post-116776","post","type-post","status-publish","format-standard","has-post-thumbnail","hentry","category-politica","category-portada","tag-dia-internacional","tag-discapacidad","tag-personas","tag-pld"],"jetpack_featured_media_url":"https:\/\/lasprimeras.com.do\/wp-content\/uploads\/2025\/12\/Johnny-Pujols-1.jpg","jetpack-related-posts":[{"id":118019,"url":"https:\/\/lasprimeras.com.do\/index.php\/2025\/12\/19\/caso-senasa-golpea-a-personas-con-discapacidad\/","url_meta":{"origin":116776,"position":0},"title":"Caso SeNaSa golpea a personas con discapacidad","author":"Nelson Feliz","date":"19 de diciembre de 2025","format":false,"excerpt":"Personas con discapacidad, tanto ni\u00f1os como adultos impactados por caso SeNaSa, denuncia Secretar\u00eda de Participaci\u00f3n e Inclusi\u00f3n del PLD. El titular de la Secretar\u00eda de Participaci\u00f3n e Inclusi\u00f3n del Partido de la Liberaci\u00f3n Dominicana (PLD), Junior Fructuoso, denunci\u00f3 el impacto negativo del fraude en SeNaSa sobre personas con discapacidad, tanto\u2026","rel":"","context":"En \u00abPORTADA\u00bb","block_context":{"text":"PORTADA","link":"https:\/\/lasprimeras.com.do\/index.php\/category\/portada\/"},"img":{"alt_text":"","src":"https:\/\/i0.wp.com\/lasprimeras.com.do\/wp-content\/uploads\/2025\/12\/Personas-con-discapacidad.jpg?resize=350%2C200&ssl=1","width":350,"height":200,"srcset":"https:\/\/i0.wp.com\/lasprimeras.com.do\/wp-content\/uploads\/2025\/12\/Personas-con-discapacidad.jpg?resize=350%2C200&ssl=1 1x, https:\/\/i0.wp.com\/lasprimeras.com.do\/wp-content\/uploads\/2025\/12\/Personas-con-discapacidad.jpg?resize=525%2C300&ssl=1 1.5x, https:\/\/i0.wp.com\/lasprimeras.com.do\/wp-content\/uploads\/2025\/12\/Personas-con-discapacidad.jpg?resize=700%2C400&ssl=1 2x"},"classes":[]},{"id":116991,"url":"https:\/\/lasprimeras.com.do\/index.php\/2025\/12\/06\/abinader-y-conadis-entregan-reconocimientos-en-el-marco-de-la-semana-de-la-discapacidad\/","url_meta":{"origin":116776,"position":1},"title":"Abinader y CONADIS entregan reconocimientos en el marco de la Semana de la Discapacidad","author":"Nelson Feliz","date":"6 de diciembre de 2025","format":false,"excerpt":"El presidente Luis Abinader, junto al Consejo Nacional de Discapacidad (CONADIS), encabez\u00f3 la entrega de importantes reconocimientos a l\u00edderes del sector y representantes de instituciones cuyo trabajo ha sido determinante para el avance de los derechos, la inclusi\u00f3n y el bienestar de las personas con discapacidad en el pa\u00eds. El\u2026","rel":"","context":"En \u00abNACIONALES\u00bb","block_context":{"text":"NACIONALES","link":"https:\/\/lasprimeras.com.do\/index.php\/category\/nacionales\/"},"img":{"alt_text":"Luis Abinader","src":"https:\/\/i0.wp.com\/lasprimeras.com.do\/wp-content\/uploads\/2025\/11\/Luis-Abinader-7.jpg?resize=350%2C200&ssl=1","width":350,"height":200,"srcset":"https:\/\/i0.wp.com\/lasprimeras.com.do\/wp-content\/uploads\/2025\/11\/Luis-Abinader-7.jpg?resize=350%2C200&ssl=1 1x, https:\/\/i0.wp.com\/lasprimeras.com.do\/wp-content\/uploads\/2025\/11\/Luis-Abinader-7.jpg?resize=525%2C300&ssl=1 1.5x, https:\/\/i0.wp.com\/lasprimeras.com.do\/wp-content\/uploads\/2025\/11\/Luis-Abinader-7.jpg?resize=700%2C400&ssl=1 2x"},"classes":[]},{"id":90228,"url":"https:\/\/lasprimeras.com.do\/index.php\/2024\/10\/15\/dia-internacional-del-baston-blanco-promoviendo-la-inclusion-y-la-no-discriminacion\/","url_meta":{"origin":116776,"position":2},"title":"D\u00eda Internacional del Bast\u00f3n Blanco: Promoviendo la Inclusi\u00f3n y la No Discriminaci\u00f3n","author":"Nelson Feliz","date":"15 de octubre de 2024","format":false,"excerpt":"El Centro de Capacitaci\u00f3n para Ciegos, Cecapci, se une a la conmemoraci\u00f3n del D\u00eda Internacional del Bast\u00f3n Blanco, un s\u00edmbolo de independencia y movilidad para las personas con discapacidad visual. Este d\u00eda nos recuerda la importancia de la inclusi\u00f3n y el respeto hacia todos, sin importar sus capacidades. A menudo,\u2026","rel":"","context":"En \u00abNACIONALES\u00bb","block_context":{"text":"NACIONALES","link":"https:\/\/lasprimeras.com.do\/index.php\/category\/nacionales\/"},"img":{"alt_text":"","src":"https:\/\/i0.wp.com\/lasprimeras.com.do\/wp-content\/uploads\/2024\/10\/WhatsApp-Image-2024-10-15-at-10.20.52-AM.jpeg?resize=350%2C200&ssl=1","width":350,"height":200,"srcset":"https:\/\/i0.wp.com\/lasprimeras.com.do\/wp-content\/uploads\/2024\/10\/WhatsApp-Image-2024-10-15-at-10.20.52-AM.jpeg?resize=350%2C200&ssl=1 1x, https:\/\/i0.wp.com\/lasprimeras.com.do\/wp-content\/uploads\/2024\/10\/WhatsApp-Image-2024-10-15-at-10.20.52-AM.jpeg?resize=525%2C300&ssl=1 1.5x, https:\/\/i0.wp.com\/lasprimeras.com.do\/wp-content\/uploads\/2024\/10\/WhatsApp-Image-2024-10-15-at-10.20.52-AM.jpeg?resize=700%2C400&ssl=1 2x, https:\/\/i0.wp.com\/lasprimeras.com.do\/wp-content\/uploads\/2024\/10\/WhatsApp-Image-2024-10-15-at-10.20.52-AM.jpeg?resize=1050%2C600&ssl=1 3x"},"classes":[]},{"id":121265,"url":"https:\/\/lasprimeras.com.do\/index.php\/2026\/02\/02\/jce-entrega-nueva-cedula-a-personas-con-discapacidad-y-miembros-del-salon-de-la-fama\/","url_meta":{"origin":116776,"position":3},"title":"JCE entrega nueva c\u00e9dula a personas con discapacidad y miembros del Sal\u00f3n de la Fama","author":"Nelson Feliz","date":"2 de febrero de 2026","format":false,"excerpt":"Hirayda Marcelle Fern\u00e1ndez Guzm\u00e1n, David Ortiz, Juan Marichal, el presidente de la JCE, Rom\u00e1n Andr\u00e9s J\u00e1quez Liranzo; Pedro Mart\u00ednez y Dolores Altagracia Fern\u00e1ndez S\u00e1nchez. (FUENTE EXTERNA)","rel":"","context":"En \u00abNACIONALES\u00bb","block_context":{"text":"NACIONALES","link":"https:\/\/lasprimeras.com.do\/index.php\/category\/nacionales\/"},"img":{"alt_text":"Hirayda Marcelle Fern\u00e1ndez Guzm\u00e1n, David Ortiz, Juan Marichal, el presidente de la JCE, Rom\u00e1n Andr\u00e9s J\u00e1quez Liranzo; Pedro Mart\u00ednez y Dolores Altagracia Fern\u00e1ndez S\u00e1nchez. (FUENTE EXTERNA)","src":"https:\/\/i0.wp.com\/lasprimeras.com.do\/wp-content\/uploads\/2026\/02\/FAMA.jpg?resize=350%2C200&ssl=1","width":350,"height":200,"srcset":"https:\/\/i0.wp.com\/lasprimeras.com.do\/wp-content\/uploads\/2026\/02\/FAMA.jpg?resize=350%2C200&ssl=1 1x, https:\/\/i0.wp.com\/lasprimeras.com.do\/wp-content\/uploads\/2026\/02\/FAMA.jpg?resize=525%2C300&ssl=1 1.5x, https:\/\/i0.wp.com\/lasprimeras.com.do\/wp-content\/uploads\/2026\/02\/FAMA.jpg?resize=700%2C400&ssl=1 2x"},"classes":[]},{"id":128022,"url":"https:\/\/lasprimeras.com.do\/index.php\/2026\/04\/19\/jce-continua-entrega-de-la-nueva-cedula-a-personas-con-discapacidad-en-coordinacion-con-conadis\/","url_meta":{"origin":116776,"position":4},"title":"JCE contin\u00faa entrega de la nueva c\u00e9dula a personas con discapacidad en coordinaci\u00f3n con CONADIS","author":"Nelson Feliz","date":"19 de abril de 2026","format":false,"excerpt":"Este viernes 21 miembros de ADOSID renovaron el documento de identidad La Junta Central Electoral, a trav\u00e9s de la Mesa de Inclusi\u00f3n que coordina la miembro titular Dolores Altagracia Fern\u00e1ndez S\u00e1nchez, y en coordinaci\u00f3n con el Consejo Nacional de Discapacidad (CONADIS), continu\u00f3 este viernes desarrollando las jornadas de cedulaci\u00f3n accesible,\u2026","rel":"","context":"En \u00abNACIONALES\u00bb","block_context":{"text":"NACIONALES","link":"https:\/\/lasprimeras.com.do\/index.php\/category\/nacionales\/"},"img":{"alt_text":"","src":"https:\/\/i0.wp.com\/lasprimeras.com.do\/wp-content\/uploads\/2026\/04\/CONADIS.jpg?resize=350%2C200&ssl=1","width":350,"height":200,"srcset":"https:\/\/i0.wp.com\/lasprimeras.com.do\/wp-content\/uploads\/2026\/04\/CONADIS.jpg?resize=350%2C200&ssl=1 1x, https:\/\/i0.wp.com\/lasprimeras.com.do\/wp-content\/uploads\/2026\/04\/CONADIS.jpg?resize=525%2C300&ssl=1 1.5x, https:\/\/i0.wp.com\/lasprimeras.com.do\/wp-content\/uploads\/2026\/04\/CONADIS.jpg?resize=700%2C400&ssl=1 2x"},"classes":[]},{"id":96467,"url":"https:\/\/lasprimeras.com.do\/index.php\/2025\/04\/01\/abinader-dice-gobierno-prioriza-politicas-dirigidas-a-la-poblacion-con-discapacidad\/","url_meta":{"origin":116776,"position":5},"title":"Abinader dice Gobierno prioriza pol\u00edticas dirigidas a la poblaci\u00f3n con discapacidad","author":"Nelson Feliz","date":"1 de abril de 2025","format":false,"excerpt":"El presidente Luis Abinader expres\u00f3 este lunes que el Gobierno ha intensificado sus esfuerzos en favor de la inclusi\u00f3n de personas con discapacidad, logrando la inserci\u00f3n de m\u00e1s de 400 ciudadanos en el mercado laboral y que adem\u00e1s el Fondo Nacional para la Ni\u00f1ez y Adolescencia con Discapacidad ha beneficiado\u2026","rel":"","context":"En \u00abECONOM\u00cdA\u00bb","block_context":{"text":"ECONOM\u00cdA","link":"https:\/\/lasprimeras.com.do\/index.php\/category\/economia\/"},"img":{"alt_text":"","src":"https:\/\/i0.wp.com\/lasprimeras.com.do\/wp-content\/uploads\/2025\/04\/Luis-Abinader-2.jpg?resize=350%2C200&ssl=1","width":350,"height":200,"srcset":"https:\/\/i0.wp.com\/lasprimeras.com.do\/wp-content\/uploads\/2025\/04\/Luis-Abinader-2.jpg?resize=350%2C200&ssl=1 1x, https:\/\/i0.wp.com\/lasprimeras.com.do\/wp-content\/uploads\/2025\/04\/Luis-Abinader-2.jpg?resize=525%2C300&ssl=1 1.5x, https:\/\/i0.wp.com\/lasprimeras.com.do\/wp-content\/uploads\/2025\/04\/Luis-Abinader-2.jpg?resize=700%2C400&ssl=1 2x"},"classes":[]}],"jetpack_sharing_enabled":true,"_links":{"self":[{"href":"https:\/\/lasprimeras.com.do\/index.php\/wp-json\/wp\/v2\/posts\/116776","targetHints":{"allow":["GET"]}}],"collection":[{"href":"https:\/\/lasprimeras.com.do\/index.php\/wp-json\/wp\/v2\/posts"}],"about":[{"href":"https:\/\/lasprimeras.com.do\/index.php\/wp-json\/wp\/v2\/types\/post"}],"author":[{"embeddable":true,"href":"https:\/\/lasprimeras.com.do\/index.php\/wp-json\/wp\/v2\/users\/10"}],"replies":[{"embeddable":true,"href":"https:\/\/lasprimeras.com.do\/index.php\/wp-json\/wp\/v2\/comments?post=116776"}],"version-history":[{"count":1,"href":"https:\/\/lasprimeras.com.do\/index.php\/wp-json\/wp\/v2\/posts\/116776\/revisions"}],"predecessor-version":[{"id":116780,"href":"https:\/\/lasprimeras.com.do\/index.php\/wp-json\/wp\/v2\/posts\/116776\/revisions\/116780"}],"wp:featuredmedia":[{"embeddable":true,"href":"https:\/\/lasprimeras.com.do\/index.php\/wp-json\/wp\/v2\/media\/116777"}],"wp:attachment":[{"href":"https:\/\/lasprimeras.com.do\/index.php\/wp-json\/wp\/v2\/media?parent=116776"}],"wp:term":[{"taxonomy":"category","embeddable":true,"href":"https:\/\/lasprimeras.com.do\/index.php\/wp-json\/wp\/v2\/categories?post=116776"},{"taxonomy":"post_tag","embeddable":true,"href":"https:\/\/lasprimeras.com.do\/index.php\/wp-json\/wp\/v2\/tags?post=116776"}],"curies":[{"name":"wp","href":"https:\/\/api.w.org\/{rel}","templated":true}]}}