{"id":116781,"date":"2025-12-03T19:35:13","date_gmt":"2025-12-03T23:35:13","guid":{"rendered":"https:\/\/lasprimeras.com.do\/?p=116781"},"modified":"2025-12-03T19:35:15","modified_gmt":"2025-12-03T23:35:15","slug":"presidente-de-fundacam-advierte-al-gobierno-sobre-crisis-en-salud-preventiva-tras-muerte-de-dirigente-choferil","status":"publish","type":"post","link":"https:\/\/lasprimeras.com.do\/index.php\/2025\/12\/03\/presidente-de-fundacam-advierte-al-gobierno-sobre-crisis-en-salud-preventiva-tras-muerte-de-dirigente-choferil\/","title":{"rendered":"Presidente de Fundacam advierte al Gobierno sobre crisis en salud preventiva tras muerte de dirigente choferil"},"content":{"rendered":"\n<p>El presidente de la Fundaci\u00f3n Nacional de Cardiolog\u00eda y Asistencia M\u00e9dica (Fundacam), doctor Tirso Roa, demand\u00f3 del Gobierno prestar atenci\u00f3n urgente a la prevenci\u00f3n para evitar que m\u00e1s ciudadanos contin\u00faen perdiendo la vida por infartos fulminantes, derrames cerebrales y otros eventos cardiovasculares totalmente prevenibles.<\/p>\n\n\n\n<p>Roa lament\u00f3 el fallecimiento del dirigente choferil de Santiago, Mario Almonte, quien muri\u00f3 de un infarto fulminante mientras participaba en una entrevista televisiva, y afirm\u00f3 que casos como este no deber\u00edan ocurrir en un pa\u00eds con tantos avances m\u00e9dicos.<\/p>\n\n\n\n<p>\u201cCon los avances que ha tenido la medicina, no es para que la gente se est\u00e9 cayendo muerta de manera s\u00fabita. La experiencia de Fundacam durante m\u00e1s de 12 a\u00f1os evidencia que los gobiernos han centrado sus esfuerzos en construir hospitales, pero han dejado de lado lo m\u00e1s importante: la prevenci\u00f3n, como ocurre en la mayor\u00eda de los pa\u00edses desarrollados\u201d, sostuvo.<\/p>\n\n\n\n<p>El galeno advirti\u00f3 que mientras el pa\u00eds no adopte un cambio de visi\u00f3n y un compromiso real con la prevenci\u00f3n, continuar\u00e1 gastando miles de millones de pesos cada a\u00f1o en enfermedades catastr\u00f3ficas que, en su mayor\u00eda, son evitables.<\/p>\n\n\n\n<p>A\u00f1adi\u00f3 que el panorama se agrava porque el Gobierno ha reducido de forma dr\u00e1stica los recursos destinados a las fundaciones con experiencia probada en la lucha contra enfermedades cardiovasculares.<\/p>\n\n\n\n<p>A pesar de estas limitantes, Roa asegur\u00f3 que Fundacam mantiene firme su misi\u00f3n. Record\u00f3 que la semana pasada, durante una jornada realizada en la sede regional de la UASD en San Juan de la Maguana, fueron asistidas unas 1,500 personas, de las cuales aproximadamente un 15% present\u00f3 crisis hipertensivas, y otras estaban al borde de sufrir eventos mayores porque desconoc\u00edan su estado de salud.<\/p>\n\n\n\n<p>Durante la jornada tambi\u00e9n se realizaron ex\u00e1menes de pr\u00f3stata, limpiezas dentales y entrega de medicamentos gratuitos, reafirmando el enfoque integral de Fundacam en la salud preventiva y el acceso equitativo a servicios b\u00e1sicos de atenci\u00f3n.<\/p>\n\n\n\n<p>Finalmente, el presidente de Fundacam reiter\u00f3 que la prevenci\u00f3n debe convertirse en una pol\u00edtica de Estado, si realmente se busca evitar que tragedias s\u00fabitas como la ocurrida hoy sigan impactando a tantas familias dominicanas.<\/p>\n","protected":false},"excerpt":{"rendered":"<p>El presidente de la Fundaci\u00f3n Nacional de Cardiolog\u00eda y Asistencia M\u00e9dica (Fundacam), doctor Tirso Roa, demand\u00f3 del Gobierno prestar atenci\u00f3n urgente a la prevenci\u00f3n para evitar que m\u00e1s ciudadanos contin\u00faen&hellip;<\/p>\n","protected":false},"author":10,"featured_media":116782,"comment_status":"open","ping_status":"open","sticky":false,"template":"","format":"standard","meta":{"content-type":"","jetpack_post_was_ever_published":false,"_jetpack_newsletter_access":"","_jetpack_dont_email_post_to_subs":false,"_jetpack_newsletter_tier_id":0,"_jetpack_memberships_contains_paywalled_content":false,"_jetpack_memberships_contains_paid_content":false,"footnotes":""},"categories":[16558],"tags":[10252,17374,216,28153,9733,3461,171,330,172,935,19739],"class_list":["post-116781","post","type-post","status-publish","format-standard","has-post-thumbnail","hentry","category-salud","tag-asistencia-medica","tag-cardiologia","tag-crisis","tag-dirigente-choferil","tag-fundacam","tag-fundacion","tag-gobierno","tag-muerte","tag-nacional","tag-presidente","tag-salud-preventiva"],"jetpack_featured_media_url":"https:\/\/lasprimeras.com.do\/wp-content\/uploads\/2025\/12\/Tirso-Ro.jpeg","jetpack-related-posts":[{"id":68271,"url":"https:\/\/lasprimeras.com.do\/index.php\/2023\/11\/22\/fundacam-llevara-operativo-medico-a-las-matas-de-farfan-este-sabado\/","url_meta":{"origin":116781,"position":0},"title":"Fundacam llevar\u00e1 operativo m\u00e9dico a Las Matas de Farf\u00e1n este s\u00e1bado","author":"Nelson Feliz","date":"22 de noviembre de 2023","format":false,"excerpt":"El doctor Roa Castillo llama a la poblaci\u00f3n hacer conciencia sobre la prevenci\u00f3n. Por Martin Restituyo El presidente de la Fundaci\u00f3n Nacional de Cardiolog\u00eda y Asistencia M\u00e9dica (Fundacam), doctor Tirso Roa Castillo, anunci\u00f3 una amplia jornada de salud a desarrollar este s\u00e1bado, en el parque central del sure\u00f1o municipio Las\u2026","rel":"","context":"En \u00abSin categor\u00eda\u00bb","block_context":{"text":"Sin categor\u00eda","link":"https:\/\/lasprimeras.com.do\/index.php\/category\/sin-categoria\/"},"img":{"alt_text":"","src":"https:\/\/i0.wp.com\/lasprimeras.com.do\/wp-content\/uploads\/2023\/11\/Tirso-Roa.jpg?resize=350%2C200&ssl=1","width":350,"height":200,"srcset":"https:\/\/i0.wp.com\/lasprimeras.com.do\/wp-content\/uploads\/2023\/11\/Tirso-Roa.jpg?resize=350%2C200&ssl=1 1x, https:\/\/i0.wp.com\/lasprimeras.com.do\/wp-content\/uploads\/2023\/11\/Tirso-Roa.jpg?resize=525%2C300&ssl=1 1.5x, https:\/\/i0.wp.com\/lasprimeras.com.do\/wp-content\/uploads\/2023\/11\/Tirso-Roa.jpg?resize=700%2C400&ssl=1 2x"},"classes":[]},{"id":125912,"url":"https:\/\/lasprimeras.com.do\/index.php\/2026\/03\/27\/escandalo-en-el-micm-compra-de-silencio-a-dirigentes-choferiles\/","url_meta":{"origin":116781,"position":1},"title":"Esc\u00e1ndalo en el MICM: \u00bfCompra de Silencio a Dirigentes Choferiles?","author":"Nelson Feliz","date":"27 de marzo de 2026","format":false,"excerpt":"El Ministro de Industria, Comercio y Mipymes (MICM), Eduardo Sanz Lovat\u00f3n, ha sido acusado de comprar el silencio de los dirigentes choferiles para evitar ataques por las alzas de los combustibles, ocasionadas por el conflicto armado en Medio Oriente. Seg\u00fan fuentes cercanas al gobierno, Sanz Lovat\u00f3n se reuni\u00f3 con varios\u2026","rel":"","context":"En \u00abECONOM\u00cdA\u00bb","block_context":{"text":"ECONOM\u00cdA","link":"https:\/\/lasprimeras.com.do\/index.php\/category\/economia\/"},"img":{"alt_text":"","src":"https:\/\/i0.wp.com\/lasprimeras.com.do\/wp-content\/uploads\/2025\/07\/MICM.jpg?resize=350%2C200&ssl=1","width":350,"height":200},"classes":[]},{"id":85253,"url":"https:\/\/lasprimeras.com.do\/index.php\/2024\/06\/26\/sepultan-restos-del-dirigente-choferil-alfredo-pulinario-cambita\/","url_meta":{"origin":116781,"position":2},"title":"Sepultan restos del dirigente choferil Alfredo Pulinario \u201cCambita\u201d","author":"Nelson Feliz","date":"26 de junio de 2024","format":false,"excerpt":"En un ambiente cargado de pesar y tristeza, fueron sepultados este martes, en el cementerio Jard\u00edn Memorial, los restos del dirigente choferil Alfredo Pulinario \u201cCambita\u201d, quien falleci\u00f3 el pasado domingo de un infarto. Los amigos y empleados resaltaron la lucha que libr\u00f3 el presidente del Movimiento Choferil de Trasporte, por\u2026","rel":"","context":"En \u00abNACIONALES\u00bb","block_context":{"text":"NACIONALES","link":"https:\/\/lasprimeras.com.do\/index.php\/category\/nacionales\/"},"img":{"alt_text":"Alfredo Pulinario","src":"https:\/\/i0.wp.com\/lasprimeras.com.do\/wp-content\/uploads\/2024\/04\/Alfredo-Pulinario-1.jpg?resize=350%2C200&ssl=1","width":350,"height":200,"srcset":"https:\/\/i0.wp.com\/lasprimeras.com.do\/wp-content\/uploads\/2024\/04\/Alfredo-Pulinario-1.jpg?resize=350%2C200&ssl=1 1x, https:\/\/i0.wp.com\/lasprimeras.com.do\/wp-content\/uploads\/2024\/04\/Alfredo-Pulinario-1.jpg?resize=525%2C300&ssl=1 1.5x, https:\/\/i0.wp.com\/lasprimeras.com.do\/wp-content\/uploads\/2024\/04\/Alfredo-Pulinario-1.jpg?resize=700%2C400&ssl=1 2x"},"classes":[]},{"id":101315,"url":"https:\/\/lasprimeras.com.do\/index.php\/2025\/06\/18\/honraran-memoria-y-recordaran-legado-del-dirigente-choferil-alfredo-pulinario-cambita\/","url_meta":{"origin":116781,"position":3},"title":"Honrar\u00e1n memoria y recordar\u00e1n legado del dirigente choferil Alfredo Pulinario (Cambita)","author":"Nelson Feliz","date":"18 de junio de 2025","format":false,"excerpt":"El destacado l\u00edder choferil y empresario del transporte, Alfredo Pulinario (Cambita), ser\u00e1 objeto de un homenaje p\u00f3stumo el lunes, 23 de junio de 2025, al cumplirse el primer aniversario de su fallecimiento. Al momento de su muerte, el 23 de junio de 2024, Alfredo Pulinario (Cambita) se desempe\u00f1aba como gerente\u2026","rel":"","context":"En \u00abNACIONALES\u00bb","block_context":{"text":"NACIONALES","link":"https:\/\/lasprimeras.com.do\/index.php\/category\/nacionales\/"},"img":{"alt_text":"","src":"https:\/\/i0.wp.com\/lasprimeras.com.do\/wp-content\/uploads\/2025\/06\/Alfredo-Pulinario.jpg?resize=350%2C200&ssl=1","width":350,"height":200,"srcset":"https:\/\/i0.wp.com\/lasprimeras.com.do\/wp-content\/uploads\/2025\/06\/Alfredo-Pulinario.jpg?resize=350%2C200&ssl=1 1x, https:\/\/i0.wp.com\/lasprimeras.com.do\/wp-content\/uploads\/2025\/06\/Alfredo-Pulinario.jpg?resize=525%2C300&ssl=1 1.5x, https:\/\/i0.wp.com\/lasprimeras.com.do\/wp-content\/uploads\/2025\/06\/Alfredo-Pulinario.jpg?resize=700%2C400&ssl=1 2x"},"classes":[]},{"id":101762,"url":"https:\/\/lasprimeras.com.do\/index.php\/2025\/06\/23\/rinden-tributo-y-honran-memoria-del-lider-choferil-alfredo-pulinario-cambita\/","url_meta":{"origin":116781,"position":4},"title":"Rinden tributo y honran memoria del l\u00edder choferil Alfredo Pulinario (Cambita)","author":"Nelson Feliz","date":"23 de junio de 2025","format":false,"excerpt":"Cientos de personas se reunieron este lunes para resaltar valores y virtudes de quien fuera presidente de MOCHOTR\u00c1N, Alfredo Pulinario (Cambita), al conmemorarse el primer aniversario de su fallecimiento. Cientos de dirigentes y miembros de empresas y organizaciones del sector transporte se reunieron este lunes, 23 de junio de 2025,\u2026","rel":"","context":"En \u00abNACIONALES\u00bb","block_context":{"text":"NACIONALES","link":"https:\/\/lasprimeras.com.do\/index.php\/category\/nacionales\/"},"img":{"alt_text":"","src":"https:\/\/i0.wp.com\/lasprimeras.com.do\/wp-content\/uploads\/2025\/06\/Alfredo-Pulinario-1.jpg?resize=350%2C200&ssl=1","width":350,"height":200,"srcset":"https:\/\/i0.wp.com\/lasprimeras.com.do\/wp-content\/uploads\/2025\/06\/Alfredo-Pulinario-1.jpg?resize=350%2C200&ssl=1 1x, https:\/\/i0.wp.com\/lasprimeras.com.do\/wp-content\/uploads\/2025\/06\/Alfredo-Pulinario-1.jpg?resize=525%2C300&ssl=1 1.5x, https:\/\/i0.wp.com\/lasprimeras.com.do\/wp-content\/uploads\/2025\/06\/Alfredo-Pulinario-1.jpg?resize=700%2C400&ssl=1 2x"},"classes":[]},{"id":59330,"url":"https:\/\/lasprimeras.com.do\/index.php\/2023\/09\/02\/un-hombre-muere-de-infarto-fulminante-en-un-consultorio-de-veragua\/","url_meta":{"origin":116781,"position":5},"title":"Un hombre muere de infarto fulminante en un consultorio de Veragua","author":"Nelson Feliz","date":"2 de septiembre de 2023","format":false,"excerpt":"Por: Wellington de Jes\u00fas Mart\u00ednez Falleci\u00f3 un hombre en el consultorio del Dr. G\u00f3mez \u00a0en Veragua, municipio Gaspar Hern\u00e1ndez, cuando este presentaba s\u00edntomas de la asfixia, que resultaron ser de una falla cardiaca. El caso se report\u00f3 hoy en la zona de Veragua, seg\u00fan indicaron las autoridades. El reporte, el\u2026","rel":"","context":"En \u00abNACIONALES\u00bb","block_context":{"text":"NACIONALES","link":"https:\/\/lasprimeras.com.do\/index.php\/category\/nacionales\/"},"img":{"alt_text":"Efrain Pe\u00f1a","src":"https:\/\/i0.wp.com\/lasprimeras.com.do\/wp-content\/uploads\/2023\/09\/Efrain-Pena.jpg?resize=350%2C200&ssl=1","width":350,"height":200,"srcset":"https:\/\/i0.wp.com\/lasprimeras.com.do\/wp-content\/uploads\/2023\/09\/Efrain-Pena.jpg?resize=350%2C200&ssl=1 1x, https:\/\/i0.wp.com\/lasprimeras.com.do\/wp-content\/uploads\/2023\/09\/Efrain-Pena.jpg?resize=525%2C300&ssl=1 1.5x, https:\/\/i0.wp.com\/lasprimeras.com.do\/wp-content\/uploads\/2023\/09\/Efrain-Pena.jpg?resize=700%2C400&ssl=1 2x"},"classes":[]}],"jetpack_sharing_enabled":true,"_links":{"self":[{"href":"https:\/\/lasprimeras.com.do\/index.php\/wp-json\/wp\/v2\/posts\/116781","targetHints":{"allow":["GET"]}}],"collection":[{"href":"https:\/\/lasprimeras.com.do\/index.php\/wp-json\/wp\/v2\/posts"}],"about":[{"href":"https:\/\/lasprimeras.com.do\/index.php\/wp-json\/wp\/v2\/types\/post"}],"author":[{"embeddable":true,"href":"https:\/\/lasprimeras.com.do\/index.php\/wp-json\/wp\/v2\/users\/10"}],"replies":[{"embeddable":true,"href":"https:\/\/lasprimeras.com.do\/index.php\/wp-json\/wp\/v2\/comments?post=116781"}],"version-history":[{"count":1,"href":"https:\/\/lasprimeras.com.do\/index.php\/wp-json\/wp\/v2\/posts\/116781\/revisions"}],"predecessor-version":[{"id":116783,"href":"https:\/\/lasprimeras.com.do\/index.php\/wp-json\/wp\/v2\/posts\/116781\/revisions\/116783"}],"wp:featuredmedia":[{"embeddable":true,"href":"https:\/\/lasprimeras.com.do\/index.php\/wp-json\/wp\/v2\/media\/116782"}],"wp:attachment":[{"href":"https:\/\/lasprimeras.com.do\/index.php\/wp-json\/wp\/v2\/media?parent=116781"}],"wp:term":[{"taxonomy":"category","embeddable":true,"href":"https:\/\/lasprimeras.com.do\/index.php\/wp-json\/wp\/v2\/categories?post=116781"},{"taxonomy":"post_tag","embeddable":true,"href":"https:\/\/lasprimeras.com.do\/index.php\/wp-json\/wp\/v2\/tags?post=116781"}],"curies":[{"name":"wp","href":"https:\/\/api.w.org\/{rel}","templated":true}]}}