{"id":116792,"date":"2025-12-03T19:57:53","date_gmt":"2025-12-03T23:57:53","guid":{"rendered":"https:\/\/lasprimeras.com.do\/?p=116792"},"modified":"2025-12-03T19:57:56","modified_gmt":"2025-12-03T23:57:56","slug":"senado-reconoce-trayectoria-de-jose-cestero-y-carmen-heredia","status":"publish","type":"post","link":"https:\/\/lasprimeras.com.do\/index.php\/2025\/12\/03\/senado-reconoce-trayectoria-de-jose-cestero-y-carmen-heredia\/","title":{"rendered":"Senado reconoce trayectoria de Jos\u00e9 Cestero y Carmen Heredia"},"content":{"rendered":"\n<p>El Senado de la Rep\u00fablica reconoci\u00f3 las trayectorias del destacado maestro de las artes pl\u00e1sticas Jos\u00e9 Cestero y de Carmen Heredia Ottenwalder por sus aportes en favor del arte y la cultura en la Rep\u00fablica Dominicana.<\/p>\n\n\n\n<p>Las resoluciones que sustentan la propuesta de reconocimiento son de la autor\u00eda de la senadora Mar\u00eda Mercedes Ortiz Dilon\u00e9, representante de la provincia Hermanas Mirabal.<\/p>\n\n\n\n<p>El homenaje estuvo encabezado por el presidente del Senado, Ricardo de los Santos, junto al vicepresidente, el senador Pedro Catrain. Adem\u00e1s, participaron los senadores Carlos G\u00f3mez, presidente de la Comisi\u00f3n Permanente de Cultura del Senado, y Ginnette Bournigal.<\/p>\n\n\n\n<p>La resoluci\u00f3n que reconoce a Carmen Heredia Ottenwalder destaca los aportes que ha realizado como connotada cr\u00edtica de arte y escritora, quien durante m\u00e1s de 45 a\u00f1os ha impulsado el desarrollo del teatro, la danza y la m\u00fasica en el pa\u00eds.<\/p>\n\n\n\n<p>Al pronunciar las palabras de motivaci\u00f3n del acto, la senadora Mar\u00eda Mercedes Ortiz destac\u00f3 lo memorable del momento, &#8220;al reconocer en este d\u00eda a dos grandes glorias del arte y la cultura dominicana\u201d.<\/p>\n\n\n\n<p>\u201cHablar de do\u00f1a Carmen Heredia, es reconocer a una mujer que desde ni\u00f1a ha dedicado su vida al arte, y que ha buscado en la danza, la m\u00fasica y el teatro una manera de elevar la existencia humana\u201d, dijo la legisladora.<\/p>\n\n\n\n<p>Carmen Heredia Ottenwalder agradeci\u00f3 al presidente del Senado y a la senadora Mar\u00eda Mercedes Ortiz por el reconocimiento, recordando a figuras relevantes del \u00e1mbito art\u00edstico y cultural que incidieron en su formaci\u00f3n.<\/p>\n\n\n\n<p>HOMENAJE P\u00d3STUMO A JOS\u00c9 CESTERO<\/p>\n\n\n\n<p>En cuanto al homenaje p\u00f3stumo al maestro Jos\u00e9 Cestero, la proponente de la pieza, senadora Mar\u00eda Mercedes Ortiz Dilon\u00e9, evoc\u00f3 la grandeza del artista, reconociendo la obra y los aportes que ha realizado: \u201cSu triste partida el 16 de julio del 2025 no apag\u00f3 su fuerza, porque un creador aut\u00e9ntico no muere, permanece en el color, en la forma y en la emoci\u00f3n que provoca su obra. Hoy reconocemos no solo lo que pint\u00f3, sino lo que signific\u00f3 para nuestro pa\u00eds\u201d.<\/p>\n\n\n\n<p>La pieza que reconoce al destacado genio de las artes pl\u00e1sticas enumera la fecunda trayectoria de Cestero, quien realiz\u00f3 alrededor de un centenar de exposiciones individuales y colectivas en el pa\u00eds y el extranjero, que lo hicieron merecedor de decenas de reconocimientos locales e internacionales.<\/p>\n\n\n\n<p>Luego de la lectura de la semblanza del maestro Cestero, el viceministro de Cultura, Gamal Michel\u00e9n, hizo un recorrido por la vida del artista a trav\u00e9s de un an\u00e1lisis de su obra y de algunas piezas que reposan en el Senado de la Rep\u00fablica.<\/p>\n\n\n\n<p>El pergamino de reconocimiento de Jos\u00e9 Cestero fue recibido por su viuda, la se\u00f1ora Sorangel Ravelo. Las palabras de agradecimiento fueron pronunciadas por la artista pl\u00e1stica Elsa N\u00fa\u00f1ez, quien valor\u00f3 el legado de innumerables obras dejadas por el virtuoso como producto de incansables investigaciones \u201cque lo elevan como uno de los principales artistas del pa\u00eds\u201d.<\/p>\n\n\n\n<p>\u201cJos\u00e9 Cestero es un artista que no solo ha hecho historia, sino que, con sus obras, ha dejado un legado al pa\u00eds\u201d, concluy\u00f3 la artista.<\/p>\n\n\n\n<p>En el acto participaron destacadas figuras, como son: el exvicepresidente de la Rep\u00fablica, Rafael Alburquerque; el exlegislador, Julio C\u00e9sar Valent\u00edn; el exministro de Cultura, Jos\u00e9 Antonio Rodr\u00edguez; adem\u00e1s de Freddy Ginebra, Elsa N\u00fa\u00f1ez, Manuel Tejada, entre otras personalidades.<\/p>\n\n\n\n<p>Por el Senado estuvieron los senadores Dagoberto Rodr\u00edguez, Daniel Rivera, Antonio Taveras, Antonio Marte y Odalis Rodr\u00edguez, as\u00ed como funcionarios y colaboradores de la instituci\u00f3n.<\/p>\n","protected":false},"excerpt":{"rendered":"<p>El Senado de la Rep\u00fablica reconoci\u00f3 las trayectorias del destacado maestro de las artes pl\u00e1sticas Jos\u00e9 Cestero y de Carmen Heredia Ottenwalder por sus aportes en favor del arte y&hellip;<\/p>\n","protected":false},"author":10,"featured_media":116793,"comment_status":"open","ping_status":"open","sticky":false,"template":"","format":"standard","meta":{"content-type":"","jetpack_post_was_ever_published":false,"_jetpack_newsletter_access":"","_jetpack_dont_email_post_to_subs":false,"_jetpack_newsletter_tier_id":0,"_jetpack_memberships_contains_paywalled_content":false,"_jetpack_memberships_contains_paid_content":false,"footnotes":""},"categories":[84,25],"tags":[28159,21758,413,2948],"class_list":["post-116792","post","type-post","status-publish","format-standard","has-post-thumbnail","hentry","category-entretenimiento","category-portada","tag-carmen-heredia","tag-jose-cestero","tag-senado","tag-trayectoria"],"jetpack_featured_media_url":"https:\/\/lasprimeras.com.do\/wp-content\/uploads\/2025\/12\/senado.jpg","jetpack-related-posts":[{"id":108904,"url":"https:\/\/lasprimeras.com.do\/index.php\/2025\/09\/11\/senado-sesiona-en-san-pedro-de-macoris-al-conmemorarse-el-143-aniversario-de-la-ciudad\/","url_meta":{"origin":116792,"position":0},"title":"Senado sesiona en San Pedro de Macor\u00eds al conmemorarse el 143 aniversario de la ciudad","author":"Nelson Feliz","date":"11 de septiembre de 2025","format":false,"excerpt":"El Senado de la Rep\u00fablica celebr\u00f3 una sesi\u00f3n hist\u00f3rica en la provincia de San Pedro de Macor\u00eds en el 143 aniversario de la ciudad y en la conmemoraci\u00f3n del 118 aniversario de su designaci\u00f3n como provincia. El pleno del Senado se traslad\u00f3 a la sede de la Universidad Central del\u2026","rel":"","context":"En \u00abNACIONALES\u00bb","block_context":{"text":"NACIONALES","link":"https:\/\/lasprimeras.com.do\/index.php\/category\/nacionales\/"},"img":{"alt_text":"","src":"https:\/\/i0.wp.com\/lasprimeras.com.do\/wp-content\/uploads\/2025\/09\/senado.jpg?resize=350%2C200&ssl=1","width":350,"height":200,"srcset":"https:\/\/i0.wp.com\/lasprimeras.com.do\/wp-content\/uploads\/2025\/09\/senado.jpg?resize=350%2C200&ssl=1 1x, https:\/\/i0.wp.com\/lasprimeras.com.do\/wp-content\/uploads\/2025\/09\/senado.jpg?resize=525%2C300&ssl=1 1.5x, https:\/\/i0.wp.com\/lasprimeras.com.do\/wp-content\/uploads\/2025\/09\/senado.jpg?resize=700%2C400&ssl=1 2x"},"classes":[]},{"id":91853,"url":"https:\/\/lasprimeras.com.do\/index.php\/2024\/12\/03\/caasd-optimiza-servicio-de-agua-en-varios-sectores-de-sdn\/","url_meta":{"origin":116792,"position":1},"title":"CAASD optimiza servicio de agua en varios sectores de SDN","author":"Nelson Feliz","date":"3 de diciembre de 2024","format":false,"excerpt":"Estas intervenciones buscan mejorar la optimizaci\u00f3n del preciado l\u00edquido en la demarcaci\u00f3n La Corporaci\u00f3n del Acueducto y Alcantarillado de Santo Domingo (CAASD) trabaja en la correcci\u00f3n de una aver\u00eda en la l\u00ednea de distribuci\u00f3n de agua potable que limita el servicio a varios sectores del municipio Santo Domingo Norte. La\u2026","rel":"","context":"En \u00abNACIONALES\u00bb","block_context":{"text":"NACIONALES","link":"https:\/\/lasprimeras.com.do\/index.php\/category\/nacionales\/"},"img":{"alt_text":"","src":"https:\/\/i0.wp.com\/lasprimeras.com.do\/wp-content\/uploads\/2024\/12\/averias.jpg?resize=350%2C200&ssl=1","width":350,"height":200,"srcset":"https:\/\/i0.wp.com\/lasprimeras.com.do\/wp-content\/uploads\/2024\/12\/averias.jpg?resize=350%2C200&ssl=1 1x, https:\/\/i0.wp.com\/lasprimeras.com.do\/wp-content\/uploads\/2024\/12\/averias.jpg?resize=525%2C300&ssl=1 1.5x, https:\/\/i0.wp.com\/lasprimeras.com.do\/wp-content\/uploads\/2024\/12\/averias.jpg?resize=700%2C400&ssl=1 2x"},"classes":[]},{"id":113180,"url":"https:\/\/lasprimeras.com.do\/index.php\/2025\/10\/30\/senado-reconoce-al-doctor-jose-garrido-calderon-por-su-destacada-trayectoria-en-la-medicina\/","url_meta":{"origin":116792,"position":2},"title":"Senado reconoce al doctor Jos\u00e9 Garrido Calder\u00f3n por su destacada trayectoria en la medicina","author":"Nelson Feliz","date":"30 de octubre de 2025","format":false,"excerpt":"El homenaje es en cumplimiento a una resoluci\u00f3n sometida por el senador de la provincia La Altagracia, Rafael Bar\u00f3n Duluc Rijo. En un acto encabezado por el presidente del Senado, Ricardo de los Santos, el \u00f3rgano legislativo otorg\u00f3 este mi\u00e9rcoles un pergamino de reconocimiento al doctor Jos\u00e9 Garrido Calder\u00f3n, por\u2026","rel":"","context":"En \u00abNACIONALES\u00bb","block_context":{"text":"NACIONALES","link":"https:\/\/lasprimeras.com.do\/index.php\/category\/nacionales\/"},"img":{"alt_text":"","src":"https:\/\/i0.wp.com\/lasprimeras.com.do\/wp-content\/uploads\/2025\/10\/Jose-Garrido-Calderon.jpg?resize=350%2C200&ssl=1","width":350,"height":200,"srcset":"https:\/\/i0.wp.com\/lasprimeras.com.do\/wp-content\/uploads\/2025\/10\/Jose-Garrido-Calderon.jpg?resize=350%2C200&ssl=1 1x, https:\/\/i0.wp.com\/lasprimeras.com.do\/wp-content\/uploads\/2025\/10\/Jose-Garrido-Calderon.jpg?resize=525%2C300&ssl=1 1.5x, https:\/\/i0.wp.com\/lasprimeras.com.do\/wp-content\/uploads\/2025\/10\/Jose-Garrido-Calderon.jpg?resize=700%2C400&ssl=1 2x"},"classes":[]},{"id":96489,"url":"https:\/\/lasprimeras.com.do\/index.php\/2025\/04\/02\/senado-reconoce-trayectoria-del-poeta-y-escritor-jose-marmol\/","url_meta":{"origin":116792,"position":3},"title":"Senado reconoce trayectoria del poeta y escritor Jos\u00e9 M\u00e1rmol","author":"Nelson Feliz","date":"2 de abril de 2025","format":false,"excerpt":"Por Elvis Castro Hern\u00e1ndez El Senado de la Rep\u00fablica reconoci\u00f3 este martes al poeta y escritor, Jos\u00e9 M\u00e1rmol, por su extraordinaria carrera filos\u00f3fica y literaria, y sus aportes a la literatura y poes\u00eda dominicana, transmitiendo los valores m\u00e1s aut\u00e9nticos de la naci\u00f3n dominicana. El homenaje al tambi\u00e9n, gestor cultural y\u2026","rel":"","context":"En \u00abENTRETENIMIENTO\u00bb","block_context":{"text":"ENTRETENIMIENTO","link":"https:\/\/lasprimeras.com.do\/index.php\/category\/entretenimiento\/"},"img":{"alt_text":"","src":"https:\/\/i0.wp.com\/lasprimeras.com.do\/wp-content\/uploads\/2025\/04\/senadores-2.jpg?resize=350%2C200&ssl=1","width":350,"height":200,"srcset":"https:\/\/i0.wp.com\/lasprimeras.com.do\/wp-content\/uploads\/2025\/04\/senadores-2.jpg?resize=350%2C200&ssl=1 1x, https:\/\/i0.wp.com\/lasprimeras.com.do\/wp-content\/uploads\/2025\/04\/senadores-2.jpg?resize=525%2C300&ssl=1 1.5x, https:\/\/i0.wp.com\/lasprimeras.com.do\/wp-content\/uploads\/2025\/04\/senadores-2.jpg?resize=700%2C400&ssl=1 2x"},"classes":[]},{"id":100240,"url":"https:\/\/lasprimeras.com.do\/index.php\/2025\/06\/03\/senado-de-la-republica-reconoce-varias-personalidades-del-arte-y-la-cultura-dominicana\/","url_meta":{"origin":116792,"position":4},"title":"Senado de la Rep\u00fablica reconoce varias personalidades del Arte y la Cultura Dominicana","author":"Nelson Feliz","date":"3 de junio de 2025","format":false,"excerpt":"Por: Adalgisa S\u00e1nchez En un emotivo acto el Senado de la Rep\u00fablica entreg\u00f3 sendos reconocimientos al comunicador y presentador de televisi\u00f3n, Eliseo Antonio Garc\u00eda (Ellis P\u00e9rez); a la Galer\u00eda de Arte Nader; al director teatral, Salvador P\u00e9rez Mart\u00ednez; y a C\u00e9sar Bienvenido Olmos por sus aportes al desarrollo del arte\u2026","rel":"","context":"En \u00abNACIONALES\u00bb","block_context":{"text":"NACIONALES","link":"https:\/\/lasprimeras.com.do\/index.php\/category\/nacionales\/"},"img":{"alt_text":"","src":"https:\/\/i0.wp.com\/lasprimeras.com.do\/wp-content\/uploads\/2025\/06\/cultura.jpg?resize=350%2C200&ssl=1","width":350,"height":200,"srcset":"https:\/\/i0.wp.com\/lasprimeras.com.do\/wp-content\/uploads\/2025\/06\/cultura.jpg?resize=350%2C200&ssl=1 1x, https:\/\/i0.wp.com\/lasprimeras.com.do\/wp-content\/uploads\/2025\/06\/cultura.jpg?resize=525%2C300&ssl=1 1.5x, https:\/\/i0.wp.com\/lasprimeras.com.do\/wp-content\/uploads\/2025\/06\/cultura.jpg?resize=700%2C400&ssl=1 2x"},"classes":[]},{"id":85288,"url":"https:\/\/lasprimeras.com.do\/index.php\/2024\/06\/27\/senado-reconoce-los-45-anos-de-trayectoria-musical-de-los-hermanos-rosario\/","url_meta":{"origin":116792,"position":5},"title":"Senado reconoce los 45 a\u00f1os de trayectoria musical de Los Hermanos Rosario","author":"Nelson Feliz","date":"27 de junio de 2024","format":false,"excerpt":"Ricardo de los Santos, presidente del Senado destac\u00f3 el trabajo tesonero de la agrupaci\u00f3n. El Senado de la Rep\u00fablica entreg\u00f3 este mi\u00e9rcoles un pergamino de reconocimiento a la agrupaci\u00f3n musical Los Hermanos Rosario, por sus 45 a\u00f1os de trayectoria en el arte y la cultura, en un acto encabezado por\u2026","rel":"","context":"En \u00abENTRETENIMIENTO\u00bb","block_context":{"text":"ENTRETENIMIENTO","link":"https:\/\/lasprimeras.com.do\/index.php\/category\/entretenimiento\/"},"img":{"alt_text":"","src":"https:\/\/i0.wp.com\/lasprimeras.com.do\/wp-content\/uploads\/2024\/06\/Los-Hermanos-Rosario.jpg?resize=350%2C200&ssl=1","width":350,"height":200,"srcset":"https:\/\/i0.wp.com\/lasprimeras.com.do\/wp-content\/uploads\/2024\/06\/Los-Hermanos-Rosario.jpg?resize=350%2C200&ssl=1 1x, https:\/\/i0.wp.com\/lasprimeras.com.do\/wp-content\/uploads\/2024\/06\/Los-Hermanos-Rosario.jpg?resize=525%2C300&ssl=1 1.5x"},"classes":[]}],"jetpack_sharing_enabled":true,"_links":{"self":[{"href":"https:\/\/lasprimeras.com.do\/index.php\/wp-json\/wp\/v2\/posts\/116792","targetHints":{"allow":["GET"]}}],"collection":[{"href":"https:\/\/lasprimeras.com.do\/index.php\/wp-json\/wp\/v2\/posts"}],"about":[{"href":"https:\/\/lasprimeras.com.do\/index.php\/wp-json\/wp\/v2\/types\/post"}],"author":[{"embeddable":true,"href":"https:\/\/lasprimeras.com.do\/index.php\/wp-json\/wp\/v2\/users\/10"}],"replies":[{"embeddable":true,"href":"https:\/\/lasprimeras.com.do\/index.php\/wp-json\/wp\/v2\/comments?post=116792"}],"version-history":[{"count":1,"href":"https:\/\/lasprimeras.com.do\/index.php\/wp-json\/wp\/v2\/posts\/116792\/revisions"}],"predecessor-version":[{"id":116794,"href":"https:\/\/lasprimeras.com.do\/index.php\/wp-json\/wp\/v2\/posts\/116792\/revisions\/116794"}],"wp:featuredmedia":[{"embeddable":true,"href":"https:\/\/lasprimeras.com.do\/index.php\/wp-json\/wp\/v2\/media\/116793"}],"wp:attachment":[{"href":"https:\/\/lasprimeras.com.do\/index.php\/wp-json\/wp\/v2\/media?parent=116792"}],"wp:term":[{"taxonomy":"category","embeddable":true,"href":"https:\/\/lasprimeras.com.do\/index.php\/wp-json\/wp\/v2\/categories?post=116792"},{"taxonomy":"post_tag","embeddable":true,"href":"https:\/\/lasprimeras.com.do\/index.php\/wp-json\/wp\/v2\/tags?post=116792"}],"curies":[{"name":"wp","href":"https:\/\/api.w.org\/{rel}","templated":true}]}}