{"id":116795,"date":"2025-12-03T20:05:30","date_gmt":"2025-12-04T00:05:30","guid":{"rendered":"https:\/\/lasprimeras.com.do\/?p=116795"},"modified":"2025-12-03T20:05:32","modified_gmt":"2025-12-04T00:05:32","slug":"marranzini-alerta-sobre-costo-de-la-indexacion-y-pide-dialogo-fiscal-nacional","status":"publish","type":"post","link":"https:\/\/lasprimeras.com.do\/index.php\/2025\/12\/03\/marranzini-alerta-sobre-costo-de-la-indexacion-y-pide-dialogo-fiscal-nacional\/","title":{"rendered":"Marranzini alerta sobre costo de la indexaci\u00f3n y pide di\u00e1logo fiscal nacional"},"content":{"rendered":"\n<p>El presidente del Consejo Nacional de la Empresa Privada (Conep), Celso Juan Marranzini, afirm\u00f3 que el Gobierno no cuenta con los recursos suficientes para asumir una indexaci\u00f3n salarial, se\u00f1alando que cualquier decisi\u00f3n en esa l\u00ednea debe discutirse dentro de un pacto fiscal que incluya a todos los sectores.<\/p>\n\n\n\n<p>Marranzini record\u00f3 que el sector privado ha aplicado incrementos salariales de \u201cm\u00e1s de un 60% en los \u00faltimos cuatro a\u00f1os\u201d, aunque la inflaci\u00f3n acumulada mantiene la presi\u00f3n sobre los ingresos.<\/p>\n\n\n\n<p>Advirti\u00f3 que una indexaci\u00f3n asumida por el Estado tendr\u00eda un costo cercano a 20 mil millones de pesos, una cifra que, seg\u00fan dijo, el Gobierno no puede cubrir sin cambios estructurales: \u201cSi eso se hiciera, esos recursos tendr\u00edan que salir de alguna parte.<\/p>\n\n\n\n<p>Por eso debe discutirse dentro de un pacto fiscal, con todos los sectores, partidos pol\u00edticos, empresariado y Gobierno\u201d.<\/p>\n\n\n\n<p>El dirigente empresarial explic\u00f3 que 2024 ha sido uno de los a\u00f1os de menor crecimiento econ\u00f3mico \u201cquitando el a\u00f1o de la pandemia\u201d, con proyecciones entre 2% y 2.5%, afectadas por incertidumbre global, altas tasas de inter\u00e9s y variaciones cambiarias.<\/p>\n\n\n\n<p>A\u00fan as\u00ed, valor\u00f3 las medidas fiscales y monetarias que han mantenido la estabilidad e indic\u00f3 que el primer trimestre de 2026 ser\u00e1 \u201csustancialmente mejor\u201d, con un posible retorno a un crecimiento entre 4% y 5%.<\/p>\n\n\n\n<p>Relaci\u00f3n bilateral con EE. UU. y temas laborales<\/p>\n\n\n\n<p>Marranzini destac\u00f3 el discurso de la embajadora estadounidense Leah Campos en AmchamDR, calific\u00e1ndolo como \u201cuno de los m\u00e1s claros y contundentes en a\u00f1os\u201d, al definir prioridades como comercio, seguridad y cooperaci\u00f3n.<\/p>\n\n\n\n<p>Tambi\u00e9n respald\u00f3 el acuerdo que permitir\u00e1 a EE. UU. usar infraestructura aeroportuaria dominicana para fines t\u00e9cnicos contra el narcotr\u00e1fico, consider\u00e1ndolo una cooperaci\u00f3n natural entre aliados.<\/p>\n\n\n\n<p>Sobre el mercado laboral, reiter\u00f3 que el empresariado apuesta por fortalecer la mano de obra dominicana mediante educaci\u00f3n y tecnificaci\u00f3n, y resalt\u00f3 que la embajadora Campos fue enf\u00e1tica en rechazar pr\u00e1cticas diplom\u00e1ticas pasadas que afectaron a empresas como Central Romana.<\/p>\n","protected":false},"excerpt":{"rendered":"<p>El presidente del Consejo Nacional de la Empresa Privada (Conep), Celso Juan Marranzini, afirm\u00f3 que el Gobierno no cuenta con los recursos suficientes para asumir una indexaci\u00f3n salarial, se\u00f1alando que&hellip;<\/p>\n","protected":false},"author":10,"featured_media":116796,"comment_status":"open","ping_status":"open","sticky":false,"template":"","format":"standard","meta":{"content-type":"","jetpack_post_was_ever_published":false,"_jetpack_newsletter_access":"","_jetpack_dont_email_post_to_subs":false,"_jetpack_newsletter_tier_id":0,"_jetpack_memberships_contains_paywalled_content":false,"_jetpack_memberships_contains_paid_content":false,"footnotes":""},"categories":[39,25],"tags":[511],"class_list":["post-116795","post","type-post","status-publish","format-standard","has-post-thumbnail","hentry","category-economia","category-portada","tag-celso-juan-marranzini"],"jetpack_featured_media_url":"https:\/\/lasprimeras.com.do\/wp-content\/uploads\/2025\/12\/Celso-Juan-Marranzini.jpg","jetpack-related-posts":[{"id":86278,"url":"https:\/\/lasprimeras.com.do\/index.php\/2024\/07\/21\/marranzini-pide-al-gobierno-construir-un-hospital-en-la-frontera-para-parturientas-haitianas\/","url_meta":{"origin":116795,"position":0},"title":"Marranzini pide al gobierno construir un hospital en la frontera para parturientas haitianas","author":"Nelson Feliz","date":"21 de julio de 2024","format":false,"excerpt":"El presidente del Consejo Unificado de las Empresas Distribuidoras de Electricidad (CUED), Celso Marranzini, pidi\u00f3 al gobierno construir un hospital en la frontera en la parte de Hait\u00ed para las parturientas haitianas porque representan una alta carga para el sistema de salud en Rep\u00fablica Dominicana. \u201cConstruyanle un hospital en la\u2026","rel":"","context":"En \u00abPORTADA\u00bb","block_context":{"text":"PORTADA","link":"https:\/\/lasprimeras.com.do\/index.php\/category\/portada\/"},"img":{"alt_text":"celso-marranzini","src":"https:\/\/i0.wp.com\/lasprimeras.com.do\/wp-content\/uploads\/2024\/07\/celso-marranzini.jpg?resize=350%2C200&ssl=1","width":350,"height":200,"srcset":"https:\/\/i0.wp.com\/lasprimeras.com.do\/wp-content\/uploads\/2024\/07\/celso-marranzini.jpg?resize=350%2C200&ssl=1 1x, https:\/\/i0.wp.com\/lasprimeras.com.do\/wp-content\/uploads\/2024\/07\/celso-marranzini.jpg?resize=525%2C300&ssl=1 1.5x"},"classes":[]},{"id":68418,"url":"https:\/\/lasprimeras.com.do\/index.php\/2023\/11\/24\/amchamdr-realizara-ultimo-almuerzo-del-2023-con-el-presidente-del-conep-celso-juan-marranzini\/","url_meta":{"origin":116795,"position":1},"title":"AMCHAMDR realizar\u00e1 \u00faltimo Almuerzo del 2023 con el presidente del CONEP, Celso Juan Marranzini","author":"Nelson Feliz","date":"24 de noviembre de 2023","format":false,"excerpt":"La C\u00e1mara Americana de Comercio de la Rep\u00fablica Dominicana cerrar\u00e1 su ciclo anual de almuerzos-conferencias con un encuentro especial, a cargo de Celso Juan Marranzini, presidente del Consejo Nacional de la Empresa Privada (CONEP). Bajo el t\u00edtulo \"La Gran Oportunidad de Rep\u00fablica Dominicana\", la conferencia explorar\u00e1 temas cruciales que abarcan\u2026","rel":"","context":"En \u00abECONOM\u00cdA\u00bb","block_context":{"text":"ECONOM\u00cdA","link":"https:\/\/lasprimeras.com.do\/index.php\/category\/economia\/"},"img":{"alt_text":"","src":"","width":0,"height":0},"classes":[]},{"id":48853,"url":"https:\/\/lasprimeras.com.do\/index.php\/2023\/05\/04\/presidente-del-conep-asegura-economia-crecera-por-encima-del-4\/","url_meta":{"origin":116795,"position":2},"title":"Presidente del CONEP asegura econom\u00eda crecer\u00e1 por encima del 4%","author":"prenxa100","date":"4 de mayo de 2023","format":false,"excerpt":"Santo Domingo .-. El presidente del Consejo Nacional de la Empresa Privada (Conep), Celso Juan Marranzini, declar\u00f3 que las proyecciones son que la econom\u00eda crecer\u00e1 por encima del 4 por ciento. Marranzini, expres\u00f3 que un factor importante es el nivel de confianza que exhibe la econom\u00eda dominicana. El dirigente empresarial\u2026","rel":"","context":"En \u00abECONOM\u00cdA\u00bb","block_context":{"text":"ECONOM\u00cdA","link":"https:\/\/lasprimeras.com.do\/index.php\/category\/economia\/"},"img":{"alt_text":"","src":"","width":0,"height":0},"classes":[]},{"id":94254,"url":"https:\/\/lasprimeras.com.do\/index.php\/2025\/02\/26\/gobierno-anuncia-aumento-salarial-de-20-al-sector-privado-no-sectorizado\/","url_meta":{"origin":116795,"position":3},"title":"Gobierno anuncia aumento salarial de 20% al sector privado no sectorizado","author":"Nelson Feliz","date":"26 de febrero de 2025","format":false,"excerpt":"Pepe Abreu, resalta compromiso del presidente Luis Abinader en la recuperaci\u00f3n del poder adquisitivo de los salarios y su inter\u00e9s en fortalecer los organismos tripartitos encargados de la pol\u00edtica salarial. El aumento ser\u00e1 dividido en dos etapas, un 12% ser\u00e1 efectivo a partir de 1 de abril y un 8%\u2026","rel":"","context":"En \u00abECONOM\u00cdA\u00bb","block_context":{"text":"ECONOM\u00cdA","link":"https:\/\/lasprimeras.com.do\/index.php\/category\/economia\/"},"img":{"alt_text":"Luis Abinader","src":"https:\/\/i0.wp.com\/lasprimeras.com.do\/wp-content\/uploads\/2025\/02\/Luis-Abinader-5-1.jpg?resize=350%2C200&ssl=1","width":350,"height":200,"srcset":"https:\/\/i0.wp.com\/lasprimeras.com.do\/wp-content\/uploads\/2025\/02\/Luis-Abinader-5-1.jpg?resize=350%2C200&ssl=1 1x, https:\/\/i0.wp.com\/lasprimeras.com.do\/wp-content\/uploads\/2025\/02\/Luis-Abinader-5-1.jpg?resize=525%2C300&ssl=1 1.5x, https:\/\/i0.wp.com\/lasprimeras.com.do\/wp-content\/uploads\/2025\/02\/Luis-Abinader-5-1.jpg?resize=700%2C400&ssl=1 2x"},"classes":[]},{"id":114205,"url":"https:\/\/lasprimeras.com.do\/index.php\/2025\/11\/12\/celso-marranzini-aclara-apagon-nacional-descarta-sabotaje-y-senala-error-en-subestacion-de-san-pedro-de-macoris\/","url_meta":{"origin":116795,"position":4},"title":"Celso Marranzini aclara apag\u00f3n nacional; descarta sabotaje y se\u00f1ala error en subestaci\u00f3n de San Pedro de Macor\u00eds","author":"Nelson Feliz","date":"12 de noviembre de 2025","format":false,"excerpt":"El presidente del Consejo Unificado de las Empresas Distribuidoras de Electricidad (CUEDE), Celso Marranzini, ofreci\u00f3 detalles sobre el apag\u00f3n generalizado que afect\u00f3 al pa\u00eds, confirmando que el incidente se debi\u00f3 a un error t\u00e9cnico en una subestaci\u00f3n de transmisi\u00f3n el\u00e9ctrica en San Pedro de Macor\u00eds, gestionada por la Empresa de\u2026","rel":"","context":"En \u00abNACIONALES\u00bb","block_context":{"text":"NACIONALES","link":"https:\/\/lasprimeras.com.do\/index.php\/category\/nacionales\/"},"img":{"alt_text":"celso-marranzini","src":"https:\/\/i0.wp.com\/lasprimeras.com.do\/wp-content\/uploads\/2024\/07\/celso-marranzini.jpg?resize=350%2C200&ssl=1","width":350,"height":200,"srcset":"https:\/\/i0.wp.com\/lasprimeras.com.do\/wp-content\/uploads\/2024\/07\/celso-marranzini.jpg?resize=350%2C200&ssl=1 1x, https:\/\/i0.wp.com\/lasprimeras.com.do\/wp-content\/uploads\/2024\/07\/celso-marranzini.jpg?resize=525%2C300&ssl=1 1.5x"},"classes":[]},{"id":98586,"url":"https:\/\/lasprimeras.com.do\/index.php\/2025\/05\/09\/fallece-mary-perez-de-marranzini-fundadora-de-rehabilitacion\/","url_meta":{"origin":116795,"position":5},"title":"Fallece Mary P\u00e9rez de Marranzini fundadora de Rehabilitaci\u00f3n","author":"Nelson Feliz","date":"9 de mayo de 2025","format":false,"excerpt":"La fil\u00e1ntropa fund\u00f3 la Asociaci\u00f3n Dominicana de Rehabilitaci\u00f3n, una instituci\u00f3n creada en 1963 para brindar servicios a las personas con discapacidad f\u00edsica motora e intelectual. Falleci\u00f3 a los 98 a\u00f1os de edad la fil\u00e1ntropa Mary P\u00e9rez de Marranzini, fundadora de la Asociaci\u00f3n Dominicana de Rehabilitaci\u00f3n y madre de cuatro hijos,\u2026","rel":"","context":"En \u00abNACIONALES\u00bb","block_context":{"text":"NACIONALES","link":"https:\/\/lasprimeras.com.do\/index.php\/category\/nacionales\/"},"img":{"alt_text":"","src":"https:\/\/i0.wp.com\/lasprimeras.com.do\/wp-content\/uploads\/2025\/05\/Mary-Perez.jpg?resize=350%2C200&ssl=1","width":350,"height":200},"classes":[]}],"jetpack_sharing_enabled":true,"_links":{"self":[{"href":"https:\/\/lasprimeras.com.do\/index.php\/wp-json\/wp\/v2\/posts\/116795","targetHints":{"allow":["GET"]}}],"collection":[{"href":"https:\/\/lasprimeras.com.do\/index.php\/wp-json\/wp\/v2\/posts"}],"about":[{"href":"https:\/\/lasprimeras.com.do\/index.php\/wp-json\/wp\/v2\/types\/post"}],"author":[{"embeddable":true,"href":"https:\/\/lasprimeras.com.do\/index.php\/wp-json\/wp\/v2\/users\/10"}],"replies":[{"embeddable":true,"href":"https:\/\/lasprimeras.com.do\/index.php\/wp-json\/wp\/v2\/comments?post=116795"}],"version-history":[{"count":1,"href":"https:\/\/lasprimeras.com.do\/index.php\/wp-json\/wp\/v2\/posts\/116795\/revisions"}],"predecessor-version":[{"id":116797,"href":"https:\/\/lasprimeras.com.do\/index.php\/wp-json\/wp\/v2\/posts\/116795\/revisions\/116797"}],"wp:featuredmedia":[{"embeddable":true,"href":"https:\/\/lasprimeras.com.do\/index.php\/wp-json\/wp\/v2\/media\/116796"}],"wp:attachment":[{"href":"https:\/\/lasprimeras.com.do\/index.php\/wp-json\/wp\/v2\/media?parent=116795"}],"wp:term":[{"taxonomy":"category","embeddable":true,"href":"https:\/\/lasprimeras.com.do\/index.php\/wp-json\/wp\/v2\/categories?post=116795"},{"taxonomy":"post_tag","embeddable":true,"href":"https:\/\/lasprimeras.com.do\/index.php\/wp-json\/wp\/v2\/tags?post=116795"}],"curies":[{"name":"wp","href":"https:\/\/api.w.org\/{rel}","templated":true}]}}