{"id":116803,"date":"2025-12-03T23:44:34","date_gmt":"2025-12-04T03:44:34","guid":{"rendered":"https:\/\/lasprimeras.com.do\/?p=116803"},"modified":"2025-12-03T23:45:20","modified_gmt":"2025-12-04T03:45:20","slug":"banco-bhd-presenta-crecimiento-de-12-5-en-depositos-y-11-9-en-cartera","status":"publish","type":"post","link":"https:\/\/lasprimeras.com.do\/index.php\/2025\/12\/03\/banco-bhd-presenta-crecimiento-de-12-5-en-depositos-y-11-9-en-cartera\/","title":{"rendered":"Banco BHD presenta crecimiento de 12.5% en dep\u00f3sitos y 11.9% en cartera"},"content":{"rendered":"\n<p><strong>El banco resalt\u00f3 avances en crecimiento, eficiencia e innovaci\u00f3n durante almuerzo navide\u00f1o con medios.<\/strong><\/p>\n\n\n\n<p>Banco BHD realiz\u00f3 en Santo Domingo su tradicional almuerzo navide\u00f1o con representantes de los medios de comunicaci\u00f3n, espacio en el que present\u00f3 los principales resultados financieros acumulados a octubre de 2025 y reiter\u00f3 su compromiso con la transparencia, la innovaci\u00f3n y el desarrollo econ\u00f3mico del pa\u00eds.<\/p>\n\n\n\n<p>Durante la actividad, Steven Puig, presidente del Banco BHD, destac\u00f3 que los dep\u00f3sitos crecieron 12.5% y la cartera de cr\u00e9dito aument\u00f3 11.9% en los \u00faltimos doce meses, cifras que reflejan el fortalecimiento del volumen de negocios y la confianza de los clientes.<\/p>\n\n\n\n<p>Asimismo, subray\u00f3 que el banco contin\u00faa consolidando una gesti\u00f3n basada en eficiencia, innovaci\u00f3n y cercan\u00eda con los usuarios y registra una eficiencia operativa de 52.1%, respaldada por la modernizaci\u00f3n de procesos y el impulso de los canales digitales.<\/p>\n\n\n\n<p>\u201cLas perspectivas macroecon\u00f3micas para 2026 presentan un escenario favorable que nos permite proyectar un crecimiento sostenido para el sistema financiero. Respaldan nuestra visi\u00f3n de seguir impulsando iniciativas orientadas a la innovaci\u00f3n, la eficiencia y el fortalecimiento de nuestro portafolio. Estos resultados reafirman nuestra estrategia y nos motivan a continuar consolidando la posici\u00f3n del banco en un entorno cada vez m\u00e1s competitivo\u201d, explic\u00f3 Puig.<\/p>\n\n\n\n<p>Por su lado, Luis Molina Ach\u00e9car, presidente del Centro Financiero BHD, reafirm\u00f3 el compromiso de la entidad con los medios de comunicaci\u00f3n y valor\u00f3 su influencia en el posicionamiento y crecimiento del grupo financiero.<\/p>\n\n\n\n<p>Se\u00f1al\u00f3 que el trabajo period\u00edstico ha contribuido a proyectar la solidez del banco, apoyado en indicadores como el crecimiento en dep\u00f3sitos y cartera, la mejora en eficiencia y las metas estrat\u00e9gicas alcanzadas durante el a\u00f1o.<\/p>\n\n\n\n<p>El encuentro concluy\u00f3 con un agradecimiento especial a los representantes de los medios, destacando su papel en la difusi\u00f3n de informaci\u00f3n confiable y en el fortalecimiento de la relaci\u00f3n entre el banco y la sociedad dominicana.<\/p>\n","protected":false},"excerpt":{"rendered":"<p>El banco resalt\u00f3 avances en crecimiento, eficiencia e innovaci\u00f3n durante almuerzo navide\u00f1o con medios. Banco BHD realiz\u00f3 en Santo Domingo su tradicional almuerzo navide\u00f1o con representantes de los medios de&hellip;<\/p>\n","protected":false},"author":10,"featured_media":116804,"comment_status":"open","ping_status":"open","sticky":false,"template":"","format":"standard","meta":{"content-type":"","jetpack_post_was_ever_published":false,"_jetpack_newsletter_access":"","_jetpack_dont_email_post_to_subs":false,"_jetpack_newsletter_tier_id":0,"_jetpack_memberships_contains_paywalled_content":false,"_jetpack_memberships_contains_paid_content":false,"footnotes":""},"categories":[39],"tags":[10999,6226,2840,28161],"class_list":["post-116803","post","type-post","status-publish","format-standard","has-post-thumbnail","hentry","category-economia","tag-banco-bhd","tag-cartera","tag-crecimiento","tag-depositos"],"jetpack_featured_media_url":"https:\/\/lasprimeras.com.do\/wp-content\/uploads\/2025\/12\/Banco-BHD.jpeg","jetpack-related-posts":[{"id":73292,"url":"https:\/\/lasprimeras.com.do\/index.php\/2024\/01\/08\/bid-invest-y-banco-bhd-impulsan-las-mipymes-lideradas-por-mujeres-en-republica-dominicana\/","url_meta":{"origin":116803,"position":0},"title":"BID Invest y Banco BHD impulsan las mipymes lideradas por mujeres en Rep\u00fablica Dominicana","author":"Nelson Feliz","date":"8 de enero de 2024","format":false,"excerpt":"BID Invest anuncia el otorgamiento de un pr\u00e9stamo subordinado para Banco BHD por US$75 millones por un plazo de hasta siete a\u00f1os. Este financiamiento apoyar\u00e1 a las micro, peque\u00f1as y medianas empresas (mipymes) lideradas o propiedad de mujeres en Rep\u00fablica Dominicana al otorgarles mayor acceso al cr\u00e9dito a trav\u00e9s de\u2026","rel":"","context":"En \u00abECONOM\u00cdA\u00bb","block_context":{"text":"ECONOM\u00cdA","link":"https:\/\/lasprimeras.com.do\/index.php\/category\/economia\/"},"img":{"alt_text":"Sede BID","src":"https:\/\/i0.wp.com\/lasprimeras.com.do\/wp-content\/uploads\/2023\/11\/Sede-BID.jpg?resize=350%2C200&ssl=1","width":350,"height":200,"srcset":"https:\/\/i0.wp.com\/lasprimeras.com.do\/wp-content\/uploads\/2023\/11\/Sede-BID.jpg?resize=350%2C200&ssl=1 1x, https:\/\/i0.wp.com\/lasprimeras.com.do\/wp-content\/uploads\/2023\/11\/Sede-BID.jpg?resize=525%2C300&ssl=1 1.5x, https:\/\/i0.wp.com\/lasprimeras.com.do\/wp-content\/uploads\/2023\/11\/Sede-BID.jpg?resize=700%2C400&ssl=1 2x"},"classes":[]},{"id":118178,"url":"https:\/\/lasprimeras.com.do\/index.php\/2025\/12\/23\/valdez-albizu-da-espaldarazo-al-banreservas-y-llama-a-la-prudencia\/","url_meta":{"origin":116803,"position":1},"title":"Valdez Albizu da espaldarazo al Banreservas y llama a la prudencia","author":"Nelson Feliz","date":"23 de diciembre de 2025","format":false,"excerpt":"Afirm\u00f3 que el sector contin\u00faa mostrando altos niveles de capitalizaci\u00f3n, rentabilidad, solvencia y calidad de su cartera de cr\u00e9ditos. El gobernador del Banco Central de la Rep\u00fablica Dominicana (BCRD), H\u00e9ctor Valdez Albizu, destac\u00f3 ayer la solidez de los principales indicadores de labancanacional, durante unareuni\u00f3ncon presidentes de losbancos m\u00faltiplesdel pa\u00eds, con\u2026","rel":"","context":"En \u00abECONOM\u00cdA\u00bb","block_context":{"text":"ECONOM\u00cdA","link":"https:\/\/lasprimeras.com.do\/index.php\/category\/economia\/"},"img":{"alt_text":"H\u00e9ctor Valdez Albizu","src":"https:\/\/i0.wp.com\/lasprimeras.com.do\/wp-content\/uploads\/2024\/04\/Hector-Valdez-Albizu.jpg?resize=350%2C200&ssl=1","width":350,"height":200,"srcset":"https:\/\/i0.wp.com\/lasprimeras.com.do\/wp-content\/uploads\/2024\/04\/Hector-Valdez-Albizu.jpg?resize=350%2C200&ssl=1 1x, https:\/\/i0.wp.com\/lasprimeras.com.do\/wp-content\/uploads\/2024\/04\/Hector-Valdez-Albizu.jpg?resize=525%2C300&ssl=1 1.5x"},"classes":[]},{"id":86887,"url":"https:\/\/lasprimeras.com.do\/index.php\/2024\/08\/02\/bancos-popular-bhd-y-reserva-reconocen-trabajo-de-david-collado-en-turismo\/","url_meta":{"origin":116803,"position":2},"title":"Bancos Popular, BHD y Reserva reconocen trabajo de David Collado en turismo","author":"Nelson Feliz","date":"2 de agosto de 2024","format":false,"excerpt":"Destacan los aportes y esfuerzo del funcionario para garantizar el crecimiento sostenible del sector. Los tres principales bancos comerciales de Rep\u00fablica Dominicana reconocieron la destacada labor realizada por David Collado como ministro de Turismo por alcanzar r\u00e9cord extraordinarios en el sector. En el marco de la celebraci\u00f3n del 62 aniversario\u2026","rel":"","context":"En \u00abECONOM\u00cdA\u00bb","block_context":{"text":"ECONOM\u00cdA","link":"https:\/\/lasprimeras.com.do\/index.php\/category\/economia\/"},"img":{"alt_text":"Banca Dominicana reconoce David Collado","src":"https:\/\/i0.wp.com\/lasprimeras.com.do\/wp-content\/uploads\/2024\/08\/Banca-Dominicana-reconoce-David-Collado.jpg?resize=350%2C200&ssl=1","width":350,"height":200,"srcset":"https:\/\/i0.wp.com\/lasprimeras.com.do\/wp-content\/uploads\/2024\/08\/Banca-Dominicana-reconoce-David-Collado.jpg?resize=350%2C200&ssl=1 1x, https:\/\/i0.wp.com\/lasprimeras.com.do\/wp-content\/uploads\/2024\/08\/Banca-Dominicana-reconoce-David-Collado.jpg?resize=525%2C300&ssl=1 1.5x, https:\/\/i0.wp.com\/lasprimeras.com.do\/wp-content\/uploads\/2024\/08\/Banca-Dominicana-reconoce-David-Collado.jpg?resize=700%2C400&ssl=1 2x"},"classes":[]},{"id":120155,"url":"https:\/\/lasprimeras.com.do\/index.php\/2026\/01\/21\/bhd-y-embajada-rd-en-espana-dialogan-sobre-proyectos-sociales-y-economicos-en-fitur\/","url_meta":{"origin":116803,"position":3},"title":"BHD y embajada RD en Espa\u00f1a dialogan sobre proyectos sociales y econ\u00f3micos en Fitur","author":"Nelson Feliz","date":"21 de enero de 2026","format":false,"excerpt":"MADRID.- El Banco BHD realiz\u00f3 un almuerzo con la Embajada de la Rep\u00fablica Dominicana en Espa\u00f1a en el que se intercambiaron informaciones sobre diferentes iniciativas de ambas partes en los \u00e1mbitos social y econ\u00f3mico. En el encuentro, desarrollado en el marco de la participaci\u00f3n de BHD en la Feria Internacional\u2026","rel":"","context":"En \u00abECONOM\u00cdA\u00bb","block_context":{"text":"ECONOM\u00cdA","link":"https:\/\/lasprimeras.com.do\/index.php\/category\/economia\/"},"img":{"alt_text":"Banco BHD","src":"https:\/\/i0.wp.com\/lasprimeras.com.do\/wp-content\/uploads\/2026\/01\/Banco-BHD.jpg?resize=350%2C200&ssl=1","width":350,"height":200,"srcset":"https:\/\/i0.wp.com\/lasprimeras.com.do\/wp-content\/uploads\/2026\/01\/Banco-BHD.jpg?resize=350%2C200&ssl=1 1x, https:\/\/i0.wp.com\/lasprimeras.com.do\/wp-content\/uploads\/2026\/01\/Banco-BHD.jpg?resize=525%2C300&ssl=1 1.5x, https:\/\/i0.wp.com\/lasprimeras.com.do\/wp-content\/uploads\/2026\/01\/Banco-BHD.jpg?resize=700%2C400&ssl=1 2x"},"classes":[]},{"id":110296,"url":"https:\/\/lasprimeras.com.do\/index.php\/2025\/09\/27\/kalys-bautista-ceo-de-kaba-consulting-recibe-el-galardon-mujer-negocios-bhd\/","url_meta":{"origin":116803,"position":4},"title":"Kalys Bautista, CEO de Kaba Consulting, recibe el galard\u00f3n Mujer Negocios BHD","author":"Nelson Feliz","date":"27 de septiembre de 2025","format":false,"excerpt":"La CEO de la empresa Kaba Consulting, Kalys Bautista, fue reconocida con el galard\u00f3n Mujer Negocios BHD, durante la primera edici\u00f3n de este reconocimiento celebrado en el marco de la Temporada Open 2025 del Banco BHD. El evento reuni\u00f3 a mujeres que, con visi\u00f3n, disciplina e innovaci\u00f3n, est\u00e1n transformando el\u2026","rel":"","context":"En \u00abECONOM\u00cdA\u00bb","block_context":{"text":"ECONOM\u00cdA","link":"https:\/\/lasprimeras.com.do\/index.php\/category\/economia\/"},"img":{"alt_text":"","src":"https:\/\/i0.wp.com\/lasprimeras.com.do\/wp-content\/uploads\/2025\/09\/BHD-1.jpg?resize=350%2C200&ssl=1","width":350,"height":200,"srcset":"https:\/\/i0.wp.com\/lasprimeras.com.do\/wp-content\/uploads\/2025\/09\/BHD-1.jpg?resize=350%2C200&ssl=1 1x, https:\/\/i0.wp.com\/lasprimeras.com.do\/wp-content\/uploads\/2025\/09\/BHD-1.jpg?resize=525%2C300&ssl=1 1.5x, https:\/\/i0.wp.com\/lasprimeras.com.do\/wp-content\/uploads\/2025\/09\/BHD-1.jpg?resize=700%2C400&ssl=1 2x"},"classes":[]},{"id":108464,"url":"https:\/\/lasprimeras.com.do\/index.php\/2025\/09\/07\/presidente-ejecutivo-de-banreservas-recibe-visita-de-ejecutivos-del-bhd\/","url_meta":{"origin":116803,"position":5},"title":"Presidente ejecutivo de Banreservas recibe visita de ejecutivos del BHD","author":"Nelson Feliz","date":"7 de septiembre de 2025","format":false,"excerpt":"El presidente ejecutivo del Banco de Reservas, doctor Leonardo Aguilera, recibi\u00f3 en la sede de la instituci\u00f3n a los principales ejecutivos del Banco Hipotecario Dominicano (BHD) y otras empresas de ese grupo financiero, con el objetivo de fortalecer la colaboraci\u00f3n institucional y contribuir a la estabilidad del sistema financiero nacional.\u2026","rel":"","context":"En \u00abECONOM\u00cdA\u00bb","block_context":{"text":"ECONOM\u00cdA","link":"https:\/\/lasprimeras.com.do\/index.php\/category\/economia\/"},"img":{"alt_text":"","src":"https:\/\/i0.wp.com\/lasprimeras.com.do\/wp-content\/uploads\/2025\/09\/visita.jpg?resize=350%2C200&ssl=1","width":350,"height":200,"srcset":"https:\/\/i0.wp.com\/lasprimeras.com.do\/wp-content\/uploads\/2025\/09\/visita.jpg?resize=350%2C200&ssl=1 1x, https:\/\/i0.wp.com\/lasprimeras.com.do\/wp-content\/uploads\/2025\/09\/visita.jpg?resize=525%2C300&ssl=1 1.5x, https:\/\/i0.wp.com\/lasprimeras.com.do\/wp-content\/uploads\/2025\/09\/visita.jpg?resize=700%2C400&ssl=1 2x"},"classes":[]}],"jetpack_sharing_enabled":true,"_links":{"self":[{"href":"https:\/\/lasprimeras.com.do\/index.php\/wp-json\/wp\/v2\/posts\/116803","targetHints":{"allow":["GET"]}}],"collection":[{"href":"https:\/\/lasprimeras.com.do\/index.php\/wp-json\/wp\/v2\/posts"}],"about":[{"href":"https:\/\/lasprimeras.com.do\/index.php\/wp-json\/wp\/v2\/types\/post"}],"author":[{"embeddable":true,"href":"https:\/\/lasprimeras.com.do\/index.php\/wp-json\/wp\/v2\/users\/10"}],"replies":[{"embeddable":true,"href":"https:\/\/lasprimeras.com.do\/index.php\/wp-json\/wp\/v2\/comments?post=116803"}],"version-history":[{"count":2,"href":"https:\/\/lasprimeras.com.do\/index.php\/wp-json\/wp\/v2\/posts\/116803\/revisions"}],"predecessor-version":[{"id":116806,"href":"https:\/\/lasprimeras.com.do\/index.php\/wp-json\/wp\/v2\/posts\/116803\/revisions\/116806"}],"wp:featuredmedia":[{"embeddable":true,"href":"https:\/\/lasprimeras.com.do\/index.php\/wp-json\/wp\/v2\/media\/116804"}],"wp:attachment":[{"href":"https:\/\/lasprimeras.com.do\/index.php\/wp-json\/wp\/v2\/media?parent=116803"}],"wp:term":[{"taxonomy":"category","embeddable":true,"href":"https:\/\/lasprimeras.com.do\/index.php\/wp-json\/wp\/v2\/categories?post=116803"},{"taxonomy":"post_tag","embeddable":true,"href":"https:\/\/lasprimeras.com.do\/index.php\/wp-json\/wp\/v2\/tags?post=116803"}],"curies":[{"name":"wp","href":"https:\/\/api.w.org\/{rel}","templated":true}]}}