{"id":116823,"date":"2025-12-04T08:37:16","date_gmt":"2025-12-04T12:37:16","guid":{"rendered":"https:\/\/lasprimeras.com.do\/?p=116823"},"modified":"2025-12-04T08:37:29","modified_gmt":"2025-12-04T12:37:29","slug":"los-panaderos-alemanes-dan-vida-a-la-especialidad-navidena-con-rica-tradicion-y-dulzura","status":"publish","type":"post","link":"https:\/\/lasprimeras.com.do\/index.php\/2025\/12\/04\/los-panaderos-alemanes-dan-vida-a-la-especialidad-navidena-con-rica-tradicion-y-dulzura\/","title":{"rendered":"Los panaderos alemanes dan vida a la especialidad navide\u00f1a con rica tradici\u00f3n y dulzura"},"content":{"rendered":"\n<p>Por Kirsten Grieshaber<\/p>\n\n\n\n<p>DRESDE, Alemania (AP) \u2014 Cuando se le pregunta al pastelero Tino Gierig a qu\u00e9 sabe el famoso stollen de Dresde , sus ojos brillan y su voz se eleva hasta convertirse en un canto entusiasta mientras describe el rico manjar relleno de pasas y otras frutas secas.<\/p>\n\n\n\n<p>\u201cStollen sabe a Navidad , a familia, a tradici\u00f3n, a hogar, a paz, a serenidad\u201d, dijo el hombre de 55 a\u00f1os mientras amasaba con amor su masa de levadura mantecosa antes de incorporar pasas doradas en su panader\u00eda Dresdner Backhaus .<\/p>\n\n\n\n<p>Los panaderos de Dresde, ciudad del este de Alemania, llevan siglos elaborando stollen, una tradici\u00f3n navide\u00f1a muy apreciada. Suele cortarse durante el primer fin de semana de Adviento (las cuatro semanas previas a la Navidad) y se sirve con caf\u00e9 y galletas navide\u00f1as.<\/p>\n\n\n\n<p>Despu\u00e9s de hornear varias hogazas de stollen en su panader\u00eda de Dresde en noviembre, Gierig quit\u00f3 algunas pasas ligeramente quemadas de la parte superior, unt\u00f3 la masa con mantequilla, espolvore\u00f3 az\u00facar granulada por encima y, como toque final, la espolvore\u00f3 con az\u00facar en polvo.<\/p>\n\n\n\n<p>Este hombre de 55 a\u00f1os es preciso en su reposter\u00eda y tambi\u00e9n es muy particular al definir su especialidad navide\u00f1a casera : &#8220;Es una masa de levadura espesa, no es pan ni bizcocho. Es un pastel que solo se hace para el Adviento&#8221;.<\/p>\n\n\n\n<p>En Alemania, el desierto se llama a menudo Christstollen y a Gierig le parece \u201ccomo un Ni\u00f1o Jes\u00fas envuelto en pa\u00f1ales\u201d.<\/p>\n\n\n\n<p>\u201cEste tipo de horneado tiene mucho que ver con el simbolismo\u201d, dijo Gierig.<\/p>\n\n\n\n<p>Una marca protegida<\/p>\n\n\n\n<p>Si bien la descripci\u00f3n de Gierig suena como una oda a la reposter\u00eda navide\u00f1a y a la creaci\u00f3n del stollen en particular, el stollen tambi\u00e9n es un gran negocio con una organizaci\u00f3n dedicada a proteger y promover la marca.<\/p>\n\n\n\n<p>La Asociaci\u00f3n para la Protecci\u00f3n de los Stollen de Dresde otorga un codiciado sello dorado de calidad como certificado de autenticidad a las panader\u00edas que cumplen ciertas condiciones y est\u00e1n ubicadas en Dresde o sus alrededores. Los productos se revisan anualmente para garantizar que cumplen con todas las expectativas de la asociaci\u00f3n.<\/p>\n\n\n\n<p>Seg\u00fan las estrictas normas, el stollen debe elaborarse con abundante mantequilla (al menos el 50 % de la harina), adem\u00e1s de una generosa cantidad de pasas doradas, c\u00e1scaras de naranja y lim\u00f3n confitadas, y almendras dulces y amargas. No se permite a\u00f1adir margarina, conservantes ni aromas artificiales.<\/p>\n\n\n\n<p>El Dresdner Christstollen tambi\u00e9n est\u00e1 protegido por las normas de la Uni\u00f3n Europea , que estipulan d\u00f3nde y c\u00f3mo debe producirse, al igual que el mazap\u00e1n de L\u00fcbeck, de la ciudad de L\u00fcbeck, en el norte de Alemania, el jam\u00f3n Schwarzw\u00e4lder Schinken, de la Selva Negra, o el pan de jengibre Aachener Printen, de la ciudad de Aquisgr\u00e1n, en el oeste de Alemania.<\/p>\n\n\n\n<p>Sin embargo, las panader\u00edas, que a menudo han sido regentadas por las mismas familias durante generaciones, pueden a\u00f1adir su propia mezcla de especias y sabores. Suelen incluir vainilla y cardamomo, y en ocasiones haba tonka, canela, nuez moscada o clavo.<\/p>\n\n\n\n<p>\u201cHay tantos sabores de todo el mundo que se han combinado all\u00ed que crean una simbiosis maravillosa\u201d, dijo Gierig.<\/p>\n\n\n\n<p>En 2024, se vendieron m\u00e1s de 5 millones de panes, de los cuales aproximadamente el 20% se export\u00f3. Austria y Suiza son los principales pa\u00edses de exportaci\u00f3n, pero Gierig afirma que tambi\u00e9n vende muchos stollen en l\u00ednea a clientes en Estados Unidos.<\/p>\n\n\n\n<p>Almacenado en un lugar seco, oscuro y fresco, esta especialidad se conserva durante muchas semanas.<\/p>\n\n\n\n<p>Una tradici\u00f3n con ra\u00edces en la Edad Media<\/p>\n\n\n\n<p>Si bien las recetas actuales tienen ingredientes sofisticados y una preparaci\u00f3n elaborada, los or\u00edgenes medievales del stollen de Dresde son humildes.<\/p>\n\n\n\n<p>Stollen fue mencionado por primera vez en un documento de 1474 en una factura del Hospital Cristiano Bartolomai de la ciudad, seg\u00fan la asociaci\u00f3n.<\/p>\n\n\n\n<p>Sin embargo, en aquella \u00e9poca a\u00fan no se consideraba un manjar navide\u00f1o, sino un pastel de ayuno que consist\u00eda \u00fanicamente en harina, levadura y agua.<\/p>\n\n\n\n<p>La mantequilla no estuvo permitida hasta que el Papa Inocencio VIII en Roma accedi\u00f3 a una petici\u00f3n especial del Elector Ernesto de Sajonia para levantar la prohibici\u00f3n de la mantequilla en 1491.<\/p>\n\n\n\n<p>Desde entonces, a los panaderos de stollen tambi\u00e9n se les ha permitido utilizar ingredientes m\u00e1s sustanciales.<\/p>\n\n\n\n<p>Aunque algunas de las especias m\u00e1s ex\u00f3ticas eran dif\u00edciles de conseguir durante las d\u00e9cadas del comunismo en Alemania Oriental, el stollen era uno de los manjares m\u00e1s codiciados del pa\u00eds.<\/p>\n\n\n\n<p>Incluso los alemanes que viv\u00edan en la Alemania Occidental capitalista de la posguerra siempre esperaban recibir un paquete original de stollen de Dresde para Navidad de sus hermanos del Este, ya que ning\u00fan stollen elaborado en Occidente se acercaba ni de lejos al original.<\/p>\n","protected":false},"excerpt":{"rendered":"<p>Por Kirsten Grieshaber DRESDE, Alemania (AP) \u2014 Cuando se le pregunta al pastelero Tino Gierig a qu\u00e9 sabe el famoso stollen de Dresde , sus ojos brillan y su voz&hellip;<\/p>\n","protected":false},"author":10,"featured_media":116824,"comment_status":"open","ping_status":"open","sticky":false,"template":"","format":"standard","meta":{"content-type":"","jetpack_post_was_ever_published":false,"_jetpack_newsletter_access":"","_jetpack_dont_email_post_to_subs":false,"_jetpack_newsletter_tier_id":0,"_jetpack_memberships_contains_paywalled_content":false,"_jetpack_memberships_contains_paid_content":false,"footnotes":""},"categories":[39],"tags":[28174,28171,28172,28173],"class_list":["post-116823","post","type-post","status-publish","format-standard","has-post-thumbnail","hentry","category-economia","tag-dulzura","tag-especialidad-navidena","tag-panaderos-alemanes","tag-rica-tradicion"],"jetpack_featured_media_url":"https:\/\/lasprimeras.com.do\/wp-content\/uploads\/2025\/12\/pasteleros.jpg","jetpack-related-posts":[{"id":71870,"url":"https:\/\/lasprimeras.com.do\/index.php\/2023\/12\/24\/ensalada-rusa-con-remolacha-o-vino-de-arroz-es-una-tradicion-en-las-fiestas-navidenas\/","url_meta":{"origin":116823,"position":0},"title":"Ensalada rusa con remolacha o vino de arroz es una tradici\u00f3n en las fiestas navide\u00f1as","author":"Nelson Feliz","date":"24 de diciembre de 2023","format":false,"excerpt":"Platos peculiares por las fiestas navide\u00f1as En el Sur del pa\u00eds, la magia navide\u00f1a se teje entre las brisas c\u00e1lidas y las familias participan activamente en la preparaci\u00f3n de vinos caseros, una tradici\u00f3n que comienza un mes antes de la Nochebuena En la ciudad de Santo Domingo, la capital dominicana,\u2026","rel":"","context":"En \u00abNACIONALES\u00bb","block_context":{"text":"NACIONALES","link":"https:\/\/lasprimeras.com.do\/index.php\/category\/nacionales\/"},"img":{"alt_text":"banquete","src":"https:\/\/i0.wp.com\/lasprimeras.com.do\/wp-content\/uploads\/2023\/12\/banquete.jpeg?resize=350%2C200&ssl=1","width":350,"height":200,"srcset":"https:\/\/i0.wp.com\/lasprimeras.com.do\/wp-content\/uploads\/2023\/12\/banquete.jpeg?resize=350%2C200&ssl=1 1x, https:\/\/i0.wp.com\/lasprimeras.com.do\/wp-content\/uploads\/2023\/12\/banquete.jpeg?resize=525%2C300&ssl=1 1.5x, https:\/\/i0.wp.com\/lasprimeras.com.do\/wp-content\/uploads\/2023\/12\/banquete.jpeg?resize=700%2C400&ssl=1 2x"},"classes":[]},{"id":59364,"url":"https:\/\/lasprimeras.com.do\/index.php\/2023\/09\/03\/primera-semana-dominicana-en-alemania-sera-del-11-al-15-de-septiembre\/","url_meta":{"origin":116823,"position":1},"title":"Primera Semana Dominicana en Alemania ser\u00e1 del 11 al 15 de septiembre","author":"Nelson Feliz","date":"3 de septiembre de 2023","format":false,"excerpt":"RD y Alemania buscan fortalecer relaciones en la primera semana Dominicana en Alemania. La embajadora de Alemania en la Rep\u00fablica Dominicana y el presidente de la C\u00e1mara de Comercio, Industria y Turismo Dom\u00ednico-Alemana resaltaron el impacto que tendr\u00e1 la primera Semana Dominicana en Alemania a celebrarse del 11 al 15\u2026","rel":"","context":"En \u00abECONOM\u00cdA\u00bb","block_context":{"text":"ECONOM\u00cdA","link":"https:\/\/lasprimeras.com.do\/index.php\/category\/economia\/"},"img":{"alt_text":"","src":"https:\/\/i0.wp.com\/lasprimeras.com.do\/wp-content\/uploads\/2023\/09\/Alemanes.jpg?resize=350%2C200&ssl=1","width":350,"height":200,"srcset":"https:\/\/i0.wp.com\/lasprimeras.com.do\/wp-content\/uploads\/2023\/09\/Alemanes.jpg?resize=350%2C200&ssl=1 1x, https:\/\/i0.wp.com\/lasprimeras.com.do\/wp-content\/uploads\/2023\/09\/Alemanes.jpg?resize=525%2C300&ssl=1 1.5x, https:\/\/i0.wp.com\/lasprimeras.com.do\/wp-content\/uploads\/2023\/09\/Alemanes.jpg?resize=700%2C400&ssl=1 2x"},"classes":[]},{"id":119756,"url":"https:\/\/lasprimeras.com.do\/index.php\/2026\/01\/12\/el-dia-del-mazapan-en-mexico-tradicion-memoria-y-dulzura\/","url_meta":{"origin":116823,"position":2},"title":"El D\u00eda del Mazap\u00e1n en M\u00e9xico: Tradici\u00f3n, Memoria y Dulzura","author":"Nelson Feliz","date":"12 de enero de 2026","format":false,"excerpt":"Por Araceli Aguilar Salgado \"La tradici\u00f3n es la personalidad de los pueblos.\" Jos\u00e9 Ortega y Gasset Cada 12 de enero se celebra en M\u00e9xico el D\u00eda del Mazap\u00e1n, una fecha que rinde homenaje a uno de los dulces m\u00e1s emblem\u00e1ticos de la gastronom\u00eda nacional. M\u00e1s all\u00e1 de su sabor sencillo\u2026","rel":"","context":"En \u00abECONOM\u00cdA\u00bb","block_context":{"text":"ECONOM\u00cdA","link":"https:\/\/lasprimeras.com.do\/index.php\/category\/economia\/"},"img":{"alt_text":"","src":"https:\/\/i0.wp.com\/lasprimeras.com.do\/wp-content\/uploads\/2026\/01\/maz-7.jpg?resize=350%2C200&ssl=1","width":350,"height":200,"srcset":"https:\/\/i0.wp.com\/lasprimeras.com.do\/wp-content\/uploads\/2026\/01\/maz-7.jpg?resize=350%2C200&ssl=1 1x, https:\/\/i0.wp.com\/lasprimeras.com.do\/wp-content\/uploads\/2026\/01\/maz-7.jpg?resize=525%2C300&ssl=1 1.5x, https:\/\/i0.wp.com\/lasprimeras.com.do\/wp-content\/uploads\/2026\/01\/maz-7.jpg?resize=700%2C400&ssl=1 2x"},"classes":[]},{"id":69327,"url":"https:\/\/lasprimeras.com.do\/index.php\/2023\/12\/01\/biden-enciende-el-arbol-nacional-de-navidad-y-le-toca-el-turno-de-llevar-el-espiritu-navideno-a-washington\/","url_meta":{"origin":116823,"position":3},"title":"Biden enciende el \u00c1rbol Nacional de Navidad y le toca el turno de llevar el esp\u00edritu navide\u00f1o a Washington","author":"Nelson Feliz","date":"1 de diciembre de 2023","format":false,"excerpt":"POR DARLENE SUPERVILLE WASHINGTON (AP) \u2014 Fue el turno del presidente Joe Biden de traer algo de esp\u00edritu navide\u00f1o a la capital de Estados Unidos. El presidente y su esposa, Jill , participaron el jueves en la tradici\u00f3n anual de encender el \u00c1rbol Nacional de Navidad en la Elipse, una\u2026","rel":"","context":"En \u00abSin categor\u00eda\u00bb","block_context":{"text":"Sin categor\u00eda","link":"https:\/\/lasprimeras.com.do\/index.php\/category\/sin-categoria\/"},"img":{"alt_text":"Biden enciende el \u00c1rbol Nacional de Navidad","src":"https:\/\/i0.wp.com\/lasprimeras.com.do\/wp-content\/uploads\/2023\/12\/Biden-enciende-el-Arbol-Nacional-de-Navidad.jpg?resize=350%2C200&ssl=1","width":350,"height":200,"srcset":"https:\/\/i0.wp.com\/lasprimeras.com.do\/wp-content\/uploads\/2023\/12\/Biden-enciende-el-Arbol-Nacional-de-Navidad.jpg?resize=350%2C200&ssl=1 1x, https:\/\/i0.wp.com\/lasprimeras.com.do\/wp-content\/uploads\/2023\/12\/Biden-enciende-el-Arbol-Nacional-de-Navidad.jpg?resize=525%2C300&ssl=1 1.5x, https:\/\/i0.wp.com\/lasprimeras.com.do\/wp-content\/uploads\/2023\/12\/Biden-enciende-el-Arbol-Nacional-de-Navidad.jpg?resize=700%2C400&ssl=1 2x"},"classes":[]},{"id":91507,"url":"https:\/\/lasprimeras.com.do\/index.php\/2024\/11\/25\/abinader-entregara-doble-sueldo-en-la-primera-semana-de-diciembre\/","url_meta":{"origin":116823,"position":4},"title":"Abinader entregara doble sueldo en la primera semana de diciembre","author":"Nelson Feliz","date":"25 de noviembre de 2024","format":false,"excerpt":"El presidente Luis Abinader entregara Bono Navide\u00f1o y el doble sueldo en la primera semana de diciembre, por un monto de RD 30,777 millones. Con el Bono Navide\u00f1o se beneficiar\u00e1n 3 millones de personas, recibiendo tarjetas precargadas con un monto de RD 1,500 cada una, a ser utilizadas en cualquier\u2026","rel":"","context":"En \u00abECONOM\u00cdA\u00bb","block_context":{"text":"ECONOM\u00cdA","link":"https:\/\/lasprimeras.com.do\/index.php\/category\/economia\/"},"img":{"alt_text":"","src":"https:\/\/i0.wp.com\/lasprimeras.com.do\/wp-content\/uploads\/2024\/11\/doble-sueldo.jpg?resize=350%2C200&ssl=1","width":350,"height":200,"srcset":"https:\/\/i0.wp.com\/lasprimeras.com.do\/wp-content\/uploads\/2024\/11\/doble-sueldo.jpg?resize=350%2C200&ssl=1 1x, https:\/\/i0.wp.com\/lasprimeras.com.do\/wp-content\/uploads\/2024\/11\/doble-sueldo.jpg?resize=525%2C300&ssl=1 1.5x, https:\/\/i0.wp.com\/lasprimeras.com.do\/wp-content\/uploads\/2024\/11\/doble-sueldo.jpg?resize=700%2C400&ssl=1 2x"},"classes":[]},{"id":70060,"url":"https:\/\/lasprimeras.com.do\/index.php\/2023\/12\/08\/udc-llega-a-barrios-marginados-con-aguinaldo-y-encendido-arbolito-navideno\/","url_meta":{"origin":116823,"position":5},"title":"UDC llega a barrios marginados, con Aguinaldo y encendido \u00e1rbolito Navide\u00f1o","author":"Nelson Feliz","date":"8 de diciembre de 2023","format":false,"excerpt":"En un verdadero ba\u00f1o de pueblo, Luis \u201cEl Gallo\u201d lleg\u00f3 a los barrios marginados de Santo Domingo, llevando alegr\u00eda con su Aguinaldo y encendido de \u00e1rbolitos Navide\u00f1os. Luis Acosta Moreta, Luis \u201cEl Gallo\u201d, puso a bailar ritmos navide\u00f1os a ni\u00f1os, adultos y personas de la tercera edad, en el primer\u2026","rel":"","context":"En \u00abENTRETENIMIENTO\u00bb","block_context":{"text":"ENTRETENIMIENTO","link":"https:\/\/lasprimeras.com.do\/index.php\/category\/entretenimiento\/"},"img":{"alt_text":"encendido \u00e1rbolito Navide\u00f1o","src":"https:\/\/i0.wp.com\/lasprimeras.com.do\/wp-content\/uploads\/2023\/12\/encendido-arbolito-Navideno.jpg?resize=350%2C200&ssl=1","width":350,"height":200,"srcset":"https:\/\/i0.wp.com\/lasprimeras.com.do\/wp-content\/uploads\/2023\/12\/encendido-arbolito-Navideno.jpg?resize=350%2C200&ssl=1 1x, https:\/\/i0.wp.com\/lasprimeras.com.do\/wp-content\/uploads\/2023\/12\/encendido-arbolito-Navideno.jpg?resize=525%2C300&ssl=1 1.5x, https:\/\/i0.wp.com\/lasprimeras.com.do\/wp-content\/uploads\/2023\/12\/encendido-arbolito-Navideno.jpg?resize=700%2C400&ssl=1 2x"},"classes":[]}],"jetpack_sharing_enabled":true,"_links":{"self":[{"href":"https:\/\/lasprimeras.com.do\/index.php\/wp-json\/wp\/v2\/posts\/116823","targetHints":{"allow":["GET"]}}],"collection":[{"href":"https:\/\/lasprimeras.com.do\/index.php\/wp-json\/wp\/v2\/posts"}],"about":[{"href":"https:\/\/lasprimeras.com.do\/index.php\/wp-json\/wp\/v2\/types\/post"}],"author":[{"embeddable":true,"href":"https:\/\/lasprimeras.com.do\/index.php\/wp-json\/wp\/v2\/users\/10"}],"replies":[{"embeddable":true,"href":"https:\/\/lasprimeras.com.do\/index.php\/wp-json\/wp\/v2\/comments?post=116823"}],"version-history":[{"count":1,"href":"https:\/\/lasprimeras.com.do\/index.php\/wp-json\/wp\/v2\/posts\/116823\/revisions"}],"predecessor-version":[{"id":116825,"href":"https:\/\/lasprimeras.com.do\/index.php\/wp-json\/wp\/v2\/posts\/116823\/revisions\/116825"}],"wp:featuredmedia":[{"embeddable":true,"href":"https:\/\/lasprimeras.com.do\/index.php\/wp-json\/wp\/v2\/media\/116824"}],"wp:attachment":[{"href":"https:\/\/lasprimeras.com.do\/index.php\/wp-json\/wp\/v2\/media?parent=116823"}],"wp:term":[{"taxonomy":"category","embeddable":true,"href":"https:\/\/lasprimeras.com.do\/index.php\/wp-json\/wp\/v2\/categories?post=116823"},{"taxonomy":"post_tag","embeddable":true,"href":"https:\/\/lasprimeras.com.do\/index.php\/wp-json\/wp\/v2\/tags?post=116823"}],"curies":[{"name":"wp","href":"https:\/\/api.w.org\/{rel}","templated":true}]}}