{"id":116835,"date":"2025-12-04T09:45:58","date_gmt":"2025-12-04T13:45:58","guid":{"rendered":"https:\/\/lasprimeras.com.do\/?p=116835"},"modified":"2025-12-04T11:24:47","modified_gmt":"2025-12-04T15:24:47","slug":"dr-paulino-advierte-sobre-virus-y-la-importancia-de-vacuna-contra-influenza","status":"publish","type":"post","link":"https:\/\/lasprimeras.com.do\/index.php\/2025\/12\/04\/dr-paulino-advierte-sobre-virus-y-la-importancia-de-vacuna-contra-influenza\/","title":{"rendered":"Dr. Paulino advierte sobre virus y la importancia de vacuna contra influenza"},"content":{"rendered":"\n<p>El reconocido m\u00e9dico infect\u00f3logo y vir\u00f3logo dominicano, Dr. Robert Paulino-Ram\u00edrez, ha emitido una advertencia a la poblaci\u00f3n sobre la necesidad cr\u00edtica de la vacunaci\u00f3n anual contra la influenza.<\/p>\n\n\n\n<p>En una reciente entrevista para el programa &#8220;A Diario&#8221;, el especialista enfatiz\u00f3 que, aunque la campa\u00f1a de vacunaci\u00f3n suele realizarse entre mayo y junio, la constancia es clave debido a la evoluci\u00f3n constante del virus.<\/p>\n\n\n\n<p>El Dr. Paulino se\u00f1al\u00f3 que se han identificado nuevas variantes del virus de la influenza que podr\u00edan no estar completamente cubiertas por la vacuna de temporada actual.<\/p>\n\n\n\n<p>Subray\u00f3 que ninguna vacuna previene la infecci\u00f3n en su totalidad; su prop\u00f3sito fundamental es evitar que las personas fallezcan o desarrollen complicaciones de salud graves que pongan en riesgo la vida humana.<\/p>\n\n\n\n<p>La inmunizaci\u00f3n sigue siendo la mejor herramienta de salud p\u00fablica para mitigar el impacto de la enfermedad.<\/p>\n\n\n\n<p>El infect\u00f3logo vaticin\u00f3 un incremento en los virus inmunol\u00f3gicos en el ambiente.<\/p>\n\n\n\n<p>Explic\u00f3 el mecanismo patol\u00f3gico del virus de la influenza, el cual genera una hipersecreci\u00f3n y aprovecha la debilidad del sistema inmunol\u00f3gico del hu\u00e9sped para multiplicarse, exacerbando el riesgo vital para los pacientes vulnerables, como adultos mayores, ni\u00f1os peque\u00f1os y personas con comorbilidades.<\/p>\n\n\n\n<p>Durante la entrevista, el Dr. Paulino tambi\u00e9n abord\u00f3 el tema de la viruela.<\/p>\n\n\n\n<p>Aclar\u00f3 que esta pertenece a una familia de virus diferente a la de la varicela com\u00fan, disipando temores de un brote. <\/p>\n\n\n\n<p>Record\u00f3 que el \u00faltimo caso de viruela en las Am\u00e9ricas fue en 1976 y, posteriormente, la Organizaci\u00f3n Mundial de la Salud (OMS) declar\u00f3 al continente libre de la enfermedad, por lo que nadie deber\u00eda infectarse con viruela hoy en d\u00eda.<\/p>\n\n\n\n<p>En cuanto a otros virus, el especialista mencion\u00f3 el proceso de erradicaci\u00f3n global del Polio mediante la vacunaci\u00f3n. <\/p>\n\n\n\n<p>Adem\u00e1s, hizo una distinci\u00f3n importante sobre la varicela, explicando que el virus que la causa puede permanecer latente en el organismo, espec\u00edficamente alojado en los nervios, y reactivarse a\u00f1os despu\u00e9s, provocando una dolorosa erupci\u00f3n conocida como &#8220;culebrilla&#8221; (herpes z\u00f3ster).<\/p>\n\n\n\n<p>El Dr. Robert Paulino contin\u00faa su labor de concienciaci\u00f3n p\u00fablica a trav\u00e9s de medios de comunicaci\u00f3n, instando a la ciudadan\u00eda a mantenerse informada y a seguir las directrices de salud preventivas, especialmente en lo que respecta a la vacunaci\u00f3n y la vigilancia epidemiol\u00f3gica.<\/p>\n","protected":false},"excerpt":{"rendered":"<p>El reconocido m\u00e9dico infect\u00f3logo y vir\u00f3logo dominicano, Dr. Robert Paulino-Ram\u00edrez, ha emitido una advertencia a la poblaci\u00f3n sobre la necesidad cr\u00edtica de la vacunaci\u00f3n anual contra la influenza. En una&hellip;<\/p>\n","protected":false},"author":10,"featured_media":116836,"comment_status":"open","ping_status":"open","sticky":false,"template":"","format":"standard","meta":{"content-type":"","jetpack_post_was_ever_published":false,"_jetpack_newsletter_access":"","_jetpack_dont_email_post_to_subs":false,"_jetpack_newsletter_tier_id":0,"_jetpack_memberships_contains_paywalled_content":false,"_jetpack_memberships_contains_paid_content":false,"footnotes":""},"categories":[25,16558],"tags":[28186,2545,314,8445,28187,28188],"class_list":["post-116835","post","type-post","status-publish","format-standard","has-post-thumbnail","hentry","category-portada","category-salud","tag-dr-robert-paulino","tag-importancia","tag-incremento","tag-influenza","tag-vacunacion-anual","tag-virus-inmunologicos"],"jetpack_featured_media_url":"https:\/\/lasprimeras.com.do\/wp-content\/uploads\/2025\/12\/Robert-Paulino.jpg","jetpack-related-posts":[{"id":95503,"url":"https:\/\/lasprimeras.com.do\/index.php\/2025\/03\/14\/salud-publica-los-ninos-entre-9-y-14-anos-ya-podran-vacunarse-contra-el-virus-del-papiloma\/","url_meta":{"origin":116835,"position":0},"title":"Salud P\u00fablica: Los ni\u00f1os entre 9 y 14 a\u00f1os ya podr\u00e1n vacunarse contra el virus del papiloma","author":"Nelson Feliz","date":"14 de marzo de 2025","format":false,"excerpt":"El Ministerio de Salud P\u00fablica, a trav\u00e9s de la Direcci\u00f3n de Inmunoprevenibles por Vacunas (DIV), inform\u00f3 este jueves que entre los ajustes que se han realizado al esquema nacional de vacunaci\u00f3n se incluy\u00f3 la vacunaci\u00f3n de ni\u00f1os entre 9 y 14 a\u00f1os contra el papiloma humano. \u00abAntes solo vacun\u00e1bamos a\u2026","rel":"","context":"En \u00abSALUD\u00bb","block_context":{"text":"SALUD","link":"https:\/\/lasprimeras.com.do\/index.php\/category\/salud\/"},"img":{"alt_text":"","src":"https:\/\/i0.wp.com\/lasprimeras.com.do\/wp-content\/uploads\/2025\/03\/papiloma.jpg?resize=350%2C200&ssl=1","width":350,"height":200,"srcset":"https:\/\/i0.wp.com\/lasprimeras.com.do\/wp-content\/uploads\/2025\/03\/papiloma.jpg?resize=350%2C200&ssl=1 1x, https:\/\/i0.wp.com\/lasprimeras.com.do\/wp-content\/uploads\/2025\/03\/papiloma.jpg?resize=525%2C300&ssl=1 1.5x, https:\/\/i0.wp.com\/lasprimeras.com.do\/wp-content\/uploads\/2025\/03\/papiloma.jpg?resize=700%2C400&ssl=1 2x"},"classes":[]},{"id":113798,"url":"https:\/\/lasprimeras.com.do\/index.php\/2025\/11\/05\/ministro-de-salud-anuncia-jornada-nacional-de-vacunacion-contra-la-influenza\/","url_meta":{"origin":116835,"position":1},"title":"Ministro de Salud anuncia Jornada Nacional de Vacunaci\u00f3n contra la influenza","author":"Nelson Feliz","date":"5 de noviembre de 2025","format":false,"excerpt":"Priorizar\u00e1n vacunaci\u00f3n a embarazadas, menores de tres a\u00f1os, adultos mayores y personas con condiciones de salud delicadas. El ministro de Salud, V\u00edctor Atallah, anunci\u00f3 el inicio de la jornada nacional de vacunaci\u00f3n contra la influenza A (H1N1), A (H3N2) y tipo B, con el objetivo de reducir la circulaci\u00f3n de\u2026","rel":"","context":"En \u00abSin categor\u00eda\u00bb","block_context":{"text":"Sin categor\u00eda","link":"https:\/\/lasprimeras.com.do\/index.php\/category\/sin-categoria\/"},"img":{"alt_text":"","src":"https:\/\/i0.wp.com\/lasprimeras.com.do\/wp-content\/uploads\/2025\/11\/Victor-Atallah.jpg?resize=350%2C200&ssl=1","width":350,"height":200,"srcset":"https:\/\/i0.wp.com\/lasprimeras.com.do\/wp-content\/uploads\/2025\/11\/Victor-Atallah.jpg?resize=350%2C200&ssl=1 1x, https:\/\/i0.wp.com\/lasprimeras.com.do\/wp-content\/uploads\/2025\/11\/Victor-Atallah.jpg?resize=525%2C300&ssl=1 1.5x, https:\/\/i0.wp.com\/lasprimeras.com.do\/wp-content\/uploads\/2025\/11\/Victor-Atallah.jpg?resize=700%2C400&ssl=1 2x"},"classes":[]},{"id":73333,"url":"https:\/\/lasprimeras.com.do\/index.php\/2024\/01\/09\/las-vacunas-opcion-para-frenar-virus-respiratorios\/","url_meta":{"origin":116835,"position":2},"title":"Las vacunas, opci\u00f3n para frenar virus respiratorios","author":"BIMARY DE JES\u00daS Matos","date":"9 de enero de 2024","format":false,"excerpt":"Santo Domingo.-Una de las opciones que se plantean los especialistas para hacer frente al repunte de casos por virus respiratorios, es la vacunaci\u00f3n de la poblaci\u00f3n, pero desde la pandemia la confianza en la inmunizaci\u00f3n para diversas enfermedades se ha visto afectada por la campa\u00f1a de los llamados antivacunas. De\u2026","rel":"","context":"En \u00abNACIONALES\u00bb","block_context":{"text":"NACIONALES","link":"https:\/\/lasprimeras.com.do\/index.php\/category\/nacionales\/"},"img":{"alt_text":"","src":"https:\/\/i0.wp.com\/lasprimeras.com.do\/wp-content\/uploads\/2024\/01\/Wander-Franco-sale-de-prision-tras-pagar-garantia-economica-de-2-millones-de-pesos-3-2.webp?resize=350%2C200&ssl=1","width":350,"height":200,"srcset":"https:\/\/i0.wp.com\/lasprimeras.com.do\/wp-content\/uploads\/2024\/01\/Wander-Franco-sale-de-prision-tras-pagar-garantia-economica-de-2-millones-de-pesos-3-2.webp?resize=350%2C200&ssl=1 1x, https:\/\/i0.wp.com\/lasprimeras.com.do\/wp-content\/uploads\/2024\/01\/Wander-Franco-sale-de-prision-tras-pagar-garantia-economica-de-2-millones-de-pesos-3-2.webp?resize=525%2C300&ssl=1 1.5x"},"classes":[]},{"id":72119,"url":"https:\/\/lasprimeras.com.do\/index.php\/2023\/12\/27\/infectologos-advierten-serio-peligro-de-virus-circulan-en-el-pais\/","url_meta":{"origin":116835,"position":3},"title":"Infect\u00f3logos advierten serio peligro de virus circulan en el pa\u00eds","author":"BIMARY DE JES\u00daS Matos","date":"27 de diciembre de 2023","format":false,"excerpt":"Santo Domingo.-El Distrito Nacional y la provincia de Santo Domingo son las localidades del pa\u00eds donde se ha detectado hasta el momento la circulaci\u00f3n de la nueva variante JN.1 del Covid-19, cuyos s\u00edntomas son fiebre o escalofr\u00edos, tos, dificultad para respirar, fatiga, dolores musculares, dolor de cabeza y dolor de\u2026","rel":"","context":"En \u00abPORTADA\u00bb","block_context":{"text":"PORTADA","link":"https:\/\/lasprimeras.com.do\/index.php\/category\/portada\/"},"img":{"alt_text":"","src":"https:\/\/i0.wp.com\/lasprimeras.com.do\/wp-content\/uploads\/2023\/12\/LIDOM-anuncia-reduccion-en-tiempo-de-juegos-3-1.jpg?resize=350%2C200&ssl=1","width":350,"height":200,"srcset":"https:\/\/i0.wp.com\/lasprimeras.com.do\/wp-content\/uploads\/2023\/12\/LIDOM-anuncia-reduccion-en-tiempo-de-juegos-3-1.jpg?resize=350%2C200&ssl=1 1x, https:\/\/i0.wp.com\/lasprimeras.com.do\/wp-content\/uploads\/2023\/12\/LIDOM-anuncia-reduccion-en-tiempo-de-juegos-3-1.jpg?resize=525%2C300&ssl=1 1.5x"},"classes":[]},{"id":119930,"url":"https:\/\/lasprimeras.com.do\/index.php\/2026\/01\/18\/influenza-y-vsr-un-desafio-simultaneo-para-la-salud-publica\/","url_meta":{"origin":116835,"position":4},"title":"Influenza y VSR: un desaf\u00edo simult\u00e1neo para la salud p\u00fablica","author":"Nelson Feliz","date":"18 de enero de 2026","format":false,"excerpt":"Por Araceli Aguilar Salgado \"La salud no lo es todo, pero sin ella, todo lo dem\u00e1s es nada.\" \u00a0Arthur Schopenhauer La circulaci\u00f3n simult\u00e1nea de la influenza estacional y el virus sincitial respiratorio (VSR) en el continente americano ha encendido las alertas de la Organizaci\u00f3n Panamericana de la Salud (OPS). Este\u2026","rel":"","context":"En \u00abSALUD\u00bb","block_context":{"text":"SALUD","link":"https:\/\/lasprimeras.com.do\/index.php\/category\/salud\/"},"img":{"alt_text":"","src":"https:\/\/i0.wp.com\/lasprimeras.com.do\/wp-content\/uploads\/2026\/01\/VAC-2.jpg?resize=350%2C200&ssl=1","width":350,"height":200,"srcset":"https:\/\/i0.wp.com\/lasprimeras.com.do\/wp-content\/uploads\/2026\/01\/VAC-2.jpg?resize=350%2C200&ssl=1 1x, https:\/\/i0.wp.com\/lasprimeras.com.do\/wp-content\/uploads\/2026\/01\/VAC-2.jpg?resize=525%2C300&ssl=1 1.5x"},"classes":[]},{"id":115095,"url":"https:\/\/lasprimeras.com.do\/index.php\/2025\/11\/19\/clemente-terrero-advierte-sobre-fuerte-embate-de-la-influenza\/","url_meta":{"origin":116835,"position":5},"title":"Clemente Terrero advierte sobre fuerte embate de la influenza","author":"Nelson Feliz","date":"19 de noviembre de 2025","format":false,"excerpt":"Dr. Clemente Terrero advierte sobre fuerte embate de la influenza. El reconocido infect\u00f3logo, pediatra y exdirector del Hospital Infantil Dr. Robert Reid Cabral, doctor Clemente Terrero, hizo un llamado de atenci\u00f3n a las autoridades de salud p\u00fablica ante el recrudecimiento de enfermedades virales en el pa\u00eds. En declaraciones ofrecidas en\u2026","rel":"","context":"En \u00abPORTADA\u00bb","block_context":{"text":"PORTADA","link":"https:\/\/lasprimeras.com.do\/index.php\/category\/portada\/"},"img":{"alt_text":"Clemente Terrero","src":"https:\/\/i0.wp.com\/lasprimeras.com.do\/wp-content\/uploads\/2025\/11\/Clemente-Terrero.jpg?resize=350%2C200&ssl=1","width":350,"height":200,"srcset":"https:\/\/i0.wp.com\/lasprimeras.com.do\/wp-content\/uploads\/2025\/11\/Clemente-Terrero.jpg?resize=350%2C200&ssl=1 1x, https:\/\/i0.wp.com\/lasprimeras.com.do\/wp-content\/uploads\/2025\/11\/Clemente-Terrero.jpg?resize=525%2C300&ssl=1 1.5x, https:\/\/i0.wp.com\/lasprimeras.com.do\/wp-content\/uploads\/2025\/11\/Clemente-Terrero.jpg?resize=700%2C400&ssl=1 2x"},"classes":[]}],"jetpack_sharing_enabled":true,"_links":{"self":[{"href":"https:\/\/lasprimeras.com.do\/index.php\/wp-json\/wp\/v2\/posts\/116835","targetHints":{"allow":["GET"]}}],"collection":[{"href":"https:\/\/lasprimeras.com.do\/index.php\/wp-json\/wp\/v2\/posts"}],"about":[{"href":"https:\/\/lasprimeras.com.do\/index.php\/wp-json\/wp\/v2\/types\/post"}],"author":[{"embeddable":true,"href":"https:\/\/lasprimeras.com.do\/index.php\/wp-json\/wp\/v2\/users\/10"}],"replies":[{"embeddable":true,"href":"https:\/\/lasprimeras.com.do\/index.php\/wp-json\/wp\/v2\/comments?post=116835"}],"version-history":[{"count":1,"href":"https:\/\/lasprimeras.com.do\/index.php\/wp-json\/wp\/v2\/posts\/116835\/revisions"}],"predecessor-version":[{"id":116837,"href":"https:\/\/lasprimeras.com.do\/index.php\/wp-json\/wp\/v2\/posts\/116835\/revisions\/116837"}],"wp:featuredmedia":[{"embeddable":true,"href":"https:\/\/lasprimeras.com.do\/index.php\/wp-json\/wp\/v2\/media\/116836"}],"wp:attachment":[{"href":"https:\/\/lasprimeras.com.do\/index.php\/wp-json\/wp\/v2\/media?parent=116835"}],"wp:term":[{"taxonomy":"category","embeddable":true,"href":"https:\/\/lasprimeras.com.do\/index.php\/wp-json\/wp\/v2\/categories?post=116835"},{"taxonomy":"post_tag","embeddable":true,"href":"https:\/\/lasprimeras.com.do\/index.php\/wp-json\/wp\/v2\/tags?post=116835"}],"curies":[{"name":"wp","href":"https:\/\/api.w.org\/{rel}","templated":true}]}}