{"id":116839,"date":"2025-12-04T11:35:45","date_gmt":"2025-12-04T15:35:45","guid":{"rendered":"https:\/\/lasprimeras.com.do\/?p=116839"},"modified":"2025-12-04T11:35:46","modified_gmt":"2025-12-04T15:35:46","slug":"jose-guzman-beato-se-gradua-magna-cum-laude-en-la-ute-y-suma-su-cuarto-titulo-profesional","status":"publish","type":"post","link":"https:\/\/lasprimeras.com.do\/index.php\/2025\/12\/04\/jose-guzman-beato-se-gradua-magna-cum-laude-en-la-ute-y-suma-su-cuarto-titulo-profesional\/","title":{"rendered":"Jos\u00e9 Guzm\u00e1n Beato se grad\u00faa Magna Cum Laude en la UTE y suma su cuarto t\u00edtulo profesional"},"content":{"rendered":"\n<p>Jos\u00e9 Altagracia Guzm\u00e1n Beato, quien fuera secretario general del Sindicato Nacional de Trabajadores de la Prensa (SNTP), celebr\u00f3 un hito acad\u00e9mico significativo el pasado s\u00e1bado 29 de noviembre de 2025 al graduarse como &#8220;Licenciado en Comunicaci\u00f3n Social&#8221; en la Universidad de la Tercera Edad (UTE).<\/p>\n\n\n\n<p>Su dedicaci\u00f3n y excelencia acad\u00e9mica le valieron el reconocimiento de &#8220;Magna Cum Laude&#8221;, un logro que resalta su compromiso con la formaci\u00f3n continua y el periodismo de calidad.<\/p>\n\n\n\n<p>Este nuevo t\u00edtulo representa el cuarto grado profesional que Guzm\u00e1n Beato suma a su trayectoria.<\/p>\n\n\n<div class=\"wp-block-image\">\n<figure class=\"alignleft size-full is-resized\"><img decoding=\"async\" width=\"686\" height=\"960\" src=\"https:\/\/lasprimeras.com.do\/wp-content\/uploads\/2025\/12\/UTE.jpg\" alt=\"\" class=\"wp-image-116841\" style=\"width:263px;height:auto\" srcset=\"https:\/\/lasprimeras.com.do\/wp-content\/uploads\/2025\/12\/UTE.jpg 686w, https:\/\/lasprimeras.com.do\/wp-content\/uploads\/2025\/12\/UTE-214x300.jpg 214w\" sizes=\"(max-width: 686px) 100vw, 686px\" \/><\/figure>\n<\/div>\n\n\n<p>Destacado gremialista con una larga y respetada carrera en el \u00e1mbito de los medios y la representaci\u00f3n sindical, ha demostrado una vez m\u00e1s que la edad no es impedimento para la superaci\u00f3n personal y la adquisici\u00f3n de nuevos conocimientos en un campo que evoluciona constantemente.<\/p>\n\n\n\n<p>Orgulloso de sus ra\u00edces y de pertenecer al municipio de Boca Chica, Guzm\u00e1n Beato ha sido un pilar en la defensa de los derechos de los trabajadores de la prensa.<\/p>\n\n\n\n<p>Su paso por la secretar\u00eda general del SNTP dej\u00f3 una huella importante, caracterizada por la gesti\u00f3n transparente y la lucha por mejores condiciones laborales y profesionales para sus colegas.<\/p>\n\n\n\n<p>Con la obtenci\u00f3n de la licenciatura en Comunicaci\u00f3n Social, Guzm\u00e1n Beato cumple con uno de los requisitos estatutarios clave para integrarse formalmente al Colegio Dominicano de Periodistas (CDP).<\/p>\n\n\n\n<p>Este paso le abre las puertas no solo a ser miembro activo del gremio, sino tambi\u00e9n a aspirar a posiciones directivas, incluyendo la presidencia del CDP, si as\u00ed lo decide en el futuro. Su experiencia previa y su formaci\u00f3n acad\u00e9mica lo perfilan como un candidato viable y respetado.<\/p>\n\n\n\n<p>Desde el Sindicato Nacional de Trabajadores de la Prensa, actualmente dirigido por Manuel Ure\u00f1a, las felicitaciones no se hicieron esperar.<\/p>\n\n\n\n<figure class=\"wp-block-image size-full\"><img decoding=\"async\" width=\"900\" height=\"394\" src=\"https:\/\/lasprimeras.com.do\/wp-content\/uploads\/2025\/12\/JOSE-BEATO-1.jpg\" alt=\"\" class=\"wp-image-116842\" srcset=\"https:\/\/lasprimeras.com.do\/wp-content\/uploads\/2025\/12\/JOSE-BEATO-1.jpg 900w, https:\/\/lasprimeras.com.do\/wp-content\/uploads\/2025\/12\/JOSE-BEATO-1-300x131.jpg 300w, https:\/\/lasprimeras.com.do\/wp-content\/uploads\/2025\/12\/JOSE-BEATO-1-768x336.jpg 768w\" sizes=\"(max-width: 900px) 100vw, 900px\" \/><\/figure>\n\n\n\n<p>La directiva y los miembros del SNTP expresaron p\u00fablicamente sus &#8220;felicidades y bendiciones&#8221; a Guzm\u00e1n Beato, dese\u00e1ndole que &#8220;siga logrando muchos \u00e9xitos&#8221; en su camino profesional y personal, reconociendo su incansable labor y su ejemplo a seguir.<\/p>\n\n\n\n<p>Este logro de Jos\u00e9 Guzm\u00e1n Beato sirve de inspiraci\u00f3n para las nuevas generaciones de comunicadores y para sus propios colegas, demostrando que la formaci\u00f3n acad\u00e9mica es un pilar fundamental para el ejercicio \u00e9tico y profesional del periodismo, y que la b\u00fasqueda de la excelencia es una meta alcanzable en cualquier etapa de la vida.<\/p>\n","protected":false},"excerpt":{"rendered":"<p>Jos\u00e9 Altagracia Guzm\u00e1n Beato, quien fuera secretario general del Sindicato Nacional de Trabajadores de la Prensa (SNTP), celebr\u00f3 un hito acad\u00e9mico significativo el pasado s\u00e1bado 29 de noviembre de 2025&hellip;<\/p>\n","protected":false},"author":10,"featured_media":116840,"comment_status":"open","ping_status":"open","sticky":false,"template":"","format":"standard","meta":{"content-type":"","jetpack_post_was_ever_published":false,"_jetpack_newsletter_access":"","_jetpack_dont_email_post_to_subs":false,"_jetpack_newsletter_tier_id":0,"_jetpack_memberships_contains_paywalled_content":false,"_jetpack_memberships_contains_paid_content":false,"footnotes":""},"categories":[35,25],"tags":[15956,28190,28189,28192,28191,28193,9363],"class_list":["post-116839","post","type-post","status-publish","format-standard","has-post-thumbnail","hentry","category-nacionales","category-portada","tag-cuarto","tag-jose-guzman-beato","tag-magna-cum-laude","tag-se-gradua","tag-suma","tag-titulo-profesional","tag-ute"],"jetpack_featured_media_url":"https:\/\/lasprimeras.com.do\/wp-content\/uploads\/2025\/12\/JOSE-BEATO.jpg","jetpack-related-posts":[{"id":82496,"url":"https:\/\/lasprimeras.com.do\/index.php\/2024\/05\/04\/ute-gradua-nuevos-profesionales-en-su-trigesima-segunda-graduacion-ordinaria\/","url_meta":{"origin":116839,"position":0},"title":"UTE grad\u00faa nuevos profesionales en su trig\u00e9sima segunda graduaci\u00f3n ordinaria","author":"Esteffany Vargas","date":"4 de mayo de 2024","format":false,"excerpt":"La Universidad UTE celebr\u00f3 su Trig\u00e9sima Segunda Graduaci\u00f3n Ordinaria, donde grad\u00fao 207 nuevos profesionales en las diferentes \u00e1reas del saber, teniendo como oradora invitada a la reconocida artista dominicana Olga Lara, quien adem\u00e1s, es egresada Summa Cum Laude de esta Casa de Altos Estudios de la licenciatura en Psicolog\u00eda Menci\u00f3n\u2026","rel":"","context":"En \u00abNACIONALES\u00bb","block_context":{"text":"NACIONALES","link":"https:\/\/lasprimeras.com.do\/index.php\/category\/nacionales\/"},"img":{"alt_text":"Universidad UTE","src":"https:\/\/i0.wp.com\/lasprimeras.com.do\/wp-content\/uploads\/2024\/05\/Universidad-UTE-1.jpg?resize=350%2C200&ssl=1","width":350,"height":200,"srcset":"https:\/\/i0.wp.com\/lasprimeras.com.do\/wp-content\/uploads\/2024\/05\/Universidad-UTE-1.jpg?resize=350%2C200&ssl=1 1x, https:\/\/i0.wp.com\/lasprimeras.com.do\/wp-content\/uploads\/2024\/05\/Universidad-UTE-1.jpg?resize=525%2C300&ssl=1 1.5x, https:\/\/i0.wp.com\/lasprimeras.com.do\/wp-content\/uploads\/2024\/05\/Universidad-UTE-1.jpg?resize=700%2C400&ssl=1 2x"},"classes":[]},{"id":68040,"url":"https:\/\/lasprimeras.com.do\/index.php\/2023\/11\/21\/universidad-ute-gradua-internos-de-rafey-y-moca\/","url_meta":{"origin":116839,"position":1},"title":"Universidad UTE gradua internos de Rafey y Moca","author":"Nelson Feliz","date":"21 de noviembre de 2023","format":false,"excerpt":"La Universidad UTE como parte de su programa de inclusi\u00f3n social, gradu\u00f3 este viernes a 21 privados de libertad del Modelo de Gesti\u00f3n Penitenciaria de los centros de Rafey y Moca. Los internos en los recintos penitenciarios Moca y Rafey de Santiago cursaron las carreras de Derecho y Psicolog\u00eda. La\u2026","rel":"","context":"En \u00abNACIONALES\u00bb","block_context":{"text":"NACIONALES","link":"https:\/\/lasprimeras.com.do\/index.php\/category\/nacionales\/"},"img":{"alt_text":"","src":"https:\/\/i0.wp.com\/lasprimeras.com.do\/wp-content\/uploads\/2023\/11\/UTE.jpg?resize=350%2C200&ssl=1","width":350,"height":200,"srcset":"https:\/\/i0.wp.com\/lasprimeras.com.do\/wp-content\/uploads\/2023\/11\/UTE.jpg?resize=350%2C200&ssl=1 1x, https:\/\/i0.wp.com\/lasprimeras.com.do\/wp-content\/uploads\/2023\/11\/UTE.jpg?resize=525%2C300&ssl=1 1.5x, https:\/\/i0.wp.com\/lasprimeras.com.do\/wp-content\/uploads\/2023\/11\/UTE.jpg?resize=700%2C400&ssl=1 2x"},"classes":[]},{"id":116373,"url":"https:\/\/lasprimeras.com.do\/index.php\/2025\/12\/01\/ute-celebra-trigesima-tercera-graduacion-extraordinaria\/","url_meta":{"origin":116839,"position":2},"title":"UTE celebra Trig\u00e9sima Tercera Graduaci\u00f3n Extraordinaria","author":"Nelson Feliz","date":"1 de diciembre de 2025","format":false,"excerpt":"La Universidad UTE, invisti\u00f3 nuevos profesionales en los niveles de Grado, Especialidad y Maestr\u00eda en su Trig\u00e9sima Tercera Graduaci\u00f3n Extraordinaria. En esta ocasi\u00f3n estuvo como orador invitado, Roberto Santana, Director General de Servicios Penitenciarios y Correccionales, quien ha sido un defensor de la educaci\u00f3n en los recintos penitenciarios, afirmando que\u2026","rel":"","context":"En \u00abNACIONALES\u00bb","block_context":{"text":"NACIONALES","link":"https:\/\/lasprimeras.com.do\/index.php\/category\/nacionales\/"},"img":{"alt_text":"","src":"https:\/\/i0.wp.com\/lasprimeras.com.do\/wp-content\/uploads\/2025\/12\/Inversiones-J-Montero-entregara-25-becas-universitaria-a-jovenes-que-quieran-cursar-una-carrera.jpg?resize=350%2C200&ssl=1","width":350,"height":200,"srcset":"https:\/\/i0.wp.com\/lasprimeras.com.do\/wp-content\/uploads\/2025\/12\/Inversiones-J-Montero-entregara-25-becas-universitaria-a-jovenes-que-quieran-cursar-una-carrera.jpg?resize=350%2C200&ssl=1 1x, https:\/\/i0.wp.com\/lasprimeras.com.do\/wp-content\/uploads\/2025\/12\/Inversiones-J-Montero-entregara-25-becas-universitaria-a-jovenes-que-quieran-cursar-una-carrera.jpg?resize=525%2C300&ssl=1 1.5x, https:\/\/i0.wp.com\/lasprimeras.com.do\/wp-content\/uploads\/2025\/12\/Inversiones-J-Montero-entregara-25-becas-universitaria-a-jovenes-que-quieran-cursar-una-carrera.jpg?resize=700%2C400&ssl=1 2x"},"classes":[]},{"id":67611,"url":"https:\/\/lasprimeras.com.do\/index.php\/2023\/11\/15\/logan-jimenez-concluye-estudios-en-diplomacia-y-derecho-internacional-en-la-ute\/","url_meta":{"origin":116839,"position":3},"title":"Logan Jim\u00e9nez concluye estudios en Diplomacia y Derecho Internacional en la UTE","author":"Nelson Feliz","date":"15 de noviembre de 2023","format":false,"excerpt":"La Universidad UTE incorpora nuevos profesionales en diversas \u00e1reas\u00a0en su\u00a0 \u00a0Trig\u00e9sima Primera Graduaci\u00f3n Extraordinaria de grados, especialidades y maestr\u00edas.\u00a0 El destacado comunicador Logan Jim\u00e9nez Ramos, concluy\u00f3 este fin de semana sus estudios de \u00a0maestr\u00eda en Diplomacia y Derecho Internacional en la Universidad UTE, junto a 321 nuevos profesionales de grados\u2026","rel":"","context":"En \u00abNACIONALES\u00bb","block_context":{"text":"NACIONALES","link":"https:\/\/lasprimeras.com.do\/index.php\/category\/nacionales\/"},"img":{"alt_text":"","src":"https:\/\/i0.wp.com\/lasprimeras.com.do\/wp-content\/uploads\/2023\/11\/WhatsApp-Image-2023-11-15-at-10.22.33-PM.jpeg?resize=350%2C200&ssl=1","width":350,"height":200,"srcset":"https:\/\/i0.wp.com\/lasprimeras.com.do\/wp-content\/uploads\/2023\/11\/WhatsApp-Image-2023-11-15-at-10.22.33-PM.jpeg?resize=350%2C200&ssl=1 1x, https:\/\/i0.wp.com\/lasprimeras.com.do\/wp-content\/uploads\/2023\/11\/WhatsApp-Image-2023-11-15-at-10.22.33-PM.jpeg?resize=525%2C300&ssl=1 1.5x, https:\/\/i0.wp.com\/lasprimeras.com.do\/wp-content\/uploads\/2023\/11\/WhatsApp-Image-2023-11-15-at-10.22.33-PM.jpeg?resize=700%2C400&ssl=1 2x, https:\/\/i0.wp.com\/lasprimeras.com.do\/wp-content\/uploads\/2023\/11\/WhatsApp-Image-2023-11-15-at-10.22.33-PM.jpeg?resize=1050%2C600&ssl=1 3x, https:\/\/i0.wp.com\/lasprimeras.com.do\/wp-content\/uploads\/2023\/11\/WhatsApp-Image-2023-11-15-at-10.22.33-PM.jpeg?resize=1400%2C800&ssl=1 4x"},"classes":[]},{"id":65524,"url":"https:\/\/lasprimeras.com.do\/index.php\/2023\/10\/28\/uasd-inviste-3547-nuevos-profesionales-durante-celebracion-del-485-aniversario-de-su-fundacion\/","url_meta":{"origin":116839,"position":4},"title":"UASD inviste 3,547 nuevos profesionales durante celebraci\u00f3n del 485 aniversario de su fundaci\u00f3n","author":"Nelson Feliz","date":"28 de octubre de 2023","format":false,"excerpt":"\u201cEl rector de la Academia, maestro Editrudis Beltr\u00e1n Cris\u00f3stomo, destaca el proceso transformador de la instituci\u00f3n\u201d. La Universidad Aut\u00f3noma de Santo Domingo (UASD) invisti\u00f3 a 3 mil 547 profesionales en el nivel de grado, pertenecientes a distintas \u00e1reas del saber, durante una ceremonia enmarcada dentro de la celebraci\u00f3n este 28\u2026","rel":"","context":"En \u00abNACIONALES\u00bb","block_context":{"text":"NACIONALES","link":"https:\/\/lasprimeras.com.do\/index.php\/category\/nacionales\/"},"img":{"alt_text":"Editrudis Beltr\u00e1n Cris\u00f3stomo","src":"https:\/\/i0.wp.com\/lasprimeras.com.do\/wp-content\/uploads\/2023\/10\/Editrudis-Beltran-Crisostomo-1.jpg?resize=350%2C200&ssl=1","width":350,"height":200,"srcset":"https:\/\/i0.wp.com\/lasprimeras.com.do\/wp-content\/uploads\/2023\/10\/Editrudis-Beltran-Crisostomo-1.jpg?resize=350%2C200&ssl=1 1x, https:\/\/i0.wp.com\/lasprimeras.com.do\/wp-content\/uploads\/2023\/10\/Editrudis-Beltran-Crisostomo-1.jpg?resize=525%2C300&ssl=1 1.5x, https:\/\/i0.wp.com\/lasprimeras.com.do\/wp-content\/uploads\/2023\/10\/Editrudis-Beltran-Crisostomo-1.jpg?resize=700%2C400&ssl=1 2x"},"classes":[]},{"id":53650,"url":"https:\/\/lasprimeras.com.do\/index.php\/2023\/06\/29\/una-graduacion-en-el-portafolio-del-tiempo\/","url_meta":{"origin":116839,"position":5},"title":"Una graduaci\u00f3n en el portafolio del tiempo","author":"Nelson Feliz","date":"29 de junio de 2023","format":false,"excerpt":"\u201cTogas, Birrete y Orgullo\u201d Por Yahaira Soto Esta breve\/larga espera de mi \u00faltimo vag\u00f3n de esta \u00e1nfora graduaci\u00f3n que como candilejas resplandece el rostro del perfil de los honores del titular de mi profesi\u00f3n. Ella en si misma, se explica con sus huellas ultramarinas\u2026 \u201cComparto este soliloquio y el tr\u00e9mulo\u2026","rel":"","context":"En \u00abOPINI\u00d3N\u00bb","block_context":{"text":"OPINI\u00d3N","link":"https:\/\/lasprimeras.com.do\/index.php\/category\/opinion\/"},"img":{"alt_text":"","src":"https:\/\/i0.wp.com\/lasprimeras.com.do\/wp-content\/uploads\/2023\/06\/Yahaira-Soto.jpeg?resize=350%2C200&ssl=1","width":350,"height":200,"srcset":"https:\/\/i0.wp.com\/lasprimeras.com.do\/wp-content\/uploads\/2023\/06\/Yahaira-Soto.jpeg?resize=350%2C200&ssl=1 1x, https:\/\/i0.wp.com\/lasprimeras.com.do\/wp-content\/uploads\/2023\/06\/Yahaira-Soto.jpeg?resize=525%2C300&ssl=1 1.5x, https:\/\/i0.wp.com\/lasprimeras.com.do\/wp-content\/uploads\/2023\/06\/Yahaira-Soto.jpeg?resize=700%2C400&ssl=1 2x, https:\/\/i0.wp.com\/lasprimeras.com.do\/wp-content\/uploads\/2023\/06\/Yahaira-Soto.jpeg?resize=1050%2C600&ssl=1 3x"},"classes":[]}],"jetpack_sharing_enabled":true,"_links":{"self":[{"href":"https:\/\/lasprimeras.com.do\/index.php\/wp-json\/wp\/v2\/posts\/116839","targetHints":{"allow":["GET"]}}],"collection":[{"href":"https:\/\/lasprimeras.com.do\/index.php\/wp-json\/wp\/v2\/posts"}],"about":[{"href":"https:\/\/lasprimeras.com.do\/index.php\/wp-json\/wp\/v2\/types\/post"}],"author":[{"embeddable":true,"href":"https:\/\/lasprimeras.com.do\/index.php\/wp-json\/wp\/v2\/users\/10"}],"replies":[{"embeddable":true,"href":"https:\/\/lasprimeras.com.do\/index.php\/wp-json\/wp\/v2\/comments?post=116839"}],"version-history":[{"count":1,"href":"https:\/\/lasprimeras.com.do\/index.php\/wp-json\/wp\/v2\/posts\/116839\/revisions"}],"predecessor-version":[{"id":116843,"href":"https:\/\/lasprimeras.com.do\/index.php\/wp-json\/wp\/v2\/posts\/116839\/revisions\/116843"}],"wp:featuredmedia":[{"embeddable":true,"href":"https:\/\/lasprimeras.com.do\/index.php\/wp-json\/wp\/v2\/media\/116840"}],"wp:attachment":[{"href":"https:\/\/lasprimeras.com.do\/index.php\/wp-json\/wp\/v2\/media?parent=116839"}],"wp:term":[{"taxonomy":"category","embeddable":true,"href":"https:\/\/lasprimeras.com.do\/index.php\/wp-json\/wp\/v2\/categories?post=116839"},{"taxonomy":"post_tag","embeddable":true,"href":"https:\/\/lasprimeras.com.do\/index.php\/wp-json\/wp\/v2\/tags?post=116839"}],"curies":[{"name":"wp","href":"https:\/\/api.w.org\/{rel}","templated":true}]}}