{"id":116849,"date":"2025-12-04T12:20:48","date_gmt":"2025-12-04T16:20:48","guid":{"rendered":"https:\/\/lasprimeras.com.do\/?p=116849"},"modified":"2025-12-04T12:20:50","modified_gmt":"2025-12-04T16:20:50","slug":"tecnicos-del-intrant-recibiran-asesoria-y-formacion-especializada-del-centro-de-control-de-trafico-de-nueva-york","status":"publish","type":"post","link":"https:\/\/lasprimeras.com.do\/index.php\/2025\/12\/04\/tecnicos-del-intrant-recibiran-asesoria-y-formacion-especializada-del-centro-de-control-de-trafico-de-nueva-york\/","title":{"rendered":"T\u00e9cnicos del INTRANT recibir\u00e1n asesor\u00eda y formaci\u00f3n especializada del Centro de Control de Tr\u00e1fico de Nueva York"},"content":{"rendered":"\n<p>El comisionado Ydanis Rodr\u00edguez y el director ejecutivo del INTRANT, Milton Morrison, realizaron una visita oficial al Centro de Control de Tr\u00e1fico en Queens como parte del fortalecimiento de la cooperaci\u00f3n t\u00e9cnica entre la Rep\u00fablica Dominicana y la Ciudad de Nueva York.<\/p>\n\n\n\n<p><strong>Nueva York. \u2013 <\/strong>T\u00e9cnicos del Instituto Nacional de Tr\u00e1nsito y Transporte Terrestre (INTRANT) recibir\u00e1n asesor\u00eda y formaci\u00f3n especializada por parte de expertos del Centro de Control de Tr\u00e1fico de la Ciudad de Nueva York, como parte de los esfuerzos orientados a la modernizaci\u00f3n de la gesti\u00f3n del tr\u00e1nsito y el fortalecimiento de la seguridad vial en la Rep\u00fablica Dominicana.<\/p>\n\n\n\n<p>La visita oficial, en cuyo marco se realiz\u00f3 el anuncio de esta capacitaci\u00f3n t\u00e9cnica, fue encabezada por el director ejecutivo del INTRANT, Milton Morrison, junto al comisionado de Transporte de la Ciudad de Nueva York, Ydanis Rodr\u00edguez, como parte del seguimiento a los acuerdos de entendimiento y cooperaci\u00f3n t\u00e9cnica entre ambas instituciones.<\/p>\n\n\n<div class=\"wp-block-image\">\n<figure class=\"alignleft size-large is-resized\"><img decoding=\"async\" width=\"768\" height=\"1024\" src=\"https:\/\/lasprimeras.com.do\/wp-content\/uploads\/2025\/12\/INTRANT-1-768x1024.jpg\" alt=\"\" class=\"wp-image-116850\" style=\"width:264px;height:auto\" srcset=\"https:\/\/lasprimeras.com.do\/wp-content\/uploads\/2025\/12\/INTRANT-1-768x1024.jpg 768w, https:\/\/lasprimeras.com.do\/wp-content\/uploads\/2025\/12\/INTRANT-1-225x300.jpg 225w, https:\/\/lasprimeras.com.do\/wp-content\/uploads\/2025\/12\/INTRANT-1.jpg 900w\" sizes=\"(max-width: 768px) 100vw, 768px\" \/><\/figure>\n<\/div>\n\n\n<p>Durante el recorrido por las instalaciones del TMC &amp; OER Facilities, los equipos t\u00e9cnicos del NYC DOT presentaron al INTRANT un modelo integral de gesti\u00f3n del tr\u00e1nsito que incluye el monitoreo en tiempo real del flujo vehicular, la operaci\u00f3n automatizada de sem\u00e1foros, la supervisi\u00f3n de c\u00e1maras de control y la respuesta coordinada ante incidentes viales.<\/p>\n\n\n\n<p>En ese contexto, se dio a conocer que, como resultado de este acercamiento, t\u00e9cnicos dominicanos ser\u00e1n capacitados por especialistas del Centro de Control de Tr\u00e1fico, fortaleciendo as\u00ed las capacidades institucionales para avanzar hacia un sistema de tr\u00e1nsito m\u00e1s moderno, eficiente y seguro.<\/p>\n\n\n\n<p>Durante el encuentro, el comisionado Rodr\u00edguez destac\u00f3 la participaci\u00f3n de j\u00f3venes profesionales de origen dominicano que forman parte del equipo t\u00e9cnico del NYC DOT, entre ellos Ir\u00e1n Fern\u00e1ndez y Aramael Pe\u00f1a Alc\u00e1ntara, quienes contribuyen de manera activa al desarrollo y mejora continua de los sistemas de control y movilidad urbana.<\/p>\n\n\n\n<p>Por su parte, el director ejecutivo del INTRANT agradeci\u00f3 la apertura del equipo neoyorquino y valor\u00f3 el impacto de este intercambio t\u00e9cnico para el fortalecimiento institucional del pa\u00eds.<\/p>\n\n\n<div class=\"wp-block-image\">\n<figure class=\"alignright size-full is-resized\"><img decoding=\"async\" width=\"900\" height=\"675\" src=\"https:\/\/lasprimeras.com.do\/wp-content\/uploads\/2025\/12\/INTRANT-2.jpg\" alt=\"\" class=\"wp-image-116851\" style=\"width:412px;height:auto\" srcset=\"https:\/\/lasprimeras.com.do\/wp-content\/uploads\/2025\/12\/INTRANT-2.jpg 900w, https:\/\/lasprimeras.com.do\/wp-content\/uploads\/2025\/12\/INTRANT-2-300x225.jpg 300w, https:\/\/lasprimeras.com.do\/wp-content\/uploads\/2025\/12\/INTRANT-2-768x576.jpg 768w\" sizes=\"(max-width: 900px) 100vw, 900px\" \/><\/figure>\n<\/div>\n\n\n<p>\u201cAgradecemos al comisionado Ydanis Rodr\u00edguez por poner a disposici\u00f3n de la Rep\u00fablica Dominicana la experiencia de este extraordinario equipo. Este intercambio t\u00e9cnico fortalece nuestras capacidades para avanzar hacia un sistema de tr\u00e1nsito m\u00e1s moderno, eficiente y seguro\u201d, manifest\u00f3.<\/p>\n\n\n\n<p>La visita forma parte de la agenda internacional del INTRANT, orientada al intercambio de buenas pr\u00e1cticas, la transferencia de conocimientos, la innovaci\u00f3n tecnol\u00f3gica y el fortalecimiento de las pol\u00edticas p\u00fablicas de movilidad y seguridad vial, en beneficio directo de la ciudadan\u00eda.<\/p>\n\n\n\n<figure class=\"wp-block-image size-large\"><img decoding=\"async\" width=\"768\" height=\"1024\" src=\"https:\/\/lasprimeras.com.do\/wp-content\/uploads\/2025\/12\/INTRANT-3-768x1024.jpg\" alt=\"\" class=\"wp-image-116852\" srcset=\"https:\/\/lasprimeras.com.do\/wp-content\/uploads\/2025\/12\/INTRANT-3-768x1024.jpg 768w, https:\/\/lasprimeras.com.do\/wp-content\/uploads\/2025\/12\/INTRANT-3-225x300.jpg 225w, https:\/\/lasprimeras.com.do\/wp-content\/uploads\/2025\/12\/INTRANT-3.jpg 900w\" sizes=\"(max-width: 768px) 100vw, 768px\" \/><\/figure>\n\n\n\n<p>Los ejecutivos tambi\u00e9n fueron recibidos por especialistas con m\u00e1s de 25 a\u00f1os de experiencia, entre ellos Mohamad Talas, reconocido por sus aportes al desarrollo e implementaci\u00f3n de tecnolog\u00edas avanzadas para la optimizaci\u00f3n del tr\u00e1nsito urbano, as\u00ed como por t\u00e9cnicos responsables de la coordinaci\u00f3n interagencial con la Polic\u00eda Estatal y la Polic\u00eda de la Ciudad de Nueva York.<\/p>\n\n\n\n<p><strong>RD Se Mueve<\/strong><\/p>\n\n\n\n<p>Esta colaboraci\u00f3n tiene como antecedente el acuerdo firmado durante el lanzamiento del plan RD Se Mueve, una iniciativa impulsada por el INTRANT que contempla la cooperaci\u00f3n t\u00e9cnica interinstitucional para la modernizaci\u00f3n de la gesti\u00f3n del tr\u00e1nsito, la transferencia de conocimientos, la innovaci\u00f3n tecnol\u00f3gica y el fortalecimiento de la seguridad vial en la Rep\u00fablica Dominicana.<\/p>\n","protected":false},"excerpt":{"rendered":"<p>El comisionado Ydanis Rodr\u00edguez y el director ejecutivo del INTRANT, Milton Morrison, realizaron una visita oficial al Centro de Control de Tr\u00e1fico en Queens como parte del fortalecimiento de la&hellip;<\/p>\n","protected":false},"author":10,"featured_media":116853,"comment_status":"open","ping_status":"open","sticky":false,"template":"","format":"standard","meta":{"content-type":"","jetpack_post_was_ever_published":false,"_jetpack_newsletter_access":"","_jetpack_dont_email_post_to_subs":false,"_jetpack_newsletter_tier_id":0,"_jetpack_memberships_contains_paywalled_content":false,"_jetpack_memberships_contains_paid_content":false,"footnotes":""},"categories":[35,25],"tags":[7021,28195,28194,349,104,2153,6013],"class_list":["post-116849","post","type-post","status-publish","format-standard","has-post-thumbnail","hentry","category-nacionales","category-portada","tag-asesoria","tag-centro-de-control","tag-formacion-especializada","tag-intrant","tag-nueva-york","tag-tecnicos","tag-trafico"],"jetpack_featured_media_url":"https:\/\/lasprimeras.com.do\/wp-content\/uploads\/2025\/12\/INTRANT.jpg","jetpack-related-posts":[{"id":66432,"url":"https:\/\/lasprimeras.com.do\/index.php\/2023\/11\/07\/director-del-intrant-defiende-transparencia-en-proceso-de-licitacion-de-semaforos-inteligentes\/","url_meta":{"origin":116849,"position":0},"title":"Director del Intrant defiende transparencia en proceso de licitaci\u00f3n de sem\u00e1foros inteligentes","author":"BIMARY DE JES\u00daS Matos","date":"7 de noviembre de 2023","format":false,"excerpt":"Santo Domingo.-El director del Instituto Nacional de Tr\u00e1nsito y Transporte Terrestre (Intrant), Hugo Beras, reiter\u00f3 que el proceso de licitaci\u00f3n para la mejor\u00eda del Centro de Control de Tr\u00e1fico y la red de sem\u00e1foros del Gran Santo Domingo fue realizado con absoluta transparencia y cumpliendo todo lo que establece la\u2026","rel":"","context":"En \u00abNACIONALES\u00bb","block_context":{"text":"NACIONALES","link":"https:\/\/lasprimeras.com.do\/index.php\/category\/nacionales\/"},"img":{"alt_text":"","src":"https:\/\/i0.wp.com\/lasprimeras.com.do\/wp-content\/uploads\/2023\/11\/torose.jpg?resize=350%2C200&ssl=1","width":350,"height":200,"srcset":"https:\/\/i0.wp.com\/lasprimeras.com.do\/wp-content\/uploads\/2023\/11\/torose.jpg?resize=350%2C200&ssl=1 1x, https:\/\/i0.wp.com\/lasprimeras.com.do\/wp-content\/uploads\/2023\/11\/torose.jpg?resize=525%2C300&ssl=1 1.5x"},"classes":[]},{"id":65682,"url":"https:\/\/lasprimeras.com.do\/index.php\/2023\/10\/30\/intrant-pide-a-contrataciones-publicas-decision-definitiva-sobre-instalacion-de-semaforos\/","url_meta":{"origin":116849,"position":1},"title":"Intrant pide a Contrataciones P\u00fablicas decisi\u00f3n definitiva sobre instalaci\u00f3n de sem\u00e1foros","author":"Nelson Feliz","date":"30 de octubre de 2023","format":false,"excerpt":"La entidad le suspendi\u00f3, de manera temporal, el contrato con la empresa Transcore Latam, S.R.L El Instituto Nacional de Tr\u00e1nsito Terrestre (Intrant) respondi\u00f3 a la suspensi\u00f3n de la instalaci\u00f3n de sem\u00e1foros inteligentes por parte de la Direcci\u00f3n General de Contrataciones P\u00fablicas como medida cautelar ante la recepci\u00f3n de un recurso\u2026","rel":"","context":"En \u00abECONOM\u00cdA\u00bb","block_context":{"text":"ECONOM\u00cdA","link":"https:\/\/lasprimeras.com.do\/index.php\/category\/economia\/"},"img":{"alt_text":"Hugo Beras","src":"https:\/\/i0.wp.com\/lasprimeras.com.do\/wp-content\/uploads\/2023\/10\/Hugo-Beras-2.jpg?resize=350%2C200&ssl=1","width":350,"height":200,"srcset":"https:\/\/i0.wp.com\/lasprimeras.com.do\/wp-content\/uploads\/2023\/10\/Hugo-Beras-2.jpg?resize=350%2C200&ssl=1 1x, https:\/\/i0.wp.com\/lasprimeras.com.do\/wp-content\/uploads\/2023\/10\/Hugo-Beras-2.jpg?resize=525%2C300&ssl=1 1.5x, https:\/\/i0.wp.com\/lasprimeras.com.do\/wp-content\/uploads\/2023\/10\/Hugo-Beras-2.jpg?resize=700%2C400&ssl=1 2x"},"classes":[]},{"id":56460,"url":"https:\/\/lasprimeras.com.do\/index.php\/2023\/08\/01\/casi-tres-mil-personas-murieron-en-accidentes-de-transito-en-rd-durante-el-2022\/","url_meta":{"origin":116849,"position":2},"title":"Casi tres mil personas murieron en accidentes de tr\u00e1nsito en RD durante el 2022","author":"Nelson Feliz","date":"1 de agosto de 2023","format":false,"excerpt":"La mayor\u00eda de las v\u00edctimas viajaba en motocicletas, seg\u00fan el Informe de Seguridad Vial. Dos mil novecientas veintiuna personas perdieron la vida en accidentes de tr\u00e1nsito durante el a\u00f1o 2022. La mayor\u00eda de las v\u00edctimas viajaban en motocicletas. Esta cifra fue dada a conocer por el director ejecutivo del Instituto\u2026","rel":"","context":"En \u00abNACIONALES\u00bb","block_context":{"text":"NACIONALES","link":"https:\/\/lasprimeras.com.do\/index.php\/category\/nacionales\/"},"img":{"alt_text":"","src":"https:\/\/i0.wp.com\/lasprimeras.com.do\/wp-content\/uploads\/2023\/08\/hugo-beras.jpeg?resize=350%2C200&ssl=1","width":350,"height":200,"srcset":"https:\/\/i0.wp.com\/lasprimeras.com.do\/wp-content\/uploads\/2023\/08\/hugo-beras.jpeg?resize=350%2C200&ssl=1 1x, https:\/\/i0.wp.com\/lasprimeras.com.do\/wp-content\/uploads\/2023\/08\/hugo-beras.jpeg?resize=525%2C300&ssl=1 1.5x"},"classes":[]},{"id":101187,"url":"https:\/\/lasprimeras.com.do\/index.php\/2025\/06\/16\/comisionado-transporte-nyc-dictara-conferencia-en-congreso-seguridad-vial-y-movilidad-sostenible-en-rd\/","url_meta":{"origin":116849,"position":3},"title":"Comisionado Transporte NYC dictar\u00e1 conferencia en congreso \u00abSeguridad Vial y Movilidad Sostenible\u00bb en RD","author":"Nelson Feliz","date":"16 de junio de 2025","format":false,"excerpt":"Por Ram\u00f3n Mercedes NUEVA YORK.- El comisionado del Departamento de Transporte en esta ciudad (DOT), Ydanis Rodr\u00edguez, ser\u00e1 uno de los oradores invitados al congreso internacional \u00abSeguridad Vial y Movilidad Sostenible para el Bienestar de la Gente\u00bb que con la participaci\u00f3n de varios l\u00edderes mundiales del transporte inicia este lunes\u2026","rel":"","context":"En \u00abINTERNACIONALES\u00bb","block_context":{"text":"INTERNACIONALES","link":"https:\/\/lasprimeras.com.do\/index.php\/category\/sin-categoria\/internacionales\/"},"img":{"alt_text":"","src":"https:\/\/i0.wp.com\/lasprimeras.com.do\/wp-content\/uploads\/2025\/06\/WhatsApp-Image-2025-06-16-at-5.37.37-AM-2.jpeg?resize=350%2C200&ssl=1","width":350,"height":200},"classes":[]},{"id":101247,"url":"https:\/\/lasprimeras.com.do\/index.php\/2025\/06\/17\/gobierno-presenta-nueva-estrategia-integral-para-la-gestion-del-transito-en-el-gran-santo-domingo\/","url_meta":{"origin":116849,"position":4},"title":"Gobierno presenta nueva estrategia integral para la gesti\u00f3n del tr\u00e1nsito en el Gran Santo Domingo\u00a0","author":"Nelson Feliz","date":"17 de junio de 2025","format":false,"excerpt":"El Gobierno dominicano, a trav\u00e9s del Gabinete de Transporte, present\u00f3 hoy la nueva estrategia integral de gesti\u00f3n del tr\u00e1nsito para el Gran Santo Domingo, una iniciativa que marca un punto de inflexi\u00f3n en la manera en que se organiza, regula y optimiza la movilidad en la capital y zonas aleda\u00f1as.\u2026","rel":"","context":"En \u00abNACIONALES\u00bb","block_context":{"text":"NACIONALES","link":"https:\/\/lasprimeras.com.do\/index.php\/category\/nacionales\/"},"img":{"alt_text":"","src":"https:\/\/i0.wp.com\/lasprimeras.com.do\/wp-content\/uploads\/2025\/06\/se-mueve.jpg?resize=350%2C200&ssl=1","width":350,"height":200,"srcset":"https:\/\/i0.wp.com\/lasprimeras.com.do\/wp-content\/uploads\/2025\/06\/se-mueve.jpg?resize=350%2C200&ssl=1 1x, https:\/\/i0.wp.com\/lasprimeras.com.do\/wp-content\/uploads\/2025\/06\/se-mueve.jpg?resize=525%2C300&ssl=1 1.5x, https:\/\/i0.wp.com\/lasprimeras.com.do\/wp-content\/uploads\/2025\/06\/se-mueve.jpg?resize=700%2C400&ssl=1 2x"},"classes":[]},{"id":74119,"url":"https:\/\/lasprimeras.com.do\/index.php\/2024\/01\/19\/el-ministerio-publico-engaveta-licitacion-caso-intrant-hugo-beras\/","url_meta":{"origin":116849,"position":5},"title":"El Ministerio P\u00fablico engaveta licitaci\u00f3n \u201cCaso Intrant- Hugo Beras\u201d","author":"Nelson Feliz","date":"19 de enero de 2024","format":false,"excerpt":"Ciudadanos piden al MP reapertura de las investigaciones\u00a0a Hugo Beras sobre el caso Intrant. Tras la denuncia de irregularidades en una licitaci\u00f3n para dotar de nuevos sem\u00e1foros al Gran Santo Domingo, en el Instituto Nacional de Tr\u00e1nsito y Transporte Terrestre (INTRANT), ciudadanos solicitan al presidente Luis Abinader que ordene la\u2026","rel":"","context":"En \u00abNACIONALES\u00bb","block_context":{"text":"NACIONALES","link":"https:\/\/lasprimeras.com.do\/index.php\/category\/nacionales\/"},"img":{"alt_text":"Hugo Beras","src":"https:\/\/i0.wp.com\/lasprimeras.com.do\/wp-content\/uploads\/2023\/11\/hugo-beras.jpg?resize=350%2C200&ssl=1","width":350,"height":200,"srcset":"https:\/\/i0.wp.com\/lasprimeras.com.do\/wp-content\/uploads\/2023\/11\/hugo-beras.jpg?resize=350%2C200&ssl=1 1x, https:\/\/i0.wp.com\/lasprimeras.com.do\/wp-content\/uploads\/2023\/11\/hugo-beras.jpg?resize=525%2C300&ssl=1 1.5x"},"classes":[]}],"jetpack_sharing_enabled":true,"_links":{"self":[{"href":"https:\/\/lasprimeras.com.do\/index.php\/wp-json\/wp\/v2\/posts\/116849","targetHints":{"allow":["GET"]}}],"collection":[{"href":"https:\/\/lasprimeras.com.do\/index.php\/wp-json\/wp\/v2\/posts"}],"about":[{"href":"https:\/\/lasprimeras.com.do\/index.php\/wp-json\/wp\/v2\/types\/post"}],"author":[{"embeddable":true,"href":"https:\/\/lasprimeras.com.do\/index.php\/wp-json\/wp\/v2\/users\/10"}],"replies":[{"embeddable":true,"href":"https:\/\/lasprimeras.com.do\/index.php\/wp-json\/wp\/v2\/comments?post=116849"}],"version-history":[{"count":1,"href":"https:\/\/lasprimeras.com.do\/index.php\/wp-json\/wp\/v2\/posts\/116849\/revisions"}],"predecessor-version":[{"id":116854,"href":"https:\/\/lasprimeras.com.do\/index.php\/wp-json\/wp\/v2\/posts\/116849\/revisions\/116854"}],"wp:featuredmedia":[{"embeddable":true,"href":"https:\/\/lasprimeras.com.do\/index.php\/wp-json\/wp\/v2\/media\/116853"}],"wp:attachment":[{"href":"https:\/\/lasprimeras.com.do\/index.php\/wp-json\/wp\/v2\/media?parent=116849"}],"wp:term":[{"taxonomy":"category","embeddable":true,"href":"https:\/\/lasprimeras.com.do\/index.php\/wp-json\/wp\/v2\/categories?post=116849"},{"taxonomy":"post_tag","embeddable":true,"href":"https:\/\/lasprimeras.com.do\/index.php\/wp-json\/wp\/v2\/tags?post=116849"}],"curies":[{"name":"wp","href":"https:\/\/api.w.org\/{rel}","templated":true}]}}