{"id":116855,"date":"2025-12-04T12:35:23","date_gmt":"2025-12-04T16:35:23","guid":{"rendered":"https:\/\/lasprimeras.com.do\/?p=116855"},"modified":"2025-12-04T12:35:25","modified_gmt":"2025-12-04T16:35:25","slug":"pricesmart-anuncia-apertura-de-su-sexto-club-en-la-romana-para-mayo-de-2026","status":"publish","type":"post","link":"https:\/\/lasprimeras.com.do\/index.php\/2025\/12\/04\/pricesmart-anuncia-apertura-de-su-sexto-club-en-la-romana-para-mayo-de-2026\/","title":{"rendered":"PriceSmart anuncia apertura de su &#8220;Sexto Club en La Romana&#8221; para Mayo de 2026"},"content":{"rendered":"\n<p>PriceSmart, el club de compras l\u00edder por membres\u00eda en Centroam\u00e9rica, el Caribe y Colombia, ha anunciado formalmente la pr\u00f3xima apertura de su sexta sucursal en la Rep\u00fablica Dominicana.<\/p>\n\n\n\n<p>Las operaciones del nuevo club en La Romana est\u00e1n programadas para comenzar en mayo de 2026, marcando un hito significativo en la expansi\u00f3n de la empresa en la regi\u00f3n oriental del pa\u00eds.<\/p>\n\n\n\n<p>Esta nueva sede busca satisfacer la creciente demanda de productos de alta calidad y servicios exclusivos para los residentes y negocios locales.<\/p>\n\n\n\n<p>La expansi\u00f3n estrat\u00e9gica de PriceSmart viene acompa\u00f1ada de una importante alianza financiera que beneficiar\u00e1 directamente a su base de clientes.<\/p>\n\n\n\n<p>La compa\u00f1\u00eda y el Banco Santa Cruz han anunciado un acuerdo de colaboraci\u00f3n mutuo, dise\u00f1ado para ofrecer una gama de beneficios exclusivos y programas de lealtad a los miembros de PriceSmart y a los clientes de la entidad bancaria.<\/p>\n\n\n\n<p>Se espera que los detalles espec\u00edficos de estos beneficios, que incluir\u00e1n descuentos y opciones de financiamiento preferenciales, se revelen a medida que se acerque la fecha de inauguraci\u00f3n.<\/p>\n\n\n\n<p>Con esta pr\u00f3xima apertura, PriceSmart consolida su presencia y refuerza su compromiso con el mercado dominicano.<\/p>\n\n\n\n<p>La sucursal de La Romana se sumar\u00e1 a los cinco clubes ya operativos en el territorio nacional, expandiendo la huella de la marca y facilitando el acceso a su modelo de negocio de valor por membres\u00eda a una audiencia m\u00e1s amplia.<\/p>\n\n\n\n<p>La empresa contin\u00faa demostrando confianza en el dinamismo econ\u00f3mico de la Rep\u00fablica Dominicana.<\/p>\n\n\n\n<p>El alcance de la cadena en el pa\u00eds es notable, con una base de clientes que supera los dos millones de miembros afiliados a nivel nacional. Esta cifra subraya la popularidad del formato de club de almac\u00e9n y la fidelidad que la marca ha cultivado entre los consumidores dominicanos, quienes valoran la propuesta de valor y la variedad de productos que se ofrecen, desde abarrotes hasta electr\u00f3nicos y art\u00edculos para el hogar.<\/p>\n\n\n\n<p>La anticipaci\u00f3n por la apertura del club de La Romana es alta. PriceSmart ha simplificado el proceso para aquellos interesados en formar parte de su comunidad de compradores exclusivos.<\/p>\n\n\n\n<p>Los futuros miembros que deseen afiliarse y comenzar a disfrutar de los beneficios antes de la inauguraci\u00f3n oficial podr\u00e1n gestionar su membres\u00eda c\u00f3modamente a trav\u00e9s de un proceso de registro telef\u00f3nico, cuya informaci\u00f3n de contacto se har\u00e1 p\u00fablica pr\u00f3ximamente.<\/p>\n\n\n\n<p>La apertura en mayo de 2025 no solo representa una nueva opci\u00f3n de compra para los romanenses, sino tambi\u00e9n una fuente de desarrollo econ\u00f3mico local mediante la generaci\u00f3n de empleos y la dinamizaci\u00f3n del comercio en la zona.<\/p>\n\n\n\n<p>PriceSmart y el Banco Santa Cruz invitan a la comunidad a estar atenta a los pr\u00f3ximos anuncios y a aprovechar las ventajas de esta nueva sinergia comercial y financiera.<\/p>\n","protected":false},"excerpt":{"rendered":"<p>PriceSmart, el club de compras l\u00edder por membres\u00eda en Centroam\u00e9rica, el Caribe y Colombia, ha anunciado formalmente la pr\u00f3xima apertura de su sexta sucursal en la Rep\u00fablica Dominicana. Las operaciones&hellip;<\/p>\n","protected":false},"author":10,"featured_media":116856,"comment_status":"open","ping_status":"open","sticky":false,"template":"","format":"standard","meta":{"content-type":"","jetpack_post_was_ever_published":false,"_jetpack_newsletter_access":"","_jetpack_dont_email_post_to_subs":false,"_jetpack_newsletter_tier_id":0,"_jetpack_memberships_contains_paywalled_content":false,"_jetpack_memberships_contains_paid_content":false,"footnotes":""},"categories":[39,25],"tags":[28196],"class_list":["post-116855","post","type-post","status-publish","format-standard","has-post-thumbnail","hentry","category-economia","category-portada","tag-banco-santa-cruz-y-pricesmart"],"jetpack_featured_media_url":"https:\/\/lasprimeras.com.do\/wp-content\/uploads\/2025\/12\/Banco-Santa-Cruz-y-PriceSmart.jpg","jetpack-related-posts":[{"id":120647,"url":"https:\/\/lasprimeras.com.do\/index.php\/2026\/01\/26\/punta-cana-resort-anuncia-la-3-a-copa-internacional-de-polo-femenino\/","url_meta":{"origin":116855,"position":0},"title":"Punta Cana Resort anuncia la 3.\u00aa Copa Internacional de Polo Femenino","author":"Nelson Feliz","date":"26 de enero de 2026","format":false,"excerpt":"El torneo se celebrar\u00e1 el s\u00e1bado 31 de enero de 2026 e incluir\u00e1 un acto simb\u00f3lico de apertura de las nuevas canchas. Punta Cana Resort celebrar\u00e1 en el Punta Cana Polo Club la 3.\u00aa edici\u00f3n de la Copa Internacional de Polo Femenino el pr\u00f3ximo s\u00e1bado 31 de enero de 2026,\u2026","rel":"","context":"En \u00abDEPORTES\u00bb","block_context":{"text":"DEPORTES","link":"https:\/\/lasprimeras.com.do\/index.php\/category\/deportes\/"},"img":{"alt_text":"Polo Femenino","src":"https:\/\/i0.wp.com\/lasprimeras.com.do\/wp-content\/uploads\/2026\/01\/Polo-Femenino-1.jpg?resize=350%2C200&ssl=1","width":350,"height":200,"srcset":"https:\/\/i0.wp.com\/lasprimeras.com.do\/wp-content\/uploads\/2026\/01\/Polo-Femenino-1.jpg?resize=350%2C200&ssl=1 1x, https:\/\/i0.wp.com\/lasprimeras.com.do\/wp-content\/uploads\/2026\/01\/Polo-Femenino-1.jpg?resize=525%2C300&ssl=1 1.5x, https:\/\/i0.wp.com\/lasprimeras.com.do\/wp-content\/uploads\/2026\/01\/Polo-Femenino-1.jpg?resize=700%2C400&ssl=1 2x"},"classes":[]},{"id":123412,"url":"https:\/\/lasprimeras.com.do\/index.php\/2026\/02\/28\/la-romana-abinader-inaugura-muelle-del-atelon-e-inicia-club-de-playa\/","url_meta":{"origin":116855,"position":1},"title":"La Romana: Abinader inaugura Muelle del Atel\u00f3n e inicia Club de Playa","author":"Nelson Feliz","date":"28 de febrero de 2026","format":false,"excerpt":"El presidente Luis Abinader dio el primer palazo para la construcci\u00f3n del Club de Playa e inaugur\u00f3 el Muelle Tur\u00edstico del Atel\u00f3n en Isla Catalina. El desembarcadero es una infraestructura que facilita el desembarque de los visitantes para que puedan disfrutar de las bellezas naturales de la isla, lo que\u2026","rel":"","context":"En \u00abPORTADA\u00bb","block_context":{"text":"PORTADA","link":"https:\/\/lasprimeras.com.do\/index.php\/category\/portada\/"},"img":{"alt_text":"Luis Abinader","src":"https:\/\/i0.wp.com\/lasprimeras.com.do\/wp-content\/uploads\/2026\/02\/Luis-Abinader-1-4.jpg?resize=350%2C200&ssl=1","width":350,"height":200,"srcset":"https:\/\/i0.wp.com\/lasprimeras.com.do\/wp-content\/uploads\/2026\/02\/Luis-Abinader-1-4.jpg?resize=350%2C200&ssl=1 1x, https:\/\/i0.wp.com\/lasprimeras.com.do\/wp-content\/uploads\/2026\/02\/Luis-Abinader-1-4.jpg?resize=525%2C300&ssl=1 1.5x, https:\/\/i0.wp.com\/lasprimeras.com.do\/wp-content\/uploads\/2026\/02\/Luis-Abinader-1-4.jpg?resize=700%2C400&ssl=1 2x"},"classes":[]},{"id":48982,"url":"https:\/\/lasprimeras.com.do\/index.php\/2023\/05\/05\/anuncian-copa-64-aniversario-club-naco-2023\/","url_meta":{"origin":116855,"position":2},"title":"Anuncian Copa 64 Aniversario Club Naco 2023","author":"prenxa100","date":"5 de mayo de 2023","format":false,"excerpt":"Santo Domingo.-. El Club Naco, junto a la Liga de Golf Naco, lanz\u00f3 su torneo con el que la instituci\u00f3n celebra 64 a\u00f1os de existencia, siendo uno de los clubes que m\u00e1s ha aportado talentos al deporte nacional. La actividad fue realizada en el Sal\u00f3n Mont\u00e1s Guerrero del club ubicado\u2026","rel":"","context":"En \u00abSin categor\u00eda\u00bb","block_context":{"text":"Sin categor\u00eda","link":"https:\/\/lasprimeras.com.do\/index.php\/category\/sin-categoria\/"},"img":{"alt_text":"","src":"","width":0,"height":0},"classes":[]},{"id":123651,"url":"https:\/\/lasprimeras.com.do\/index.php\/2026\/03\/03\/magin-diaz-destaca-el-firme-compromiso-del-gobierno-para-potenciar-el-crecimiento-economico\/","url_meta":{"origin":116855,"position":3},"title":"Mag\u00edn D\u00edaz destaca el firme compromiso del Gobierno para potenciar el crecimiento economico","author":"Nelson Feliz","date":"3 de marzo de 2026","format":false,"excerpt":"El ministro de Hacienda y Econom\u00eda fue orador invitado en el almuerzo, donde cit\u00f3 medidas que facilitar\u00e1n la inversi\u00f3n privada. El ministro de Hacienda y Econom\u00eda, Mag\u00edn D\u00edaz, destac\u00f3 que la Rep\u00fablica Dominicana tiene la oportunidad de sostener su potencial crecimiento econ\u00f3mico mediante el aumento de la inversi\u00f3n p\u00fablica y\u2026","rel":"","context":"En \u00abECONOM\u00cdA\u00bb","block_context":{"text":"ECONOM\u00cdA","link":"https:\/\/lasprimeras.com.do\/index.php\/category\/economia\/"},"img":{"alt_text":"Mag\u00edn D\u00edaz","src":"https:\/\/i0.wp.com\/lasprimeras.com.do\/wp-content\/uploads\/2026\/03\/Magin-Diaz-2.jpg?resize=350%2C200&ssl=1","width":350,"height":200,"srcset":"https:\/\/i0.wp.com\/lasprimeras.com.do\/wp-content\/uploads\/2026\/03\/Magin-Diaz-2.jpg?resize=350%2C200&ssl=1 1x, https:\/\/i0.wp.com\/lasprimeras.com.do\/wp-content\/uploads\/2026\/03\/Magin-Diaz-2.jpg?resize=525%2C300&ssl=1 1.5x, https:\/\/i0.wp.com\/lasprimeras.com.do\/wp-content\/uploads\/2026\/03\/Magin-Diaz-2.jpg?resize=700%2C400&ssl=1 2x"},"classes":[]},{"id":120659,"url":"https:\/\/lasprimeras.com.do\/index.php\/2026\/01\/26\/gran-concentracion-voz-de-dios-en-la-romana\/","url_meta":{"origin":116855,"position":4},"title":"Gran concentraci\u00f3n &#8220;Voz de Dios&#8221; en La Romana","author":"Nelson Feliz","date":"26 de enero de 2026","format":false,"excerpt":"El pastor Waldo Castillo celebr\u00f3 el d\u00e9cimo sexto a\u00f1os de asamblea cristiana. Por Juliana Pie El pastor Waldo Castillo realiz\u00f3 el d\u00e9cimo sexto a\u00f1os de concentraci\u00f3n en la emplanada de f\u00fatbol del polideportivo Eleoncio Mercedes en La Romana. El pasado 21 de enero, de este a\u00f1o incurso, el reverendo Castillo\u2026","rel":"","context":"En \u00abNACIONALES\u00bb","block_context":{"text":"NACIONALES","link":"https:\/\/lasprimeras.com.do\/index.php\/category\/nacionales\/"},"img":{"alt_text":"Gran concentraci\u00f3n Voz de Dios en La Romana","src":"https:\/\/i0.wp.com\/lasprimeras.com.do\/wp-content\/uploads\/2026\/01\/Gran-concentracion-Voz-de-Dios-en-La-Romana.jpg?resize=350%2C200&ssl=1","width":350,"height":200,"srcset":"https:\/\/i0.wp.com\/lasprimeras.com.do\/wp-content\/uploads\/2026\/01\/Gran-concentracion-Voz-de-Dios-en-La-Romana.jpg?resize=350%2C200&ssl=1 1x, https:\/\/i0.wp.com\/lasprimeras.com.do\/wp-content\/uploads\/2026\/01\/Gran-concentracion-Voz-de-Dios-en-La-Romana.jpg?resize=525%2C300&ssl=1 1.5x, https:\/\/i0.wp.com\/lasprimeras.com.do\/wp-content\/uploads\/2026\/01\/Gran-concentracion-Voz-de-Dios-en-La-Romana.jpg?resize=700%2C400&ssl=1 2x"},"classes":[]},{"id":125767,"url":"https:\/\/lasprimeras.com.do\/index.php\/2026\/03\/25\/inmortalizan-a-jose-ramon-reyes-en-las-artes-marciales\/","url_meta":{"origin":116855,"position":5},"title":"Inmortalizan a Jos\u00e9 Ram\u00f3n Reyes en las artes marciales","author":"Nelson Feliz","date":"25 de marzo de 2026","format":false,"excerpt":"El maestro Jos\u00e9 Ramon Reyes ser\u00e1 exaltado al Pabellon de la Fama del Deporte Dominicano, en una ceremonia que se llevar\u00e1 a cabo el 15 de noviembre del presente a\u00f1o. Reyes es citado entre los precursores de las artes marciales en la Rep\u00fablica Dominicana, inclinando hacia el taekwondo sus pasos\u2026","rel":"","context":"En \u00abDEPORTES\u00bb","block_context":{"text":"DEPORTES","link":"https:\/\/lasprimeras.com.do\/index.php\/category\/deportes\/"},"img":{"alt_text":"Jos\u00e9 Ram\u00f3n Reyes","src":"https:\/\/i0.wp.com\/lasprimeras.com.do\/wp-content\/uploads\/2026\/03\/Jose-Ramon-Reyes.jpg?resize=350%2C200&ssl=1","width":350,"height":200},"classes":[]}],"jetpack_sharing_enabled":true,"_links":{"self":[{"href":"https:\/\/lasprimeras.com.do\/index.php\/wp-json\/wp\/v2\/posts\/116855","targetHints":{"allow":["GET"]}}],"collection":[{"href":"https:\/\/lasprimeras.com.do\/index.php\/wp-json\/wp\/v2\/posts"}],"about":[{"href":"https:\/\/lasprimeras.com.do\/index.php\/wp-json\/wp\/v2\/types\/post"}],"author":[{"embeddable":true,"href":"https:\/\/lasprimeras.com.do\/index.php\/wp-json\/wp\/v2\/users\/10"}],"replies":[{"embeddable":true,"href":"https:\/\/lasprimeras.com.do\/index.php\/wp-json\/wp\/v2\/comments?post=116855"}],"version-history":[{"count":1,"href":"https:\/\/lasprimeras.com.do\/index.php\/wp-json\/wp\/v2\/posts\/116855\/revisions"}],"predecessor-version":[{"id":116857,"href":"https:\/\/lasprimeras.com.do\/index.php\/wp-json\/wp\/v2\/posts\/116855\/revisions\/116857"}],"wp:featuredmedia":[{"embeddable":true,"href":"https:\/\/lasprimeras.com.do\/index.php\/wp-json\/wp\/v2\/media\/116856"}],"wp:attachment":[{"href":"https:\/\/lasprimeras.com.do\/index.php\/wp-json\/wp\/v2\/media?parent=116855"}],"wp:term":[{"taxonomy":"category","embeddable":true,"href":"https:\/\/lasprimeras.com.do\/index.php\/wp-json\/wp\/v2\/categories?post=116855"},{"taxonomy":"post_tag","embeddable":true,"href":"https:\/\/lasprimeras.com.do\/index.php\/wp-json\/wp\/v2\/tags?post=116855"}],"curies":[{"name":"wp","href":"https:\/\/api.w.org\/{rel}","templated":true}]}}