{"id":116858,"date":"2025-12-04T12:43:01","date_gmt":"2025-12-04T16:43:01","guid":{"rendered":"https:\/\/lasprimeras.com.do\/?p=116858"},"modified":"2025-12-04T12:43:03","modified_gmt":"2025-12-04T16:43:03","slug":"dirigentes-del-pld-abogan-por-reformas-que-no-debiliten-derechos","status":"publish","type":"post","link":"https:\/\/lasprimeras.com.do\/index.php\/2025\/12\/04\/dirigentes-del-pld-abogan-por-reformas-que-no-debiliten-derechos\/","title":{"rendered":"Dirigentes del PLD abogan por reformas que no debiliten derechos"},"content":{"rendered":"\n<p><strong>Reformas al CPP aprobadas por la C\u00e1mara de Diputados no solucionan las dificultades procesales reales opinan Francisco Dom\u00ednguez Brito y Jos\u00e9 Dant\u00e9s D\u00edaz.<\/strong><\/p>\n\n\n\n<p>Los dirigentes del Partido de la Liberaci\u00f3n Dominicana (PLD), Jos\u00e9 Dant\u00e9s D\u00edaz y Francisco Dom\u00ednguez Brito cuestionaron la reforma al C\u00f3digo Procesal Penal (CPP) aprobada por la C\u00e1mara de Diputados, argumentando, por separado, que lo aprobado no soluciona las dificultades procesales reales.<\/p>\n\n\n\n<p>\u201cEl pa\u00eds necesita una reforma al C\u00f3digo Procesal Penal (CPP), pero no una que debilite derechos ni termine legalizando los excesos del Ministerio P\u00fablico\u201d, escribi\u00f3 Jos\u00e9 Dant\u00e9s D\u00edaz, titular de la Secretar\u00eda de Asuntos Jur\u00eddicos del PLD.<\/p>\n\n\n\n<p>Argumenta que la reforma aprobada \u201caltera garant\u00edas del debido proceso, ignora precedentes del Tribunal Constitucional y deja en la Procuradora General de la Rep\u00fablica la decisi\u00f3n sobre qu\u00e9 se modifica y c\u00f3mo\u201d, agreg\u00f3 a su comentario en la red social X.<\/p>\n\n\n\n<p>\u201cHoy vemos una cultura donde el Ministerio P\u00fablico act\u00faa con l\u00f3gica de \u201cEstado policial\u201d, sin contrapesos. Reforma s\u00ed. Contrarreforma, no\u201d, concluy\u00f3 Jos\u00e9 Dant\u00e9s D\u00edaz su mensaje.<\/p>\n\n\n\n<p>De su lado, Francisco Dom\u00ednguez Brito, ex Procurador General de la Rep\u00fablica, quien al igual que Jos\u00e9 Dant\u00e9s D\u00edaz es miembro del Comit\u00e9 Pol\u00edtico del Partido de la Liberaci\u00f3n Dominicana (PLD), aclar\u00f3 que la reforma no responde a las necesidades actuales del sistema de justicia.<\/p>\n\n\n\n<p>\u201cLo aprobado no endurece la lucha contra el crimen&#8221;, sostuvo Dom\u00ednguez Brito, quien de inmediato agreg\u00f3 que por el contrario podr\u00eda hacer los procesos judiciales &#8220;m\u00e1s lentos de lo insoportablemente lentos que ya eran&#8221;.<\/p>\n\n\n\n<p>Alert\u00f3 respecto al riesgo de que la reforma podr\u00eda elevar la cantidad de personas en prisi\u00f3n preventiva, empeorando el hacinamiento en las c\u00e1rceles y afectando especialmente a acusados por delitos menores.<\/p>\n\n\n\n<p>Francisco Dom\u00ednguez Brito llam\u00f3 a los legisladores a revisar a fondo la pieza y a apostar por un C\u00f3digo Procesal Penal que fortalezca la persecuci\u00f3n penal, reduzca la impunidad y responda a los desaf\u00edos actuales de la seguridad p\u00fablica.<\/p>\n\n\n\n<p>La C\u00e1mara de Diputados aprob\u00f3 en segunda lectura la reforma al CPP en cumplimiento de una sentencia del Tribunal Constitucional y ahora el proyecto aprobado pasa al Senado, donde deber\u00e1 ser aprobado en dos lecturas.<\/p>\n","protected":false},"excerpt":{"rendered":"<p>Reformas al CPP aprobadas por la C\u00e1mara de Diputados no solucionan las dificultades procesales reales opinan Francisco Dom\u00ednguez Brito y Jos\u00e9 Dant\u00e9s D\u00edaz. Los dirigentes del Partido de la Liberaci\u00f3n&hellip;<\/p>\n","protected":false},"author":10,"featured_media":116859,"comment_status":"open","ping_status":"open","sticky":false,"template":"","format":"standard","meta":{"content-type":"","jetpack_post_was_ever_published":false,"_jetpack_newsletter_access":"","_jetpack_dont_email_post_to_subs":false,"_jetpack_newsletter_tier_id":0,"_jetpack_memberships_contains_paywalled_content":false,"_jetpack_memberships_contains_paid_content":false,"footnotes":""},"categories":[16559,25],"tags":[983,7940,14864,28197,269,10103],"class_list":["post-116858","post","type-post","status-publish","format-standard","has-post-thumbnail","hentry","category-politica","category-portada","tag-dirigentes","tag-francisco-dominguez-brito","tag-jose-dantes-diaz","tag-no-debiliten-derechos","tag-pld","tag-reformas"],"jetpack_featured_media_url":"https:\/\/lasprimeras.com.do\/wp-content\/uploads\/2025\/12\/Dantes-Brito.jpg","jetpack-related-posts":[{"id":105739,"url":"https:\/\/lasprimeras.com.do\/index.php\/2025\/08\/06\/francisco-dominguez-brito-aprovechemos-el-nuevo-codigo-penal-y-lancemos-la-segunda-gran-ola-de-reforma-judicial\/","url_meta":{"origin":116858,"position":0},"title":"Francisco Dom\u00ednguez Brito: \u201cAprovechemos el nuevo C\u00f3digo Penal y lancemos la segunda gran ola de reforma judicial\u201d","author":"Nelson Feliz","date":"6 de agosto de 2025","format":false,"excerpt":"El ex Procurador General de la Rep\u00fablica y miembro del Comit\u00e9 Pol\u00edtico del Partido de la Liberaci\u00f3n Dominicana, Francisco Dom\u00ednguez Brito, consider\u00f3 que la aprobaci\u00f3n del nuevo C\u00f3digo Penal debe convertirse en el punto de partida para una segunda gran ola de reforma judicial en el pa\u00eds, orientada a ofrecer\u2026","rel":"","context":"En \u00abPOLITICA\u00bb","block_context":{"text":"POLITICA","link":"https:\/\/lasprimeras.com.do\/index.php\/category\/politica\/"},"img":{"alt_text":"Francisco Dom\u00ednguez Brito","src":"https:\/\/i0.wp.com\/lasprimeras.com.do\/wp-content\/uploads\/2023\/09\/Francisco-Dominguez-Brito.png?resize=350%2C200&ssl=1","width":350,"height":200},"classes":[]},{"id":115791,"url":"https:\/\/lasprimeras.com.do\/index.php\/2025\/11\/25\/jose-dantes-responde-a-paliza-escandalos-y-extradiciones-por-narcotrafico-provienen-de-dirigentes-y-allegados-al-prm\/","url_meta":{"origin":116858,"position":1},"title":"Jos\u00e9 Dant\u00e9s responde a Paliza: Esc\u00e1ndalos y extradiciones por narcotr\u00e1fico provienen de dirigentes y allegados al PRM","author":"Nelson Feliz","date":"25 de noviembre de 2025","format":false,"excerpt":"El miembro del Comit\u00e9 Pol\u00edtico del Partido de la Liberaci\u00f3n Dominicana (PLD), Jos\u00e9 Dant\u00e9s D\u00edaz, record\u00f3 que la docena de casos, esc\u00e1ndalos y extradiciones por el crimen de narcotr\u00e1fico provienen de dirigentes y allegados al PRM, \u201cno del sistema ni de otros partidos\u201d. El secretario de Asuntos Jur\u00eddicos del PLD,\u2026","rel":"","context":"En \u00abPOLITICA\u00bb","block_context":{"text":"POLITICA","link":"https:\/\/lasprimeras.com.do\/index.php\/category\/politica\/"},"img":{"alt_text":"","src":"https:\/\/i0.wp.com\/lasprimeras.com.do\/wp-content\/uploads\/2025\/11\/Jose-Dantes.jpg?resize=350%2C200&ssl=1","width":350,"height":200,"srcset":"https:\/\/i0.wp.com\/lasprimeras.com.do\/wp-content\/uploads\/2025\/11\/Jose-Dantes.jpg?resize=350%2C200&ssl=1 1x, https:\/\/i0.wp.com\/lasprimeras.com.do\/wp-content\/uploads\/2025\/11\/Jose-Dantes.jpg?resize=525%2C300&ssl=1 1.5x, https:\/\/i0.wp.com\/lasprimeras.com.do\/wp-content\/uploads\/2025\/11\/Jose-Dantes.jpg?resize=700%2C400&ssl=1 2x"},"classes":[]},{"id":116954,"url":"https:\/\/lasprimeras.com.do\/index.php\/2025\/12\/05\/mariotti-llama-al-senado-a-revisar-reformas-al-codigo-procesal-penal\/","url_meta":{"origin":116858,"position":2},"title":"Mariotti llama al Senado a revisar reformas al C\u00f3digo Procesal Penal","author":"Nelson Feliz","date":"5 de diciembre de 2025","format":false,"excerpt":"El ex senador, Charles Mariotti, calific\u00f3 como \u00abinjusto y profundamente desequilibrado\u00bb el proyecto de C\u00f3digo Procesal Penal reci\u00e9n aprobado por la C\u00e1mara de Diputados, al considerar que la pieza rompe el balance esencial que debe existir en un Estado social y democr\u00e1tico de derecho entre la persecuci\u00f3n penal, las garant\u00edas\u2026","rel":"","context":"En \u00abPOLITICA\u00bb","block_context":{"text":"POLITICA","link":"https:\/\/lasprimeras.com.do\/index.php\/category\/politica\/"},"img":{"alt_text":"","src":"https:\/\/i0.wp.com\/lasprimeras.com.do\/wp-content\/uploads\/2025\/12\/Charles-Mariotti.jpg?resize=350%2C200&ssl=1","width":350,"height":200,"srcset":"https:\/\/i0.wp.com\/lasprimeras.com.do\/wp-content\/uploads\/2025\/12\/Charles-Mariotti.jpg?resize=350%2C200&ssl=1 1x, https:\/\/i0.wp.com\/lasprimeras.com.do\/wp-content\/uploads\/2025\/12\/Charles-Mariotti.jpg?resize=525%2C300&ssl=1 1.5x, https:\/\/i0.wp.com\/lasprimeras.com.do\/wp-content\/uploads\/2025\/12\/Charles-Mariotti.jpg?resize=700%2C400&ssl=1 2x"},"classes":[]},{"id":117356,"url":"https:\/\/lasprimeras.com.do\/index.php\/2025\/12\/10\/defensa-publica-pide-al-congreso-respetar-garantias-del-debido-proceso-en-reforma-al-codigo-procesal-penal\/","url_meta":{"origin":116858,"position":3},"title":"Defensa P\u00fablica pide al Congreso respetar garant\u00edas del debido proceso en reforma al C\u00f3digo Procesal Penal","author":"Nelson Feliz","date":"10 de diciembre de 2025","format":false,"excerpt":"La Oficina Nacional de la Defensa P\u00fablica exhort\u00f3 al Congreso Nacional a garantizar que la reforma al C\u00f3digo Procesal Penal (CPP) respete plenamente las garant\u00edas constitucionales y los est\u00e1ndares internacionales en materia de debido proceso, ante el avance de las discusiones legislativas sobre el proyecto. El director de la instituci\u00f3n,\u2026","rel":"","context":"En \u00abNACIONALES\u00bb","block_context":{"text":"NACIONALES","link":"https:\/\/lasprimeras.com.do\/index.php\/category\/nacionales\/"},"img":{"alt_text":"Rodolfo Valent\u00edn Santos","src":"https:\/\/i0.wp.com\/lasprimeras.com.do\/wp-content\/uploads\/2025\/12\/Rodolfo-Valentin-Santos.jpg?resize=350%2C200&ssl=1","width":350,"height":200,"srcset":"https:\/\/i0.wp.com\/lasprimeras.com.do\/wp-content\/uploads\/2025\/12\/Rodolfo-Valentin-Santos.jpg?resize=350%2C200&ssl=1 1x, https:\/\/i0.wp.com\/lasprimeras.com.do\/wp-content\/uploads\/2025\/12\/Rodolfo-Valentin-Santos.jpg?resize=525%2C300&ssl=1 1.5x, https:\/\/i0.wp.com\/lasprimeras.com.do\/wp-content\/uploads\/2025\/12\/Rodolfo-Valentin-Santos.jpg?resize=700%2C400&ssl=1 2x"},"classes":[]},{"id":104456,"url":"https:\/\/lasprimeras.com.do\/index.php\/2025\/07\/24\/dantes-pide-sanciones-por-el-uso-de-fondos-publicos-en-promociones-de-aspirantes-del-prm\/","url_meta":{"origin":116858,"position":4},"title":"Dant\u00e9s pide sanciones por el &#8220;uso de fondos p\u00fablicos&#8221; en promociones de aspirantes del PRM","author":"Nelson Feliz","date":"24 de julio de 2025","format":false,"excerpt":"El miembro del Comit\u00e9 Pol\u00edtico del Partido de la Liberaci\u00f3n Dominicana (PLD), Jos\u00e9 Dant\u00e9s D\u00edaz, denunci\u00f3 el uso de fondos p\u00fablicos en la promoci\u00f3n de los aspirantes a la candidatura presidencial del PRM. \u201cLos aspirantes del PRM a la candidatura presidencial, est\u00e1n haciendo campa\u00f1as proselitistas desde los puestos p\u00fablicos, con\u2026","rel":"","context":"En \u00abPOLITICA\u00bb","block_context":{"text":"POLITICA","link":"https:\/\/lasprimeras.com.do\/index.php\/category\/politica\/"},"img":{"alt_text":"","src":"https:\/\/i0.wp.com\/lasprimeras.com.do\/wp-content\/uploads\/2025\/07\/Jose-Dantes-Diaz.jpg?resize=350%2C200&ssl=1","width":350,"height":200,"srcset":"https:\/\/i0.wp.com\/lasprimeras.com.do\/wp-content\/uploads\/2025\/07\/Jose-Dantes-Diaz.jpg?resize=350%2C200&ssl=1 1x, https:\/\/i0.wp.com\/lasprimeras.com.do\/wp-content\/uploads\/2025\/07\/Jose-Dantes-Diaz.jpg?resize=525%2C300&ssl=1 1.5x, https:\/\/i0.wp.com\/lasprimeras.com.do\/wp-content\/uploads\/2025\/07\/Jose-Dantes-Diaz.jpg?resize=700%2C400&ssl=1 2x"},"classes":[]},{"id":111565,"url":"https:\/\/lasprimeras.com.do\/index.php\/2025\/10\/10\/senado-aprueba-a-unanimidad-y-en-primera-lectura-codigo-procesal-penal-de-la-republica-dominicana\/","url_meta":{"origin":116858,"position":5},"title":"Senado aprueba a unanimidad y en primera lectura C\u00f3digo Procesal Penal de la Rep\u00fablica Dominicana","author":"Nelson Feliz","date":"10 de octubre de 2025","format":false,"excerpt":"Por Adalgisa S\u00e1nchez En la marat\u00f3nica sesi\u00f3n ordinaria de este jueves que se extendi\u00f3 por ocho horas, los senadores dieron lectura integra a los 473 art\u00edculos que contempla la reformada ley. El Senado de la Rep\u00fablica aprob\u00f3 en primera lectura el Proyecto de Ley de modificaci\u00f3n al C\u00f3digo Procesal Penal\u2026","rel":"","context":"En \u00abNACIONALES\u00bb","block_context":{"text":"NACIONALES","link":"https:\/\/lasprimeras.com.do\/index.php\/category\/nacionales\/"},"img":{"alt_text":"","src":"https:\/\/i0.wp.com\/lasprimeras.com.do\/wp-content\/uploads\/2025\/10\/Ricardo-de-los-Santos-1.jpg?resize=350%2C200&ssl=1","width":350,"height":200,"srcset":"https:\/\/i0.wp.com\/lasprimeras.com.do\/wp-content\/uploads\/2025\/10\/Ricardo-de-los-Santos-1.jpg?resize=350%2C200&ssl=1 1x, https:\/\/i0.wp.com\/lasprimeras.com.do\/wp-content\/uploads\/2025\/10\/Ricardo-de-los-Santos-1.jpg?resize=525%2C300&ssl=1 1.5x, https:\/\/i0.wp.com\/lasprimeras.com.do\/wp-content\/uploads\/2025\/10\/Ricardo-de-los-Santos-1.jpg?resize=700%2C400&ssl=1 2x"},"classes":[]}],"jetpack_sharing_enabled":true,"_links":{"self":[{"href":"https:\/\/lasprimeras.com.do\/index.php\/wp-json\/wp\/v2\/posts\/116858","targetHints":{"allow":["GET"]}}],"collection":[{"href":"https:\/\/lasprimeras.com.do\/index.php\/wp-json\/wp\/v2\/posts"}],"about":[{"href":"https:\/\/lasprimeras.com.do\/index.php\/wp-json\/wp\/v2\/types\/post"}],"author":[{"embeddable":true,"href":"https:\/\/lasprimeras.com.do\/index.php\/wp-json\/wp\/v2\/users\/10"}],"replies":[{"embeddable":true,"href":"https:\/\/lasprimeras.com.do\/index.php\/wp-json\/wp\/v2\/comments?post=116858"}],"version-history":[{"count":1,"href":"https:\/\/lasprimeras.com.do\/index.php\/wp-json\/wp\/v2\/posts\/116858\/revisions"}],"predecessor-version":[{"id":116860,"href":"https:\/\/lasprimeras.com.do\/index.php\/wp-json\/wp\/v2\/posts\/116858\/revisions\/116860"}],"wp:featuredmedia":[{"embeddable":true,"href":"https:\/\/lasprimeras.com.do\/index.php\/wp-json\/wp\/v2\/media\/116859"}],"wp:attachment":[{"href":"https:\/\/lasprimeras.com.do\/index.php\/wp-json\/wp\/v2\/media?parent=116858"}],"wp:term":[{"taxonomy":"category","embeddable":true,"href":"https:\/\/lasprimeras.com.do\/index.php\/wp-json\/wp\/v2\/categories?post=116858"},{"taxonomy":"post_tag","embeddable":true,"href":"https:\/\/lasprimeras.com.do\/index.php\/wp-json\/wp\/v2\/tags?post=116858"}],"curies":[{"name":"wp","href":"https:\/\/api.w.org\/{rel}","templated":true}]}}