{"id":116861,"date":"2025-12-04T13:01:27","date_gmt":"2025-12-04T17:01:27","guid":{"rendered":"https:\/\/lasprimeras.com.do\/?p=116861"},"modified":"2025-12-04T13:04:43","modified_gmt":"2025-12-04T17:04:43","slug":"habilitar-a-danilo-para-drenar-a-leonel-es-una-estrategia-que-hace-rato-se-veia-venir","status":"publish","type":"post","link":"https:\/\/lasprimeras.com.do\/index.php\/2025\/12\/04\/habilitar-a-danilo-para-drenar-a-leonel-es-una-estrategia-que-hace-rato-se-veia-venir\/","title":{"rendered":"Habilitar a Danilo para drenar a Leonel es una estrategia que hace rato se ve\u00eda venir"},"content":{"rendered":"\n<p>Por Jarlen Espinosa<\/p>\n\n\n\n<p>No deber\u00eda sorprender tanto que la propuesta de habilitar al expresidente Danilo Medina para las elecciones del 2028, venga justamente de un diputado del Partido Revolucionario Moderno (PRM), a fin de cuenta, en lo personal, entiendo que el exmandatario y el actual presidente Luis Abinader son panas.<\/p>\n\n\n\n<p>Quieran o no, lo entiendan los dirigentes de abajo o no\u2026<\/p>\n\n\n\n<p>Es una l\u00f3gica pura y simple\u2026<\/p>\n\n\n\n<figure class=\"wp-block-image size-full\"><img decoding=\"async\" width=\"800\" height=\"533\" src=\"https:\/\/lasprimeras.com.do\/wp-content\/uploads\/2025\/12\/Luis-Abinader-y-Danilo-Medina-2.jpg\" alt=\"\" class=\"wp-image-116862\" srcset=\"https:\/\/lasprimeras.com.do\/wp-content\/uploads\/2025\/12\/Luis-Abinader-y-Danilo-Medina-2.jpg 800w, https:\/\/lasprimeras.com.do\/wp-content\/uploads\/2025\/12\/Luis-Abinader-y-Danilo-Medina-2-300x200.jpg 300w, https:\/\/lasprimeras.com.do\/wp-content\/uploads\/2025\/12\/Luis-Abinader-y-Danilo-Medina-2-768x512.jpg 768w\" sizes=\"(max-width: 800px) 100vw, 800px\" \/><\/figure>\n\n\n\n<p>Si la mayor amenaza para las elecciones del 2028 es Leonel Fern\u00e1ndez, exmandatario y actual presidente del Partido Fuerza Pueblo (FP), obviamente, la alianza debe de ser con la otra esquina.<\/p>\n\n\n\n<p>Adem\u00e1s, qui\u00e9n mejor que Danilo Medina para drenar a Leonel\u2026<\/p>\n\n\n\n<p>Es una estrategia que entiendo hace rato estaba en carpeta, pero, tras la marcha realizada por la FP, el asunto se ha adelantado.<\/p>\n\n\n\n<p>Obviamente, esa modificaci\u00f3n a la Constituci\u00f3n para habilitar a Danilo ser\u00eda un beneficio en autom\u00e1tico para el presidente Abinader, quiera \u00e9l o no, pero, como no es \u00e9l quien lo est\u00e1 proponiendo\u2026<\/p>\n\n\n\n<p>Como dice el dicho, \u201cno lo goloseo, pero si me lo dan me lo jondeo\u201d.<\/p>\n\n\n\n<p>Muchos vieron como un error de parte de Luis el anunciar tan temprano que no ir\u00eda por otro mandato al finalizar su reelecci\u00f3n, sin embargo, yo siempre lo he visto como una estrategia.<\/p>\n\n\n\n<p>Aliment\u00f3 la esperanza de todos los que ten\u00edan aspiraciones presidenciales, de hecho, se sumaron algunos que nadie sab\u00eda que pretend\u00edan ser presidentes, pero, surgi\u00f3 un peque\u00f1o detalle.<\/p>\n\n\n\n<p>Muchos de esos que aspiran, sumergidos en sus proyectos personales se descuidaron hasta de sus funciones, y Luis mirando y anotando\u2026<\/p>\n\n\n\n<p>Otros le dieron la espalda al mandatario cuando se habl\u00f3 de la necesidad de una reforma fiscal, y Luis mirando y anotando\u2026<\/p>\n\n\n\n<p>Siendo as\u00ed, lo que para muchos fue un error de parte de Abinader, represent\u00f3 la posibilidad de que viera el comportamiento de cada quien y desarrollar una estrategia m\u00e1s a su medida.<\/p>\n\n\n\n<p>Yo siempre he dicho, eso de que \u201cLuis no va\u201d no es m\u00e1s que \u201cun sue\u00f1o de jugo de tamarindo\u201d.<\/p>\n\n\n\n<p>He hablado de la ret\u00f3rica que se le ha vendido al pueblo de que Luis quiere hacer las cosas bien y los funcionarios que tienen no le ayudan.<\/p>\n\n\n\n<p>Si usted ve que desde el Gobierno contin\u00faan los nombramientos a figuras independientes o que no pertenecen al PRM no se sorprenda, recuerde que los mismos perreme\u00edstas que no han dado la talla han contribuido a eso.<\/p>\n\n\n\n<p>Y, si para retener el poder la alianza debe de ser con el PLD despreoc\u00fapese, que as\u00ed ser\u00e1, aunque se le venda a la gente que la misma es \u201cpor el bien del pa\u00eds\u201d.<\/p>\n\n\n\n<p>\u00bfQu\u00e9 pasar\u00e1 con el caos y los esc\u00e1ndalos que giran en torno al gobierno?<\/p>\n\n\n\n<p>Nada que no se pueda resolver con 2 a\u00f1os de bonanza y estabilidad econ\u00f3mica.<\/p>\n","protected":false},"excerpt":{"rendered":"<p>Por Jarlen Espinosa No deber\u00eda sorprender tanto que la propuesta de habilitar al expresidente Danilo Medina para las elecciones del 2028, venga justamente de un diputado del Partido Revolucionario Moderno&hellip;<\/p>\n","protected":false},"author":10,"featured_media":116864,"comment_status":"open","ping_status":"open","sticky":false,"template":"","format":"standard","meta":{"content-type":"","jetpack_post_was_ever_published":false,"_jetpack_newsletter_access":"","_jetpack_dont_email_post_to_subs":false,"_jetpack_newsletter_tier_id":0,"_jetpack_memberships_contains_paywalled_content":false,"_jetpack_memberships_contains_paid_content":false,"footnotes":""},"categories":[16559,25],"tags":[501,28199,3161,28198,51],"class_list":["post-116861","post","type-post","status-publish","format-standard","has-post-thumbnail","hentry","category-politica","category-portada","tag-danilo-medina","tag-drenar","tag-estrategia","tag-habilitar","tag-leonel-fernandez"],"jetpack_featured_media_url":"https:\/\/lasprimeras.com.do\/wp-content\/uploads\/2025\/12\/con-puno.jpg","jetpack-related-posts":[{"id":116146,"url":"https:\/\/lasprimeras.com.do\/index.php\/2025\/11\/27\/leonel-fernandez-y-danilo-medina-estaban-enterados-del-acuerdo-a-firmar-de-rd-con-ee-uu\/","url_meta":{"origin":116861,"position":0},"title":"Leonel Fern\u00e1ndez y Danilo Medina estaban enterados del acuerdo a firmar de RD con EE.UU.","author":"Nelson Feliz","date":"27 de noviembre de 2025","format":false,"excerpt":"Las conversaciones se produjeron en l\u00ednea por la pol\u00edtica asumida por el presidente Luis Abinader desde el inicio de su gesti\u00f3n: discutir decisiones de alta trascendencia nacional con referentes pol\u00edticos del pa\u00eds. El Gobierno dominicano sostuvo conversaciones previas con los l\u00edderes de la oposici\u00f3n, los expresidentes Leonel Fern\u00e1ndez y Danilo\u2026","rel":"","context":"En \u00abPOLITICA\u00bb","block_context":{"text":"POLITICA","link":"https:\/\/lasprimeras.com.do\/index.php\/category\/politica\/"},"img":{"alt_text":"Leonel Fern\u00e1ndez y Danilo Medina","src":"https:\/\/i0.wp.com\/lasprimeras.com.do\/wp-content\/uploads\/2025\/11\/Leonel-Fernandez-y-Danilo-Medina-1.jpg?resize=350%2C200&ssl=1","width":350,"height":200},"classes":[]},{"id":102268,"url":"https:\/\/lasprimeras.com.do\/index.php\/2025\/07\/02\/abinader-visitara-este-jueves-al-expresidente-leonel-fernandez-para-continuar-dialogo-sobre-crisis-haitiana\/","url_meta":{"origin":116861,"position":1},"title":"Abinader visitar\u00e1 este jueves al expresidente Leonel Fern\u00e1ndez para continuar di\u00e1logo sobre crisis haitiana","author":"Nelson Feliz","date":"2 de julio de 2025","format":false,"excerpt":"La visita se realizar\u00e1 a las 11:00 a.m. en la Fundaci\u00f3n Global Democracia y Desarrollo (FUNGLODE) El presidente Luis Abinader visitar\u00e1 este jueves al exmandatario Leonel Fern\u00e1ndez para continuar el proceso de di\u00e1logo con el fin de abordar de manera conjunta y responsable la crisis haitiana y sus implicaciones para\u2026","rel":"","context":"En \u00abNACIONALES\u00bb","block_context":{"text":"NACIONALES","link":"https:\/\/lasprimeras.com.do\/index.php\/category\/nacionales\/"},"img":{"alt_text":"","src":"https:\/\/i0.wp.com\/lasprimeras.com.do\/wp-content\/uploads\/2025\/07\/Luis-Abinader-7.jpg?resize=350%2C200&ssl=1","width":350,"height":200,"srcset":"https:\/\/i0.wp.com\/lasprimeras.com.do\/wp-content\/uploads\/2025\/07\/Luis-Abinader-7.jpg?resize=350%2C200&ssl=1 1x, https:\/\/i0.wp.com\/lasprimeras.com.do\/wp-content\/uploads\/2025\/07\/Luis-Abinader-7.jpg?resize=525%2C300&ssl=1 1.5x, https:\/\/i0.wp.com\/lasprimeras.com.do\/wp-content\/uploads\/2025\/07\/Luis-Abinader-7.jpg?resize=700%2C400&ssl=1 2x"},"classes":[]},{"id":107906,"url":"https:\/\/lasprimeras.com.do\/index.php\/2025\/09\/01\/virgilio-felizel-prm-se-mantiene-en-una-posicion-dominanteminimiza-declaraciones-de-leonel-y-danilo\/","url_meta":{"origin":116861,"position":2},"title":"Virgilio F\u00e9liz:&#8221;El PRM se mantiene en una posici\u00f3n dominante;minimiza declaraciones de Leonel y Danilo&#8221;","author":"Nelson Feliz","date":"1 de septiembre de 2025","format":false,"excerpt":"El comunicador y panelista del programa radial El Sol de la Ma\u00f1ana, Virgilio F\u00e9liz, asegur\u00f3 que el Partido Revolucionario Moderno (PRM) mantiene una posici\u00f3n dominante en el escenario pol\u00edtico nacional, pese a las recientes afirmaciones de los expresidentes Leonel Fern\u00e1ndez y Danilo Medina sobre el ascenso de sus respectivas organizaciones.\u2026","rel":"","context":"En \u00abPOLITICA\u00bb","block_context":{"text":"POLITICA","link":"https:\/\/lasprimeras.com.do\/index.php\/category\/politica\/"},"img":{"alt_text":"","src":"https:\/\/i0.wp.com\/lasprimeras.com.do\/wp-content\/uploads\/2025\/09\/Virgilio-Feliz.jpg?resize=350%2C200&ssl=1","width":350,"height":200,"srcset":"https:\/\/i0.wp.com\/lasprimeras.com.do\/wp-content\/uploads\/2025\/09\/Virgilio-Feliz.jpg?resize=350%2C200&ssl=1 1x, https:\/\/i0.wp.com\/lasprimeras.com.do\/wp-content\/uploads\/2025\/09\/Virgilio-Feliz.jpg?resize=525%2C300&ssl=1 1.5x, https:\/\/i0.wp.com\/lasprimeras.com.do\/wp-content\/uploads\/2025\/09\/Virgilio-Feliz.jpg?resize=700%2C400&ssl=1 2x"},"classes":[]},{"id":96092,"url":"https:\/\/lasprimeras.com.do\/index.php\/2025\/03\/25\/el-candidato-del-pld-para-el-2028-sera-danilo-medina\/","url_meta":{"origin":116861,"position":3},"title":"El candidato del PLD para el 2028 ser\u00e1 Danilo Medina","author":"Nelson Feliz","date":"25 de marzo de 2025","format":false,"excerpt":"Por Pedro Ren\u00e9 Almonte La semana pasada, el Tribunal Constitucional (TC) fue apoderado de un recurso de inconstitucionalidad en contra de la disposici\u00f3n transitoria que impide la reelecci\u00f3n presidencial de Luis Abinader para el 2028. Dicho recurso tiene como argumento que esa disposici\u00f3n es contraria a varios art\u00edculos de la\u2026","rel":"","context":"En \u00abOPINI\u00d3N\u00bb","block_context":{"text":"OPINI\u00d3N","link":"https:\/\/lasprimeras.com.do\/index.php\/category\/opinion\/"},"img":{"alt_text":"Danilo Medina","src":"https:\/\/i0.wp.com\/lasprimeras.com.do\/wp-content\/uploads\/2025\/03\/Danilo_Medina-removebg-preview.png?resize=350%2C200&ssl=1","width":350,"height":200,"srcset":"https:\/\/i0.wp.com\/lasprimeras.com.do\/wp-content\/uploads\/2025\/03\/Danilo_Medina-removebg-preview.png?resize=350%2C200&ssl=1 1x, https:\/\/i0.wp.com\/lasprimeras.com.do\/wp-content\/uploads\/2025\/03\/Danilo_Medina-removebg-preview.png?resize=525%2C300&ssl=1 1.5x"},"classes":[]},{"id":90123,"url":"https:\/\/lasprimeras.com.do\/index.php\/2024\/10\/13\/danilo-y-luis-unicos-no-pueden-volver-a-presidencia-en-republica-dominicana\/","url_meta":{"origin":116861,"position":4},"title":"Danilo y Luis, \u00fanicos no pueden volver a presidencia en Rep\u00fablica Dominicana","author":"Nelson Feliz","date":"13 de octubre de 2024","format":false,"excerpt":"Yanessi Espinal Las reformas constitucionales constantes desde 1994 para permitir la reelecci\u00f3n presidencial o prohibirla en distintas modalidades han generado crispaci\u00f3n pol\u00edtica y divisi\u00f3n en los partidos. El presidente Luis Abinader, cuando se convierta en expresidente a partir de 2028, ser\u00e1 el segundo dominicano que luego de haber ocupado la\u2026","rel":"","context":"En \u00abSin categor\u00eda\u00bb","block_context":{"text":"Sin categor\u00eda","link":"https:\/\/lasprimeras.com.do\/index.php\/category\/sin-categoria\/"},"img":{"alt_text":"","src":"https:\/\/i0.wp.com\/lasprimeras.com.do\/wp-content\/uploads\/2024\/10\/politicos.jpg?resize=350%2C200&ssl=1","width":350,"height":200,"srcset":"https:\/\/i0.wp.com\/lasprimeras.com.do\/wp-content\/uploads\/2024\/10\/politicos.jpg?resize=350%2C200&ssl=1 1x, https:\/\/i0.wp.com\/lasprimeras.com.do\/wp-content\/uploads\/2024\/10\/politicos.jpg?resize=525%2C300&ssl=1 1.5x"},"classes":[]},{"id":104843,"url":"https:\/\/lasprimeras.com.do\/index.php\/2025\/07\/28\/lidio-cadet-este-gobierno-es-una-pesadilla\/","url_meta":{"origin":116861,"position":5},"title":"Lidio Cadet: \u201cEste Gobierno es una pesadilla\u201d","author":"Nelson Feliz","date":"28 de julio de 2025","format":false,"excerpt":"El miembro del Comit\u00e9 Pol\u00edtico del Partido de la Liberaci\u00f3n Dominicana (PLD), Lidio Cadet, afirm\u00f3 que el Gobierno del presidente Luis Abinader ha sido \u201cuna pesadilla\u201d para el pueblo dominicano, y asegur\u00f3 que su partido regresar\u00e1 al poder en las elecciones del 2028. \u201cEl Partido de la Liberaci\u00f3n Dominicana est\u00e1\u2026","rel":"","context":"En \u00abPOLITICA\u00bb","block_context":{"text":"POLITICA","link":"https:\/\/lasprimeras.com.do\/index.php\/category\/politica\/"},"img":{"alt_text":"","src":"https:\/\/i0.wp.com\/lasprimeras.com.do\/wp-content\/uploads\/2025\/07\/Lidio-Cadet.jpg?resize=350%2C200&ssl=1","width":350,"height":200,"srcset":"https:\/\/i0.wp.com\/lasprimeras.com.do\/wp-content\/uploads\/2025\/07\/Lidio-Cadet.jpg?resize=350%2C200&ssl=1 1x, https:\/\/i0.wp.com\/lasprimeras.com.do\/wp-content\/uploads\/2025\/07\/Lidio-Cadet.jpg?resize=525%2C300&ssl=1 1.5x, https:\/\/i0.wp.com\/lasprimeras.com.do\/wp-content\/uploads\/2025\/07\/Lidio-Cadet.jpg?resize=700%2C400&ssl=1 2x"},"classes":[]}],"jetpack_sharing_enabled":true,"_links":{"self":[{"href":"https:\/\/lasprimeras.com.do\/index.php\/wp-json\/wp\/v2\/posts\/116861","targetHints":{"allow":["GET"]}}],"collection":[{"href":"https:\/\/lasprimeras.com.do\/index.php\/wp-json\/wp\/v2\/posts"}],"about":[{"href":"https:\/\/lasprimeras.com.do\/index.php\/wp-json\/wp\/v2\/types\/post"}],"author":[{"embeddable":true,"href":"https:\/\/lasprimeras.com.do\/index.php\/wp-json\/wp\/v2\/users\/10"}],"replies":[{"embeddable":true,"href":"https:\/\/lasprimeras.com.do\/index.php\/wp-json\/wp\/v2\/comments?post=116861"}],"version-history":[{"count":1,"href":"https:\/\/lasprimeras.com.do\/index.php\/wp-json\/wp\/v2\/posts\/116861\/revisions"}],"predecessor-version":[{"id":116863,"href":"https:\/\/lasprimeras.com.do\/index.php\/wp-json\/wp\/v2\/posts\/116861\/revisions\/116863"}],"wp:featuredmedia":[{"embeddable":true,"href":"https:\/\/lasprimeras.com.do\/index.php\/wp-json\/wp\/v2\/media\/116864"}],"wp:attachment":[{"href":"https:\/\/lasprimeras.com.do\/index.php\/wp-json\/wp\/v2\/media?parent=116861"}],"wp:term":[{"taxonomy":"category","embeddable":true,"href":"https:\/\/lasprimeras.com.do\/index.php\/wp-json\/wp\/v2\/categories?post=116861"},{"taxonomy":"post_tag","embeddable":true,"href":"https:\/\/lasprimeras.com.do\/index.php\/wp-json\/wp\/v2\/tags?post=116861"}],"curies":[{"name":"wp","href":"https:\/\/api.w.org\/{rel}","templated":true}]}}