{"id":116895,"date":"2025-12-04T07:37:15","date_gmt":"2025-12-04T11:37:15","guid":{"rendered":"https:\/\/lasprimeras.com.do\/?p=116895"},"modified":"2025-12-05T08:01:26","modified_gmt":"2025-12-05T12:01:26","slug":"inabie-y-fao-inauguran-cocinas-y-huertos-escolares-en-seis-escuelas-de-san-juan","status":"publish","type":"post","link":"https:\/\/lasprimeras.com.do\/index.php\/2025\/12\/04\/inabie-y-fao-inauguran-cocinas-y-huertos-escolares-en-seis-escuelas-de-san-juan\/","title":{"rendered":"INABIE y FAO inauguran cocinas y huertos escolares en seis escuelas de San Juan"},"content":{"rendered":"\n<p><strong>Con esas iniciativas son beneficiadas m\u00e1s de 20,000 personas.<\/strong><\/p>\n\n\n\n<p>El Instituto Nacional de Bienestar Estudiantil (INABIE) y la Organizaci\u00f3n de las Naciones Unidas para la Alimentaci\u00f3n y la Agricultura (FAO) dejaron en funcionamiento seis cocinas y seis huertos escolares en centros educativos de esta provincia, una iniciativa que busca elevar la calidad, inocuidad y eficiencia del servicio de alimentaci\u00f3n en las escuelas, al tiempo que impulsa espacios pedag\u00f3gicos de aprendizaje pr\u00e1ctico en agricultura, nutrici\u00f3n y sostenibilidad para toda la comunidad educativa.<\/p>\n\n\n\n<p>Las instalaciones fueron habilitadas en las escuelas Hermano Crist\u00f3bal, Asenci\u00f3n Fortuna Valdez, Filomena de Oleo Mesa, Polit\u00e9cnico San Pablo, Hortencia P\u00e9rez y Milagros Rodr\u00edguez S\u00e1nchez, impactando de manera directa a m\u00e1s de 20,000 estudiantes, docentes, personal de los centros de estudios y familias de la zona.<\/p>\n\n\n\n<p>\u201cEstas cocinas y huertos representan un paso firme hacia una alimentaci\u00f3n escolar m\u00e1s segura, variada y digna para nuestros estudiantes. Estamos fortaleciendo no solo el servicio, sino la capacidad de aprendizaje y la participaci\u00f3n comunitaria en cada territorio\u201d, afirm\u00f3 el director ejecutivo del INABIE, Adolfo P\u00e9rez, al pronunciar un discurso en el acto de inauguraci\u00f3n, celebrado en el Polit\u00e9cnico San Pablo y el Centro Educativo Hortensia P\u00e9rez de esta provincia.<\/p>\n\n\n\n<p>La diputada Soraya Su\u00e1rez, coordinadora del Frente Parlamentario contra el Hambre; la doctora Mariella Ortega Rabassa, especialista en Seguridad Alimentaria y Nutrici\u00f3n de la FAO, y Eulalio Ram\u00edrez, viceministro de Producci\u00f3n del Ministerio de Agricultura, destacaron la importancia de seguir impulsando iniciativas que fortalezcan la seguridad alimentaria, promuevan la producci\u00f3n local y garanticen una alimentaci\u00f3n escolar m\u00e1s nutritiva y sostenible.<\/p>\n\n\n\n<p>Los representantes de las escuelas beneficiadas en esta primera etapa, Alida Ota\u00f1o, Ana Montero, Juan S\u00e1nchez, Ana Hidalgo, Wendy Pe\u00f1a y Catalina Valdez, expresaron su agradecimiento por haber sido incluidos en el inicio de este proyecto, el cual fortalece la calidad y la inocuidad de la alimentaci\u00f3n escolar.<\/p>\n\n\n\n<p>En el evento tambi\u00e9n participaron Miriam Guzm\u00e1n, viceministra de Agricultura; Fernando Campos, encargado de Huertos Escolares del Ministerio de Educaci\u00f3n, Patricia Grull\u00f3n, directora de Nutrici\u00f3n de Salud P\u00fablica; as\u00ed como los subdirectores del INABIE, Luis Valdez, Melvin Ram\u00edrez y Mercedes P\u00e9rez Ceballos, junto con los directores de Salud y Nutrici\u00f3n, Luis Lizardo, y de Gesti\u00f3n Alimentaria, Luis N\u00fa\u00f1ez Fabal.<\/p>\n\n\n\n<figure class=\"wp-block-image size-full\"><img decoding=\"async\" width=\"900\" height=\"599\" src=\"https:\/\/lasprimeras.com.do\/wp-content\/uploads\/2025\/12\/HUERTOS.jpg\" alt=\"\" class=\"wp-image-116896\" srcset=\"https:\/\/lasprimeras.com.do\/wp-content\/uploads\/2025\/12\/HUERTOS.jpg 900w, https:\/\/lasprimeras.com.do\/wp-content\/uploads\/2025\/12\/HUERTOS-300x200.jpg 300w, https:\/\/lasprimeras.com.do\/wp-content\/uploads\/2025\/12\/HUERTOS-768x511.jpg 768w\" sizes=\"(max-width: 900px) 100vw, 900px\" \/><\/figure>\n\n\n\n<p><strong>Entornos de desarrollo integral<\/strong><\/p>\n\n\n\n<p>El director del INABIE destac\u00f3 adem\u00e1s, que las nuevas cocinas incorporan equipamientos de \u00faltima generaci\u00f3n como estufas industriales, filtros de agua, extractores, sistemas de ventilaci\u00f3n, \u00e1reas de higiene y de frutas entre otras, lo que permitir\u00e1 preparar men\u00fas m\u00e1s nutritivos, reducir riesgos sanitarios y mejorar los tiempos y condiciones de trabajo del personal.<\/p>\n\n\n\n<p>Asimismo, \u201clos huertos escolares servir\u00e1n como laboratorios vivos de aprendizaje, fomentando la educaci\u00f3n nutricional y ambiental, el desarrollo de competencias en agricultura sostenible y la comprensi\u00f3n del origen de los alimentos\u201d, agreg\u00f3.<\/p>\n\n\n\n<p>La selecci\u00f3n de los centros se realiz\u00f3 de manera conjunta entre INABIE y la FAO, tomando en cuenta diagn\u00f3sticos t\u00e9cnicos que priorizaron escuelas con matr\u00edcula numerosa, limitaciones de infraestructura para la preparaci\u00f3n de alimentos, disponibilidad de terrenos aptos para huertos y liderazgo escolar.<\/p>\n\n\n\n<p>\u201cEstos huertos y cocinas escolares fortalecen la resiliencia de las comunidades educativas y promueven sistemas alimentarios m\u00e1s sostenibles. El trabajo junto al INABIE constituye un modelo que puede multiplicarse a nivel nacional\u201d, resalt\u00f3 Rodrigo Casta\u00f1eda, representante de la FAO en la Rep\u00fablica Dominicana.<\/p>\n\n\n\n<p>En el marco de este proyecto se incluye el equipamiento y adecuaciones de infraestructura de cocinas, as\u00ed tambi\u00e9n capacitaci\u00f3n, acompa\u00f1amiento t\u00e9cnico, monitoreo y actividades educativas.<\/p>\n\n\n\n<p>Estas acciones forman parte del acuerdo de cooperaci\u00f3n t\u00e9cnica entre INABIE y la FAO, sustentado en el proyecto Escuelas Saludables, orientado a fortalecer la alimentaci\u00f3n escolar, la educaci\u00f3n ambiental y la resiliencia comunitaria a trav\u00e9s de los centros educativos de Rep\u00fablica Dominicana.<\/p>\n\n\n\n<p><strong>Alianza INABIE-FAO<\/strong><\/p>\n\n\n\n<p>En el marco de este acuerdo, se han instalado 50 huertos y 36 cocinas, distribuidas en San Juan, Monte Plata, Azua, La Vega y Santiago.<\/p>\n\n\n\n<p>El INABIE garantiza el suministro y la supervisi\u00f3n del servicio, mientras que la FAO aporta acompa\u00f1amiento t\u00e9cnico, monitoreo y evaluaci\u00f3n del impacto.<\/p>\n\n\n\n<p>El proyecto seguir\u00e1 expandi\u00e9ndose hacia m\u00e1s provincias priorizadas, con la visi\u00f3n de consolidar un modelo nacional de cocinas seguras, huertos activos y educaci\u00f3n nutricional integral en los centros educativos de todo el pa\u00eds.<\/p>\n","protected":false},"excerpt":{"rendered":"<p>Con esas iniciativas son beneficiadas m\u00e1s de 20,000 personas. El Instituto Nacional de Bienestar Estudiantil (INABIE) y la Organizaci\u00f3n de las Naciones Unidas para la Alimentaci\u00f3n y la Agricultura (FAO)&hellip;<\/p>\n","protected":false},"author":10,"featured_media":116897,"comment_status":"open","ping_status":"open","sticky":false,"template":"","format":"standard","meta":{"content-type":"","jetpack_post_was_ever_published":false,"_jetpack_newsletter_access":"","_jetpack_dont_email_post_to_subs":false,"_jetpack_newsletter_tier_id":0,"_jetpack_memberships_contains_paywalled_content":false,"_jetpack_memberships_contains_paid_content":false,"footnotes":""},"categories":[35,25],"tags":[28209,658,2550,28210,9338,618],"class_list":["post-116895","post","type-post","status-publish","format-standard","has-post-thumbnail","hentry","category-nacionales","category-portada","tag-cocinas","tag-escuelas","tag-fao","tag-huertos-escolares","tag-inabie","tag-san-juan"],"jetpack_featured_media_url":"https:\/\/lasprimeras.com.do\/wp-content\/uploads\/2025\/12\/Adolfo-Perez.jpg","jetpack-related-posts":[{"id":119081,"url":"https:\/\/lasprimeras.com.do\/index.php\/2026\/01\/06\/inabie-brinda-atencion-en-salud-a-mas-de-311000-estudiantes-en-2025\/","url_meta":{"origin":116895,"position":0},"title":"INABIE brinda atenci\u00f3n en salud a m\u00e1s de 311,000 estudiantes en 2025","author":"Nelson Feliz","date":"6 de enero de 2026","format":false,"excerpt":"Las acciones impactaron a m\u00e1s de 2.1 millones de beneficiarios y contribuyeron a reducir el gasto familiar y avanzar hacia el objetivo de Hambre Cero. El Instituto Nacional de Bienestar Estudiantil (INABIE) consolid\u00f3 en 2025 su impacto social al superar por segundo a\u00f1o consecutivo, los 1,000 millones de raciones alimenticias\u2026","rel":"","context":"En \u00abECONOM\u00cdA\u00bb","block_context":{"text":"ECONOM\u00cdA","link":"https:\/\/lasprimeras.com.do\/index.php\/category\/economia\/"},"img":{"alt_text":"INABIE","src":"https:\/\/i0.wp.com\/lasprimeras.com.do\/wp-content\/uploads\/2026\/01\/INABIE.jpg?resize=350%2C200&ssl=1","width":350,"height":200,"srcset":"https:\/\/i0.wp.com\/lasprimeras.com.do\/wp-content\/uploads\/2026\/01\/INABIE.jpg?resize=350%2C200&ssl=1 1x, https:\/\/i0.wp.com\/lasprimeras.com.do\/wp-content\/uploads\/2026\/01\/INABIE.jpg?resize=525%2C300&ssl=1 1.5x, https:\/\/i0.wp.com\/lasprimeras.com.do\/wp-content\/uploads\/2026\/01\/INABIE.jpg?resize=700%2C400&ssl=1 2x"},"classes":[]},{"id":98960,"url":"https:\/\/lasprimeras.com.do\/index.php\/2025\/05\/14\/inabie-valora-aprobacion-en-primera-lectura-de-la-ley-de-alimentacion-en-la-camara-de-diputados\/","url_meta":{"origin":116895,"position":1},"title":"INABIE valora aprobaci\u00f3n en primera lectura de la Ley de Alimentaci\u00f3n en la C\u00e1mara de Diputados","author":"Nelson Feliz","date":"14 de mayo de 2025","format":false,"excerpt":"Tras esta aprobaci\u00f3n el director ejecutivo del INABIE V\u00edctor Castro hizo un llamado al Senado a colocar el proyecto dentro de sus prioridades cuando pase a ese hemiciclo por su importancia para la ni\u00f1ez y su vinculaci\u00f3n con el plan presidencial de Hambre Cero. El Instituto Nacional de Bienestar Estudiantil\u2026","rel":"","context":"En \u00abECONOM\u00cdA\u00bb","block_context":{"text":"ECONOM\u00cdA","link":"https:\/\/lasprimeras.com.do\/index.php\/category\/economia\/"},"img":{"alt_text":"Victor Castro y Alfredo Pacheco","src":"https:\/\/i0.wp.com\/lasprimeras.com.do\/wp-content\/uploads\/2025\/05\/Victor-Castro-y-Alfredo-Pacheco.jpg?resize=350%2C200&ssl=1","width":350,"height":200,"srcset":"https:\/\/i0.wp.com\/lasprimeras.com.do\/wp-content\/uploads\/2025\/05\/Victor-Castro-y-Alfredo-Pacheco.jpg?resize=350%2C200&ssl=1 1x, https:\/\/i0.wp.com\/lasprimeras.com.do\/wp-content\/uploads\/2025\/05\/Victor-Castro-y-Alfredo-Pacheco.jpg?resize=525%2C300&ssl=1 1.5x, https:\/\/i0.wp.com\/lasprimeras.com.do\/wp-content\/uploads\/2025\/05\/Victor-Castro-y-Alfredo-Pacheco.jpg?resize=700%2C400&ssl=1 2x"},"classes":[]},{"id":126560,"url":"https:\/\/lasprimeras.com.do\/index.php\/2026\/04\/03\/fao-posiciona-a-rd-en-primer-lugar-en-desperdicios-de-alimentos-de-america-latina\/","url_meta":{"origin":116895,"position":2},"title":"FAO posiciona a RD en primer lugar en desperdicios de alimentos de Am\u00e9rica Latina","author":"Nelson Feliz","date":"3 de abril de 2026","format":false,"excerpt":"La Programa de las Naciones Unidas para el Medio Ambiente posiciona a la Rep\u00fablica Dominicana en el primer lugar entre los pa\u00edses de Am\u00e9rica Latina y el Caribe con mayor desperdicio de alimentos en los hogares, incluso por encima de naciones m\u00e1s grandes y pobladas como M\u00e9xico y Brasil. De\u2026","rel":"","context":"En \u00abECONOM\u00cdA\u00bb","block_context":{"text":"ECONOM\u00cdA","link":"https:\/\/lasprimeras.com.do\/index.php\/category\/economia\/"},"img":{"alt_text":"","src":"https:\/\/i0.wp.com\/lasprimeras.com.do\/wp-content\/uploads\/2026\/04\/alimentos.jpg?resize=350%2C200&ssl=1","width":350,"height":200,"srcset":"https:\/\/i0.wp.com\/lasprimeras.com.do\/wp-content\/uploads\/2026\/04\/alimentos.jpg?resize=350%2C200&ssl=1 1x, https:\/\/i0.wp.com\/lasprimeras.com.do\/wp-content\/uploads\/2026\/04\/alimentos.jpg?resize=525%2C300&ssl=1 1.5x, https:\/\/i0.wp.com\/lasprimeras.com.do\/wp-content\/uploads\/2026\/04\/alimentos.jpg?resize=700%2C400&ssl=1 2x, https:\/\/i0.wp.com\/lasprimeras.com.do\/wp-content\/uploads\/2026\/04\/alimentos.jpg?resize=1050%2C600&ssl=1 3x, https:\/\/i0.wp.com\/lasprimeras.com.do\/wp-content\/uploads\/2026\/04\/alimentos.jpg?resize=1400%2C800&ssl=1 4x"},"classes":[]},{"id":115050,"url":"https:\/\/lasprimeras.com.do\/index.php\/2025\/11\/18\/inabie-destaca-menus-del-almuerzo-escolar-garantizan-mayoria-de-nutrientes-a-estudiantes\/","url_meta":{"origin":116895,"position":3},"title":"INABIE destaca men\u00fas del almuerzo escolar garantizan mayor\u00eda de nutrientes a estudiantes","author":"Nelson Feliz","date":"18 de noviembre de 2025","format":false,"excerpt":"Aportan el 44% de los requerimientos diet\u00e9ticos diarios y est\u00e1n alineados a organismos nacionales e internacionales El Instituto Nacional de Bienestar Estudiantil (INABIE) destac\u00f3 que los men\u00fas del Programa de Alimentaci\u00f3n Escolar (PAE) est\u00e1n combinados para garantizar la mayor\u00eda de los nutrientes diarios requeridos por los alumnos para mantener su\u2026","rel":"","context":"En \u00abNACIONALES\u00bb","block_context":{"text":"NACIONALES","link":"https:\/\/lasprimeras.com.do\/index.php\/category\/nacionales\/"},"img":{"alt_text":"","src":"https:\/\/i0.wp.com\/lasprimeras.com.do\/wp-content\/uploads\/2025\/11\/PAE-2.jpg?resize=350%2C200&ssl=1","width":350,"height":200,"srcset":"https:\/\/i0.wp.com\/lasprimeras.com.do\/wp-content\/uploads\/2025\/11\/PAE-2.jpg?resize=350%2C200&ssl=1 1x, https:\/\/i0.wp.com\/lasprimeras.com.do\/wp-content\/uploads\/2025\/11\/PAE-2.jpg?resize=525%2C300&ssl=1 1.5x, https:\/\/i0.wp.com\/lasprimeras.com.do\/wp-content\/uploads\/2025\/11\/PAE-2.jpg?resize=700%2C400&ssl=1 2x"},"classes":[]},{"id":105079,"url":"https:\/\/lasprimeras.com.do\/index.php\/2025\/07\/30\/inabie-reafirma-su-compromiso-para-lograr-el-hambre-cero-en-rd\/","url_meta":{"origin":116895,"position":4},"title":"INABIE reafirma su compromiso para lograr el hambre cero en RD","author":"Nelson Feliz","date":"30 de julio de 2025","format":false,"excerpt":"El Instituto Nacional de Bienestar Estudiantil (INABIE) reafirm\u00f3 su compromiso con la meta de lograr el hambre cero en el pa\u00eds, impulsada por el presidente Luis Abinader, tras conocerse que la Rep\u00fablica Dominicana logr\u00f3 reducir el \u00edndice de subalimentaci\u00f3n de 8.7% en 2020 a 3.6 en 2025, de acuerdo con\u2026","rel":"","context":"En \u00abECONOM\u00cdA\u00bb","block_context":{"text":"ECONOM\u00cdA","link":"https:\/\/lasprimeras.com.do\/index.php\/category\/economia\/"},"img":{"alt_text":"","src":"https:\/\/i0.wp.com\/lasprimeras.com.do\/wp-content\/uploads\/2025\/07\/Alimentacion-Escolar-1-1.jpg?resize=350%2C200&ssl=1","width":350,"height":200,"srcset":"https:\/\/i0.wp.com\/lasprimeras.com.do\/wp-content\/uploads\/2025\/07\/Alimentacion-Escolar-1-1.jpg?resize=350%2C200&ssl=1 1x, https:\/\/i0.wp.com\/lasprimeras.com.do\/wp-content\/uploads\/2025\/07\/Alimentacion-Escolar-1-1.jpg?resize=525%2C300&ssl=1 1.5x, https:\/\/i0.wp.com\/lasprimeras.com.do\/wp-content\/uploads\/2025\/07\/Alimentacion-Escolar-1-1.jpg?resize=700%2C400&ssl=1 2x"},"classes":[]},{"id":90235,"url":"https:\/\/lasprimeras.com.do\/index.php\/2024\/10\/16\/inabie-exhorta-a-la-poblacion-a-consumir-alimentos-saludables\/","url_meta":{"origin":116895,"position":5},"title":"INABIE exhorta a la poblaci\u00f3n a consumir alimentos saludables","author":"Nelson Feliz","date":"16 de octubre de 2024","format":false,"excerpt":"El instituto de bienestar intensifica charlas y talleres sobre educaci\u00f3n alimentaria nutricional en D\u00eda Mundial de la Alimentaci\u00f3n En un esfuerzo por combatir la creciente problem\u00e1tica de la obesidad y el sobrepeso, tanto en ni\u00f1os y adolescentes, como en adultos, el Instituto Nacional de Bienestar Estudiantil (INABIE) reiter\u00f3 el llamado\u2026","rel":"","context":"En \u00abNACIONALES\u00bb","block_context":{"text":"NACIONALES","link":"https:\/\/lasprimeras.com.do\/index.php\/category\/nacionales\/"},"img":{"alt_text":"INABIE","src":"https:\/\/i0.wp.com\/lasprimeras.com.do\/wp-content\/uploads\/2024\/01\/INABIE-2024.jpg?resize=350%2C200&ssl=1","width":350,"height":200,"srcset":"https:\/\/i0.wp.com\/lasprimeras.com.do\/wp-content\/uploads\/2024\/01\/INABIE-2024.jpg?resize=350%2C200&ssl=1 1x, https:\/\/i0.wp.com\/lasprimeras.com.do\/wp-content\/uploads\/2024\/01\/INABIE-2024.jpg?resize=525%2C300&ssl=1 1.5x"},"classes":[]}],"jetpack_sharing_enabled":true,"_links":{"self":[{"href":"https:\/\/lasprimeras.com.do\/index.php\/wp-json\/wp\/v2\/posts\/116895","targetHints":{"allow":["GET"]}}],"collection":[{"href":"https:\/\/lasprimeras.com.do\/index.php\/wp-json\/wp\/v2\/posts"}],"about":[{"href":"https:\/\/lasprimeras.com.do\/index.php\/wp-json\/wp\/v2\/types\/post"}],"author":[{"embeddable":true,"href":"https:\/\/lasprimeras.com.do\/index.php\/wp-json\/wp\/v2\/users\/10"}],"replies":[{"embeddable":true,"href":"https:\/\/lasprimeras.com.do\/index.php\/wp-json\/wp\/v2\/comments?post=116895"}],"version-history":[{"count":1,"href":"https:\/\/lasprimeras.com.do\/index.php\/wp-json\/wp\/v2\/posts\/116895\/revisions"}],"predecessor-version":[{"id":116898,"href":"https:\/\/lasprimeras.com.do\/index.php\/wp-json\/wp\/v2\/posts\/116895\/revisions\/116898"}],"wp:featuredmedia":[{"embeddable":true,"href":"https:\/\/lasprimeras.com.do\/index.php\/wp-json\/wp\/v2\/media\/116897"}],"wp:attachment":[{"href":"https:\/\/lasprimeras.com.do\/index.php\/wp-json\/wp\/v2\/media?parent=116895"}],"wp:term":[{"taxonomy":"category","embeddable":true,"href":"https:\/\/lasprimeras.com.do\/index.php\/wp-json\/wp\/v2\/categories?post=116895"},{"taxonomy":"post_tag","embeddable":true,"href":"https:\/\/lasprimeras.com.do\/index.php\/wp-json\/wp\/v2\/tags?post=116895"}],"curies":[{"name":"wp","href":"https:\/\/api.w.org\/{rel}","templated":true}]}}