{"id":116899,"date":"2025-12-04T08:06:45","date_gmt":"2025-12-04T12:06:45","guid":{"rendered":"https:\/\/lasprimeras.com.do\/?p=116899"},"modified":"2025-12-05T08:17:52","modified_gmt":"2025-12-05T12:17:52","slug":"infotep-gradua-1416-nuevos-tecnicos-docentes-y-especialistas-en-la-region-sur","status":"publish","type":"post","link":"https:\/\/lasprimeras.com.do\/index.php\/2025\/12\/04\/infotep-gradua-1416-nuevos-tecnicos-docentes-y-especialistas-en-la-region-sur\/","title":{"rendered":"Infotep grad\u00faa 1,416 nuevos t\u00e9cnicos, docentes y especialistas en la regi\u00f3n Sur"},"content":{"rendered":"\n<p><strong>Rafael Santos Bad\u00eda declar\u00f3 que entre 2020 y 2025, en San Juan y El\u00edas Pi\u00f1a, se han capacitado m\u00e1s de 125,345 personas.<\/strong><\/p>\n\n\n\n<p>El Instituto Nacional de Formaci\u00f3n T\u00e9cnico Profesional (Infotep) gradu\u00f3 1,416 nuevos t\u00e9cnicos, docentes y especialistas en 17 ocupaciones de alta demanda, en la ceremonia ordinaria correspondiente a la regi\u00f3n Sur del pa\u00eds.<\/p>\n\n\n\n<p>El director general del Infotep, profesor Rafael Santos Bad\u00eda, afirm\u00f3 que esta promoci\u00f3n fortalece la productividad y la generaci\u00f3n de empleos en todo el sur profundo.<\/p>\n\n\n\n<p>\u201cCada uno de estos graduandos representa una oportunidad real de transformar sus comunidades, aportando talento, creatividad y soluciones innovadoras a los sectores productivos locales\u201d, expres\u00f3.<\/p>\n\n\n\n<p>Del total de graduados, 1,108 corresponden a t\u00e9cnicos, 609 son mujeres y 499 hombres, de los cuales el 54.96 % responde a la participaci\u00f3n femenina en la formaci\u00f3n t\u00e9cnica profesional. Asimismo, 177 docentes recibieron certificados que fortalecen la capacidad pedag\u00f3gica del instituto, y 131 trabajadores fueron certificados por competencias laborales.<\/p>\n\n\n\n<figure class=\"wp-block-image size-full\"><img decoding=\"async\" width=\"900\" height=\"600\" src=\"https:\/\/lasprimeras.com.do\/wp-content\/uploads\/2025\/12\/Graduacion-de-Infotep-Region-Sur_1.jpg\" alt=\"\" class=\"wp-image-116901\" srcset=\"https:\/\/lasprimeras.com.do\/wp-content\/uploads\/2025\/12\/Graduacion-de-Infotep-Region-Sur_1.jpg 900w, https:\/\/lasprimeras.com.do\/wp-content\/uploads\/2025\/12\/Graduacion-de-Infotep-Region-Sur_1-300x200.jpg 300w, https:\/\/lasprimeras.com.do\/wp-content\/uploads\/2025\/12\/Graduacion-de-Infotep-Region-Sur_1-768x512.jpg 768w\" sizes=\"(max-width: 900px) 100vw, 900px\" \/><\/figure>\n\n\n\n<p><strong>Impacto territorial en el sur profundo<\/strong><\/p>\n\n\n\n<p>Santos Bad\u00eda destac\u00f3 que la distribuci\u00f3n territorial de los graduandos refleja el compromiso permanente del Infotep de llevar formaci\u00f3n a cada rinc\u00f3n del sur, garantizando acceso a oportunidades reales de empleabilidad.<\/p>\n\n\n\n<p>Los participantes provienen de las provincias San Juan, El\u00edas Pi\u00f1a, Azua, Barahona, Bahoruco, Independencia, Pedernales, San Jos\u00e9 de Ocoa, Peravia (Ban\u00ed) y San Crist\u00f3bal, as\u00ed como de comunidades como Vallejuelo, Bohech\u00edo, Hondo Valle y El Cercado.<\/p>\n\n\n\n<p>\u201cCada t\u00e9cnico, docente o especialista que hoy recibe su certificaci\u00f3n es un motor de desarrollo econ\u00f3mico en su provincia\u201d, subray\u00f3.<\/p>\n\n\n\n<p>Agreg\u00f3 que esta preparaci\u00f3n incrementar\u00e1 la productividad, generar\u00e1 empleos de calidad, impulsar\u00e1 nuevos emprendimientos y fortalecer\u00e1 los encadenamientos productivos, especialmente en sectores clave como la agricultura, la hosteler\u00eda, el comercio y los servicios.<\/p>\n\n\n\n<p><strong>\u00c1reas formativas y ocupaciones<\/strong><\/p>\n\n\n\n<p>Los participantes recibieron certificaciones en ocupaciones como arte culinario, asistencia en farmacia, auxiliar de enfermer\u00eda, bar y restaurante, belleza y peluquer\u00eda, community manager, construcciones met\u00e1licas, instalaci\u00f3n y mantenimiento el\u00e9ctrico industrial, masaje corporal y terap\u00e9utico, mantenimiento de veh\u00edculos de motor, entre otras.<\/p>\n\n\n\n<p>Tambi\u00e9n se certificaron en operaci\u00f3n y mantenimiento de plantas generadoras de energ\u00eda el\u00e9ctrica, plomer\u00eda, producci\u00f3n agr\u00edcola, programaci\u00f3n de bases de datos, mantenimiento de equipos de refrigeraci\u00f3n y aire acondicionado, reposter\u00eda y ventas de productos y servicios.<\/p>\n\n\n\n<p><strong>Empresas, emprendedores y agroindustria<\/strong><\/p>\n\n\n\n<p>Durante su intervenci\u00f3n, Santos Bad\u00eda inform\u00f3 que solo este a\u00f1o el Infotep acompa\u00f1\u00f3 a 689 empresas en procesos de capacitaci\u00f3n e innovaci\u00f3n, y form\u00f3 a 2,019 emprendedores en gesti\u00f3n empresarial, formalizaci\u00f3n y desarrollo de ideas de negocio.<\/p>\n\n\n\n<p>Asimismo, explic\u00f3 que en los \u00faltimos cuatro a\u00f1os se ha fortalecido el sector agroindustrial mediante programas de habilitaci\u00f3n y complementaci\u00f3n para 225 agricultores, adem\u00e1s de evaluar las competencias laborales de otros agricultores con miras a su certificaci\u00f3n plena.<\/p>\n\n\n\n<figure class=\"wp-block-image size-full\"><img decoding=\"async\" width=\"900\" height=\"464\" src=\"https:\/\/lasprimeras.com.do\/wp-content\/uploads\/2025\/12\/Graduacion-del-Infotep-en-la-Region-Sur_0.jpg\" alt=\"\" class=\"wp-image-116902\" srcset=\"https:\/\/lasprimeras.com.do\/wp-content\/uploads\/2025\/12\/Graduacion-del-Infotep-en-la-Region-Sur_0.jpg 900w, https:\/\/lasprimeras.com.do\/wp-content\/uploads\/2025\/12\/Graduacion-del-Infotep-en-la-Region-Sur_0-300x155.jpg 300w, https:\/\/lasprimeras.com.do\/wp-content\/uploads\/2025\/12\/Graduacion-del-Infotep-en-la-Region-Sur_0-768x396.jpg 768w\" sizes=\"(max-width: 900px) 100vw, 900px\" \/><\/figure>\n\n\n\n<p><strong>Transformaci\u00f3n productiva y liderazgo femenino<\/strong><\/p>\n\n\n\n<p>Entre 2020 y 2025, en las provincias de San Juan y El\u00edas Pi\u00f1a, el Infotep ha capacitado a m\u00e1s de 125,345 personas, de las cuales 70,800 son mujeres. Santos Bad\u00eda resalt\u00f3 que las mujeres lideran cada vez m\u00e1s la transformaci\u00f3n productiva de sus comunidades, fortaleciendo la competitividad regional y abriendo espacios de desarrollo sostenible.<\/p>\n\n\n\n<p>Exhort\u00f3 adem\u00e1s a los graduandos a convertirse en agentes activos del crecimiento de sus comunidades y aplicar lo aprendido con excelencia, orgullo y responsabilidad.<\/p>\n\n\n\n<p>La ceremonia cont\u00f3 con la presencia de la gobernadora de la provincia, Ana Mar\u00eda Castillo; el alcalde de San Juan, Len\u00edn de la Rosa; el presidente del Plan de Desarrollo Econ\u00f3mico de San Juan de la Maguana, Luis Bonilla, y Ram\u00f3n Octavio Villegas, presidente de la Asociaci\u00f3n de Profesionales de Administraci\u00f3n y Negocios de San Juan.<\/p>\n\n\n\n<p>Tambi\u00e9n particip\u00f3 Maira Morla, subdirectora general del Infotep; Santa Cuevas, directora Regional Sur; Odelis Matos, director regional Valdesia, y Jos\u00e9 Rafael Croussett, director de Formaci\u00f3n Profesional.<\/p>\n\n\n\n<p>La ceremonia se realiz\u00f3 en el recinto de la Universidad Aut\u00f3noma de Santo Domingo (UASD), en San Juan de la Maguana, y cont\u00f3 con la presencia de autoridades, empresarios y representantes comunitarios.<\/p>\n","protected":false},"excerpt":{"rendered":"<p>Rafael Santos Bad\u00eda declar\u00f3 que entre 2020 y 2025, en San Juan y El\u00edas Pi\u00f1a, se han capacitado m\u00e1s de 125,345 personas. El Instituto Nacional de Formaci\u00f3n T\u00e9cnico Profesional (Infotep)&hellip;<\/p>\n","protected":false},"author":10,"featured_media":116900,"comment_status":"open","ping_status":"open","sticky":false,"template":"","format":"standard","meta":{"content-type":"","jetpack_post_was_ever_published":false,"_jetpack_newsletter_access":"","_jetpack_dont_email_post_to_subs":false,"_jetpack_newsletter_tier_id":0,"_jetpack_memberships_contains_paywalled_content":false,"_jetpack_memberships_contains_paid_content":false,"footnotes":""},"categories":[35,25],"tags":[2830,1235,863,1880,6510,2153],"class_list":["post-116899","post","type-post","status-publish","format-standard","has-post-thumbnail","hentry","category-nacionales","category-portada","tag-docentes","tag-especialistas","tag-gradua","tag-infotep","tag-region-sur","tag-tecnicos"],"jetpack_featured_media_url":"https:\/\/lasprimeras.com.do\/wp-content\/uploads\/2025\/12\/Infotep.jpg","jetpack-related-posts":[{"id":86142,"url":"https:\/\/lasprimeras.com.do\/index.php\/2024\/07\/18\/infotep-gradua-a-472-tecnicos-capacitados-para-el-desarrollo-de-la-region-sur\/","url_meta":{"origin":116899,"position":0},"title":"INFOTEP grad\u00faa a 472 t\u00e9cnicos capacitados para el desarrollo de la Regi\u00f3n Sur","author":"Nelson Feliz","date":"18 de julio de 2024","format":false,"excerpt":"El Instituto Nacional de Formaci\u00f3n T\u00e9cnico Profesional (INFOTEP), gradu\u00f3 a 472 nuevos t\u00e9cnicos capacitados para cubrir la demanda del creciente desarrollo socioecon\u00f3mico de la Regi\u00f3n Sur del pa\u00eds. El director general del INFOTEP, Rafael Santos Bad\u00eda, afirm\u00f3 que esta graduaci\u00f3n representa un nuevo empuje hacia la cualificaci\u00f3n y dotaci\u00f3n de\u2026","rel":"","context":"En \u00abNACIONALES\u00bb","block_context":{"text":"NACIONALES","link":"https:\/\/lasprimeras.com.do\/index.php\/category\/nacionales\/"},"img":{"alt_text":"","src":"https:\/\/i0.wp.com\/lasprimeras.com.do\/wp-content\/uploads\/2024\/07\/Rafael-Santos-Badia-4.jpg?resize=350%2C200&ssl=1","width":350,"height":200,"srcset":"https:\/\/i0.wp.com\/lasprimeras.com.do\/wp-content\/uploads\/2024\/07\/Rafael-Santos-Badia-4.jpg?resize=350%2C200&ssl=1 1x, https:\/\/i0.wp.com\/lasprimeras.com.do\/wp-content\/uploads\/2024\/07\/Rafael-Santos-Badia-4.jpg?resize=525%2C300&ssl=1 1.5x, https:\/\/i0.wp.com\/lasprimeras.com.do\/wp-content\/uploads\/2024\/07\/Rafael-Santos-Badia-4.jpg?resize=700%2C400&ssl=1 2x"},"classes":[]},{"id":102058,"url":"https:\/\/lasprimeras.com.do\/index.php\/2025\/06\/30\/infotep-fortalece-la-calidad-formativa-en-su-cuerpo-docente\/","url_meta":{"origin":116899,"position":1},"title":"INFOTEP fortalece la calidad formativa en su cuerpo docente","author":"Nelson Feliz","date":"30 de junio de 2025","format":false,"excerpt":"\u2022-En el marco del D\u00eda Nacional del Maestro, el director del INFOTEP rindi\u00f3 homenaje a los docentes de la instituci\u00f3n, afirmando que son trasformadores sociales. El Instituto Nacional de Formaci\u00f3n T\u00e9cnico Profesional (INFOTEP) reafirma su compromiso con la calidad de la ense\u00f1anza t\u00e9cnico-profesional, colocando en el centro de su estrategia\u2026","rel":"","context":"En \u00abNACIONALES\u00bb","block_context":{"text":"NACIONALES","link":"https:\/\/lasprimeras.com.do\/index.php\/category\/nacionales\/"},"img":{"alt_text":"","src":"https:\/\/i0.wp.com\/lasprimeras.com.do\/wp-content\/uploads\/2025\/06\/Rafael-Santos.jpg?resize=350%2C200&ssl=1","width":350,"height":200,"srcset":"https:\/\/i0.wp.com\/lasprimeras.com.do\/wp-content\/uploads\/2025\/06\/Rafael-Santos.jpg?resize=350%2C200&ssl=1 1x, https:\/\/i0.wp.com\/lasprimeras.com.do\/wp-content\/uploads\/2025\/06\/Rafael-Santos.jpg?resize=525%2C300&ssl=1 1.5x, https:\/\/i0.wp.com\/lasprimeras.com.do\/wp-content\/uploads\/2025\/06\/Rafael-Santos.jpg?resize=700%2C400&ssl=1 2x"},"classes":[]},{"id":108147,"url":"https:\/\/lasprimeras.com.do\/index.php\/2025\/09\/03\/infotep-gradua-97-tecnicos-especializados-en-areas-claves-de-la-industria-turistica-en-punta-cana\/","url_meta":{"origin":116899,"position":2},"title":"INFOTEP grad\u00faa 97 t\u00e9cnicos especializados en \u00e1reas claves de la industria tur\u00edstica en Punta Cana","author":"Nelson Feliz","date":"3 de septiembre de 2025","format":false,"excerpt":"El Instituto Nacional de Formaci\u00f3n T\u00e9cnico Profesional (INFOTEP) entreg\u00f3 t\u00edtulos de T\u00e9cnicos con salida plena a 97 trabajadores de la cadena Meli\u00e1 Hotels, en las \u00e1reas de Gastronom\u00eda, Gesti\u00f3n de Piso Hotelero, Bar y Restaurante, quienes completaron los requisitos del proceso de Evaluaci\u00f3n Ocupacional, reconociendo as\u00ed su experiencia y competencia\u2026","rel":"","context":"En \u00abTURISMO\u00bb","block_context":{"text":"TURISMO","link":"https:\/\/lasprimeras.com.do\/index.php\/category\/turismo\/"},"img":{"alt_text":"","src":"https:\/\/i0.wp.com\/lasprimeras.com.do\/wp-content\/uploads\/2025\/09\/infotep.jpg?resize=350%2C200&ssl=1","width":350,"height":200,"srcset":"https:\/\/i0.wp.com\/lasprimeras.com.do\/wp-content\/uploads\/2025\/09\/infotep.jpg?resize=350%2C200&ssl=1 1x, https:\/\/i0.wp.com\/lasprimeras.com.do\/wp-content\/uploads\/2025\/09\/infotep.jpg?resize=525%2C300&ssl=1 1.5x, https:\/\/i0.wp.com\/lasprimeras.com.do\/wp-content\/uploads\/2025\/09\/infotep.jpg?resize=700%2C400&ssl=1 2x"},"classes":[]},{"id":85002,"url":"https:\/\/lasprimeras.com.do\/index.php\/2024\/06\/20\/centro-del-infotep-en-hotel-guarocuya-impulsara-economia-de-los-barahoneros\/","url_meta":{"origin":116899,"position":3},"title":"Centro del INFOTEP en Hotel Guarocuya impulsar\u00e1 econom\u00eda de los barahoneros","author":"Nelson Feliz","date":"20 de junio de 2024","format":false,"excerpt":"El director general del Instituto Nacional de Formaci\u00f3n T\u00e9cnico Profesional (INFOTEP), Rafael Santos Bad\u00eda, dijo que Barahona experimentar\u00e1 un importante impulso que impactar\u00e1 la calidad de vida de sus ciudadanos, con la instalaci\u00f3n de la escuela en el Hotel Guarocuya. \u201cDonde quiera que se instala el INFOTEP, llegan empresas, se\u2026","rel":"","context":"En \u00abECONOM\u00cdA\u00bb","block_context":{"text":"ECONOM\u00cdA","link":"https:\/\/lasprimeras.com.do\/index.php\/category\/economia\/"},"img":{"alt_text":"INFOTEP en Hotel Guarocuya","src":"https:\/\/i0.wp.com\/lasprimeras.com.do\/wp-content\/uploads\/2024\/06\/INFOTEP-en-Hotel-Guarocuya.jpg?resize=350%2C200&ssl=1","width":350,"height":200,"srcset":"https:\/\/i0.wp.com\/lasprimeras.com.do\/wp-content\/uploads\/2024\/06\/INFOTEP-en-Hotel-Guarocuya.jpg?resize=350%2C200&ssl=1 1x, https:\/\/i0.wp.com\/lasprimeras.com.do\/wp-content\/uploads\/2024\/06\/INFOTEP-en-Hotel-Guarocuya.jpg?resize=525%2C300&ssl=1 1.5x, https:\/\/i0.wp.com\/lasprimeras.com.do\/wp-content\/uploads\/2024\/06\/INFOTEP-en-Hotel-Guarocuya.jpg?resize=700%2C400&ssl=1 2x"},"classes":[]},{"id":107095,"url":"https:\/\/lasprimeras.com.do\/index.php\/2025\/08\/22\/infotep-gradua-44-nuevos-guardaparques-en-puerto-plata\/","url_meta":{"origin":116899,"position":4},"title":"INFOTEP grad\u00faa 44 nuevos guardaparques en Puerto Plata","author":"Nelson Feliz","date":"22 de agosto de 2025","format":false,"excerpt":"El Instituto Nacional de Formaci\u00f3n T\u00e9cnico Profesional (INFOTEP) gradu\u00f3 44 nuevos guarda parques en la provincia de Puerto Plata, quienes fueron dotados de conocimientos en el marco legal ambiental, la ecolog\u00eda, la biodiversidad y el manejo de \u00e1reas protegidas. Con esta promoci\u00f3n de egresados, el INFOTEP reafirma su papel como\u2026","rel":"","context":"En \u00abNACIONALES\u00bb","block_context":{"text":"NACIONALES","link":"https:\/\/lasprimeras.com.do\/index.php\/category\/nacionales\/"},"img":{"alt_text":"","src":"https:\/\/i0.wp.com\/lasprimeras.com.do\/wp-content\/uploads\/2025\/08\/INFOTEP-1-3.jpg?resize=350%2C200&ssl=1","width":350,"height":200,"srcset":"https:\/\/i0.wp.com\/lasprimeras.com.do\/wp-content\/uploads\/2025\/08\/INFOTEP-1-3.jpg?resize=350%2C200&ssl=1 1x, https:\/\/i0.wp.com\/lasprimeras.com.do\/wp-content\/uploads\/2025\/08\/INFOTEP-1-3.jpg?resize=525%2C300&ssl=1 1.5x, https:\/\/i0.wp.com\/lasprimeras.com.do\/wp-content\/uploads\/2025\/08\/INFOTEP-1-3.jpg?resize=700%2C400&ssl=1 2x"},"classes":[]},{"id":116423,"url":"https:\/\/lasprimeras.com.do\/index.php\/2025\/12\/01\/director-del-infotep-afirma-formacion-tecnico-impulsa-productividad-y-competitividad-de-las-mipymes\/","url_meta":{"origin":116899,"position":5},"title":"Director del INFOTEP afirma Formaci\u00f3n T\u00e9cnico impulsa productividad y competitividad de las MIPYMES","author":"Nelson Feliz","date":"1 de diciembre de 2025","format":false,"excerpt":"\u00b7Rafael Santos Bad\u00eda destaca que la capacitaci\u00f3n, la asistencia t\u00e9cnica y el emprendimiento fortalecen el crecimiento econ\u00f3mico nacional. La formaci\u00f3n t\u00e9cnico profesional se ha convertido en un factor decisivo para el crecimiento de las Mipymes y para el dinamismo econ\u00f3mico del pa\u00eds, afirm\u00f3 el director general del INFOTEP, Rafael Santos\u2026","rel":"","context":"En \u00abECONOM\u00cdA\u00bb","block_context":{"text":"ECONOM\u00cdA","link":"https:\/\/lasprimeras.com.do\/index.php\/category\/economia\/"},"img":{"alt_text":"","src":"https:\/\/i0.wp.com\/lasprimeras.com.do\/wp-content\/uploads\/2025\/12\/Rafael-Santos-Badia.jpg?resize=350%2C200&ssl=1","width":350,"height":200,"srcset":"https:\/\/i0.wp.com\/lasprimeras.com.do\/wp-content\/uploads\/2025\/12\/Rafael-Santos-Badia.jpg?resize=350%2C200&ssl=1 1x, https:\/\/i0.wp.com\/lasprimeras.com.do\/wp-content\/uploads\/2025\/12\/Rafael-Santos-Badia.jpg?resize=525%2C300&ssl=1 1.5x, https:\/\/i0.wp.com\/lasprimeras.com.do\/wp-content\/uploads\/2025\/12\/Rafael-Santos-Badia.jpg?resize=700%2C400&ssl=1 2x"},"classes":[]}],"jetpack_sharing_enabled":true,"_links":{"self":[{"href":"https:\/\/lasprimeras.com.do\/index.php\/wp-json\/wp\/v2\/posts\/116899","targetHints":{"allow":["GET"]}}],"collection":[{"href":"https:\/\/lasprimeras.com.do\/index.php\/wp-json\/wp\/v2\/posts"}],"about":[{"href":"https:\/\/lasprimeras.com.do\/index.php\/wp-json\/wp\/v2\/types\/post"}],"author":[{"embeddable":true,"href":"https:\/\/lasprimeras.com.do\/index.php\/wp-json\/wp\/v2\/users\/10"}],"replies":[{"embeddable":true,"href":"https:\/\/lasprimeras.com.do\/index.php\/wp-json\/wp\/v2\/comments?post=116899"}],"version-history":[{"count":1,"href":"https:\/\/lasprimeras.com.do\/index.php\/wp-json\/wp\/v2\/posts\/116899\/revisions"}],"predecessor-version":[{"id":116903,"href":"https:\/\/lasprimeras.com.do\/index.php\/wp-json\/wp\/v2\/posts\/116899\/revisions\/116903"}],"wp:featuredmedia":[{"embeddable":true,"href":"https:\/\/lasprimeras.com.do\/index.php\/wp-json\/wp\/v2\/media\/116900"}],"wp:attachment":[{"href":"https:\/\/lasprimeras.com.do\/index.php\/wp-json\/wp\/v2\/media?parent=116899"}],"wp:term":[{"taxonomy":"category","embeddable":true,"href":"https:\/\/lasprimeras.com.do\/index.php\/wp-json\/wp\/v2\/categories?post=116899"},{"taxonomy":"post_tag","embeddable":true,"href":"https:\/\/lasprimeras.com.do\/index.php\/wp-json\/wp\/v2\/tags?post=116899"}],"curies":[{"name":"wp","href":"https:\/\/api.w.org\/{rel}","templated":true}]}}