{"id":116904,"date":"2025-12-05T08:26:55","date_gmt":"2025-12-05T12:26:55","guid":{"rendered":"https:\/\/lasprimeras.com.do\/?p=116904"},"modified":"2025-12-05T08:26:56","modified_gmt":"2025-12-05T12:26:56","slug":"el-poder-ejecutivo-declara-procer-de-la-patria-a-la-educadora-ercilia-pepin-mediante-una-nueva-ley","status":"publish","type":"post","link":"https:\/\/lasprimeras.com.do\/index.php\/2025\/12\/05\/el-poder-ejecutivo-declara-procer-de-la-patria-a-la-educadora-ercilia-pepin-mediante-una-nueva-ley\/","title":{"rendered":"El Poder Ejecutivo declara Pr\u00f3cer de la Patria a la educadora Ercilia Pep\u00edn mediante una nueva ley"},"content":{"rendered":"\n<p><strong>Promulg\u00f3 la Ley 96-25, que tambi\u00e9n establece el 7 de diciembre como el &#8220;D\u00eda de Ercilia Pep\u00edn&#8221;, en reconocimiento a su legado patri\u00f3tico.<\/strong><\/p>\n\n\n\n<p>El Poder Ejecutivo promulg\u00f3 la Ley n\u00fam. 96-25, que declara a la educadora y activista Ercilia Pep\u00edn como Pr\u00f3cer de la Patria y establece el 7 de diciembre \u2014fecha de su nacimiento\u2014 como el &#8220;D\u00eda de Ercilia Pep\u00edn&#8221;, en reconocimiento a su legado patri\u00f3tico, su aporte a la educaci\u00f3n dominicana y su firme defensa de los derechos de las mujeres.<\/p>\n\n\n\n<p>La nueva legislaci\u00f3n reivindica la trascendencia hist\u00f3rica de una figura esencial en la construcci\u00f3n intelectual y c\u00edvica del pa\u00eds.<\/p>\n\n\n\n<p>Nacida en Santiago de los Caballeros el 7 de diciembre de 1886, Pep\u00edn inici\u00f3 su carrera docente a los 14 a\u00f1os, evidenciando desde muy temprano una vocaci\u00f3n que marcar\u00eda un antes y un despu\u00e9s en la educaci\u00f3n nacional.<\/p>\n\n\n\n<p>Su influencia se expres\u00f3 en innovaciones que hoy forman parte de la vida escolar dominicana, como el uso del uniforme, la promoci\u00f3n de un trato respetuoso y equitativo entre docentes y alumnos, y la incorporaci\u00f3n de m\u00e9todos cient\u00edficos en la ense\u00f1anza.<\/p>\n\n\n\n<p>Su figura se convirti\u00f3 en referencia de rigor, modernidad pedag\u00f3gica y compromiso ciudadano.<\/p>\n\n\n\n<p>Referente patri\u00f3tico<\/p>\n\n\n\n<p>Adem\u00e1s de su labor en las aulas, Ercilia Pep\u00edn abog\u00f3 incansablemente por la participaci\u00f3n plena de las mujeres en la vida p\u00fablica. A trav\u00e9s de conferencias, jornadas comunitarias y espacios formativos, impuls\u00f3 la ampliaci\u00f3n de los derechos civiles y pol\u00edticos femeninos en un tiempo en que estas reivindicaciones eran a\u00fan incipientes.<\/p>\n\n\n\n<p>Su mensaje insist\u00eda en la importancia de que la mujer dominicana accediera a la educaci\u00f3n, a la cultura c\u00edvica y al ejercicio activo de la ciudadan\u00eda.<\/p>\n\n\n\n<p>Durante la intervenci\u00f3n militar estadounidense de 1916, su liderazgo trascendi\u00f3 la esfera educativa. Pep\u00edn se convirti\u00f3 en una voz firme y valiente en defensa de la soberan\u00eda nacional.<\/p>\n\n\n\n<p>Sus charlas, encuentros y acciones p\u00fablicas alimentaron un proceso de concientizaci\u00f3n que la consolid\u00f3 como referente patri\u00f3tico en todo el territorio dominicano.<\/p>\n\n\n\n<p>La ley dispone que la Comisi\u00f3n Permanente de Efem\u00e9rides Patrias organice las actividades conmemorativas orientadas a difundir la figura y el legado de Ercilia Pep\u00edn como Pr\u00f3cer de la Patria.<\/p>\n\n\n\n<p>Estas iniciativas buscan fortalecer la memoria hist\u00f3rica y promover los valores que guiaron su vida p\u00fablica: el civismo, la educaci\u00f3n como herramienta de progreso y la igualdad de derechos para las mujeres.<\/p>\n\n\n\n<p>Con esta pieza legislativa \u2014que entrar\u00e1 en vigencia tras su publicaci\u00f3n en la Gaceta Oficial\u2014, el Estado dominicano rinde un acto de justicia hist\u00f3rica y reafirma su compromiso con el reconocimiento de las mujeres que han contribuido de manera decisiva a la formaci\u00f3n de la Rep\u00fablica.<\/p>\n\n\n\n<p>Ercilia Pep\u00edn, cuya huella permanece viva en la pedagog\u00eda y en los principios democr\u00e1ticos del pa\u00eds, obtiene hoy el sitial que su legado merece.<\/p>\n","protected":false},"excerpt":{"rendered":"<p>Promulg\u00f3 la Ley 96-25, que tambi\u00e9n establece el 7 de diciembre como el &#8220;D\u00eda de Ercilia Pep\u00edn&#8221;, en reconocimiento a su legado patri\u00f3tico. El Poder Ejecutivo promulg\u00f3 la Ley n\u00fam.&hellip;<\/p>\n","protected":false},"author":10,"featured_media":116905,"comment_status":"open","ping_status":"open","sticky":false,"template":"","format":"standard","meta":{"content-type":"","jetpack_post_was_ever_published":false,"_jetpack_newsletter_access":"","_jetpack_dont_email_post_to_subs":false,"_jetpack_newsletter_tier_id":0,"_jetpack_memberships_contains_paywalled_content":false,"_jetpack_memberships_contains_paid_content":false,"footnotes":""},"categories":[35],"tags":[13551,20620,28212,445,28211],"class_list":["post-116904","post","type-post","status-publish","format-standard","has-post-thumbnail","hentry","category-nacionales","tag-educadora","tag-ercilia-pepin","tag-nueva-ley-96-25","tag-poder-ejecutivo","tag-procer-de-la-patria"],"jetpack_featured_media_url":"https:\/\/lasprimeras.com.do\/wp-content\/uploads\/2025\/12\/Ercilia-Pepin.jpg","jetpack-related-posts":[{"id":116970,"url":"https:\/\/lasprimeras.com.do\/index.php\/2025\/12\/06\/senador-daniel-rivera-respalda-puesta-en-circulacion-del-libro-ercilia-pepin\/","url_meta":{"origin":116904,"position":0},"title":"Senador Daniel Rivera respalda puesta en circulaci\u00f3n del libro \u201cErcilia Pep\u00edn\u201d","author":"Nelson Feliz","date":"6 de diciembre de 2025","format":false,"excerpt":"Ejemplo de ense\u00f1anza, patriotismo y dignidad. El senador de la Rep\u00fablica por la provincia Santiago, doctor Daniel Rivera, encabez\u00f3 la puesta en circulaci\u00f3n del libro \u201cErcilia Pep\u00edn: Ejemplo de ense\u00f1anza, patriotismo y dignidad\u201d, escrito por el comunicador y economista Euri Cabral, durante un solemne acto realizado en el Ateneo Amantes\u2026","rel":"","context":"En \u00abNACIONALES\u00bb","block_context":{"text":"NACIONALES","link":"https:\/\/lasprimeras.com.do\/index.php\/category\/nacionales\/"},"img":{"alt_text":"Daniel Rivera","src":"https:\/\/i0.wp.com\/lasprimeras.com.do\/wp-content\/uploads\/2025\/12\/Daniel-Rivera.jpg?resize=350%2C200&ssl=1","width":350,"height":200,"srcset":"https:\/\/i0.wp.com\/lasprimeras.com.do\/wp-content\/uploads\/2025\/12\/Daniel-Rivera.jpg?resize=350%2C200&ssl=1 1x, https:\/\/i0.wp.com\/lasprimeras.com.do\/wp-content\/uploads\/2025\/12\/Daniel-Rivera.jpg?resize=525%2C300&ssl=1 1.5x, https:\/\/i0.wp.com\/lasprimeras.com.do\/wp-content\/uploads\/2025\/12\/Daniel-Rivera.jpg?resize=700%2C400&ssl=1 2x"},"classes":[]},{"id":95430,"url":"https:\/\/lasprimeras.com.do\/index.php\/2025\/03\/13\/senador-somete-proyecto-que-establece-el-7-de-diciembre-como-dia-de-ercilia-pepin-y-heroina-nacional\/","url_meta":{"origin":116904,"position":1},"title":"Senador somete proyecto que establece el 7 de diciembre como \u201cD\u00eda de Ercilia Pep\u00edn\u201d y Hero\u00edna Nacional","author":"Nelson Feliz","date":"13 de marzo de 2025","format":false,"excerpt":"El proyecto de ley declara a Ercilia Pep\u00edn como \u201cHero\u00edna Nacional\u201d y establece el 7 de diciembre de cada a\u00f1o como el \u201cD\u00eda de Ercilia Pep\u00edn\u201d. El senador de la Rep\u00fablica por Santiago, doctor Daniel Rivera present\u00f3 este martes el Proyecto de Ley que declara a Ercilia Pep\u00edn como \u201cHero\u00edna\u2026","rel":"","context":"En \u00abPOLITICA\u00bb","block_context":{"text":"POLITICA","link":"https:\/\/lasprimeras.com.do\/index.php\/category\/politica\/"},"img":{"alt_text":"Daniel Rivera","src":"https:\/\/i0.wp.com\/lasprimeras.com.do\/wp-content\/uploads\/2025\/03\/Daniel-Rivera.jpg?resize=350%2C200&ssl=1","width":350,"height":200,"srcset":"https:\/\/i0.wp.com\/lasprimeras.com.do\/wp-content\/uploads\/2025\/03\/Daniel-Rivera.jpg?resize=350%2C200&ssl=1 1x, https:\/\/i0.wp.com\/lasprimeras.com.do\/wp-content\/uploads\/2025\/03\/Daniel-Rivera.jpg?resize=525%2C300&ssl=1 1.5x, https:\/\/i0.wp.com\/lasprimeras.com.do\/wp-content\/uploads\/2025\/03\/Daniel-Rivera.jpg?resize=700%2C400&ssl=1 2x"},"classes":[]},{"id":101184,"url":"https:\/\/lasprimeras.com.do\/index.php\/2025\/06\/17\/ante-sectores-representativos-rd-ny-euri-cabral-pone-a-circula-obra-ercilia-pepin\/","url_meta":{"origin":116904,"position":2},"title":"Ante sectores representativos RD-NY Euri Cabral pone a circula obra \u00abErcilia Pep\u00edn\u00bb","author":"Nelson Feliz","date":"17 de junio de 2025","format":false,"excerpt":"Por Ram\u00f3n Mercedes NUEVA YORK.- Ante cerca de un centenar de dominicanos, entre ellos el c\u00f3nsul dominicano en esta ciudad, Jes\u00fas -Chu- V\u00e1squez, escritores, profesionales, empresarios, periodistas, pol\u00edticos, comunitarios y activistas sociales, entre otros sectores, el escritor y periodista Euri Cabral puso a circular su \u00faltima obra \u00abErcilia Pep\u00edn\u00bb, el\u2026","rel":"","context":"En \u00abENTRETENIMIENTO\u00bb","block_context":{"text":"ENTRETENIMIENTO","link":"https:\/\/lasprimeras.com.do\/index.php\/category\/entretenimiento\/"},"img":{"alt_text":"","src":"https:\/\/i0.wp.com\/lasprimeras.com.do\/wp-content\/uploads\/2025\/06\/WhatsApp-Image-2025-06-16-at-5.37.37-AM-1.jpeg?resize=350%2C200&ssl=1","width":350,"height":200,"srcset":"https:\/\/i0.wp.com\/lasprimeras.com.do\/wp-content\/uploads\/2025\/06\/WhatsApp-Image-2025-06-16-at-5.37.37-AM-1.jpeg?resize=350%2C200&ssl=1 1x, https:\/\/i0.wp.com\/lasprimeras.com.do\/wp-content\/uploads\/2025\/06\/WhatsApp-Image-2025-06-16-at-5.37.37-AM-1.jpeg?resize=525%2C300&ssl=1 1.5x"},"classes":[]},{"id":51130,"url":"https:\/\/lasprimeras.com.do\/index.php\/2023\/05\/27\/dia-de-las-madres-enterate-porque-los-dominicanos-la-celebran\/","url_meta":{"origin":116904,"position":3},"title":"D\u00eda de las Madres; Ent\u00e9rate porque los dominicanos la celebran","author":"prenxa100","date":"27 de mayo de 2023","format":false,"excerpt":"Cada \u00faltimo domingo del mes de mayo, los dominicanos celebran el D\u00eda de las Madres. Un d\u00eda que se torna de fiestas y regalos para el ser \u201cque m\u00e1s conmueve nuestro coraz\u00f3n\u201d. Por lo que, la compa\u00f1\u00eda administradora Geconsa te explica por qu\u00e9 se celebra este d\u00eda. El 30 de\u2026","rel":"","context":"En \u00abNACIONALES\u00bb","block_context":{"text":"NACIONALES","link":"https:\/\/lasprimeras.com.do\/index.php\/category\/nacionales\/"},"img":{"alt_text":"","src":"","width":0,"height":0},"classes":[]},{"id":104119,"url":"https:\/\/lasprimeras.com.do\/index.php\/2025\/07\/21\/senado-aprueba-en-segunda-lectura-y-con-modificaciones-al-codigo-penal\/","url_meta":{"origin":116904,"position":4},"title":"Senado aprueba en segunda lectura y con modificaciones al C\u00f3digo Penal","author":"Nelson Feliz","date":"21 de julio de 2025","format":false,"excerpt":"La nueva normativa entrar\u00e1 en vigencia un a\u00f1o despu\u00e9s de su promulgaci\u00f3n para permitir una implementaci\u00f3n efectiva en el sistema de justicia. El Senado de la Rep\u00fablica aprob\u00f3 a unanimidad en segunda lectura las modificaciones a la Ley Org\u00e1nica que instituye el C\u00f3digo Penal de la Rep\u00fablica Dominicana, marcando un\u2026","rel":"","context":"En \u00abNACIONALES\u00bb","block_context":{"text":"NACIONALES","link":"https:\/\/lasprimeras.com.do\/index.php\/category\/nacionales\/"},"img":{"alt_text":"","src":"https:\/\/i0.wp.com\/lasprimeras.com.do\/wp-content\/uploads\/2025\/07\/senado-3.jpg?resize=350%2C200&ssl=1","width":350,"height":200,"srcset":"https:\/\/i0.wp.com\/lasprimeras.com.do\/wp-content\/uploads\/2025\/07\/senado-3.jpg?resize=350%2C200&ssl=1 1x, https:\/\/i0.wp.com\/lasprimeras.com.do\/wp-content\/uploads\/2025\/07\/senado-3.jpg?resize=525%2C300&ssl=1 1.5x, https:\/\/i0.wp.com\/lasprimeras.com.do\/wp-content\/uploads\/2025\/07\/senado-3.jpg?resize=700%2C400&ssl=1 2x"},"classes":[]},{"id":105837,"url":"https:\/\/lasprimeras.com.do\/index.php\/2025\/08\/07\/gobierno-avanza-a-toda-marcha-con-los-preparativos-del-ano-escolar-2025-2026\/","url_meta":{"origin":116904,"position":5},"title":"Gobierno avanza a toda marcha con los preparativos del a\u00f1o escolar 2025-2026","author":"Nelson Feliz","date":"7 de agosto de 2025","format":false,"excerpt":"El presidente Luis Abinader y el ministro de Educaci\u00f3n, Luis Miguel De Camps, sostuvieron una reuni\u00f3n este jueves con el objetivo de dar seguimiento a los avances de los preparativos del a\u00f1o escolar 2025-2026, que se desarrollan a buen ritmo en todo el pa\u00eds. Durante la reuni\u00f3n, celebrado en el\u2026","rel":"","context":"En \u00abNACIONALES\u00bb","block_context":{"text":"NACIONALES","link":"https:\/\/lasprimeras.com.do\/index.php\/category\/nacionales\/"},"img":{"alt_text":"Luis Abinader y Luis Miguel De Camps","src":"https:\/\/i0.wp.com\/lasprimeras.com.do\/wp-content\/uploads\/2025\/08\/Luis-Abinader-y-Luis-Miguel-De-Camps.jpg?resize=350%2C200&ssl=1","width":350,"height":200,"srcset":"https:\/\/i0.wp.com\/lasprimeras.com.do\/wp-content\/uploads\/2025\/08\/Luis-Abinader-y-Luis-Miguel-De-Camps.jpg?resize=350%2C200&ssl=1 1x, https:\/\/i0.wp.com\/lasprimeras.com.do\/wp-content\/uploads\/2025\/08\/Luis-Abinader-y-Luis-Miguel-De-Camps.jpg?resize=525%2C300&ssl=1 1.5x, https:\/\/i0.wp.com\/lasprimeras.com.do\/wp-content\/uploads\/2025\/08\/Luis-Abinader-y-Luis-Miguel-De-Camps.jpg?resize=700%2C400&ssl=1 2x"},"classes":[]}],"jetpack_sharing_enabled":true,"_links":{"self":[{"href":"https:\/\/lasprimeras.com.do\/index.php\/wp-json\/wp\/v2\/posts\/116904","targetHints":{"allow":["GET"]}}],"collection":[{"href":"https:\/\/lasprimeras.com.do\/index.php\/wp-json\/wp\/v2\/posts"}],"about":[{"href":"https:\/\/lasprimeras.com.do\/index.php\/wp-json\/wp\/v2\/types\/post"}],"author":[{"embeddable":true,"href":"https:\/\/lasprimeras.com.do\/index.php\/wp-json\/wp\/v2\/users\/10"}],"replies":[{"embeddable":true,"href":"https:\/\/lasprimeras.com.do\/index.php\/wp-json\/wp\/v2\/comments?post=116904"}],"version-history":[{"count":1,"href":"https:\/\/lasprimeras.com.do\/index.php\/wp-json\/wp\/v2\/posts\/116904\/revisions"}],"predecessor-version":[{"id":116906,"href":"https:\/\/lasprimeras.com.do\/index.php\/wp-json\/wp\/v2\/posts\/116904\/revisions\/116906"}],"wp:featuredmedia":[{"embeddable":true,"href":"https:\/\/lasprimeras.com.do\/index.php\/wp-json\/wp\/v2\/media\/116905"}],"wp:attachment":[{"href":"https:\/\/lasprimeras.com.do\/index.php\/wp-json\/wp\/v2\/media?parent=116904"}],"wp:term":[{"taxonomy":"category","embeddable":true,"href":"https:\/\/lasprimeras.com.do\/index.php\/wp-json\/wp\/v2\/categories?post=116904"},{"taxonomy":"post_tag","embeddable":true,"href":"https:\/\/lasprimeras.com.do\/index.php\/wp-json\/wp\/v2\/tags?post=116904"}],"curies":[{"name":"wp","href":"https:\/\/api.w.org\/{rel}","templated":true}]}}