{"id":116907,"date":"2025-12-05T08:42:35","date_gmt":"2025-12-05T12:42:35","guid":{"rendered":"https:\/\/lasprimeras.com.do\/?p=116907"},"modified":"2025-12-05T08:42:37","modified_gmt":"2025-12-05T12:42:37","slug":"adp-pide-detener-de-inmediato-las-excursiones-escolares-ante-riesgo-y-falta-de-regulacion","status":"publish","type":"post","link":"https:\/\/lasprimeras.com.do\/index.php\/2025\/12\/05\/adp-pide-detener-de-inmediato-las-excursiones-escolares-ante-riesgo-y-falta-de-regulacion\/","title":{"rendered":"ADP pide detener &#8220;de inmediato&#8221; las excursiones escolares ante riesgo y falta de regulaci\u00f3n"},"content":{"rendered":"\n<p><strong>Afirma que la Ley no las contempla y que el Minerd no las incluye en su calendario.<\/strong><\/p>\n\n\n\n<p>La Asociaci\u00f3n Dominicana de Profesores (ADP) exhort\u00f3 este jueves a todos los centros educativos del pa\u00eds a suspender &#8220;de inmediato&#8221; las excursiones escolares, al considerarlas actividades no reguladas, de alto riesgo y sin respaldo legal.<\/p>\n\n\n\n<p>El llamado fue realizado por el consultor jur\u00eddico de la ADP, John Bello. El jurista advirti\u00f3 que, aunque las excursiones se han convertido en una pr\u00e1ctica com\u00fan en las escuelas, &#8220;uso y costumbre no es legalidad&#8221;, y reiter\u00f3 que ni los docentes ni los centros deben asumir actividades que no tienen un marco jur\u00eddico ni un sistema de control adecuado.<\/p>\n\n\n\n<p>A trav\u00e9s de una nota de prensa, el gremio dijo que la recomendaci\u00f3n surge tras el impacto generado por la muerte de la estudiante Stephora Anne-Mircie Joseph, la ni\u00f1a de 11 a\u00f1os, ocurrida durante una excursi\u00f3n en Santiago, hecho que ha reabierto el debate sobre la seguridad y la responsabilidad legal en las salidas escolares.<\/p>\n\n\n\n<p><strong>Ley no contempla excursiones y Minerd no las incluye en su calendario<\/strong><\/p>\n\n\n\n<p>Bello explic\u00f3 que la Ley General de Educaci\u00f3n 66-97 no contempla excursiones, viajes ni salidas escolares, y que \u00e9stas tampoco aparecen en el calendario oficial del Ministerio de Educaci\u00f3n (Minerd).<\/p>\n\n\n\n<p>Por lo tanto, insisti\u00f3 en que ning\u00fan centro debe organizar actividades fuera del plantel hasta que el Ministerio establezca protocolos formales.<\/p>\n\n\n\n<p><strong>Consejos y medidas que la ADP sugiere a los docentes<\/strong><\/p>\n\n\n\n<p>El consultor jur\u00eddico tambi\u00e9n ofreci\u00f3 una serie de orientaciones espec\u00edficas para los centros educativos y maestros, en caso de que pese a las advertencias la comunidad insista en realizar alguna salida:<\/p>\n\n\n\n<p>Cada estudiante debe estar acompa\u00f1ado por su padre, madre o tutor.<\/p>\n\n\n\n<p>El centro debe exigir autorizaci\u00f3n formal por escrito del distrito escolar y de la regional educativa.<\/p>\n\n\n\n<p>Los padres de estudiantes menores de edad deben firmar un descargo de responsabilidad, incluso si la actividad no involucra agua.<\/p>\n\n\n\n<p>Prohibici\u00f3n total de visitas a lugares con piscinas, playas, r\u00edos u otros espacios acu\u00e1ticos.<\/p>\n\n\n\n<p>Si se contrata un autob\u00fas, debe presentarse certificaci\u00f3n mec\u00e1nica que compruebe buen estado de frenos y neum\u00e1ticos.<\/p>\n\n\n\n<p>Si de un grupo de diez estudiantes solo cinco padres pueden acompa\u00f1ar, solo esos cinco ni\u00f1os deben participar.<\/p>\n\n\n\n<p>Bello advirti\u00f3 que, sin un sistema de supervisi\u00f3n que incluya polic\u00eda escolar, transporte oficial y protocolos claros, los centros quedan completamente expuestos a responsabilidades legales.<\/p>\n\n\n\n<p>&#8220;El Ministerio de Educaci\u00f3n no asumir\u00e1 responsabilidades por incidentes fuera del plantel. Cuando pasa algo, quien termina en un tribunal es el docente o el director&#8221;, sostuvo.<\/p>\n\n\n\n<p><strong>Llamado a revisar otras actividades escolares<\/strong><\/p>\n\n\n\n<p>Adem\u00e1s de las excursiones, el jurista recomend\u00f3 evaluar salidas tradicionales como desfiles, caminatas y actividades recreativas fuera del plantel.<\/p>\n\n\n\n<p>&#8220;Son actividades bonitas, pero peligrosas y no reguladas. Si algo sale mal, nadie ve lo positivo; solo se mira el da\u00f1o&#8221;, afirm\u00f3.<\/p>\n\n\n\n<p>Bello lament\u00f3 el fallecimiento de la estudiante Joseph, describiendo el caso como &#8220;doloroso, pero necesario de corregir&#8221; para evitar p\u00e9rdidas futuras.<\/p>\n\n\n\n<p>Finalmente, hizo un llamado al Minerd a establecer un marco legal claro, con reglas definidas, personal de seguridad y transporte oficial, que permita retomar las excursiones en condiciones seguras para todos los estudiantes.<\/p>\n","protected":false},"excerpt":{"rendered":"<p>Afirma que la Ley no las contempla y que el Minerd no las incluye en su calendario. La Asociaci\u00f3n Dominicana de Profesores (ADP) exhort\u00f3 este jueves a todos los centros&hellip;<\/p>\n","protected":false},"author":10,"featured_media":94167,"comment_status":"open","ping_status":"open","sticky":false,"template":"","format":"standard","meta":{"content-type":"","jetpack_post_was_ever_published":false,"_jetpack_newsletter_access":"","_jetpack_dont_email_post_to_subs":false,"_jetpack_newsletter_tier_id":0,"_jetpack_memberships_contains_paywalled_content":false,"_jetpack_memberships_contains_paid_content":false,"footnotes":""},"categories":[35],"tags":[882,1643,28213,28214,16029,3132],"class_list":["post-116907","post","type-post","status-publish","format-standard","has-post-thumbnail","hentry","category-nacionales","tag-adp","tag-detener","tag-excursiones-escolares","tag-falta-de-regulacion","tag-inmediato","tag-riesgo"],"jetpack_featured_media_url":"https:\/\/lasprimeras.com.do\/wp-content\/uploads\/2025\/02\/WhatsApp-Image-2025-02-25-at-1.54.30-PM.jpeg","jetpack-related-posts":[{"id":98668,"url":"https:\/\/lasprimeras.com.do\/index.php\/2025\/05\/09\/adp-denuncia-incumplimiento-de-sentencia-judicial-por-parte-del-minerd-en-azua\/","url_meta":{"origin":116907,"position":0},"title":"ADP denuncia incumplimiento de sentencia judicial por parte del MINERD en Azua","author":"Nelson Feliz","date":"9 de mayo de 2025","format":false,"excerpt":"El consultor jur\u00eddico de la Asociaci\u00f3n Dominicana de Profesores (ADP), doctor John Bello, denunci\u00f3 este jueves que el Ministerio de Educaci\u00f3n (MINERD) no ha cumplido con la sentencia emitida por la C\u00e1mara Civil y Comercial del Juzgado de Primera Instancia de la provincia de Azua, la cual ordena el nombramiento\u2026","rel":"","context":"En \u00abNACIONALES\u00bb","block_context":{"text":"NACIONALES","link":"https:\/\/lasprimeras.com.do\/index.php\/category\/nacionales\/"},"img":{"alt_text":"","src":"https:\/\/i0.wp.com\/lasprimeras.com.do\/wp-content\/uploads\/2025\/05\/John-Bello.jpg?resize=350%2C200&ssl=1","width":350,"height":200,"srcset":"https:\/\/i0.wp.com\/lasprimeras.com.do\/wp-content\/uploads\/2025\/05\/John-Bello.jpg?resize=350%2C200&ssl=1 1x, https:\/\/i0.wp.com\/lasprimeras.com.do\/wp-content\/uploads\/2025\/05\/John-Bello.jpg?resize=525%2C300&ssl=1 1.5x, https:\/\/i0.wp.com\/lasprimeras.com.do\/wp-content\/uploads\/2025\/05\/John-Bello.jpg?resize=700%2C400&ssl=1 2x"},"classes":[]},{"id":114842,"url":"https:\/\/lasprimeras.com.do\/index.php\/2025\/11\/17\/adp-dispone-asistencia-legal-en-favor-de-profesora-agredida-por-estudiante-en-hato-mayor\/","url_meta":{"origin":116907,"position":1},"title":"ADP dispone asistencia legal en favor de profesora agredida por estudiante en Hato Mayor","author":"Nelson Feliz","date":"17 de noviembre de 2025","format":false,"excerpt":"La Asociaci\u00f3n Dominicana de Profesores (ADP) inform\u00f3 que puso a disposici\u00f3n asistencia legal y acompa\u00f1amiento institucional para la profesora Iris Darlenys Cordero, quien result\u00f3 herida mientras intentaba intervenir en un conflicto entre estudiantes en la Escuela Primaria Catarey Adentro, en Sabana de la Mar, provincia Hato Mayor. La docente sufri\u00f3\u2026","rel":"","context":"En \u00abNACIONALES\u00bb","block_context":{"text":"NACIONALES","link":"https:\/\/lasprimeras.com.do\/index.php\/category\/nacionales\/"},"img":{"alt_text":"","src":"https:\/\/i0.wp.com\/lasprimeras.com.do\/wp-content\/uploads\/2025\/11\/ADP.jpg?resize=350%2C200&ssl=1","width":350,"height":200,"srcset":"https:\/\/i0.wp.com\/lasprimeras.com.do\/wp-content\/uploads\/2025\/11\/ADP.jpg?resize=350%2C200&ssl=1 1x, https:\/\/i0.wp.com\/lasprimeras.com.do\/wp-content\/uploads\/2025\/11\/ADP.jpg?resize=525%2C300&ssl=1 1.5x, https:\/\/i0.wp.com\/lasprimeras.com.do\/wp-content\/uploads\/2025\/11\/ADP.jpg?resize=700%2C400&ssl=1 2x"},"classes":[]},{"id":109943,"url":"https:\/\/lasprimeras.com.do\/index.php\/2025\/09\/23\/adp-defiende-la-educacion-publica-y-el-derecho-de-los-estudiantes\/","url_meta":{"origin":116907,"position":2},"title":"ADP defiende la educaci\u00f3n p\u00fablica y el derecho de los estudiantes","author":"Nelson Feliz","date":"23 de septiembre de 2025","format":false,"excerpt":"La ADP alza su voz frente a: La corrupci\u00f3n. La privatizaci\u00f3n. El abandono del sistema educativo. Los graves problemas educativos. Y propone medidas para enfrentar la crisis educativa. \u201cEl 10% de los estudiantes inscritos en escuelas p\u00fablicas no pudieron iniciar clases el 25 de agosto por falta de condiciones m\u00ednimas,\u2026","rel":"","context":"En \u00abNACIONALES\u00bb","block_context":{"text":"NACIONALES","link":"https:\/\/lasprimeras.com.do\/index.php\/category\/nacionales\/"},"img":{"alt_text":"","src":"https:\/\/i0.wp.com\/lasprimeras.com.do\/wp-content\/uploads\/2025\/09\/ADP-1.jpg?resize=350%2C200&ssl=1","width":350,"height":200,"srcset":"https:\/\/i0.wp.com\/lasprimeras.com.do\/wp-content\/uploads\/2025\/09\/ADP-1.jpg?resize=350%2C200&ssl=1 1x, https:\/\/i0.wp.com\/lasprimeras.com.do\/wp-content\/uploads\/2025\/09\/ADP-1.jpg?resize=525%2C300&ssl=1 1.5x, https:\/\/i0.wp.com\/lasprimeras.com.do\/wp-content\/uploads\/2025\/09\/ADP-1.jpg?resize=700%2C400&ssl=1 2x"},"classes":[]},{"id":53143,"url":"https:\/\/lasprimeras.com.do\/index.php\/2023\/06\/23\/presidente-de-la-adp-califica-de-desastroso-el-ano-escolar-2022-2023\/","url_meta":{"origin":116907,"position":3},"title":"Presidente de la ADP califica de desastroso el a\u00f1o escolar 2022-2023","author":"Nelson Feliz","date":"23 de junio de 2023","format":false,"excerpt":"Eduardo Hidalgo dijo que un 73% de las escuelas p\u00fablicas no existen las condiciones de infraestructura, el mobiliario y el equipamiento necesario. El presidente de la Asociaci\u00f3n Dominicana de Profesores (ADP), Eduardo Hidalgo, calific\u00f3 como desastroso el presente a\u00f1o escolar 2022-2023 que reci\u00e9n concluye, por la carencia de los recursos\u2026","rel":"","context":"En \u00abNACIONALES\u00bb","block_context":{"text":"NACIONALES","link":"https:\/\/lasprimeras.com.do\/index.php\/category\/nacionales\/"},"img":{"alt_text":"Presidente de la Asociaci\u00f3n Dominicana de Profesores (ADP), Eduardo Hidalgo.","src":"https:\/\/i0.wp.com\/lasprimeras.com.do\/wp-content\/uploads\/2023\/06\/Eduardo-Hidalgo.jpeg?resize=350%2C200&ssl=1","width":350,"height":200,"srcset":"https:\/\/i0.wp.com\/lasprimeras.com.do\/wp-content\/uploads\/2023\/06\/Eduardo-Hidalgo.jpeg?resize=350%2C200&ssl=1 1x, https:\/\/i0.wp.com\/lasprimeras.com.do\/wp-content\/uploads\/2023\/06\/Eduardo-Hidalgo.jpeg?resize=525%2C300&ssl=1 1.5x, https:\/\/i0.wp.com\/lasprimeras.com.do\/wp-content\/uploads\/2023\/06\/Eduardo-Hidalgo.jpeg?resize=700%2C400&ssl=1 2x"},"classes":[]},{"id":89819,"url":"https:\/\/lasprimeras.com.do\/index.php\/2024\/10\/06\/exigen-al-presidente-abinader-detener-embargos-a-las-cuentas-de-la-adp\/","url_meta":{"origin":116907,"position":4},"title":"Exigen al presidente Abinader detener embargos a las cuentas de la ADP","author":"Nelson Feliz","date":"6 de octubre de 2024","format":false,"excerpt":"Rechaza las maniobras legales del gobierno del PRM y reitera su compromiso con la defensa de los derechos de los maestros. La candidata a la presidencia de la Asociaci\u00f3n Dominicana de Profesores (ADP), por la Fuerza Magisterial, Adhamilka Espinal, exigi\u00f3 al presidente Luis Abinader que cesen de inmediato las acciones\u2026","rel":"","context":"En \u00abNACIONALES\u00bb","block_context":{"text":"NACIONALES","link":"https:\/\/lasprimeras.com.do\/index.php\/category\/nacionales\/"},"img":{"alt_text":"Adhamilka Espinal","src":"https:\/\/i0.wp.com\/lasprimeras.com.do\/wp-content\/uploads\/2024\/10\/Adhamilka-Espinal.jpg?resize=350%2C200&ssl=1","width":350,"height":200,"srcset":"https:\/\/i0.wp.com\/lasprimeras.com.do\/wp-content\/uploads\/2024\/10\/Adhamilka-Espinal.jpg?resize=350%2C200&ssl=1 1x, https:\/\/i0.wp.com\/lasprimeras.com.do\/wp-content\/uploads\/2024\/10\/Adhamilka-Espinal.jpg?resize=525%2C300&ssl=1 1.5x, https:\/\/i0.wp.com\/lasprimeras.com.do\/wp-content\/uploads\/2024\/10\/Adhamilka-Espinal.jpg?resize=700%2C400&ssl=1 2x"},"classes":[]},{"id":107811,"url":"https:\/\/lasprimeras.com.do\/index.php\/2025\/08\/31\/centro-educativo-en-bani-no-inicia-docencia-por-falta-de-plantel-escolar\/","url_meta":{"origin":116907,"position":5},"title":"Centro Educativo en Ban\u00ed no inicia docencia por falta de plantel escolar","author":"Nelson Feliz","date":"31 de agosto de 2025","format":false,"excerpt":"El nuevo centro escolar ten\u00eda fecha para ser entregado en el 2023. Jos\u00e9 Dicen Los alumnos que conforman la Escuela B\u00e1sica de Las Carreras, en Ban\u00ed, no iniciar\u00e1n este a\u00f1o escolar 2025-2026, debido a que el Ministerio de Educaci\u00f3n no ha cumplido con su promesa de construirles el plantel que\u2026","rel":"","context":"En \u00abNACIONALES\u00bb","block_context":{"text":"NACIONALES","link":"https:\/\/lasprimeras.com.do\/index.php\/category\/nacionales\/"},"img":{"alt_text":"","src":"https:\/\/i0.wp.com\/lasprimeras.com.do\/wp-content\/uploads\/2025\/08\/Escuela-de-Las-Carreras.jpeg?resize=350%2C200&ssl=1","width":350,"height":200,"srcset":"https:\/\/i0.wp.com\/lasprimeras.com.do\/wp-content\/uploads\/2025\/08\/Escuela-de-Las-Carreras.jpeg?resize=350%2C200&ssl=1 1x, https:\/\/i0.wp.com\/lasprimeras.com.do\/wp-content\/uploads\/2025\/08\/Escuela-de-Las-Carreras.jpeg?resize=525%2C300&ssl=1 1.5x, https:\/\/i0.wp.com\/lasprimeras.com.do\/wp-content\/uploads\/2025\/08\/Escuela-de-Las-Carreras.jpeg?resize=700%2C400&ssl=1 2x"},"classes":[]}],"jetpack_sharing_enabled":true,"_links":{"self":[{"href":"https:\/\/lasprimeras.com.do\/index.php\/wp-json\/wp\/v2\/posts\/116907","targetHints":{"allow":["GET"]}}],"collection":[{"href":"https:\/\/lasprimeras.com.do\/index.php\/wp-json\/wp\/v2\/posts"}],"about":[{"href":"https:\/\/lasprimeras.com.do\/index.php\/wp-json\/wp\/v2\/types\/post"}],"author":[{"embeddable":true,"href":"https:\/\/lasprimeras.com.do\/index.php\/wp-json\/wp\/v2\/users\/10"}],"replies":[{"embeddable":true,"href":"https:\/\/lasprimeras.com.do\/index.php\/wp-json\/wp\/v2\/comments?post=116907"}],"version-history":[{"count":1,"href":"https:\/\/lasprimeras.com.do\/index.php\/wp-json\/wp\/v2\/posts\/116907\/revisions"}],"predecessor-version":[{"id":116908,"href":"https:\/\/lasprimeras.com.do\/index.php\/wp-json\/wp\/v2\/posts\/116907\/revisions\/116908"}],"wp:featuredmedia":[{"embeddable":true,"href":"https:\/\/lasprimeras.com.do\/index.php\/wp-json\/wp\/v2\/media\/94167"}],"wp:attachment":[{"href":"https:\/\/lasprimeras.com.do\/index.php\/wp-json\/wp\/v2\/media?parent=116907"}],"wp:term":[{"taxonomy":"category","embeddable":true,"href":"https:\/\/lasprimeras.com.do\/index.php\/wp-json\/wp\/v2\/categories?post=116907"},{"taxonomy":"post_tag","embeddable":true,"href":"https:\/\/lasprimeras.com.do\/index.php\/wp-json\/wp\/v2\/tags?post=116907"}],"curies":[{"name":"wp","href":"https:\/\/api.w.org\/{rel}","templated":true}]}}