{"id":116909,"date":"2025-12-05T08:59:19","date_gmt":"2025-12-05T12:59:19","guid":{"rendered":"https:\/\/lasprimeras.com.do\/?p=116909"},"modified":"2025-12-05T08:59:20","modified_gmt":"2025-12-05T12:59:20","slug":"joven-de-18-anos-sobrevive-a-un-intento-de-asesinato-en-los-alcarrizos","status":"publish","type":"post","link":"https:\/\/lasprimeras.com.do\/index.php\/2025\/12\/05\/joven-de-18-anos-sobrevive-a-un-intento-de-asesinato-en-los-alcarrizos\/","title":{"rendered":"Joven de 18 a\u00f1os sobrevive a un intento de asesinato en Los Alcarrizos"},"content":{"rendered":"\n<p><strong>La familia de la joven se\u00f1ala a Nando Ram\u00edrez, su expareja, de haber intentado matarla.<\/strong><\/p>\n\n\n\n<p>Eran alrededor de las 11:00 de la ma\u00f1ana del 27 de noviembre de este a\u00f1o cuando Maytel P., de 18 a\u00f1os, dorm\u00eda en la habitaci\u00f3n de su vivienda en el sector Nuevo Amanecer, en el municipio Los Alcarrizos.<\/p>\n\n\n\n<p>No imaginaba que minutos despu\u00e9s iba a ser despertada a cuchilladas a manos, alegadamente, de su expareja Nando Ram\u00edrez Soto, quien, seg\u00fan familiares, llevaba meses neg\u00e1ndose a aceptar el fin de la relaci\u00f3n.<\/p>\n\n\n\n<p>&#8220;\u00c9l no se resignaba. Ella termin\u00f3 con \u00e9l hace cinco meses, pero \u00e9l siempre estaba rondando, insistiendo&#8221;, cuenta su hermana Eugenia Garc\u00eda. Luego del intento de asesinato, el hombre se dio a la fuga.<\/p>\n\n\n\n<p>Seg\u00fan Eugenia, ese d\u00eda Maytel estaba descansando cuando Nando entr\u00f3 a la habitaci\u00f3n con un arma blanca. &#8220;La primera (estocada) se la dio en el cuello. Cuando ella brinc\u00f3 de la cama, \u00e9l le dio otra en el brazo y comenz\u00f3 a tratar de ahorcarla&#8221;, narra.<\/p>\n\n\n\n<p>La joven logr\u00f3 escapar por la escalera del edificio y lleg\u00f3 hasta la casa de una amiga, quien la traslad\u00f3 al centro m\u00e9dico.<\/p>\n\n\n\n<p>Actualmente, Maytel contin\u00faa ingresada. Aunque hab\u00eda sido dada de alta, tuvo que ser hospitalizada nuevamente debido a complicaciones.<\/p>\n\n\n\n<p><strong>Una conducta premeditada<\/strong><\/p>\n\n\n\n<p>Vecinos relataron que, antes de atacar a Maytel, Nando habr\u00eda estado hablando con un barbero de la zona \u2014quien pidi\u00f3 mantenerse en el anonimato\u2014 como si nada hubiera ocurrido.<\/p>\n\n\n\n<p>&#8220;\u00c9l incluso dijo que iba a matar a Maytel y luego matarse \u00e9l&#8221;, dijo la fuente.<\/p>\n\n\n\n<p>Minutos antes del ataque, pidi\u00f3 a un vecino que subiera la m\u00fasica. Le dijo que la canci\u00f3n le gustaba mucho. Lo que se presume es que era para evitar que se escucharan los gritos de auxilio de la joven.<\/p>\n\n\n\n<p>Seg\u00fan la familia, el agresor tambi\u00e9n habr\u00eda ido donde una vecina a la que le pidi\u00f3 un cuchillo &#8220;para picar una carne&#8221;, aunque finalmente utiliz\u00f3 otro. La familia pide ayuda para lograr el arresto del presunto agresor.<\/p>\n\n\n\n<p><strong>La familia pide ayuda<\/strong><\/p>\n\n\n\n<p>&#8220;Esperemos en Dios que nos ayuden a encontrarlo, porque de verdad ya no aguantamos m\u00e1s&#8221;, expres\u00f3 Eugenia, con la voz entrecortada.<\/p>\n\n\n\n<p>La familia pide apoyo para que el caso no quede impune y que Maytel, quien lucha por recuperarse, reciba justicia.<\/p>\n\n\n\n<p>Fuente Diario Libre<\/p>\n","protected":false},"excerpt":{"rendered":"<p>La familia de la joven se\u00f1ala a Nando Ram\u00edrez, su expareja, de haber intentado matarla. Eran alrededor de las 11:00 de la ma\u00f1ana del 27 de noviembre de este a\u00f1o&hellip;<\/p>\n","protected":false},"author":10,"featured_media":116910,"comment_status":"open","ping_status":"open","sticky":false,"template":"","format":"standard","meta":{"content-type":"","jetpack_post_was_ever_published":false,"_jetpack_newsletter_access":"","_jetpack_dont_email_post_to_subs":false,"_jetpack_newsletter_tier_id":0,"_jetpack_memberships_contains_paywalled_content":false,"_jetpack_memberships_contains_paid_content":false,"footnotes":""},"categories":[35],"tags":[771,28216,418,28215,66,18031],"class_list":["post-116909","post","type-post","status-publish","format-standard","has-post-thumbnail","hentry","category-nacionales","tag-asesinato","tag-historia-de-maytel","tag-intento","tag-joven-de-18-anos","tag-los-alcarrizos","tag-sobrevive"],"jetpack_featured_media_url":"https:\/\/lasprimeras.com.do\/wp-content\/uploads\/2025\/12\/joven-se-encontraba-en-su-vivienda.jpg","jetpack-related-posts":[{"id":120316,"url":"https:\/\/lasprimeras.com.do\/index.php\/2026\/01\/21\/cable-de-alta-tension-mata-joven-en-los-alcarrizos\/","url_meta":{"origin":116909,"position":0},"title":"Cable de alta tensi\u00f3n mata joven en Los Alcarrizos","author":"Nelson Feliz","date":"21 de enero de 2026","format":false,"excerpt":"Un joven de 23 a\u00f1os falleci\u00f3 electrocutado luego de que un transformador el\u00e9ctrico explotara y un cable de alta tensi\u00f3n cayera sobre \u00e9l, en Los Alcarrizos. El hecho ocurri\u00f3 en la calle Tuc\u00e1n del sector Juanita, conocido como los \u201cAmericanos\u201d, justo detr\u00e1s del destacamento policial del mismo nombre. Al lugar\u2026","rel":"","context":"En \u00abNACIONALES\u00bb","block_context":{"text":"NACIONALES","link":"https:\/\/lasprimeras.com.do\/index.php\/category\/nacionales\/"},"img":{"alt_text":"Cable de alta tensi\u00f3n mata joven en Los Alcarrizos","src":"https:\/\/i0.wp.com\/lasprimeras.com.do\/wp-content\/uploads\/2026\/01\/Cable-de-alta-tension-mata-joven-en-Los-Alcarrizos.jpg?resize=350%2C200&ssl=1","width":350,"height":200,"srcset":"https:\/\/i0.wp.com\/lasprimeras.com.do\/wp-content\/uploads\/2026\/01\/Cable-de-alta-tension-mata-joven-en-Los-Alcarrizos.jpg?resize=350%2C200&ssl=1 1x, https:\/\/i0.wp.com\/lasprimeras.com.do\/wp-content\/uploads\/2026\/01\/Cable-de-alta-tension-mata-joven-en-Los-Alcarrizos.jpg?resize=525%2C300&ssl=1 1.5x, https:\/\/i0.wp.com\/lasprimeras.com.do\/wp-content\/uploads\/2026\/01\/Cable-de-alta-tension-mata-joven-en-Los-Alcarrizos.jpg?resize=700%2C400&ssl=1 2x"},"classes":[]},{"id":98907,"url":"https:\/\/lasprimeras.com.do\/index.php\/2025\/05\/14\/joven-muere-al-intentar-salvar-a-dos-ninos-arrastrados-por-la-corriente-del-rio-haina\/","url_meta":{"origin":116909,"position":1},"title":"Joven muere al intentar salvar a dos ni\u00f1os arrastrados por la corriente del r\u00edo Haina","author":"Nelson Feliz","date":"14 de mayo de 2025","format":false,"excerpt":"Una tragedia sacudi\u00f3 la comunidad de Lecher\u00eda, en el municipio de Los Alcarrizos, el pasado lunes, cuando el joven Juan Ernesto Santiago perdi\u00f3 la vida, mientras intentaba rescatar a dos menores que eran arrastrados por la fuerte corriente del r\u00edo Haina. De los dos ni\u00f1os involucrados en el incidente, solo\u2026","rel":"","context":"En \u00abNACIONALES\u00bb","block_context":{"text":"NACIONALES","link":"https:\/\/lasprimeras.com.do\/index.php\/category\/nacionales\/"},"img":{"alt_text":"","src":"","width":0,"height":0},"classes":[]},{"id":75601,"url":"https:\/\/lasprimeras.com.do\/index.php\/2024\/02\/02\/condenan-a-40-anos-a-hombre-mato-a-su-expareja-y-disparo-contra-sus-dos-hijos\/","url_meta":{"origin":116909,"position":2},"title":"Condenan a 40 a\u00f1os a hombre mat\u00f3 a su expareja y dispar\u00f3 contra sus dos hijos","author":"Nelson Feliz","date":"2 de febrero de 2024","format":false,"excerpt":"Por Roberto P\u00e9rez El Tercer Tribunal Colegiado de Santiago, acogi\u00f3 a unanimidad la solicitud del Ministerio P\u00fablico y conden\u00f3 a 40 a\u00f1os de c\u00e1rcel a un hombre que asesin\u00f3 de su expareja, al asestarle un disparo en la frente en momentos en los que penetr\u00f3 a la residencia de la\u2026","rel":"","context":"En \u00abJUSTICIA\u00bb","block_context":{"text":"JUSTICIA","link":"https:\/\/lasprimeras.com.do\/index.php\/category\/justicia\/"},"img":{"alt_text":"condenado","src":"https:\/\/i0.wp.com\/lasprimeras.com.do\/wp-content\/uploads\/2024\/02\/condenado.jpg?resize=350%2C200&ssl=1","width":350,"height":200,"srcset":"https:\/\/i0.wp.com\/lasprimeras.com.do\/wp-content\/uploads\/2024\/02\/condenado.jpg?resize=350%2C200&ssl=1 1x, https:\/\/i0.wp.com\/lasprimeras.com.do\/wp-content\/uploads\/2024\/02\/condenado.jpg?resize=525%2C300&ssl=1 1.5x"},"classes":[]},{"id":103132,"url":"https:\/\/lasprimeras.com.do\/index.php\/2025\/07\/11\/joven-denuncia-abuso-y-agresion-de-su-expareja-pese-a-orden-de-alejamiento-video\/","url_meta":{"origin":116909,"position":3},"title":"Joven denuncia abuso y agresi\u00f3n de su expareja pese a orden de alejamiento \/ Video","author":"Nelson Feliz","date":"11 de julio de 2025","format":false,"excerpt":"Una joven identificada como Deedel Franchesca Castillo S\u00e1nchez ha denunciado ser v\u00edctima de agresiones f\u00edsicas y acoso constante por parte de su expareja, Osvaldo D\u00edaz Ram\u00f3n, en Santo Domingo, Distrito Nacional. Seg\u00fan documentos oficiales emitidos por la Fiscal\u00eda Comunitaria Mar\u00eda Auxiliadora, existe una orden de protecci\u00f3n provisional que proh\u00edbe al\u2026","rel":"","context":"En \u00abNACIONALES\u00bb","block_context":{"text":"NACIONALES","link":"https:\/\/lasprimeras.com.do\/index.php\/category\/nacionales\/"},"img":{"alt_text":"","src":"https:\/\/i0.wp.com\/lasprimeras.com.do\/wp-content\/uploads\/2025\/07\/Captura.jpg?resize=350%2C200&ssl=1","width":350,"height":200},"classes":[]},{"id":60374,"url":"https:\/\/lasprimeras.com.do\/index.php\/2023\/09\/13\/aplazan-medida-de-coercion-contra-implicados-en-cuadruple-asesinato-en-dajabon\/","url_meta":{"origin":116909,"position":4},"title":"Aplazan medida de coerci\u00f3n contra implicados en cu\u00e1druple asesinato en Dajab\u00f3n","author":"Nelson Feliz","date":"13 de septiembre de 2023","format":false,"excerpt":"El conocimiento de la medida se realizar\u00e1 el pr\u00f3ximo lunes 18 del corriente mes, en el Palacio de Justicia de la referida provincia. El Tribunal de la Oficina Judicial de Servicios de Atenci\u00f3n Permanente de Dajab\u00f3n aplaz\u00f3 el conocimiento de la medida de coerci\u00f3n contra los seis miembros de una\u2026","rel":"","context":"En \u00abJUSTICIA\u00bb","block_context":{"text":"JUSTICIA","link":"https:\/\/lasprimeras.com.do\/index.php\/category\/justicia\/"},"img":{"alt_text":"Imputados trasladados","src":"https:\/\/i0.wp.com\/lasprimeras.com.do\/wp-content\/uploads\/2023\/09\/Imputados-trasladados.jpeg?resize=350%2C200&ssl=1","width":350,"height":200,"srcset":"https:\/\/i0.wp.com\/lasprimeras.com.do\/wp-content\/uploads\/2023\/09\/Imputados-trasladados.jpeg?resize=350%2C200&ssl=1 1x, https:\/\/i0.wp.com\/lasprimeras.com.do\/wp-content\/uploads\/2023\/09\/Imputados-trasladados.jpeg?resize=525%2C300&ssl=1 1.5x, https:\/\/i0.wp.com\/lasprimeras.com.do\/wp-content\/uploads\/2023\/09\/Imputados-trasladados.jpeg?resize=700%2C400&ssl=1 2x"},"classes":[]},{"id":123382,"url":"https:\/\/lasprimeras.com.do\/index.php\/2026\/02\/28\/eco5rd-realiza-amplio-operativo-de-limpieza-en-los-alcarrizos-y-santo-domingo-oeste\/","url_meta":{"origin":116909,"position":5},"title":"Eco5RD realiza amplio operativo de limpieza en Los Alcarrizos y Santo Domingo Oeste","author":"Nelson Feliz","date":"28 de febrero de 2026","format":false,"excerpt":"La Unidad Ejecutora de la Presidencia de la Rep\u00fablica, Eco5RD, inici\u00f3 la pasada semana un amplio operativo de limpieza en los municipios Los Alcarrizos y Santo Domingo Oeste, donde se han recolectado m\u00e1s de 454 toneladas de residuos s\u00f3lidos. La intervenci\u00f3n se desarrolla en el marco de los trabajos previos\u2026","rel":"","context":"En \u00abNACIONALES\u00bb","block_context":{"text":"NACIONALES","link":"https:\/\/lasprimeras.com.do\/index.php\/category\/nacionales\/"},"img":{"alt_text":"Eco5RD","src":"https:\/\/i0.wp.com\/lasprimeras.com.do\/wp-content\/uploads\/2026\/02\/Eco5RD.jpg?resize=350%2C200&ssl=1","width":350,"height":200,"srcset":"https:\/\/i0.wp.com\/lasprimeras.com.do\/wp-content\/uploads\/2026\/02\/Eco5RD.jpg?resize=350%2C200&ssl=1 1x, https:\/\/i0.wp.com\/lasprimeras.com.do\/wp-content\/uploads\/2026\/02\/Eco5RD.jpg?resize=525%2C300&ssl=1 1.5x, https:\/\/i0.wp.com\/lasprimeras.com.do\/wp-content\/uploads\/2026\/02\/Eco5RD.jpg?resize=700%2C400&ssl=1 2x"},"classes":[]}],"jetpack_sharing_enabled":true,"_links":{"self":[{"href":"https:\/\/lasprimeras.com.do\/index.php\/wp-json\/wp\/v2\/posts\/116909","targetHints":{"allow":["GET"]}}],"collection":[{"href":"https:\/\/lasprimeras.com.do\/index.php\/wp-json\/wp\/v2\/posts"}],"about":[{"href":"https:\/\/lasprimeras.com.do\/index.php\/wp-json\/wp\/v2\/types\/post"}],"author":[{"embeddable":true,"href":"https:\/\/lasprimeras.com.do\/index.php\/wp-json\/wp\/v2\/users\/10"}],"replies":[{"embeddable":true,"href":"https:\/\/lasprimeras.com.do\/index.php\/wp-json\/wp\/v2\/comments?post=116909"}],"version-history":[{"count":1,"href":"https:\/\/lasprimeras.com.do\/index.php\/wp-json\/wp\/v2\/posts\/116909\/revisions"}],"predecessor-version":[{"id":116911,"href":"https:\/\/lasprimeras.com.do\/index.php\/wp-json\/wp\/v2\/posts\/116909\/revisions\/116911"}],"wp:featuredmedia":[{"embeddable":true,"href":"https:\/\/lasprimeras.com.do\/index.php\/wp-json\/wp\/v2\/media\/116910"}],"wp:attachment":[{"href":"https:\/\/lasprimeras.com.do\/index.php\/wp-json\/wp\/v2\/media?parent=116909"}],"wp:term":[{"taxonomy":"category","embeddable":true,"href":"https:\/\/lasprimeras.com.do\/index.php\/wp-json\/wp\/v2\/categories?post=116909"},{"taxonomy":"post_tag","embeddable":true,"href":"https:\/\/lasprimeras.com.do\/index.php\/wp-json\/wp\/v2\/tags?post=116909"}],"curies":[{"name":"wp","href":"https:\/\/api.w.org\/{rel}","templated":true}]}}