{"id":116929,"date":"2025-12-05T11:29:50","date_gmt":"2025-12-05T15:29:50","guid":{"rendered":"https:\/\/lasprimeras.com.do\/?p=116929"},"modified":"2025-12-05T11:29:51","modified_gmt":"2025-12-05T15:29:51","slug":"celebran-en-ny-hispanisimo-2025","status":"publish","type":"post","link":"https:\/\/lasprimeras.com.do\/index.php\/2025\/12\/05\/celebran-en-ny-hispanisimo-2025\/","title":{"rendered":"Celebran en NY Hispan\u00edsimo 2025"},"content":{"rendered":"\n<p>Por Ram\u00f3n Mercedes<\/p>\n\n\n\n<p>NUEVA YORK.- El evento el Hispan\u00edsimo 2025 se consolid\u00f3 como una de las celebraciones culturales m\u00e1s importantes del a\u00f1o, uniendo a millones de espectadores en una experiencia \u00fanica que exalta el orgullo, la historia y el talento de la comunidad hispana en todo el continente.<\/p>\n\n\n\n<p>La magna producci\u00f3n logr\u00f3 lo que pocas iniciativas han alcanzado, reunir en un mismo escenario a artistas, acad\u00e9micos, gestores culturales y figuras internacionales para honrar la grandeza de nuestra identidad.<\/p>\n\n\n\n<p>El Hispan\u00edsimo se transmiti\u00f3 recientemente en directo por Canal Am\u00e9rica 1014 Optimum para los Estados Unidos, por YouTube para Colombia, Ecuador, Bolivia, Rep\u00fablica Dominicana y Argentina, consolid\u00e1ndose como el disfrute pleno de culturas.<\/p>\n\n\n\n<p>Esta edici\u00f3n cont\u00f3 con una lujosa representaci\u00f3n de pa\u00edses como Honduras, con la directora del Instituto de Turismo, doctora Helen Montoya Licona; el prol\u00edfico cantautor colombiano Gabriel Carmona (GECA); la impactante dise\u00f1adora de bolsos Liz S\u00e1nchez; el colombo-franc\u00e9s Vanny Jordan.<\/p>\n\n\n\n<p>Asimismo, la reconocida soci\u00f3loga del Caribe, doctora Rasa D\u00edaz de Paniagua; y el maestro de las artes pl\u00e1sticas Leonardo Aguaslimpias.<\/p>\n\n\n\n<p>Hispan\u00edsimo es el producto digital-televisivo nutrido con los m\u00e1s sobresalientes artistas y personajes de talla mundial, que hoy ocupan lugares de privilegio en las grandes masas hispanas.<\/p>\n\n\n\n<p>Liderado por Carlos Vel\u00e1squez, asesor de grandes marcas y organizaciones c\u00edvico-sociales, el proyecto ha logrado posicionarse como una plataforma de representaci\u00f3n digna, diversa y culturalmente enriquecedora.<\/p>\n\n\n\n<p>Su equipo, compuesto por profesionales de alt\u00edsima calidad, ejecuta una labor f\u00edlmica impecable que contribuye a la salud mental, emocional y art\u00edstica de los pueblos hispanos.<\/p>\n","protected":false},"excerpt":{"rendered":"<p>Por Ram\u00f3n Mercedes NUEVA YORK.- El evento el Hispan\u00edsimo 2025 se consolid\u00f3 como una de las celebraciones culturales m\u00e1s importantes del a\u00f1o, uniendo a millones de espectadores en una experiencia&hellip;<\/p>\n","protected":false},"author":10,"featured_media":116930,"comment_status":"open","ping_status":"open","sticky":false,"template":"","format":"standard","meta":{"content-type":"","jetpack_post_was_ever_published":false,"_jetpack_newsletter_access":"","_jetpack_dont_email_post_to_subs":false,"_jetpack_newsletter_tier_id":0,"_jetpack_memberships_contains_paywalled_content":false,"_jetpack_memberships_contains_paid_content":false,"footnotes":""},"categories":[25580],"tags":[28221],"class_list":["post-116929","post","type-post","status-publish","format-standard","has-post-thumbnail","hentry","category-la-voz-de-la-diaspora","tag-celebran-en-ny-hispanisimo-2025"],"jetpack_featured_media_url":"https:\/\/lasprimeras.com.do\/wp-content\/uploads\/2025\/12\/Celebran-en-NY-Hispanisimo-2025.jpg","jetpack-related-posts":[{"id":92499,"url":"https:\/\/lasprimeras.com.do\/index.php\/2025\/01\/05\/entregaran-reconocimientos-en-el-marco-del-premio-nacional-de-la-juventud-2025-en-ny\/","url_meta":{"origin":116929,"position":0},"title":"Entregar\u00e1n reconocimientos en el marco del Premio Nacional de la Juventud 2025 en NY","author":"Nelson Feliz","date":"5 de enero de 2025","format":false,"excerpt":"El Ministerio de la Juventud de la Rep\u00fablica Dominicana y el Consulado Dominicano en New York Por Aquiles Rojas NUEVA YORK. - El Ministerio de la Juventud y el Consulado General de la Rep\u00fablica Dominicana en Nueva York realizar\u00e1n su entrega anual del Premio Internacional con motivo del D\u00eda Nacional\u2026","rel":"","context":"En \u00abINTERNACIONALES\u00bb","block_context":{"text":"INTERNACIONALES","link":"https:\/\/lasprimeras.com.do\/index.php\/category\/sin-categoria\/internacionales\/"},"img":{"alt_text":"Premio Internacional","src":"https:\/\/i0.wp.com\/lasprimeras.com.do\/wp-content\/uploads\/2025\/01\/Premio-Internacional.jpg?resize=350%2C200&ssl=1","width":350,"height":200,"srcset":"https:\/\/i0.wp.com\/lasprimeras.com.do\/wp-content\/uploads\/2025\/01\/Premio-Internacional.jpg?resize=350%2C200&ssl=1 1x, https:\/\/i0.wp.com\/lasprimeras.com.do\/wp-content\/uploads\/2025\/01\/Premio-Internacional.jpg?resize=525%2C300&ssl=1 1.5x"},"classes":[]},{"id":98310,"url":"https:\/\/lasprimeras.com.do\/index.php\/2025\/05\/06\/club-de-leones-ny-highbridge-celebrara-gala-pro-fondo-proveer-protesis-adultos-rd\/","url_meta":{"origin":116929,"position":1},"title":"Club de Leones NY-Highbridge celebrar\u00e1 Gala pro-fondo proveer pr\u00f3tesis adultos RD","author":"Nelson Feliz","date":"6 de mayo de 2025","format":false,"excerpt":"Por Ram\u00f3n Mercedes NUEVA YORK.- El Club de Leones New York Highbridge en esta ciudad celebrar\u00e1 su Gala Anual pro-fondo para proveer pr\u00f3tesis de pierna a personas adultas en la Rep\u00fablica Dominicana. El evento ser\u00e1 este viernes en el restaurant Caridad, ubicado en el 135 W. de Kingsbridge RD. esquina\u2026","rel":"","context":"En \u00abECONOM\u00cdA\u00bb","block_context":{"text":"ECONOM\u00cdA","link":"https:\/\/lasprimeras.com.do\/index.php\/category\/economia\/"},"img":{"alt_text":"","src":"https:\/\/i0.wp.com\/lasprimeras.com.do\/wp-content\/uploads\/2025\/05\/WhatsApp-Image-2025-05-06-at-5.22.38-AM.jpeg?resize=350%2C200&ssl=1","width":350,"height":200},"classes":[]},{"id":108898,"url":"https:\/\/lasprimeras.com.do\/index.php\/2025\/09\/11\/dominicana-estara-en-evento-latinos-en-times-square-para-celebrar-mes-de-la-herencia-hispana\/","url_meta":{"origin":116929,"position":2},"title":"Dominicana estar\u00e1 en evento \u00abLatinos en Times Square\u00bb para celebrar Mes de la Herencia Hispana","author":"Nelson Feliz","date":"11 de septiembre de 2025","format":false,"excerpt":"https:\/\/www.youtube.com\/watch?v=LS7LiIWe1zM Por Ram\u00f3n Mercedes NUEVA YORK.- El comisionado del Departamento de Transporte de esta ciudad (DOT-NY), Ydanis Rodr\u00edguez, dio a conocer los detalles del evento \u201cLatinos en Times Square\u201d el pr\u00f3ximo martes 16 de septiembre; una celebraci\u00f3n sobre las contribuciones y la diversidad de la cultura latina que marca el\u2026","rel":"","context":"En \u00abINTERNACIONALES\u00bb","block_context":{"text":"INTERNACIONALES","link":"https:\/\/lasprimeras.com.do\/index.php\/category\/sin-categoria\/internacionales\/"},"img":{"alt_text":"","src":"https:\/\/i0.wp.com\/lasprimeras.com.do\/wp-content\/uploads\/2025\/09\/WhatsApp-Image-2025-09-11-at-6.03.50-AM.jpeg?resize=350%2C200&ssl=1","width":350,"height":200,"srcset":"https:\/\/i0.wp.com\/lasprimeras.com.do\/wp-content\/uploads\/2025\/09\/WhatsApp-Image-2025-09-11-at-6.03.50-AM.jpeg?resize=350%2C200&ssl=1 1x, https:\/\/i0.wp.com\/lasprimeras.com.do\/wp-content\/uploads\/2025\/09\/WhatsApp-Image-2025-09-11-at-6.03.50-AM.jpeg?resize=525%2C300&ssl=1 1.5x, https:\/\/i0.wp.com\/lasprimeras.com.do\/wp-content\/uploads\/2025\/09\/WhatsApp-Image-2025-09-11-at-6.03.50-AM.jpeg?resize=700%2C400&ssl=1 2x"},"classes":[]},{"id":99822,"url":"https:\/\/lasprimeras.com.do\/index.php\/2025\/05\/27\/team-kennedy-se-corona-campeon-en-ny-durante-el-torneo-sling-afuetiao-2025\/","url_meta":{"origin":116929,"position":3},"title":"Team Kennedy se corona campe\u00f3n en NY durante el Torneo Sling Afuetiao 2025","author":"Nelson Feliz","date":"27 de mayo de 2025","format":false,"excerpt":"Por Ram\u00f3n Mercedes NUEVA YORK.- El Team Kennedy result\u00f3 ganador del Torneo Sling Afuetiao 2025 celebrado el pasado fin de semana en esta ciudad, organizado por la Asociaci\u00f3n Dominicana de Softball de NY, que preside el deportista y empresario Roberto Rojas. El encuentro internacional reuni\u00f3 a los mejores exponentes de\u2026","rel":"","context":"En \u00abDEPORTES\u00bb","block_context":{"text":"DEPORTES","link":"https:\/\/lasprimeras.com.do\/index.php\/category\/deportes\/"},"img":{"alt_text":"Team Kennedy se corona campe\u00f3n en NY durante el Torneo Sling Afuetiao 2025","src":"https:\/\/i0.wp.com\/lasprimeras.com.do\/wp-content\/uploads\/2025\/05\/WhatsApp-Image-2025-05-27-at-6.32.06-AM.jpeg?resize=350%2C200&ssl=1","width":350,"height":200,"srcset":"https:\/\/i0.wp.com\/lasprimeras.com.do\/wp-content\/uploads\/2025\/05\/WhatsApp-Image-2025-05-27-at-6.32.06-AM.jpeg?resize=350%2C200&ssl=1 1x, https:\/\/i0.wp.com\/lasprimeras.com.do\/wp-content\/uploads\/2025\/05\/WhatsApp-Image-2025-05-27-at-6.32.06-AM.jpeg?resize=525%2C300&ssl=1 1.5x"},"classes":[]},{"id":100498,"url":"https:\/\/lasprimeras.com.do\/index.php\/2025\/06\/07\/reverendo-diaz-efectua-tradicional-abrazo-boricua-en-ny-asisten-cientos-dominicanos\/","url_meta":{"origin":116929,"position":4},"title":"Reverendo D\u00edaz efect\u00faa tradicional \u00abAbrazo Boricua en NY\u00bb; asisten cientos dominicanos","author":"Nelson Feliz","date":"7 de junio de 2025","format":false,"excerpt":"Por Ram\u00f3n Mercedes NUEVA YORK.- El reverendo Rub\u00e9n D\u00edaz, quien preside la organizaci\u00f3n \u00abMinistros Hispanos en NY\u00bb efectu\u00f3 el pasado jueves el tradicional \u00abDesayuno Boricua en NY\u00bb con la asistencia de cientos de puertorrique\u00f1os y dominicanos, entre otras etnias. El evento encaja en una tradici\u00f3n esperada anualmente dentro del calendario\u2026","rel":"","context":"En \u00abINTERNACIONALES\u00bb","block_context":{"text":"INTERNACIONALES","link":"https:\/\/lasprimeras.com.do\/index.php\/category\/sin-categoria\/internacionales\/"},"img":{"alt_text":"","src":"https:\/\/i0.wp.com\/lasprimeras.com.do\/wp-content\/uploads\/2025\/06\/WhatsApp-Image-2025-06-07-at-8.56.12-AM.jpeg?resize=350%2C200&ssl=1","width":350,"height":200,"srcset":"https:\/\/i0.wp.com\/lasprimeras.com.do\/wp-content\/uploads\/2025\/06\/WhatsApp-Image-2025-06-07-at-8.56.12-AM.jpeg?resize=350%2C200&ssl=1 1x, https:\/\/i0.wp.com\/lasprimeras.com.do\/wp-content\/uploads\/2025\/06\/WhatsApp-Image-2025-06-07-at-8.56.12-AM.jpeg?resize=525%2C300&ssl=1 1.5x, https:\/\/i0.wp.com\/lasprimeras.com.do\/wp-content\/uploads\/2025\/06\/WhatsApp-Image-2025-06-07-at-8.56.12-AM.jpeg?resize=700%2C400&ssl=1 2x"},"classes":[]},{"id":99164,"url":"https:\/\/lasprimeras.com.do\/index.php\/2025\/05\/18\/estebania-celebra-sus-fiestas-patronales\/","url_meta":{"origin":116929,"position":5},"title":"Esteban\u00eda celebra sus Fiestas Patronales","author":"Nelson Feliz","date":"18 de mayo de 2025","format":false,"excerpt":"El municipio de Esteban\u00eda da inicio a sus esperadas Fiestas Patronales 2025. Este a\u00f1o la comunidad reconoce el compromiso y la dedicaci\u00f3n de su alcaldesa, Manuela Ortiz, cuya gesti\u00f3n ha sido clave para fortalecer el bienestar colectivo del pueblo. Desde el inicio de su mandato, la alcaldesa Ortiz ha impulsado\u2026","rel":"","context":"En \u00abENTRETENIMIENTO\u00bb","block_context":{"text":"ENTRETENIMIENTO","link":"https:\/\/lasprimeras.com.do\/index.php\/category\/entretenimiento\/"},"img":{"alt_text":"","src":"https:\/\/i0.wp.com\/lasprimeras.com.do\/wp-content\/uploads\/2025\/05\/Manuela-Ortiz.jpg?resize=350%2C200&ssl=1","width":350,"height":200,"srcset":"https:\/\/i0.wp.com\/lasprimeras.com.do\/wp-content\/uploads\/2025\/05\/Manuela-Ortiz.jpg?resize=350%2C200&ssl=1 1x, https:\/\/i0.wp.com\/lasprimeras.com.do\/wp-content\/uploads\/2025\/05\/Manuela-Ortiz.jpg?resize=525%2C300&ssl=1 1.5x, https:\/\/i0.wp.com\/lasprimeras.com.do\/wp-content\/uploads\/2025\/05\/Manuela-Ortiz.jpg?resize=700%2C400&ssl=1 2x"},"classes":[]}],"jetpack_sharing_enabled":true,"_links":{"self":[{"href":"https:\/\/lasprimeras.com.do\/index.php\/wp-json\/wp\/v2\/posts\/116929","targetHints":{"allow":["GET"]}}],"collection":[{"href":"https:\/\/lasprimeras.com.do\/index.php\/wp-json\/wp\/v2\/posts"}],"about":[{"href":"https:\/\/lasprimeras.com.do\/index.php\/wp-json\/wp\/v2\/types\/post"}],"author":[{"embeddable":true,"href":"https:\/\/lasprimeras.com.do\/index.php\/wp-json\/wp\/v2\/users\/10"}],"replies":[{"embeddable":true,"href":"https:\/\/lasprimeras.com.do\/index.php\/wp-json\/wp\/v2\/comments?post=116929"}],"version-history":[{"count":1,"href":"https:\/\/lasprimeras.com.do\/index.php\/wp-json\/wp\/v2\/posts\/116929\/revisions"}],"predecessor-version":[{"id":116931,"href":"https:\/\/lasprimeras.com.do\/index.php\/wp-json\/wp\/v2\/posts\/116929\/revisions\/116931"}],"wp:featuredmedia":[{"embeddable":true,"href":"https:\/\/lasprimeras.com.do\/index.php\/wp-json\/wp\/v2\/media\/116930"}],"wp:attachment":[{"href":"https:\/\/lasprimeras.com.do\/index.php\/wp-json\/wp\/v2\/media?parent=116929"}],"wp:term":[{"taxonomy":"category","embeddable":true,"href":"https:\/\/lasprimeras.com.do\/index.php\/wp-json\/wp\/v2\/categories?post=116929"},{"taxonomy":"post_tag","embeddable":true,"href":"https:\/\/lasprimeras.com.do\/index.php\/wp-json\/wp\/v2\/tags?post=116929"}],"curies":[{"name":"wp","href":"https:\/\/api.w.org\/{rel}","templated":true}]}}