{"id":116932,"date":"2025-12-05T11:40:48","date_gmt":"2025-12-05T15:40:48","guid":{"rendered":"https:\/\/lasprimeras.com.do\/?p=116932"},"modified":"2025-12-05T11:40:50","modified_gmt":"2025-12-05T15:40:50","slug":"llama-dominicanos-seguir-apoyo-a-leonel-para-garantizar-triunfo-arrollador-y-rd-vuelva-a-la-normalidad","status":"publish","type":"post","link":"https:\/\/lasprimeras.com.do\/index.php\/2025\/12\/05\/llama-dominicanos-seguir-apoyo-a-leonel-para-garantizar-triunfo-arrollador-y-rd-vuelva-a-la-normalidad\/","title":{"rendered":"Llama dominicanos seguir apoyo a Leonel para garantizar triunfo arrollador y RD vuelva a la normalidad"},"content":{"rendered":"\n<p>Por Ram\u00f3n Mercedes<\/p>\n\n\n\n<p>NUEVA YORK.- El presidente del activo movimiento pol\u00edtico en esta ciudad \u00abAmigos de Leonel\u00bb, que preside el empresario Jaime Vargas, exhorta a los dominicanos, tanto en dominicana como en el exterior, seguir apoyando al ex presidente Leonel Fern\u00e1ndez para garantizarle un triunfo arrollador en las elecciones del 2028 y as\u00ed el pa\u00eds pueda volver a la normalidad.<\/p>\n\n\n\n<p>Vargas expresa que su exhortaci\u00f3n es por el propio beneficio de los quisqueyanos, porque siendo Leonel presidente tendr\u00e1n que invertir menos dinero y\/o enviar menos cantidad en remesas a RD para los alimentos, pagos de facturaciones estramb\u00f3ticas de electricidad y otros deterioros de los servicios p\u00fablicos.<\/p>\n\n\n\n<p>Asegur\u00f3 que el pueblo quiere y respalda al presidente de la Fuerza del Pueblo (FP), demostrado con el multitudinario \u00e9xito de la \u00abMarcha del Pueblo\u00bb, el pasado 30 de noviembre en la capital dominicana.<\/p>\n\n\n\n<p>Est\u00e1 claro que el pueblo en RD est\u00e1 exigiendo soluciones reales ante la crisis econ\u00f3mica, social y de servicios p\u00fablicos que afecta al pa\u00eds bajo la administraci\u00f3n del Partido Revolucionario Moderno (PRM).<\/p>\n\n\n\n<p>El l\u00edder comunitario dominicano en la Gran Manzana sostiene que la \u00abMarcha del Pueblo\u00bb fue una manifestaci\u00f3n de conciencia, dignidad y defensa de los sectores que hoy sufren por la falta de pol\u00edticas efectivas. \u00abLa gente habl\u00f3 y habl\u00f3 en grande\u00bb. \u00abNo se puede ignorar la voz de un pa\u00eds completo\u00bb, precis\u00f3.<\/p>\n\n\n\n<p>Valor\u00f3 igualmente el entusiasmo de los \u00abAmigos de Leonel en NY\u00bb, que salieron en m\u00e1s de un centenar a las calles en apoyo simult\u00e1neo, demostrando que la di\u00e1spora dominicana tambi\u00e9n exige cambios y soluciones nacionales.<\/p>\n\n\n\n<p>El dirigente pol\u00edtico inform\u00f3 que miles de dominicanos residentes en Estados Unidos, especialmente en Nueva York, se manifestaron en apoyo moral y pol\u00edtico a dicha marcha, encabezada por Fern\u00e1ndez.<\/p>\n\n\n\n<p>\u00abLa voz del pueblo cruz\u00f3 fronteras\u00bb. \u00abRep\u00fablica Dominicana habl\u00f3 y la di\u00e1spora la amplific\u00f3\u00bb, sentenci\u00f3 Vargas.<\/p>\n\n\n\n<p>A\u00f1adi\u00f3 que la \u00abMarcha del Pueblo\u00bb ha quedado marcada como uno de los movimientos c\u00edvicos m\u00e1s fuertes de los \u00faltimos a\u00f1os y el pueblo particip\u00f3\u00bb.<\/p>\n","protected":false},"excerpt":{"rendered":"<p>Por Ram\u00f3n Mercedes NUEVA YORK.- El presidente del activo movimiento pol\u00edtico en esta ciudad \u00abAmigos de Leonel\u00bb, que preside el empresario Jaime Vargas, exhorta a los dominicanos, tanto en dominicana&hellip;<\/p>\n","protected":false},"author":10,"featured_media":116933,"comment_status":"open","ping_status":"open","sticky":false,"template":"","format":"standard","meta":{"content-type":"","jetpack_post_was_ever_published":false,"_jetpack_newsletter_access":"","_jetpack_dont_email_post_to_subs":false,"_jetpack_newsletter_tier_id":0,"_jetpack_memberships_contains_paywalled_content":false,"_jetpack_memberships_contains_paid_content":false,"footnotes":""},"categories":[25580],"tags":[487,51,6132,1226,1413],"class_list":["post-116932","post","type-post","status-publish","format-standard","has-post-thumbnail","hentry","category-la-voz-de-la-diaspora","tag-dominicanos","tag-leonel-fernandez","tag-normalidad","tag-republica-dominicana","tag-triunfo"],"jetpack_featured_media_url":"https:\/\/lasprimeras.com.do\/wp-content\/uploads\/2025\/12\/Llama-dominicano-seguir-apoyo-a-Leonel-para-garantizar-triunfo-arrollador-y-RD-vuelva-a-la-normalidad.jpg","jetpack-related-posts":[{"id":109679,"url":"https:\/\/lasprimeras.com.do\/index.php\/2025\/09\/21\/los-300-con-leonel-reciben-a-su-lider-al-llegar-nyc-a-media-noche-este-sabado-por-jfk\/","url_meta":{"origin":116932,"position":0},"title":"Los \u00ab300 con Leonel\u00bb reciben a su l\u00edder al llegar NYC a media noche este s\u00e1bado por JFK","author":"Nelson Feliz","date":"21 de septiembre de 2025","format":false,"excerpt":"Por Ram\u00f3n Mercedes NUEVA YORK.- Una amplia delegaci\u00f3n de miembros del proyecto \u00ab300 con Leonel\u00bb (Los multiplicadores de NY), que preside Geraldo Rosario, recibieron la madrugada de este s\u00e1bado al presidente Leonel Fern\u00e1ndez al arribar a esta ciudad por el aeropuerto internacional John F. Kennedy. \u00abLeonel, presidente de la Fuerza\u2026","rel":"","context":"En \u00abPOLITICA\u00bb","block_context":{"text":"POLITICA","link":"https:\/\/lasprimeras.com.do\/index.php\/category\/politica\/"},"img":{"alt_text":"","src":"https:\/\/i0.wp.com\/lasprimeras.com.do\/wp-content\/uploads\/2025\/09\/WhatsApp-Image-2025-09-21-at-12.32.17-PM.jpeg?resize=350%2C200&ssl=1","width":350,"height":200,"srcset":"https:\/\/i0.wp.com\/lasprimeras.com.do\/wp-content\/uploads\/2025\/09\/WhatsApp-Image-2025-09-21-at-12.32.17-PM.jpeg?resize=350%2C200&ssl=1 1x, https:\/\/i0.wp.com\/lasprimeras.com.do\/wp-content\/uploads\/2025\/09\/WhatsApp-Image-2025-09-21-at-12.32.17-PM.jpeg?resize=525%2C300&ssl=1 1.5x, https:\/\/i0.wp.com\/lasprimeras.com.do\/wp-content\/uploads\/2025\/09\/WhatsApp-Image-2025-09-21-at-12.32.17-PM.jpeg?resize=700%2C400&ssl=1 2x, https:\/\/i0.wp.com\/lasprimeras.com.do\/wp-content\/uploads\/2025\/09\/WhatsApp-Image-2025-09-21-at-12.32.17-PM.jpeg?resize=1050%2C600&ssl=1 3x"},"classes":[]},{"id":117258,"url":"https:\/\/lasprimeras.com.do\/index.php\/2025\/12\/09\/300-con-leonel-celebra-en-ny-tradicional-encuentro-navideno-ante-cerca-de-mil-personas-fernandez-envia-mensaje\/","url_meta":{"origin":116932,"position":1},"title":"300 con Leonel celebra en NY tradicional encuentro navide\u00f1o ante cerca de mil personas; Fern\u00e1ndez env\u00eda mensaje","author":"Nelson Feliz","date":"9 de diciembre de 2025","format":false,"excerpt":"https:\/\/www.youtube.com\/watch?v=oLo2c19vBUs Por Ram\u00f3n Mercedes NUEVA YORK.- El Proyecto \u00ab300 con Leonel\u00bb (los multiplicadores de NY), que dirige Geraldo Rosario, realiz\u00f3 este domingo su tradicional encuentro navide\u00f1o en El Bronx ante cerca de mil seguidores del expresidente de la rep\u00fablica, doctor Leonel Fern\u00e1ndez, quien envi\u00f3 un mensaje. La concurrida actividad cont\u00f3\u2026","rel":"","context":"En \u00abINTERNACIONALES\u00bb","block_context":{"text":"INTERNACIONALES","link":"https:\/\/lasprimeras.com.do\/index.php\/category\/sin-categoria\/internacionales\/"},"img":{"alt_text":"300 con Leonel celebra en NY tradicional encuentro navide\u00f1o ante cerca de mil personas_ Fern\u00e1ndez env\u00eda mensaje","src":"https:\/\/i0.wp.com\/lasprimeras.com.do\/wp-content\/uploads\/2025\/12\/300-con-Leonel-celebra-en-NY-tradicional-encuentro-navideno-ante-cerca-de-mil-personas_-Fernandez-envia-mensaje.jpg?resize=350%2C200&ssl=1","width":350,"height":200,"srcset":"https:\/\/i0.wp.com\/lasprimeras.com.do\/wp-content\/uploads\/2025\/12\/300-con-Leonel-celebra-en-NY-tradicional-encuentro-navideno-ante-cerca-de-mil-personas_-Fernandez-envia-mensaje.jpg?resize=350%2C200&ssl=1 1x, https:\/\/i0.wp.com\/lasprimeras.com.do\/wp-content\/uploads\/2025\/12\/300-con-Leonel-celebra-en-NY-tradicional-encuentro-navideno-ante-cerca-de-mil-personas_-Fernandez-envia-mensaje.jpg?resize=525%2C300&ssl=1 1.5x"},"classes":[]},{"id":122857,"url":"https:\/\/lasprimeras.com.do\/index.php\/2026\/02\/23\/leonel-propondre-establecer-ventanilla-unica-simplifique-adopcion-nacionalidad-dominicana-a-los-nacidos-fuera-rd\/","url_meta":{"origin":116932,"position":2},"title":"Leonel: Propondr\u00e9 establecer Ventanilla \u00danica simplifique adopci\u00f3n nacionalidad dominicana a los nacidos fuera RD","author":"Nelson Feliz","date":"23 de febrero de 2026","format":false,"excerpt":"https:\/\/www.youtube.com\/watch?v=--pjJTRtiOg Por Ram\u00f3n Mercedes NUEVA YORK.- El presidente del Partido Fuerza del Pueblo (FP), doctor Leonel Fern\u00e1ndez, proclam\u00f3 en esta ciudad y Nueva Jersey en concurridos encuentros con dominicanos, que propondr\u00e1 al bloque legislativo de la entidad pol\u00edtica que someta un proyecto de ley para establecer una \u201cVentanilla \u00danica\u201d que\u2026","rel":"","context":"En \u00abPOLITICA\u00bb","block_context":{"text":"POLITICA","link":"https:\/\/lasprimeras.com.do\/index.php\/category\/politica\/"},"img":{"alt_text":"","src":"https:\/\/i0.wp.com\/lasprimeras.com.do\/wp-content\/uploads\/2026\/02\/IMG-20260223-WA0059.jpg?resize=350%2C200&ssl=1","width":350,"height":200,"srcset":"https:\/\/i0.wp.com\/lasprimeras.com.do\/wp-content\/uploads\/2026\/02\/IMG-20260223-WA0059.jpg?resize=350%2C200&ssl=1 1x, https:\/\/i0.wp.com\/lasprimeras.com.do\/wp-content\/uploads\/2026\/02\/IMG-20260223-WA0059.jpg?resize=525%2C300&ssl=1 1.5x"},"classes":[]},{"id":115765,"url":"https:\/\/lasprimeras.com.do\/index.php\/2025\/11\/25\/300-con-leonel-en-ny-llama-dominicanos-asistir-a-la-marcha-fp-proximo-dia-30\/","url_meta":{"origin":116932,"position":3},"title":"\u00ab300 con Leonel\u00bb en NY llama dominicanos asistir a la marcha FP pr\u00f3ximo d\u00eda 30","author":"Nelson Feliz","date":"25 de noviembre de 2025","format":false,"excerpt":"https:\/\/www.youtube.com\/watch?v=zGrN5t_RdOg Por Ram\u00f3n Mercedes NUEVA YORK.- El proyecto \u00ab300 con Leonel\u00bb (Los multiplicadores de NY) exhorta los dominicanos integrarse a la \u00abMarcha del Pueblo\u00bb que har\u00e1 la Fuerza del Pueblo (FP), encabezada por el doctor Leonel Fern\u00e1ndez, el pr\u00f3ximo domingo 30 en la capital dominicana.Ocultar contenido recortado En rueda de\u2026","rel":"","context":"En \u00abLA VOZ DE LA DIASPORA\u00bb","block_context":{"text":"LA VOZ DE LA DIASPORA","link":"https:\/\/lasprimeras.com.do\/index.php\/category\/la-voz-de-la-diaspora\/"},"img":{"alt_text":"","src":"https:\/\/i0.wp.com\/lasprimeras.com.do\/wp-content\/uploads\/2025\/11\/300-con-Leonel-en-NY-llama-dominicanos-asistir-a-la-marcha-FP-proximo-dia-30.jpeg?resize=350%2C200&ssl=1","width":350,"height":200,"srcset":"https:\/\/i0.wp.com\/lasprimeras.com.do\/wp-content\/uploads\/2025\/11\/300-con-Leonel-en-NY-llama-dominicanos-asistir-a-la-marcha-FP-proximo-dia-30.jpeg?resize=350%2C200&ssl=1 1x, https:\/\/i0.wp.com\/lasprimeras.com.do\/wp-content\/uploads\/2025\/11\/300-con-Leonel-en-NY-llama-dominicanos-asistir-a-la-marcha-FP-proximo-dia-30.jpeg?resize=525%2C300&ssl=1 1.5x"},"classes":[]},{"id":116489,"url":"https:\/\/lasprimeras.com.do\/index.php\/2025\/12\/01\/pavon-dice-multitudinaria-marcha-de-la-fp-despeja-el-camino-para-el-regreso-de-lf-al-poder\/","url_meta":{"origin":116932,"position":4},"title":"Pav\u00f3n dice multitudinaria marcha de la FP despeja el camino para el regreso de LF al poder","author":"Nelson Feliz","date":"1 de diciembre de 2025","format":false,"excerpt":"El empresario V\u00edctor Pav\u00f3n sostuvo que con el contundente \u00e9xito de la multitudinaria marcha realizada por la Fuerza del Pueblo y Leonel Fern\u00e1ndez, los sectores populares y la clase media del pa\u00eds demostraron con sus participaci\u00f3n desbordante que quieren y anhelan sacar del Palacio Nacional al Partido Revolucionario Moderno (PRM)\u2026","rel":"","context":"En \u00abPOLITICA\u00bb","block_context":{"text":"POLITICA","link":"https:\/\/lasprimeras.com.do\/index.php\/category\/politica\/"},"img":{"alt_text":"","src":"https:\/\/i0.wp.com\/lasprimeras.com.do\/wp-content\/uploads\/2025\/12\/Victor-Pavon.jpg?resize=350%2C200&ssl=1","width":350,"height":200,"srcset":"https:\/\/i0.wp.com\/lasprimeras.com.do\/wp-content\/uploads\/2025\/12\/Victor-Pavon.jpg?resize=350%2C200&ssl=1 1x, https:\/\/i0.wp.com\/lasprimeras.com.do\/wp-content\/uploads\/2025\/12\/Victor-Pavon.jpg?resize=525%2C300&ssl=1 1.5x, https:\/\/i0.wp.com\/lasprimeras.com.do\/wp-content\/uploads\/2025\/12\/Victor-Pavon.jpg?resize=700%2C400&ssl=1 2x"},"classes":[]},{"id":109861,"url":"https:\/\/lasprimeras.com.do\/index.php\/2025\/09\/22\/leonel-dice-apagon-del-aila-es-un-desprestigio-internacional-para-rd\/","url_meta":{"origin":116932,"position":5},"title":"Leonel dice apag\u00f3n del AILA es un &#8220;desprestigio internacional&#8221; para RD","author":"Nelson Feliz","date":"22 de septiembre de 2025","format":false,"excerpt":"\u201cLes confieso honestamente que en estos momentos veo con gran pena el terrible retroceso que estamos experimentando en la Rep\u00fablica Dominicana\u201d, expres\u00f3 Fern\u00e1ndez. El presidente de la Fuerza del Pueblo (FP), Leonel Fern\u00e1ndez, lament\u00f3 el prolongado apag\u00f3n registrado en el Aeropuerto Internacional de Las Am\u00e9ricas (AILA), al considerar que constituye\u2026","rel":"","context":"En \u00abPOLITICA\u00bb","block_context":{"text":"POLITICA","link":"https:\/\/lasprimeras.com.do\/index.php\/category\/politica\/"},"img":{"alt_text":"Leonel Fern\u00e1ndez","src":"https:\/\/i0.wp.com\/lasprimeras.com.do\/wp-content\/uploads\/2025\/09\/Leonel-Fernandez.jpeg?resize=350%2C200&ssl=1","width":350,"height":200,"srcset":"https:\/\/i0.wp.com\/lasprimeras.com.do\/wp-content\/uploads\/2025\/09\/Leonel-Fernandez.jpeg?resize=350%2C200&ssl=1 1x, https:\/\/i0.wp.com\/lasprimeras.com.do\/wp-content\/uploads\/2025\/09\/Leonel-Fernandez.jpeg?resize=525%2C300&ssl=1 1.5x, https:\/\/i0.wp.com\/lasprimeras.com.do\/wp-content\/uploads\/2025\/09\/Leonel-Fernandez.jpeg?resize=700%2C400&ssl=1 2x"},"classes":[]}],"jetpack_sharing_enabled":true,"_links":{"self":[{"href":"https:\/\/lasprimeras.com.do\/index.php\/wp-json\/wp\/v2\/posts\/116932","targetHints":{"allow":["GET"]}}],"collection":[{"href":"https:\/\/lasprimeras.com.do\/index.php\/wp-json\/wp\/v2\/posts"}],"about":[{"href":"https:\/\/lasprimeras.com.do\/index.php\/wp-json\/wp\/v2\/types\/post"}],"author":[{"embeddable":true,"href":"https:\/\/lasprimeras.com.do\/index.php\/wp-json\/wp\/v2\/users\/10"}],"replies":[{"embeddable":true,"href":"https:\/\/lasprimeras.com.do\/index.php\/wp-json\/wp\/v2\/comments?post=116932"}],"version-history":[{"count":1,"href":"https:\/\/lasprimeras.com.do\/index.php\/wp-json\/wp\/v2\/posts\/116932\/revisions"}],"predecessor-version":[{"id":116934,"href":"https:\/\/lasprimeras.com.do\/index.php\/wp-json\/wp\/v2\/posts\/116932\/revisions\/116934"}],"wp:featuredmedia":[{"embeddable":true,"href":"https:\/\/lasprimeras.com.do\/index.php\/wp-json\/wp\/v2\/media\/116933"}],"wp:attachment":[{"href":"https:\/\/lasprimeras.com.do\/index.php\/wp-json\/wp\/v2\/media?parent=116932"}],"wp:term":[{"taxonomy":"category","embeddable":true,"href":"https:\/\/lasprimeras.com.do\/index.php\/wp-json\/wp\/v2\/categories?post=116932"},{"taxonomy":"post_tag","embeddable":true,"href":"https:\/\/lasprimeras.com.do\/index.php\/wp-json\/wp\/v2\/tags?post=116932"}],"curies":[{"name":"wp","href":"https:\/\/api.w.org\/{rel}","templated":true}]}}