{"id":116974,"date":"2025-12-05T18:14:54","date_gmt":"2025-12-05T22:14:54","guid":{"rendered":"https:\/\/lasprimeras.com.do\/?p=116974"},"modified":"2025-12-06T18:24:23","modified_gmt":"2025-12-06T22:24:23","slug":"senado-aprueba-a-unanimidad-modificacion-a-ley-organica-del-codigo-procesal-penal","status":"publish","type":"post","link":"https:\/\/lasprimeras.com.do\/index.php\/2025\/12\/05\/senado-aprueba-a-unanimidad-modificacion-a-ley-organica-del-codigo-procesal-penal\/","title":{"rendered":"Senado aprueba a unanimidad modificaci\u00f3n a Ley Org\u00e1nica del C\u00f3digo Procesal Penal"},"content":{"rendered":"\n<p><strong>La pieza fue conocida en sesi\u00f3n extraordinaria y aprobada a unanimidad por la totalidad de 28 asamble\u00edstas presentes.<\/strong><\/p>\n\n\n\n<p>El Senado de la Rep\u00fablica aprob\u00f3 en \u00fanica lectura las modificaciones realizadas al Proyecto de Ley Org\u00e1nica del C\u00f3digo Procesal Penal, remitido por la C\u00e1mara de Diputados.<\/p>\n\n\n\n<p>La normativa legislativa fue sometida por los senadores, Crist\u00f3bal Venerado Castillo, F\u00e9lix Bautista, Antonio Taveras Guzm\u00e1n y Omar Fern\u00e1ndez.<\/p>\n\n\n\n<p>Entre los avances principales de esta pieza se destaca el de garantizar los derechos fundamentales y el debido proceso judicial, ya que toma en cuenta la protecci\u00f3n a la dignidad de la persona y el derecho a la integridad personal.<\/p>\n\n\n\n<p>Adem\u00e1s, su aprobaci\u00f3n responde a la necesidad de modernizaci\u00f3n de la justicia, la cual busca mayor celeridad, transparencia y eficiencia de los procesos, estableciendo un sistema de definici\u00f3n de roles entre sus actores.<\/p>\n\n\n\n<figure class=\"wp-block-image size-full\"><img decoding=\"async\" width=\"900\" height=\"599\" src=\"https:\/\/lasprimeras.com.do\/wp-content\/uploads\/2025\/12\/senado-2.jpg\" alt=\"\" class=\"wp-image-116976\" srcset=\"https:\/\/lasprimeras.com.do\/wp-content\/uploads\/2025\/12\/senado-2.jpg 900w, https:\/\/lasprimeras.com.do\/wp-content\/uploads\/2025\/12\/senado-2-300x200.jpg 300w, https:\/\/lasprimeras.com.do\/wp-content\/uploads\/2025\/12\/senado-2-768x511.jpg 768w\" sizes=\"(max-width: 900px) 100vw, 900px\" \/><\/figure>\n\n\n\n<p>Durante el conocimiento de la pieza, el presidente del Senado, Ricardo de los Santos, destac\u00f3 la disposici\u00f3n del \u00f3rgano legislativo que preside de continuar aportando desde el Senado, proporcionando a la sociedad leyes que promuevan la garant\u00eda de los derechos fundamentales y de las normas establecidas en la Constituci\u00f3n de la Rep\u00fablica.<\/p>\n\n\n\n<p>En su ponencia, de pie y desde su curul, De los Santos, llam\u00f3 a la sociedad dominicana a realizar criticas objetivas al momento de emitir juicios en torno al proyecto.<\/p>\n\n\n\n<p>De igual modo, el presidente del Senado reconoci\u00f3 la labor realizada por la comisi\u00f3n que tuvo a su cargo el estudio y an\u00e1lisis de los art\u00edculos a modificar, la cual estaba presidida por el senador Antonio Manuel Taveras Guzm\u00e1n y compuesta por los senadores, Rafael Bar\u00f3n Duluc, Omar Fern\u00e1ndez Dom\u00ednguez, Santiago Jos\u00e9 Zorrilla, Franklin Romero Morillo, Alexis Victoria Yeb, Pedro Catrain Bonilla, F\u00e9lix Ram\u00f3n Bautista Rosario y Aracelis Villanueva Figueroa.<\/p>\n\n\n\n<p>Para la aprobaci\u00f3n de este proyecto, la Comisi\u00f3n Especial agot\u00f3 una jornada de 14 reuniones, mientras que la subcomisi\u00f3n se reuni\u00f3 unas 18 veces y los t\u00e9cnicos agotaron cuatro jornadas, para un total de 118 horas de trabajo.<\/p>\n\n\n\n<figure class=\"wp-block-image size-full\"><img decoding=\"async\" width=\"900\" height=\"598\" src=\"https:\/\/lasprimeras.com.do\/wp-content\/uploads\/2025\/12\/senado-3.jpg\" alt=\"\" class=\"wp-image-116977\" srcset=\"https:\/\/lasprimeras.com.do\/wp-content\/uploads\/2025\/12\/senado-3.jpg 900w, https:\/\/lasprimeras.com.do\/wp-content\/uploads\/2025\/12\/senado-3-300x199.jpg 300w, https:\/\/lasprimeras.com.do\/wp-content\/uploads\/2025\/12\/senado-3-768x510.jpg 768w\" sizes=\"(max-width: 900px) 100vw, 900px\" \/><\/figure>\n\n\n\n<p><strong>SOBRE LAS MODIFICACIONES<\/strong><\/p>\n\n\n\n<p>Las modificaciones al C\u00f3digo Procesal Penal constan de 60 art\u00edculos, muchos de los cuales son relativos a los plazos para ejercer derechos, acciones y recursos para arribar a una decisi\u00f3n en el proceso penal, conforme a la Ley N\u00fam.74-25, del 03 de agosto de 2025, que instituye el C\u00f3digo Penal de la Rep\u00fablica Dominicana.<\/p>\n\n\n\n<p>Tambi\u00e9n, se ampliaron los presupuestos para determinar el arraigo de la persona acusada y su posible medida de coerci\u00f3n; garantizan el derecho de defensa y el control judicial; define el \u00e1mbito de las funciones del juez de la ejecuci\u00f3n de la pena y precisi\u00f3n del concepto de juez natural; y establece el fortalecimiento de la protecci\u00f3n del derecho fundamental a la libertad, el derecho a la debida informaci\u00f3n y las normas que conforman el debido proceso.<\/p>\n\n\n\n<p>El nuevo C\u00f3digo Procesal Penal establece medidas que toman como base el principio de m\u00ednima intervenci\u00f3n penal; y establece la legalidad de las normas procesales, las cuales son de acci\u00f3n inmediata, salvo cuando desfavorezcan al imputado, y la celeridad del proceso a trav\u00e9s de acuerdos durante todas las etapas.<\/p>\n\n\n\n<p>Adem\u00e1s, toma en cuenta de forma amplia la protecci\u00f3n a la dignidad de la persona y el derecho a la integridad personal. La nueva pieza, homogeniza nomenclaturas conforme al C\u00f3digo Penal.<\/p>\n\n\n\n<p><strong>OTRAS APROBACIONES<\/strong><\/p>\n\n\n\n<p>Durante la sesi\u00f3n extraordinaria de este viernes, el Senado aprob\u00f3 en \u00fanica lectura la observaci\u00f3n a la Ley que modifica la Ley 225-20, del 30 de septiembre de 2020, Ley General de Gesti\u00f3n Integral y Coprocesamiento de Residuos S\u00f3lidos, procedente del Poder Ejecutivo.<\/p>\n\n\n\n<p>La pieza legislativa tiene el prop\u00f3sito de prevenir la generaci\u00f3n de residuos, establecer el r\u00e9gimen jur\u00eddico de su gesti\u00f3n integral, fomentando reducci\u00f3n, reutilizaci\u00f3n, reciclaje, aprovechamiento y valorizaci\u00f3n.<\/p>\n\n\n\n<p>Adem\u00e1s, regula y cubre la recolecci\u00f3n, transporte, barrido, sitios de disposici\u00f3n final, estaciones de transferencia, centros de acopio y plantas de valorizaci\u00f3n y garantiza el derecho a un medio ambiente sano, proteger la salud y disminuir la generaci\u00f3n de gases de efecto invernadero.<\/p>\n\n\n\n<p>En lo adelante, esta normativa legislativa pasar\u00e1 a la C\u00e1mara de Diputados, para su posterior aprobaci\u00f3n.<br>El presidente del Senado convoc\u00f3 a sus pares a sesi\u00f3n para el pr\u00f3ximo martes a las 2:00 de la tarde.<\/p>\n\n\n\n<p><strong>MINUTO DE SILENCIO<\/strong><\/p>\n\n\n\n<p>El Pleno del Senado rindi\u00f3 un minuto de silencio en honor a la memoria de Felipe Corpor\u00e1n, transportista; Mario Ure\u00f1a, dirigente choferil; V\u00edctor Suarez Henr\u00edquez, regidor del municipio Rancho Arriba; y de Olegario Lantigua, ex alcalde del municipio de Partido, provincia Dajab\u00f3n, fallecidos recientemente.<\/p>\n","protected":false},"excerpt":{"rendered":"<p>La pieza fue conocida en sesi\u00f3n extraordinaria y aprobada a unanimidad por la totalidad de 28 asamble\u00edstas presentes. El Senado de la Rep\u00fablica aprob\u00f3 en \u00fanica lectura las modificaciones realizadas&hellip;<\/p>\n","protected":false},"author":10,"featured_media":116975,"comment_status":"open","ping_status":"open","sticky":false,"template":"","format":"standard","meta":{"content-type":"","jetpack_post_was_ever_published":false,"_jetpack_newsletter_access":"","_jetpack_dont_email_post_to_subs":false,"_jetpack_newsletter_tier_id":0,"_jetpack_memberships_contains_paywalled_content":false,"_jetpack_memberships_contains_paid_content":false,"footnotes":""},"categories":[35,25],"tags":[25663,4952,6826,413],"class_list":["post-116974","post","type-post","status-publish","format-standard","has-post-thumbnail","hentry","category-nacionales","category-portada","tag-codigo-procesal-penal","tag-ley-organica","tag-modificacion","tag-senado"],"jetpack_featured_media_url":"https:\/\/lasprimeras.com.do\/wp-content\/uploads\/2025\/12\/senado-1.jpg","jetpack-related-posts":[{"id":112974,"url":"https:\/\/lasprimeras.com.do\/index.php\/2025\/10\/29\/senado-aprobo-en-segunda-lectura-las-modificaciones-al-codigo-procesal-penal\/","url_meta":{"origin":116974,"position":0},"title":"Senado aprob\u00f3 en segunda lectura las modificaciones al C\u00f3digo Procesal Penal","author":"Nelson Feliz","date":"29 de octubre de 2025","format":false,"excerpt":"Las reformas de esta normativa responden a la necesidad de modernizaci\u00f3n de la justicia, en procura de mayor celeridad, transparencia y eficiencia de los procesos, con el fin de garantizar derechos fundamentales del proceso judicial. Por: Adalgisa S\u00e1nchez El Senado de la Rep\u00fablica aprob\u00f3 a unanimidad en segunda lectura con\u2026","rel":"","context":"En \u00abNACIONALES\u00bb","block_context":{"text":"NACIONALES","link":"https:\/\/lasprimeras.com.do\/index.php\/category\/nacionales\/"},"img":{"alt_text":"","src":"https:\/\/i0.wp.com\/lasprimeras.com.do\/wp-content\/uploads\/2025\/10\/Ricardo-de-los-Santos-4.jpg?resize=350%2C200&ssl=1","width":350,"height":200,"srcset":"https:\/\/i0.wp.com\/lasprimeras.com.do\/wp-content\/uploads\/2025\/10\/Ricardo-de-los-Santos-4.jpg?resize=350%2C200&ssl=1 1x, https:\/\/i0.wp.com\/lasprimeras.com.do\/wp-content\/uploads\/2025\/10\/Ricardo-de-los-Santos-4.jpg?resize=525%2C300&ssl=1 1.5x, https:\/\/i0.wp.com\/lasprimeras.com.do\/wp-content\/uploads\/2025\/10\/Ricardo-de-los-Santos-4.jpg?resize=700%2C400&ssl=1 2x"},"classes":[]},{"id":112481,"url":"https:\/\/lasprimeras.com.do\/index.php\/2025\/10\/22\/ricardo-de-los-santos-coordinada-con-actores-del-sistema-judicial-para-aprobar-reforma-al-codigo-procesal-penal\/","url_meta":{"origin":116974,"position":1},"title":"Ricardo de los Santos coordinada con actores del Sistema Judicial para aprobar reforma al C\u00f3digo Procesal Penal","author":"Nelson Feliz","date":"22 de octubre de 2025","format":false,"excerpt":"Trabajando de manera abierta y coordinada con instituciones del sistema judicial dominicano y organizaciones de la sociedad, permanece la Comisi\u00f3n de Justicia y Derechos Humanos, para actualizar y ajustar a los nuevos tiempos el Proyecto de Ley de modificaci\u00f3n al C\u00f3digo Procesal Penal de la Rep\u00fablica Dominicana, destac\u00f3 este mi\u00e9rcoles\u2026","rel":"","context":"En \u00abNACIONALES\u00bb","block_context":{"text":"NACIONALES","link":"https:\/\/lasprimeras.com.do\/index.php\/category\/nacionales\/"},"img":{"alt_text":"","src":"https:\/\/i0.wp.com\/lasprimeras.com.do\/wp-content\/uploads\/2025\/10\/Ricardo-de-los-Santos-1-1.jpg?resize=350%2C200&ssl=1","width":350,"height":200,"srcset":"https:\/\/i0.wp.com\/lasprimeras.com.do\/wp-content\/uploads\/2025\/10\/Ricardo-de-los-Santos-1-1.jpg?resize=350%2C200&ssl=1 1x, https:\/\/i0.wp.com\/lasprimeras.com.do\/wp-content\/uploads\/2025\/10\/Ricardo-de-los-Santos-1-1.jpg?resize=525%2C300&ssl=1 1.5x, https:\/\/i0.wp.com\/lasprimeras.com.do\/wp-content\/uploads\/2025\/10\/Ricardo-de-los-Santos-1-1.jpg?resize=700%2C400&ssl=1 2x"},"classes":[]},{"id":111565,"url":"https:\/\/lasprimeras.com.do\/index.php\/2025\/10\/10\/senado-aprueba-a-unanimidad-y-en-primera-lectura-codigo-procesal-penal-de-la-republica-dominicana\/","url_meta":{"origin":116974,"position":2},"title":"Senado aprueba a unanimidad y en primera lectura C\u00f3digo Procesal Penal de la Rep\u00fablica Dominicana","author":"Nelson Feliz","date":"10 de octubre de 2025","format":false,"excerpt":"Por Adalgisa S\u00e1nchez En la marat\u00f3nica sesi\u00f3n ordinaria de este jueves que se extendi\u00f3 por ocho horas, los senadores dieron lectura integra a los 473 art\u00edculos que contempla la reformada ley. El Senado de la Rep\u00fablica aprob\u00f3 en primera lectura el Proyecto de Ley de modificaci\u00f3n al C\u00f3digo Procesal Penal\u2026","rel":"","context":"En \u00abNACIONALES\u00bb","block_context":{"text":"NACIONALES","link":"https:\/\/lasprimeras.com.do\/index.php\/category\/nacionales\/"},"img":{"alt_text":"","src":"https:\/\/i0.wp.com\/lasprimeras.com.do\/wp-content\/uploads\/2025\/10\/Ricardo-de-los-Santos-1.jpg?resize=350%2C200&ssl=1","width":350,"height":200,"srcset":"https:\/\/i0.wp.com\/lasprimeras.com.do\/wp-content\/uploads\/2025\/10\/Ricardo-de-los-Santos-1.jpg?resize=350%2C200&ssl=1 1x, https:\/\/i0.wp.com\/lasprimeras.com.do\/wp-content\/uploads\/2025\/10\/Ricardo-de-los-Santos-1.jpg?resize=525%2C300&ssl=1 1.5x, https:\/\/i0.wp.com\/lasprimeras.com.do\/wp-content\/uploads\/2025\/10\/Ricardo-de-los-Santos-1.jpg?resize=700%2C400&ssl=1 2x"},"classes":[]},{"id":111247,"url":"https:\/\/lasprimeras.com.do\/index.php\/2025\/10\/06\/presidente-del-senado-valora-el-trabajo-de-la-comision-que-estudia-el-codigo-procesal-penal\/","url_meta":{"origin":116974,"position":3},"title":"Presidente del Senado valora el trabajo de la comisi\u00f3n que estudia el C\u00f3digo Procesal Penal","author":"Nelson Feliz","date":"6 de octubre de 2025","format":false,"excerpt":"Dice proyecto podr\u00eda ser sancionado en los pr\u00f3ximos d\u00edas. El presidente del Senado, Ricardo de los Santos, particip\u00f3 de los debates de la Comisi\u00f3n de Justicia y Derechos Humanos que conoce las modificaciones al C\u00f3digo Procesal Penal, destacando el trabajo que realiza el equipo que estudia la pieza. De los\u2026","rel":"","context":"En \u00abNACIONALES\u00bb","block_context":{"text":"NACIONALES","link":"https:\/\/lasprimeras.com.do\/index.php\/category\/nacionales\/"},"img":{"alt_text":"","src":"https:\/\/i0.wp.com\/lasprimeras.com.do\/wp-content\/uploads\/2025\/10\/SENADO.jpg?resize=350%2C200&ssl=1","width":350,"height":200,"srcset":"https:\/\/i0.wp.com\/lasprimeras.com.do\/wp-content\/uploads\/2025\/10\/SENADO.jpg?resize=350%2C200&ssl=1 1x, https:\/\/i0.wp.com\/lasprimeras.com.do\/wp-content\/uploads\/2025\/10\/SENADO.jpg?resize=525%2C300&ssl=1 1.5x, https:\/\/i0.wp.com\/lasprimeras.com.do\/wp-content\/uploads\/2025\/10\/SENADO.jpg?resize=700%2C400&ssl=1 2x"},"classes":[]},{"id":102796,"url":"https:\/\/lasprimeras.com.do\/index.php\/2025\/07\/08\/senado-concluye-estudio-el-codigo-penal-presentara-informe-en-la-proxima-sesion\/","url_meta":{"origin":116974,"position":4},"title":"Senado concluye estudio el C\u00f3digo Penal, presentar\u00e1 informe en la pr\u00f3xima sesi\u00f3n","author":"Nelson Feliz","date":"8 de julio de 2025","format":false,"excerpt":"Las conclusiones de esta pieza legislativa se presentaron con la presencia de los presidentes de ambas c\u00e1maras legislativas y el voto un\u00e1nime de todos los legisladores presentes en la reuni\u00f3n. Por Adalgisa S\u00e1nchez La Comisi\u00f3n Especial que tiene a su cargo el estudio del proyecto de Ley de C\u00f3digo Penal\u2026","rel":"","context":"En \u00abNACIONALES\u00bb","block_context":{"text":"NACIONALES","link":"https:\/\/lasprimeras.com.do\/index.php\/category\/nacionales\/"},"img":{"alt_text":"","src":"https:\/\/i0.wp.com\/lasprimeras.com.do\/wp-content\/uploads\/2025\/07\/senado.jpg?resize=350%2C200&ssl=1","width":350,"height":200,"srcset":"https:\/\/i0.wp.com\/lasprimeras.com.do\/wp-content\/uploads\/2025\/07\/senado.jpg?resize=350%2C200&ssl=1 1x, https:\/\/i0.wp.com\/lasprimeras.com.do\/wp-content\/uploads\/2025\/07\/senado.jpg?resize=525%2C300&ssl=1 1.5x, https:\/\/i0.wp.com\/lasprimeras.com.do\/wp-content\/uploads\/2025\/07\/senado.jpg?resize=700%2C400&ssl=1 2x"},"classes":[]},{"id":94717,"url":"https:\/\/lasprimeras.com.do\/index.php\/2025\/03\/04\/camara-alta-trabajara-para-aprobar-modificacion-al-codigo-penal\/","url_meta":{"origin":116974,"position":5},"title":"C\u00e1mara Alta trabajar\u00e1 para aprobar modificaci\u00f3n al C\u00f3digo Penal","author":"Nelson Feliz","date":"4 de marzo de 2025","format":false,"excerpt":"Durante su participaci\u00f3n en el programa Despierta con CDN, el presidente del Senado asegur\u00f3 que el poder legislativo tiene esa deuda con el pa\u00eds. Por Elvis Castro Hern\u00e1ndez El presidente del Senado, Ricardo de los Santos, destac\u00f3 el proyecto de modificaci\u00f3n al C\u00f3digo Penal dominicano, como la pieza legislativa macro\u2026","rel":"","context":"En \u00abNACIONALES\u00bb","block_context":{"text":"NACIONALES","link":"https:\/\/lasprimeras.com.do\/index.php\/category\/nacionales\/"},"img":{"alt_text":"Ricardo de los Santos","src":"https:\/\/i0.wp.com\/lasprimeras.com.do\/wp-content\/uploads\/2025\/03\/Ricardo-de-los-Santos2.jpg?resize=350%2C200&ssl=1","width":350,"height":200,"srcset":"https:\/\/i0.wp.com\/lasprimeras.com.do\/wp-content\/uploads\/2025\/03\/Ricardo-de-los-Santos2.jpg?resize=350%2C200&ssl=1 1x, https:\/\/i0.wp.com\/lasprimeras.com.do\/wp-content\/uploads\/2025\/03\/Ricardo-de-los-Santos2.jpg?resize=525%2C300&ssl=1 1.5x, https:\/\/i0.wp.com\/lasprimeras.com.do\/wp-content\/uploads\/2025\/03\/Ricardo-de-los-Santos2.jpg?resize=700%2C400&ssl=1 2x"},"classes":[]}],"jetpack_sharing_enabled":true,"_links":{"self":[{"href":"https:\/\/lasprimeras.com.do\/index.php\/wp-json\/wp\/v2\/posts\/116974","targetHints":{"allow":["GET"]}}],"collection":[{"href":"https:\/\/lasprimeras.com.do\/index.php\/wp-json\/wp\/v2\/posts"}],"about":[{"href":"https:\/\/lasprimeras.com.do\/index.php\/wp-json\/wp\/v2\/types\/post"}],"author":[{"embeddable":true,"href":"https:\/\/lasprimeras.com.do\/index.php\/wp-json\/wp\/v2\/users\/10"}],"replies":[{"embeddable":true,"href":"https:\/\/lasprimeras.com.do\/index.php\/wp-json\/wp\/v2\/comments?post=116974"}],"version-history":[{"count":1,"href":"https:\/\/lasprimeras.com.do\/index.php\/wp-json\/wp\/v2\/posts\/116974\/revisions"}],"predecessor-version":[{"id":116978,"href":"https:\/\/lasprimeras.com.do\/index.php\/wp-json\/wp\/v2\/posts\/116974\/revisions\/116978"}],"wp:featuredmedia":[{"embeddable":true,"href":"https:\/\/lasprimeras.com.do\/index.php\/wp-json\/wp\/v2\/media\/116975"}],"wp:attachment":[{"href":"https:\/\/lasprimeras.com.do\/index.php\/wp-json\/wp\/v2\/media?parent=116974"}],"wp:term":[{"taxonomy":"category","embeddable":true,"href":"https:\/\/lasprimeras.com.do\/index.php\/wp-json\/wp\/v2\/categories?post=116974"},{"taxonomy":"post_tag","embeddable":true,"href":"https:\/\/lasprimeras.com.do\/index.php\/wp-json\/wp\/v2\/tags?post=116974"}],"curies":[{"name":"wp","href":"https:\/\/api.w.org\/{rel}","templated":true}]}}