{"id":116986,"date":"2025-12-06T22:00:41","date_gmt":"2025-12-07T02:00:41","guid":{"rendered":"https:\/\/lasprimeras.com.do\/?p=116986"},"modified":"2025-12-06T22:00:42","modified_gmt":"2025-12-07T02:00:42","slug":"vicente-sanchez-henriquez-recibe-reconocimiento","status":"publish","type":"post","link":"https:\/\/lasprimeras.com.do\/index.php\/2025\/12\/06\/vicente-sanchez-henriquez-recibe-reconocimiento\/","title":{"rendered":"Vicente S\u00e1nchez Henr\u00edquez recibe reconocimiento"},"content":{"rendered":"\n<p>NUEVA YORK. \u2013 El diputado oficialista de la circunscripci\u00f3n 1 del Distrito Nacional por el Partido Revolucionario Moderno (PRM), Vicente S\u00e1nchez Henr\u00edquez, fue recibido por el asamble\u00edsta George \u00c1lvarez (AD78) quien entreg\u00f3 una placa de reconocimiento al congresista.<\/p>\n\n\n\n<p>S\u00e1nchez Henr\u00edquez expres\u00f3 su gratitud por la acogida del legislador dominicano, destacando que este tipo de encuentros fortalece los puentes institucionales entre Estados Unidos y la Rep\u00fablica Dominicana.<\/p>\n\n\n\n<p>\u201cNos sentimos muy honrados por este recibimiento que nos hace el legislador George \u00c1lvarez\u201d, manifest\u00f3 el joven congresista.<\/p>\n\n\n\n<p>Se\u00f1al\u00f3 que la tecnolog\u00eda evoluciona \u201ca la velocidad de la luz\u201d, por lo que considera indispensable actualizar los marcos legales para que la poblaci\u00f3n dominicana pueda beneficiarse de un Estado m\u00e1s moderno y eficiente.<\/p>\n\n\n\n<p>S\u00e1nchez describi\u00f3 su reuni\u00f3n con \u00c1lvarez como un di\u00e1logo productivo en el que intercambiaron ideas sobre innovaci\u00f3n, gobernanza y desarrollo social.<\/p>\n\n\n\n<p>Indic\u00f3 que estos acercamientos permiten analizar experiencias exitosas que pueden ser replicadas en el pa\u00eds. Por su parte, el asamble\u00edsta George \u00c1lvarez valor\u00f3 la importancia de trabajar propuestas conjuntas entre legisladores dominicanos y dominicanos-americanos, con el objetivo de impulsar iniciativas que prioricen las necesidades y fortalezcan la relaci\u00f3n con la comunidad residente en el exterior.<\/p>\n\n\n\n<p>&nbsp;Ambos funcionarios conversaron sobre la creaci\u00f3n de mecanismos colaborativos que permitan una mayor inclusi\u00f3n de los dominicanos en la toma de decisiones p\u00fablicas, especialmente en temas relacionados con pol\u00edticas migratorias, juventud e innovaci\u00f3n.<\/p>\n\n\n\n<p>S\u00e1nchez Henr\u00edquez ocupa una curul en la C\u00e1mara de Diputados de la Rep\u00fablica Dominicana, representando a una nueva generaci\u00f3n de liderazgo pol\u00edtico comprometido con la transformaci\u00f3n institucional.<\/p>\n","protected":false},"excerpt":{"rendered":"<p>NUEVA YORK. \u2013 El diputado oficialista de la circunscripci\u00f3n 1 del Distrito Nacional por el Partido Revolucionario Moderno (PRM), Vicente S\u00e1nchez Henr\u00edquez, fue recibido por el asamble\u00edsta George \u00c1lvarez (AD78)&hellip;<\/p>\n","protected":false},"author":2,"featured_media":116987,"comment_status":"open","ping_status":"open","sticky":false,"template":"","format":"standard","meta":{"content-type":"","jetpack_post_was_ever_published":false,"_jetpack_newsletter_access":"","_jetpack_dont_email_post_to_subs":false,"_jetpack_newsletter_tier_id":0,"_jetpack_memberships_contains_paywalled_content":false,"_jetpack_memberships_contains_paid_content":false,"footnotes":""},"categories":[16559],"tags":[1563,5971],"class_list":["post-116986","post","type-post","status-publish","format-standard","has-post-thumbnail","hentry","category-politica","tag-reconocimiento","tag-vicente-sanchez"],"jetpack_featured_media_url":"https:\/\/lasprimeras.com.do\/wp-content\/uploads\/2025\/12\/Vicente-Sanchez-recibe-reconocimiento.jpg","jetpack-related-posts":[{"id":112041,"url":"https:\/\/lasprimeras.com.do\/index.php\/2025\/10\/16\/muere-el-dirigente-politico-vicente-sanchez-baret\/","url_meta":{"origin":116986,"position":0},"title":"Muere el dirigente pol\u00edtico Vicente S\u00e1nchez Baret","author":"Nelson Feliz","date":"16 de octubre de 2025","format":false,"excerpt":"El exsenador y exdirector de Aduanas falleci\u00f3 a los 89 a\u00f1os- Falleci\u00f3 este jueves Vicente S\u00e1nchez Baret, exsenador de la provincia S\u00e1nchez Ram\u00edrez y dirigente pol\u00edtico de los partidos Revolucionario Dominicano (PRD) y Revolucionario Moderno (PRM). S\u00e1nchez Baret ten\u00eda 89 a\u00f1os, inform\u00f3 la familia S\u00e1nchez Henr\u00edquez. No se ha informada\u2026","rel":"","context":"En \u00abNACIONALES\u00bb","block_context":{"text":"NACIONALES","link":"https:\/\/lasprimeras.com.do\/index.php\/category\/nacionales\/"},"img":{"alt_text":"","src":"https:\/\/i0.wp.com\/lasprimeras.com.do\/wp-content\/uploads\/2025\/10\/Vicente-Sanchez-Baret.jpg?resize=350%2C200&ssl=1","width":350,"height":200,"srcset":"https:\/\/i0.wp.com\/lasprimeras.com.do\/wp-content\/uploads\/2025\/10\/Vicente-Sanchez-Baret.jpg?resize=350%2C200&ssl=1 1x, https:\/\/i0.wp.com\/lasprimeras.com.do\/wp-content\/uploads\/2025\/10\/Vicente-Sanchez-Baret.jpg?resize=525%2C300&ssl=1 1.5x, https:\/\/i0.wp.com\/lasprimeras.com.do\/wp-content\/uploads\/2025\/10\/Vicente-Sanchez-Baret.jpg?resize=700%2C400&ssl=1 2x"},"classes":[]},{"id":112079,"url":"https:\/\/lasprimeras.com.do\/index.php\/2025\/10\/17\/senado-de-la-republica-lamenta-fallecimiento-de-vicente-sanchez-baret\/","url_meta":{"origin":116986,"position":1},"title":"Senado de la Rep\u00fablica lamenta fallecimiento de Vicente S\u00e1nchez Baret","author":"Nelson Feliz","date":"17 de octubre de 2025","format":false,"excerpt":"Rendir\u00e1 honras f\u00fanebres este s\u00e1bado 18 de octubre en el sal\u00f3n de la Asamblea Nacional. El Senado de la Rep\u00fablica expresa su profundo pesar ante el fallecimiento del destacado dirigente pol\u00edtico y servidor p\u00fablico, Vicente S\u00e1nchez Baret, una figura ejemplar de la vida nacional y fundador de los partidos Revolucionario\u2026","rel":"","context":"En \u00abNACIONALES\u00bb","block_context":{"text":"NACIONALES","link":"https:\/\/lasprimeras.com.do\/index.php\/category\/nacionales\/"},"img":{"alt_text":"","src":"https:\/\/i0.wp.com\/lasprimeras.com.do\/wp-content\/uploads\/2025\/10\/Vicente-Sanchez-Baret-1.jpg?resize=350%2C200&ssl=1","width":350,"height":200,"srcset":"https:\/\/i0.wp.com\/lasprimeras.com.do\/wp-content\/uploads\/2025\/10\/Vicente-Sanchez-Baret-1.jpg?resize=350%2C200&ssl=1 1x, https:\/\/i0.wp.com\/lasprimeras.com.do\/wp-content\/uploads\/2025\/10\/Vicente-Sanchez-Baret-1.jpg?resize=525%2C300&ssl=1 1.5x, https:\/\/i0.wp.com\/lasprimeras.com.do\/wp-content\/uploads\/2025\/10\/Vicente-Sanchez-Baret-1.jpg?resize=700%2C400&ssl=1 2x"},"classes":[]},{"id":57062,"url":"https:\/\/lasprimeras.com.do\/index.php\/2023\/08\/08\/precandidato-a-diputado-prm-vicente-sanchez-garantiza-aportar-a-la-transformacion-de-la-capital\/","url_meta":{"origin":116986,"position":2},"title":"Precandidato a diputado PRM Vicente S\u00e1nchez garantiza aportar a la transformaci\u00f3n de la capital","author":"Nelson Feliz","date":"8 de agosto de 2023","format":false,"excerpt":"Acompa\u00f1\u00f3 al presidente Abinader y a la Alcaldesa Carolina Mej\u00eda en inauguraci\u00f3n de obras en DN. El precandidato a diputado del Partido Revolucionario Moderno (PRM), por la Circunscripci\u00f3n No.1 del Distrito Nacional, Vicente S\u00e1nchez Henr\u00edquez, asegur\u00f3 que desde el Congreso Nacional impulsar\u00e1 los cambios necesarios a trav\u00e9s de iniciativas de\u2026","rel":"","context":"En \u00abSin categor\u00eda\u00bb","block_context":{"text":"Sin categor\u00eda","link":"https:\/\/lasprimeras.com.do\/index.php\/category\/sin-categoria\/"},"img":{"alt_text":"Vicente S\u00e1nchez","src":"https:\/\/i0.wp.com\/lasprimeras.com.do\/wp-content\/uploads\/2023\/08\/Vicente-Sanchez.jpg?resize=350%2C200&ssl=1","width":350,"height":200,"srcset":"https:\/\/i0.wp.com\/lasprimeras.com.do\/wp-content\/uploads\/2023\/08\/Vicente-Sanchez.jpg?resize=350%2C200&ssl=1 1x, https:\/\/i0.wp.com\/lasprimeras.com.do\/wp-content\/uploads\/2023\/08\/Vicente-Sanchez.jpg?resize=525%2C300&ssl=1 1.5x, https:\/\/i0.wp.com\/lasprimeras.com.do\/wp-content\/uploads\/2023\/08\/Vicente-Sanchez.jpg?resize=700%2C400&ssl=1 2x"},"classes":[]},{"id":128332,"url":"https:\/\/lasprimeras.com.do\/index.php\/2026\/04\/22\/senado-aprueba-ley-que-reconoce-trayectoria-politica-y-de-servicio-del-exsenador-vicente-sanchez-baret\/","url_meta":{"origin":116986,"position":3},"title":"Senado aprueba ley que reconoce trayectoria pol\u00edtica y de servicio del exsenador Vicente S\u00e1nchez Baret","author":"Nelson Feliz","date":"22 de abril de 2026","format":false,"excerpt":"El Senado aprob\u00f3 en segunda lectura el proyecto de ley que designa con el nombre de Vicente S\u00e1nchez Baret el Centro C\u00edvico Provincial para oficinas gubernamentales de la provincia S\u00e1nchez Ram\u00edrez, con el prop\u00f3sito de honrar la memoria del servidor p\u00fablico, l\u00edder y pol\u00edtico, fallecido recientemente. La iniciativa presentada por\u2026","rel":"","context":"En \u00abPOLITICA\u00bb","block_context":{"text":"POLITICA","link":"https:\/\/lasprimeras.com.do\/index.php\/category\/politica\/"},"img":{"alt_text":"","src":"https:\/\/i0.wp.com\/lasprimeras.com.do\/wp-content\/uploads\/2025\/10\/Ricardo-de-los-Santos-4.jpg?resize=350%2C200&ssl=1","width":350,"height":200,"srcset":"https:\/\/i0.wp.com\/lasprimeras.com.do\/wp-content\/uploads\/2025\/10\/Ricardo-de-los-Santos-4.jpg?resize=350%2C200&ssl=1 1x, https:\/\/i0.wp.com\/lasprimeras.com.do\/wp-content\/uploads\/2025\/10\/Ricardo-de-los-Santos-4.jpg?resize=525%2C300&ssl=1 1.5x, https:\/\/i0.wp.com\/lasprimeras.com.do\/wp-content\/uploads\/2025\/10\/Ricardo-de-los-Santos-4.jpg?resize=700%2C400&ssl=1 2x"},"classes":[]},{"id":101843,"url":"https:\/\/lasprimeras.com.do\/index.php\/2025\/06\/27\/presidente-del-indotel-felicita-a-jose-enrique-garcia-por-premio-pedro-henriquez-urena-2025\/","url_meta":{"origin":116986,"position":4},"title":"Presidente del INDOTEL felicita a Jos\u00e9 Enrique Garc\u00eda por Premio Pedro Henr\u00edquez Ure\u00f1a 2025","author":"Nelson Feliz","date":"27 de junio de 2025","format":false,"excerpt":"El presidente del Instituto Dominicano de las Telecomunicaciones (INDOTEL), Guido G\u00f3mez Mazara, felicit\u00f3 al escritor y poeta Jos\u00e9 Enrique Garc\u00eda y lo calific\u00f3 como una verdadera gloria de las letras nacionales, luego de este resultar ganador del Premio Internacional Pedro Henr\u00edquez Ure\u00f1a 2025 otorgado por el Ministerio de Cultura. G\u00f3mez\u2026","rel":"","context":"En \u00abNACIONALES\u00bb","block_context":{"text":"NACIONALES","link":"https:\/\/lasprimeras.com.do\/index.php\/category\/nacionales\/"},"img":{"alt_text":"Guido G\u00f3mez Mazara","src":"https:\/\/i0.wp.com\/lasprimeras.com.do\/wp-content\/uploads\/2025\/06\/Guido-Gomez-Mazara-1-1.jpg?resize=350%2C200&ssl=1","width":350,"height":200,"srcset":"https:\/\/i0.wp.com\/lasprimeras.com.do\/wp-content\/uploads\/2025\/06\/Guido-Gomez-Mazara-1-1.jpg?resize=350%2C200&ssl=1 1x, https:\/\/i0.wp.com\/lasprimeras.com.do\/wp-content\/uploads\/2025\/06\/Guido-Gomez-Mazara-1-1.jpg?resize=525%2C300&ssl=1 1.5x, https:\/\/i0.wp.com\/lasprimeras.com.do\/wp-content\/uploads\/2025\/06\/Guido-Gomez-Mazara-1-1.jpg?resize=700%2C400&ssl=1 2x"},"classes":[]},{"id":81326,"url":"https:\/\/lasprimeras.com.do\/index.php\/2024\/04\/19\/candidato-a-diputado-vicente-sanchez-recibe-reconocimiento-especial-en-premio-nacional-del-locutor-2024\/","url_meta":{"origin":116986,"position":5},"title":"Candidato a diputado Vicente S\u00e1nchez recibe reconocimiento especial en Premio Nacional del Locutor 2024","author":"BIMARY DE JES\u00daS Matos","date":"19 de abril de 2024","format":false,"excerpt":"Santo Domingo, RD - El candidato a diputado del Partido Revolucionario Moderno (PRM), por la Circunscripci\u00f3n No.1 del Distrito Nacional, Vicente S\u00e1nchez, recibi\u00f3 un reconocimiento especial, en el acto de entrega del Premio Nacional del Locutor 2024, en ocasi\u00f3n a celebrarse este jueves el D\u00eda Nacional del Locutor. Tras felicitar\u2026","rel":"","context":"En \u00abENTRETENIMIENTO\u00bb","block_context":{"text":"ENTRETENIMIENTO","link":"https:\/\/lasprimeras.com.do\/index.php\/category\/entretenimiento\/"},"img":{"alt_text":"","src":"https:\/\/i0.wp.com\/lasprimeras.com.do\/wp-content\/uploads\/2024\/04\/WhatsApp-Image-2024-04-19-at-11.50.57-AM-1.jpeg?resize=350%2C200&ssl=1","width":350,"height":200,"srcset":"https:\/\/i0.wp.com\/lasprimeras.com.do\/wp-content\/uploads\/2024\/04\/WhatsApp-Image-2024-04-19-at-11.50.57-AM-1.jpeg?resize=350%2C200&ssl=1 1x, https:\/\/i0.wp.com\/lasprimeras.com.do\/wp-content\/uploads\/2024\/04\/WhatsApp-Image-2024-04-19-at-11.50.57-AM-1.jpeg?resize=525%2C300&ssl=1 1.5x, https:\/\/i0.wp.com\/lasprimeras.com.do\/wp-content\/uploads\/2024\/04\/WhatsApp-Image-2024-04-19-at-11.50.57-AM-1.jpeg?resize=700%2C400&ssl=1 2x, https:\/\/i0.wp.com\/lasprimeras.com.do\/wp-content\/uploads\/2024\/04\/WhatsApp-Image-2024-04-19-at-11.50.57-AM-1.jpeg?resize=1050%2C600&ssl=1 3x, https:\/\/i0.wp.com\/lasprimeras.com.do\/wp-content\/uploads\/2024\/04\/WhatsApp-Image-2024-04-19-at-11.50.57-AM-1.jpeg?resize=1400%2C800&ssl=1 4x"},"classes":[]}],"jetpack_sharing_enabled":true,"_links":{"self":[{"href":"https:\/\/lasprimeras.com.do\/index.php\/wp-json\/wp\/v2\/posts\/116986","targetHints":{"allow":["GET"]}}],"collection":[{"href":"https:\/\/lasprimeras.com.do\/index.php\/wp-json\/wp\/v2\/posts"}],"about":[{"href":"https:\/\/lasprimeras.com.do\/index.php\/wp-json\/wp\/v2\/types\/post"}],"author":[{"embeddable":true,"href":"https:\/\/lasprimeras.com.do\/index.php\/wp-json\/wp\/v2\/users\/2"}],"replies":[{"embeddable":true,"href":"https:\/\/lasprimeras.com.do\/index.php\/wp-json\/wp\/v2\/comments?post=116986"}],"version-history":[{"count":1,"href":"https:\/\/lasprimeras.com.do\/index.php\/wp-json\/wp\/v2\/posts\/116986\/revisions"}],"predecessor-version":[{"id":116988,"href":"https:\/\/lasprimeras.com.do\/index.php\/wp-json\/wp\/v2\/posts\/116986\/revisions\/116988"}],"wp:featuredmedia":[{"embeddable":true,"href":"https:\/\/lasprimeras.com.do\/index.php\/wp-json\/wp\/v2\/media\/116987"}],"wp:attachment":[{"href":"https:\/\/lasprimeras.com.do\/index.php\/wp-json\/wp\/v2\/media?parent=116986"}],"wp:term":[{"taxonomy":"category","embeddable":true,"href":"https:\/\/lasprimeras.com.do\/index.php\/wp-json\/wp\/v2\/categories?post=116986"},{"taxonomy":"post_tag","embeddable":true,"href":"https:\/\/lasprimeras.com.do\/index.php\/wp-json\/wp\/v2\/tags?post=116986"}],"curies":[{"name":"wp","href":"https:\/\/api.w.org\/{rel}","templated":true}]}}