{"id":117258,"date":"2025-12-09T18:11:22","date_gmt":"2025-12-09T22:11:22","guid":{"rendered":"https:\/\/lasprimeras.com.do\/?p=117258"},"modified":"2025-12-09T18:11:24","modified_gmt":"2025-12-09T22:11:24","slug":"300-con-leonel-celebra-en-ny-tradicional-encuentro-navideno-ante-cerca-de-mil-personas-fernandez-envia-mensaje","status":"publish","type":"post","link":"https:\/\/lasprimeras.com.do\/index.php\/2025\/12\/09\/300-con-leonel-celebra-en-ny-tradicional-encuentro-navideno-ante-cerca-de-mil-personas-fernandez-envia-mensaje\/","title":{"rendered":"300 con Leonel celebra en NY tradicional encuentro navide\u00f1o ante cerca de mil personas; Fern\u00e1ndez env\u00eda mensaje"},"content":{"rendered":"\n<figure class=\"wp-block-embed is-type-video is-provider-youtube wp-block-embed-youtube wp-embed-aspect-4-3 wp-has-aspect-ratio\"><div class=\"wp-block-embed__wrapper\">\n<iframe title=\"En NY celebran tradicional encuentro navide\u00f1o 2025 con los \u00ab300 con Leonel\u00bb\" width=\"500\" height=\"375\" src=\"https:\/\/www.youtube.com\/embed\/oLo2c19vBUs?feature=oembed\" frameborder=\"0\" allow=\"accelerometer; autoplay; clipboard-write; encrypted-media; gyroscope; picture-in-picture; web-share\" referrerpolicy=\"strict-origin-when-cross-origin\" allowfullscreen><\/iframe>\n<\/div><\/figure>\n\n\n\n<p>Por Ram\u00f3n Mercedes<\/p>\n\n\n\n<p>NUEVA YORK.- El Proyecto \u00ab300 con Leonel\u00bb (los multiplicadores de NY), que dirige Geraldo Rosario, realiz\u00f3 este domingo su tradicional encuentro navide\u00f1o en El Bronx ante cerca de mil seguidores del expresidente de la rep\u00fablica, doctor Leonel Fern\u00e1ndez, quien envi\u00f3 un mensaje.<\/p>\n\n\n\n<p>La concurrida actividad cont\u00f3 con la presencia de cuatro miembros de la Direcci\u00f3n Pol\u00edtica (DP) de esa entidad, fueron ellos C\u00e9sar Fern\u00e1ndez, Keyla Reyna, N\u00e9lsida Marmolejos e Ingrid Mendoza. Tambi\u00e9n estuvieron los miembros del Comit\u00e9 Central (CC) Eduardo Mallen y Ana Silvia Moronta.<\/p>\n\n\n\n<p>El doctor Fern\u00e1ndez envi\u00f3 un mensaje pregrabado, expresando: \u00abEn ocasi\u00f3n de este tradicional encuentro navide\u00f1o del grupo \u00abLos 300\u00bb, que dirige Geraldo Rosario, y se hace en solidaridad con la di\u00e1spora dominicana, aprovecho la ocasi\u00f3n para felicitar a todos los galardonados(as) que por sus m\u00e9ritos han sido ampliamente reconocidos.<\/p>\n\n\n\n<p>\u00abFelicidades para todos, feliz navidad y pr\u00f3spero a\u00f1o nuevo, y como dicen ustedes (en USA) \u00abMerry Christmas and Happy New Year\u00bb. Les deseo en lo personal y tambi\u00e9n de la Fuerza del Pueblo (FP)\u00bb, concluy\u00f3 dicho mensaje, recibiendo la ovaci\u00f3n de los presentes.<\/p>\n\n\n\n<p>Por su parte, Rosario expres\u00f3 \u00abeste encuentro marca un momento de reafirmaci\u00f3n democr\u00e1tica y de unidad patri\u00f3tica en favor de un liderazgo que entiende los desaf\u00edos actuales del pa\u00eds y que coloca a la gente en el centro de las decisiones\u00bb.<\/p>\n\n\n\n<p>Agreg\u00f3 que el movimiento \u00ab300 con Leonel\u00bb seguir\u00e1 creciendo porque representa la voz de un pueblo que apuesta por un futuro diferente. Asimismo, critic\u00f3 las precariedades que sufren los quisqueyanos en NY \u00abpor los caros y malos servicios p\u00fablicos que brindan las instituciones dominicanas y el propio gobierno del presidente Luis Abinader\u00bb.<\/p>\n\n\n\n<p>Mientras Fern\u00e1ndez, miembro de la DP, expres\u00f3, \u00abeste movimiento es sencillamente perseverancia, entusiasmo, lealtad, trabajo y no desmaya\u00bb.<\/p>\n\n\n\n<p>Adem\u00e1s, sostuvo que la di\u00e1spora dominicana est\u00e1 recibiendo de manos de los \u00ab300 con Leonel\u00bb, precisamente lo que dijo el presidente Fern\u00e1ndez, solidaridad, un espacio para compartir, la dominicanidad, la esperanza, y hoy los que son exiliados econ\u00f3micos que decidan quedarse reciban mejores oportunidades y los que regresen a RD mejores oportunidades all\u00e1.<\/p>\n\n\n\n<p>Las tres f\u00e9minas de la DP, Ingrid Mendoza, N\u00e9lsida Marmolejos y Keila Reina, fueron reconocidas como \u00abLeonelistas Autenticas\u00bb, un galard\u00f3n que destaca la lealtad, trabajo y compromiso pol\u00edtico de figuras que han acompa\u00f1ado el crecimiento del proyecto de la FP.<\/p>\n\n\n\n<p>Hubo reconocimientos a los \u00abGuerreros Digitales\u00bb, un grupo de j\u00f3venes y adultos que han aportado significativamente a la difusi\u00f3n del proyecto pol\u00edtico a trav\u00e9s de plataformas digitales. Esta distinci\u00f3n fue entregada por la Licda. Keyla Reina, directora de Redes Sociales de la FP.<\/p>\n\n\n\n<p>Los galardonados fueron Jos\u00e9 Garc\u00eda, Wascarina Cabral, Bryan Cabral, Ram\u00f3n Vargas, Julio Jim\u00e9nez, Aneudys S\u00e1nchez, Reina Betancourt y Carvajal.<\/p>\n\n\n\n<p>Tambi\u00e9n fueron reconocidos como \u00abvalores dominicanos\u00bb varios connacionales cuyas trayectorias han contribuido de manera ejemplar a elevar la voz de la comunidad dominicana en el exterior.<\/p>\n\n\n\n<p>Se rifaron seis televisores de 50 y 65 pulgadas, 10 tabletas Samsung de \u00faltima generaci\u00f3n, y cinco computadoras laptop, entre otros art\u00edculos electrodom\u00e9sticos.<\/p>\n\n\n\n<p>Aprovechando el escenario, miembros del movimiento realizaron un acto simb\u00f3lico de reclamo para llamar la atenci\u00f3n sobre las condiciones de precariedad en los servicios de electricidad, agua, salud y transporte en la RD. Se\u00f1alaron que dichas deficiencias impactan severamente la calidad de vida y que es un deber ciudadano manifestarse de manera c\u00edvica por mejoras reales.<\/p>\n\n\n\n<p>Los maestros de ceremonias fueron Lirisi M\u00e1rmol, Julio Jim\u00e9nez y Wascarina Cabral. Los presentes disfrutaron de un amplio y variado bufete, una orquesta en vivo para bailar, bebidas alcoh\u00f3licas y gaseosas. La actividad se efectu\u00f3 en los amplios salones de Beverly Hills Manor, en El Bronx.<\/p>\n","protected":false},"excerpt":{"rendered":"<p>Por Ram\u00f3n Mercedes NUEVA YORK.- El Proyecto \u00ab300 con Leonel\u00bb (los multiplicadores de NY), que dirige Geraldo Rosario, realiz\u00f3 este domingo su tradicional encuentro navide\u00f1o en El Bronx ante cerca&hellip;<\/p>\n","protected":false},"author":10,"featured_media":117259,"comment_status":"open","ping_status":"open","sticky":false,"template":"","format":"standard","meta":{"content-type":"","jetpack_post_was_ever_published":false,"_jetpack_newsletter_access":"","_jetpack_dont_email_post_to_subs":false,"_jetpack_newsletter_tier_id":0,"_jetpack_memberships_contains_paywalled_content":false,"_jetpack_memberships_contains_paid_content":false,"footnotes":""},"categories":[16289],"tags":[24901,1304,5339,28372,28373,104,10602],"class_list":["post-117258","post","type-post","status-publish","format-standard","has-post-thumbnail","hentry","category-internacionales","tag-300-con-leonel","tag-celebra","tag-cesar-fernandez","tag-encuentro-navideno","tag-geraldo-rosario","tag-nueva-york","tag-tradicional"],"jetpack_featured_media_url":"https:\/\/lasprimeras.com.do\/wp-content\/uploads\/2025\/12\/300-con-Leonel-celebra-en-NY-tradicional-encuentro-navideno-ante-cerca-de-mil-personas_-Fernandez-envia-mensaje.jpg","jetpack-related-posts":[{"id":118042,"url":"https:\/\/lasprimeras.com.do\/index.php\/2025\/12\/19\/fiesta-navidena-de-los-300-con-leonel-en-nyc-supera-las-de-varias-instituciones-en-conjunto\/","url_meta":{"origin":117258,"position":0},"title":"Fiesta navide\u00f1a de los \u00ab300 con Leonel\u00bb en NYC supera las de varias instituciones en conjunto","author":"Nelson Feliz","date":"19 de diciembre de 2025","format":false,"excerpt":"https:\/\/www.youtube.com\/watch?v=dWmWACdWH6Y Por Ram\u00f3n Mercedes NUEVA YORK.- La tradicional fiesta navide\u00f1a del Proyecto \u00ab300 con Leonel\u00bb, que dirige Geraldo Rosario, celebrada el pasado d\u00eda 7 en esta ciudad, ha superado en conjunto la asistencia de varias festividades de reconocidas instituciones. Observadores pol\u00edticos quisqueyanos en el Alto Manhattan y El Bronx, condados\u2026","rel":"","context":"En \u00abINTERNACIONALES\u00bb","block_context":{"text":"INTERNACIONALES","link":"https:\/\/lasprimeras.com.do\/index.php\/category\/sin-categoria\/internacionales\/"},"img":{"alt_text":"","src":"https:\/\/i0.wp.com\/lasprimeras.com.do\/wp-content\/uploads\/2025\/12\/Fiesta-navidena-de-los-300-con-Leonel-en-NYC-supera-las-de-varias-instituciones-en-conjunto.jpg?resize=350%2C200&ssl=1","width":350,"height":200,"srcset":"https:\/\/i0.wp.com\/lasprimeras.com.do\/wp-content\/uploads\/2025\/12\/Fiesta-navidena-de-los-300-con-Leonel-en-NYC-supera-las-de-varias-instituciones-en-conjunto.jpg?resize=350%2C200&ssl=1 1x, https:\/\/i0.wp.com\/lasprimeras.com.do\/wp-content\/uploads\/2025\/12\/Fiesta-navidena-de-los-300-con-Leonel-en-NYC-supera-las-de-varias-instituciones-en-conjunto.jpg?resize=525%2C300&ssl=1 1.5x"},"classes":[]},{"id":111757,"url":"https:\/\/lasprimeras.com.do\/index.php\/2025\/10\/13\/300-con-leonel-finaliza-con-exito-asamblea-2025-amplian-directiva-en-usa\/","url_meta":{"origin":117258,"position":1},"title":"300 con Leonel finaliza con \u00e9xito asamblea 2025; ampl\u00edan directiva en USA","author":"Nelson Feliz","date":"13 de octubre de 2025","format":false,"excerpt":"Por Ram\u00f3n Mercedes NUEVA YORK.- El proyecto pol\u00edtico en esta ciudad \u00ab300 con Leonel\u00bb (los multiplicadores de NY), que preside Geraldo Rosario, finaliz\u00f3 la semana pasada con \u00e9xito su asamblea 2025, aprobando la reestructuraci\u00f3n y ampliaci\u00f3n de la entidad en los estados de la circunscripci\u00f3n 1-USA. La ampliaci\u00f3n de la\u2026","rel":"","context":"En \u00abLA VOZ DE LA DIASPORA\u00bb","block_context":{"text":"LA VOZ DE LA DIASPORA","link":"https:\/\/lasprimeras.com.do\/index.php\/category\/la-voz-de-la-diaspora\/"},"img":{"alt_text":"","src":"https:\/\/i0.wp.com\/lasprimeras.com.do\/wp-content\/uploads\/2025\/10\/WhatsApp-Image-2025-10-13-at-7.06.42-AM-2.jpeg?resize=350%2C200&ssl=1","width":350,"height":200,"srcset":"https:\/\/i0.wp.com\/lasprimeras.com.do\/wp-content\/uploads\/2025\/10\/WhatsApp-Image-2025-10-13-at-7.06.42-AM-2.jpeg?resize=350%2C200&ssl=1 1x, https:\/\/i0.wp.com\/lasprimeras.com.do\/wp-content\/uploads\/2025\/10\/WhatsApp-Image-2025-10-13-at-7.06.42-AM-2.jpeg?resize=525%2C300&ssl=1 1.5x"},"classes":[]},{"id":120383,"url":"https:\/\/lasprimeras.com.do\/index.php\/2026\/01\/23\/300-con-leonel-en-ny-presenta-red-de-multiplicadores-como-nueva-etapa-de-organizacion-2026\/","url_meta":{"origin":117258,"position":2},"title":"\u201c300 con Leonel\u201d en NY presenta Red de Multiplicadores como nueva etapa de organizaci\u00f3n 2026","author":"Nelson Feliz","date":"23 de enero de 2026","format":false,"excerpt":"Por Ram\u00f3n Mercedes NUEVA YORK.- El \u201cProyecto 300 con Leonel\u201d en esta ciudad present\u00f3 oficialmente la \u201cRed de Multiplicadores\u201d, una innovadora estructura de organizaci\u00f3n dise\u00f1ada para fortalecer la participaci\u00f3n pol\u00edtica del dominicano en el exterior, generando crecimiento y la movilizaci\u00f3n social a trav\u00e9s de un modelo altamente efectivo. Geraldo Rosario,\u2026","rel":"","context":"En \u00abPOLITICA\u00bb","block_context":{"text":"POLITICA","link":"https:\/\/lasprimeras.com.do\/index.php\/category\/politica\/"},"img":{"alt_text":"","src":"","width":0,"height":0},"classes":[]},{"id":109679,"url":"https:\/\/lasprimeras.com.do\/index.php\/2025\/09\/21\/los-300-con-leonel-reciben-a-su-lider-al-llegar-nyc-a-media-noche-este-sabado-por-jfk\/","url_meta":{"origin":117258,"position":3},"title":"Los \u00ab300 con Leonel\u00bb reciben a su l\u00edder al llegar NYC a media noche este s\u00e1bado por JFK","author":"Nelson Feliz","date":"21 de septiembre de 2025","format":false,"excerpt":"Por Ram\u00f3n Mercedes NUEVA YORK.- Una amplia delegaci\u00f3n de miembros del proyecto \u00ab300 con Leonel\u00bb (Los multiplicadores de NY), que preside Geraldo Rosario, recibieron la madrugada de este s\u00e1bado al presidente Leonel Fern\u00e1ndez al arribar a esta ciudad por el aeropuerto internacional John F. Kennedy. \u00abLeonel, presidente de la Fuerza\u2026","rel":"","context":"En \u00abPOLITICA\u00bb","block_context":{"text":"POLITICA","link":"https:\/\/lasprimeras.com.do\/index.php\/category\/politica\/"},"img":{"alt_text":"","src":"https:\/\/i0.wp.com\/lasprimeras.com.do\/wp-content\/uploads\/2025\/09\/WhatsApp-Image-2025-09-21-at-12.32.17-PM.jpeg?resize=350%2C200&ssl=1","width":350,"height":200,"srcset":"https:\/\/i0.wp.com\/lasprimeras.com.do\/wp-content\/uploads\/2025\/09\/WhatsApp-Image-2025-09-21-at-12.32.17-PM.jpeg?resize=350%2C200&ssl=1 1x, https:\/\/i0.wp.com\/lasprimeras.com.do\/wp-content\/uploads\/2025\/09\/WhatsApp-Image-2025-09-21-at-12.32.17-PM.jpeg?resize=525%2C300&ssl=1 1.5x, https:\/\/i0.wp.com\/lasprimeras.com.do\/wp-content\/uploads\/2025\/09\/WhatsApp-Image-2025-09-21-at-12.32.17-PM.jpeg?resize=700%2C400&ssl=1 2x, https:\/\/i0.wp.com\/lasprimeras.com.do\/wp-content\/uploads\/2025\/09\/WhatsApp-Image-2025-09-21-at-12.32.17-PM.jpeg?resize=1050%2C600&ssl=1 3x"},"classes":[]},{"id":118469,"url":"https:\/\/lasprimeras.com.do\/index.php\/2025\/12\/29\/coordinador-de-los-300-con-leonel-dice-franklin-garcia-esta-muy-divorciado-de-la-realidad-dominicana\/","url_meta":{"origin":117258,"position":4},"title":"Coordinador de los 300 con Leonel dice Franklin Garc\u00eda esta muy divorciado de la realidad dominicana","author":"Nelson Feliz","date":"29 de diciembre de 2025","format":false,"excerpt":"Por Ram\u00f3n Mercedes NUEVA YORK.- El coordinador general del Proyecto \u00ab300 con Leonel\u00bb en esta ciudad, Geraldo Rosario, se\u00f1al\u00f3 que el actual miembro de la Direcci\u00f3n Ejecutiva del Partido Revolucionario Moderno (PRM), Franklin Garc\u00eda Ferm\u00edn, se encuentra muy divorciado de la realidad de la Rep\u00fablica Dominicana. Rosario basa su criterio\u2026","rel":"","context":"En \u00abPOLITICA\u00bb","block_context":{"text":"POLITICA","link":"https:\/\/lasprimeras.com.do\/index.php\/category\/politica\/"},"img":{"alt_text":"","src":"https:\/\/i0.wp.com\/lasprimeras.com.do\/wp-content\/uploads\/2025\/12\/IMG-20251229-WA0076.jpg?resize=350%2C200&ssl=1","width":350,"height":200,"srcset":"https:\/\/i0.wp.com\/lasprimeras.com.do\/wp-content\/uploads\/2025\/12\/IMG-20251229-WA0076.jpg?resize=350%2C200&ssl=1 1x, https:\/\/i0.wp.com\/lasprimeras.com.do\/wp-content\/uploads\/2025\/12\/IMG-20251229-WA0076.jpg?resize=525%2C300&ssl=1 1.5x"},"classes":[]},{"id":115765,"url":"https:\/\/lasprimeras.com.do\/index.php\/2025\/11\/25\/300-con-leonel-en-ny-llama-dominicanos-asistir-a-la-marcha-fp-proximo-dia-30\/","url_meta":{"origin":117258,"position":5},"title":"\u00ab300 con Leonel\u00bb en NY llama dominicanos asistir a la marcha FP pr\u00f3ximo d\u00eda 30","author":"Nelson Feliz","date":"25 de noviembre de 2025","format":false,"excerpt":"https:\/\/www.youtube.com\/watch?v=zGrN5t_RdOg Por Ram\u00f3n Mercedes NUEVA YORK.- El proyecto \u00ab300 con Leonel\u00bb (Los multiplicadores de NY) exhorta los dominicanos integrarse a la \u00abMarcha del Pueblo\u00bb que har\u00e1 la Fuerza del Pueblo (FP), encabezada por el doctor Leonel Fern\u00e1ndez, el pr\u00f3ximo domingo 30 en la capital dominicana.Ocultar contenido recortado En rueda de\u2026","rel":"","context":"En \u00abLA VOZ DE LA DIASPORA\u00bb","block_context":{"text":"LA VOZ DE LA DIASPORA","link":"https:\/\/lasprimeras.com.do\/index.php\/category\/la-voz-de-la-diaspora\/"},"img":{"alt_text":"","src":"https:\/\/i0.wp.com\/lasprimeras.com.do\/wp-content\/uploads\/2025\/11\/300-con-Leonel-en-NY-llama-dominicanos-asistir-a-la-marcha-FP-proximo-dia-30.jpeg?resize=350%2C200&ssl=1","width":350,"height":200,"srcset":"https:\/\/i0.wp.com\/lasprimeras.com.do\/wp-content\/uploads\/2025\/11\/300-con-Leonel-en-NY-llama-dominicanos-asistir-a-la-marcha-FP-proximo-dia-30.jpeg?resize=350%2C200&ssl=1 1x, https:\/\/i0.wp.com\/lasprimeras.com.do\/wp-content\/uploads\/2025\/11\/300-con-Leonel-en-NY-llama-dominicanos-asistir-a-la-marcha-FP-proximo-dia-30.jpeg?resize=525%2C300&ssl=1 1.5x"},"classes":[]}],"jetpack_sharing_enabled":true,"_links":{"self":[{"href":"https:\/\/lasprimeras.com.do\/index.php\/wp-json\/wp\/v2\/posts\/117258","targetHints":{"allow":["GET"]}}],"collection":[{"href":"https:\/\/lasprimeras.com.do\/index.php\/wp-json\/wp\/v2\/posts"}],"about":[{"href":"https:\/\/lasprimeras.com.do\/index.php\/wp-json\/wp\/v2\/types\/post"}],"author":[{"embeddable":true,"href":"https:\/\/lasprimeras.com.do\/index.php\/wp-json\/wp\/v2\/users\/10"}],"replies":[{"embeddable":true,"href":"https:\/\/lasprimeras.com.do\/index.php\/wp-json\/wp\/v2\/comments?post=117258"}],"version-history":[{"count":1,"href":"https:\/\/lasprimeras.com.do\/index.php\/wp-json\/wp\/v2\/posts\/117258\/revisions"}],"predecessor-version":[{"id":117260,"href":"https:\/\/lasprimeras.com.do\/index.php\/wp-json\/wp\/v2\/posts\/117258\/revisions\/117260"}],"wp:featuredmedia":[{"embeddable":true,"href":"https:\/\/lasprimeras.com.do\/index.php\/wp-json\/wp\/v2\/media\/117259"}],"wp:attachment":[{"href":"https:\/\/lasprimeras.com.do\/index.php\/wp-json\/wp\/v2\/media?parent=117258"}],"wp:term":[{"taxonomy":"category","embeddable":true,"href":"https:\/\/lasprimeras.com.do\/index.php\/wp-json\/wp\/v2\/categories?post=117258"},{"taxonomy":"post_tag","embeddable":true,"href":"https:\/\/lasprimeras.com.do\/index.php\/wp-json\/wp\/v2\/tags?post=117258"}],"curies":[{"name":"wp","href":"https:\/\/api.w.org\/{rel}","templated":true}]}}