{"id":117301,"date":"2025-12-09T20:02:40","date_gmt":"2025-12-10T00:02:40","guid":{"rendered":"https:\/\/lasprimeras.com.do\/?p=117301"},"modified":"2025-12-09T20:02:42","modified_gmt":"2025-12-10T00:02:42","slug":"trump-dice-que-maduro-tiene-los-dias-contados-y-no-descarta-una-invasion-terrestre","status":"publish","type":"post","link":"https:\/\/lasprimeras.com.do\/index.php\/2025\/12\/09\/trump-dice-que-maduro-tiene-los-dias-contados-y-no-descarta-una-invasion-terrestre\/","title":{"rendered":"Trump dice que Maduro tiene los &#8220;d\u00edas contados&#8221; y no descarta una invasi\u00f3n terrestre"},"content":{"rendered":"\n<p><strong>Trump ha reiterado adem\u00e1s en varias ocasiones que &#8220;pronto&#8221; comenzar\u00e1n los ataques contra el narcotr\u00e1fico dentro del territorio venezolano<\/strong><\/p>\n\n\n\n<p>Washington. EFE -El presidente de Estados Unidos, Donald Trump, afirm\u00f3 en una entrevista publicada este martes que el mandatario venezolano, Nicol\u00e1s Maduro, tiene los d\u00edas &#8220;contados&#8221; y no descart\u00f3 una posible invasi\u00f3n terrestre a Venezuela.<\/p>\n\n\n\n<p>&#8220;Sus d\u00edas est\u00e1n contados&#8221;, declar\u00f3 Trump en una conversaci\u00f3n con Politico, tras ser consultado sobre hasta d\u00f3nde estar\u00eda dispuesto a llegar para sacar a Maduro del poder.<\/p>\n\n\n\n<p>El presidente evit\u00f3 responder cuando la periodista Dasha Burns le pregunt\u00f3 si pod\u00eda descartarse una intervenci\u00f3n terrestre con tropas estadounidenses desplegadas en territorio venezolano.<\/p>\n\n\n\n<p>&#8220;No quiero confirmarlo ni descartarlo. No quiero hablar de eso. \u00bfPor qu\u00e9 hablar\u00eda de eso con Politico, una publicaci\u00f3n tan hostil conmigo?&#8221;, se\u00f1al\u00f3.<\/p>\n\n\n\n<p>El Gobierno de Trump, que no reconoce la legitimidad de Maduro y lo acusa de liderar el Cartel de los Soles, ha desplegado desde mediados de a\u00f1o una presencia militar sin precedentes en la regi\u00f3n con el argumento de combatir el narcotr\u00e1fico.<\/p>\n\n\n\n<p>Operaci\u00f3n Lanza del Sur<\/p>\n\n\n\n<p>Esa operaci\u00f3n, bautizada como Lanza del Sur, ha destruido una veintena de lanchas supuestamente cargadas con droga en el Caribe y el Pac\u00edfico, matando de forma extrajudicial a m\u00e1s de 80 personas, a las que Washington acusa de &#8220;narcoterroristas&#8221;.<\/p>\n\n\n\n<p>Trump ha reiterado adem\u00e1s en varias ocasiones que &#8220;pronto&#8221; comenzar\u00e1n los ataques contra el narcotr\u00e1fico dentro del territorio venezolano.<br>A pesar de la tensi\u00f3n, Trump y Maduro mantuvieron en noviembre una conversaci\u00f3n telef\u00f3nica que, seg\u00fan fuentes consultadas por The Washington Post, fue cordial.<\/p>\n\n\n\n<p>Durante la conversaci\u00f3n, el mandatario estadounidense manifest\u00f3 que le gustar\u00eda que Maduro renunciara al poder, aunque no fij\u00f3 ning\u00fan ultim\u00e1tum y ambos se comprometieron a mantener nuevos contactos en el futuro, a\u00f1ade el peri\u00f3dico.<\/p>\n","protected":false},"excerpt":{"rendered":"<p>Trump ha reiterado adem\u00e1s en varias ocasiones que &#8220;pronto&#8221; comenzar\u00e1n los ataques contra el narcotr\u00e1fico dentro del territorio venezolano Washington. EFE -El presidente de Estados Unidos, Donald Trump, afirm\u00f3 en&hellip;<\/p>\n","protected":false},"author":10,"featured_media":110843,"comment_status":"open","ping_status":"open","sticky":false,"template":"","format":"standard","meta":{"content-type":"","jetpack_post_was_ever_published":false,"_jetpack_newsletter_access":"","_jetpack_dont_email_post_to_subs":false,"_jetpack_newsletter_tier_id":0,"_jetpack_memberships_contains_paywalled_content":false,"_jetpack_memberships_contains_paid_content":false,"footnotes":""},"categories":[16289],"tags":[28390,978,98,1604,28391,3251],"class_list":["post-117301","post","type-post","status-publish","format-standard","has-post-thumbnail","hentry","category-internacionales","tag-dias-contados","tag-donald-trump","tag-estados-unidos","tag-nicolas-maduro","tag-no-descarta-una-invasion-terrestre","tag-venezolano"],"jetpack_featured_media_url":"https:\/\/lasprimeras.com.do\/wp-content\/uploads\/2025\/10\/Donald-Trump.jpg","jetpack-related-posts":[{"id":92563,"url":"https:\/\/lasprimeras.com.do\/index.php\/2025\/01\/07\/hipolito-mejia-dice-maduro-y-trump-irrespetan-la-dignidad-humana\/","url_meta":{"origin":117301,"position":0},"title":"Hip\u00f3lito Mej\u00eda dice Maduro y Trump irrespetan la dignidad humana","author":"Nelson Feliz","date":"7 de enero de 2025","format":false,"excerpt":"El expresidente dominicano Hip\u00f3lito Mej\u00eda manifest\u00f3 que los presidentes de Estados Unidos, Donald Trump y de Venezuela Nicol\u00e1s Maduro irrespetan la \u201cdignidad humana\u201d por sus \u201cextremismos\u201d pol\u00edticos. Mej\u00eda, dijo que repudia las ideolog\u00edas o movimientos que han caracterizado tanto al presidente de Venezuela como al de Estados Unidos. \u201cYo no\u2026","rel":"","context":"En \u00abPOLITICA\u00bb","block_context":{"text":"POLITICA","link":"https:\/\/lasprimeras.com.do\/index.php\/category\/politica\/"},"img":{"alt_text":"Hip\u00f3lito Mej\u00eda","src":"https:\/\/i0.wp.com\/lasprimeras.com.do\/wp-content\/uploads\/2025\/01\/Hipolito-Mejia.jpg?resize=350%2C200&ssl=1","width":350,"height":200,"srcset":"https:\/\/i0.wp.com\/lasprimeras.com.do\/wp-content\/uploads\/2025\/01\/Hipolito-Mejia.jpg?resize=350%2C200&ssl=1 1x, https:\/\/i0.wp.com\/lasprimeras.com.do\/wp-content\/uploads\/2025\/01\/Hipolito-Mejia.jpg?resize=525%2C300&ssl=1 1.5x, https:\/\/i0.wp.com\/lasprimeras.com.do\/wp-content\/uploads\/2025\/01\/Hipolito-Mejia.jpg?resize=700%2C400&ssl=1 2x"},"classes":[]},{"id":98958,"url":"https:\/\/lasprimeras.com.do\/index.php\/2025\/05\/14\/llega-a-venezuela-nina-de-2-anos-separada-de-sus-padres-deportados-de-estados-unidos\/","url_meta":{"origin":117301,"position":1},"title":"Llega a Venezuela ni\u00f1a de 2 a\u00f1os separada de sus padres deportados de Estados Unidos","author":"Nelson Feliz","date":"14 de mayo de 2025","format":false,"excerpt":"CARACAS (AP) \u2014 La ni\u00f1a de dos a\u00f1os que permanec\u00eda en territorio estadounidense luego de que las autoridades deportaran a sus padres venezolanos lleg\u00f3 el mi\u00e9rcoles a Venezuela en un vuelo de migrantes deportados desde Estados Unidos. El gobierno del presidente Nicol\u00e1s Maduro hab\u00eda denunciado repetidamente que se trataba de\u2026","rel":"","context":"En \u00abINTERNACIONALES\u00bb","block_context":{"text":"INTERNACIONALES","link":"https:\/\/lasprimeras.com.do\/index.php\/category\/sin-categoria\/internacionales\/"},"img":{"alt_text":"","src":"https:\/\/i0.wp.com\/lasprimeras.com.do\/wp-content\/uploads\/2024\/09\/Nicolas-Maduro.jpg?resize=350%2C200&ssl=1","width":350,"height":200},"classes":[]},{"id":91348,"url":"https:\/\/lasprimeras.com.do\/index.php\/2024\/11\/18\/maduro-descarta-que-haya-habido-negociacion-sobre-liberacion-de-detenidos-tras-comicios\/","url_meta":{"origin":117301,"position":2},"title":"Maduro descarta que haya habido negociaci\u00f3n sobre liberaci\u00f3n de detenidos tras comicios","author":"Nelson Feliz","date":"18 de noviembre de 2024","format":false,"excerpt":"Caracas,(EFE).- El presidente de Venezuela, Nicol\u00e1s Maduro, descart\u00f3 este lunes que haya habido alguna negociaci\u00f3n con la oposici\u00f3n mayoritaria, a la que calific\u00f3 de \"fascista\", sobre la liberaci\u00f3n de los considerados \"presos pol\u00edticos\", detenidos tras las protestas contra el resultado oficial de las elecciones presidenciales del 28 de julio. \"La\u2026","rel":"","context":"En \u00abINTERNACIONALES\u00bb","block_context":{"text":"INTERNACIONALES","link":"https:\/\/lasprimeras.com.do\/index.php\/category\/sin-categoria\/internacionales\/"},"img":{"alt_text":"Nicol\u00e1s Maduro","src":"https:\/\/i0.wp.com\/lasprimeras.com.do\/wp-content\/uploads\/2024\/11\/Nicolas-Maduro-3.jpg?resize=350%2C200&ssl=1","width":350,"height":200,"srcset":"https:\/\/i0.wp.com\/lasprimeras.com.do\/wp-content\/uploads\/2024\/11\/Nicolas-Maduro-3.jpg?resize=350%2C200&ssl=1 1x, https:\/\/i0.wp.com\/lasprimeras.com.do\/wp-content\/uploads\/2024\/11\/Nicolas-Maduro-3.jpg?resize=525%2C300&ssl=1 1.5x, https:\/\/i0.wp.com\/lasprimeras.com.do\/wp-content\/uploads\/2024\/11\/Nicolas-Maduro-3.jpg?resize=700%2C400&ssl=1 2x"},"classes":[]},{"id":93291,"url":"https:\/\/lasprimeras.com.do\/index.php\/2025\/02\/06\/eeuu-incautaria-avion-de-maduro-retenido-en-rd-durante-visita-de-rubio\/","url_meta":{"origin":117301,"position":3},"title":"EEUU incautar\u00eda avi\u00f3n de Maduro retenido en RD durante visita de Rubio","author":"Nelson Feliz","date":"6 de febrero de 2025","format":false,"excerpt":"El gobierno del presidente estadounidense Donald Trump planea confiscar un segundo avi\u00f3n perteneciente al gobierno del mandatario venezolano Nicol\u00e1s Maduro que actualmente se encuentra en la Rep\u00fablica Dominicana. El secretario de Estado Marco Rubio pretende anunciar la incautaci\u00f3n el jueves durante una visita a Santo Domingo, la \u00faltima parada de\u2026","rel":"","context":"En \u00abNACIONALES\u00bb","block_context":{"text":"NACIONALES","link":"https:\/\/lasprimeras.com.do\/index.php\/category\/nacionales\/"},"img":{"alt_text":"","src":"https:\/\/i0.wp.com\/lasprimeras.com.do\/wp-content\/uploads\/2025\/02\/mm.jpg?resize=350%2C200&ssl=1","width":350,"height":200,"srcset":"https:\/\/i0.wp.com\/lasprimeras.com.do\/wp-content\/uploads\/2025\/02\/mm.jpg?resize=350%2C200&ssl=1 1x, https:\/\/i0.wp.com\/lasprimeras.com.do\/wp-content\/uploads\/2025\/02\/mm.jpg?resize=525%2C300&ssl=1 1.5x, https:\/\/i0.wp.com\/lasprimeras.com.do\/wp-content\/uploads\/2025\/02\/mm.jpg?resize=700%2C400&ssl=1 2x"},"classes":[]},{"id":93434,"url":"https:\/\/lasprimeras.com.do\/index.php\/2025\/02\/09\/nicolas-maduro-cataloga-de-ladron-a-marco-rubio-por-incautacion-de-aeronave-en-rd\/","url_meta":{"origin":117301,"position":4},"title":"Nicol\u00e1s Maduro cataloga de \u201cladr\u00f3n\u201d a Marco Rubio por incautaci\u00f3n de aeronave en RD","author":"Nelson Feliz","date":"9 de febrero de 2025","format":false,"excerpt":"Venezuela asegur\u00f3 adem\u00e1s que \"tomar\u00e1 todas las acciones necesarias para denunciar este robo y exigir la devoluci\u00f3n inmediata de su aeronave\". Caracas, Venezuela, AFP.-. Venezuela calific\u00f3 este viernes de \"robo descarado\" la confiscaci\u00f3n de una segunda aeronave en Rep\u00fablica Dominicana por Estados Unidos, al tiempo que se refiri\u00f3 al jefe\u2026","rel":"","context":"En \u00abINTERNACIONALES\u00bb","block_context":{"text":"INTERNACIONALES","link":"https:\/\/lasprimeras.com.do\/index.php\/category\/sin-categoria\/internacionales\/"},"img":{"alt_text":"Nicol\u00e1s Maduro","src":"https:\/\/i0.wp.com\/lasprimeras.com.do\/wp-content\/uploads\/2025\/02\/Nicolas-Maduro.jpeg?resize=350%2C200&ssl=1","width":350,"height":200,"srcset":"https:\/\/i0.wp.com\/lasprimeras.com.do\/wp-content\/uploads\/2025\/02\/Nicolas-Maduro.jpeg?resize=350%2C200&ssl=1 1x, https:\/\/i0.wp.com\/lasprimeras.com.do\/wp-content\/uploads\/2025\/02\/Nicolas-Maduro.jpeg?resize=525%2C300&ssl=1 1.5x, https:\/\/i0.wp.com\/lasprimeras.com.do\/wp-content\/uploads\/2025\/02\/Nicolas-Maduro.jpeg?resize=700%2C400&ssl=1 2x"},"classes":[]},{"id":118001,"url":"https:\/\/lasprimeras.com.do\/index.php\/2025\/12\/19\/marco-rubio-evade-confirmacion-sobre-estrategia-para-sacar-a-nicolas-maduro-de-venezuela\/","url_meta":{"origin":117301,"position":5},"title":"Marco Rubio evade confirmaci\u00f3n sobre estrategia para sacar a Nicol\u00e1s Maduro de Venezuela","author":"Nelson Feliz","date":"19 de diciembre de 2025","format":false,"excerpt":"El jefe de la diplomacia estadounidense subray\u00f3 que el objetivo del Gobierno estadounidense \"es la estabilidad y la seguridad regional\" y \"proteger los intereses de Estados Unidos\". Washington, EFE - El secretario de Estado de Estados Unidos, Marco Rubio, evit\u00f3 responder este viernes si la Administraci\u00f3n de Donald Trump busca\u2026","rel":"","context":"En \u00abINTERNACIONALES\u00bb","block_context":{"text":"INTERNACIONALES","link":"https:\/\/lasprimeras.com.do\/index.php\/category\/sin-categoria\/internacionales\/"},"img":{"alt_text":"\"Estados Unidos est\u00e1 siendo atacado por organizaciones criminales terroristas en nuestro hemisferio y el presidente (Donald Trump) est\u00e1 respondiendo en defensa de nuestro pa\u00eds\", a\u00f1adi\u00f3.AP","src":"https:\/\/i0.wp.com\/lasprimeras.com.do\/wp-content\/uploads\/2025\/12\/Marco-Rubio.jpg?resize=350%2C200&ssl=1","width":350,"height":200,"srcset":"https:\/\/i0.wp.com\/lasprimeras.com.do\/wp-content\/uploads\/2025\/12\/Marco-Rubio.jpg?resize=350%2C200&ssl=1 1x, https:\/\/i0.wp.com\/lasprimeras.com.do\/wp-content\/uploads\/2025\/12\/Marco-Rubio.jpg?resize=525%2C300&ssl=1 1.5x, https:\/\/i0.wp.com\/lasprimeras.com.do\/wp-content\/uploads\/2025\/12\/Marco-Rubio.jpg?resize=700%2C400&ssl=1 2x"},"classes":[]}],"jetpack_sharing_enabled":true,"_links":{"self":[{"href":"https:\/\/lasprimeras.com.do\/index.php\/wp-json\/wp\/v2\/posts\/117301","targetHints":{"allow":["GET"]}}],"collection":[{"href":"https:\/\/lasprimeras.com.do\/index.php\/wp-json\/wp\/v2\/posts"}],"about":[{"href":"https:\/\/lasprimeras.com.do\/index.php\/wp-json\/wp\/v2\/types\/post"}],"author":[{"embeddable":true,"href":"https:\/\/lasprimeras.com.do\/index.php\/wp-json\/wp\/v2\/users\/10"}],"replies":[{"embeddable":true,"href":"https:\/\/lasprimeras.com.do\/index.php\/wp-json\/wp\/v2\/comments?post=117301"}],"version-history":[{"count":1,"href":"https:\/\/lasprimeras.com.do\/index.php\/wp-json\/wp\/v2\/posts\/117301\/revisions"}],"predecessor-version":[{"id":117302,"href":"https:\/\/lasprimeras.com.do\/index.php\/wp-json\/wp\/v2\/posts\/117301\/revisions\/117302"}],"wp:featuredmedia":[{"embeddable":true,"href":"https:\/\/lasprimeras.com.do\/index.php\/wp-json\/wp\/v2\/media\/110843"}],"wp:attachment":[{"href":"https:\/\/lasprimeras.com.do\/index.php\/wp-json\/wp\/v2\/media?parent=117301"}],"wp:term":[{"taxonomy":"category","embeddable":true,"href":"https:\/\/lasprimeras.com.do\/index.php\/wp-json\/wp\/v2\/categories?post=117301"},{"taxonomy":"post_tag","embeddable":true,"href":"https:\/\/lasprimeras.com.do\/index.php\/wp-json\/wp\/v2\/tags?post=117301"}],"curies":[{"name":"wp","href":"https:\/\/api.w.org\/{rel}","templated":true}]}}