{"id":117305,"date":"2025-12-09T20:19:30","date_gmt":"2025-12-10T00:19:30","guid":{"rendered":"https:\/\/lasprimeras.com.do\/?p=117305"},"modified":"2025-12-09T20:19:31","modified_gmt":"2025-12-10T00:19:31","slug":"cancelan-conferencia-de-lider-opositora-venezolana-en-vispera-de-ceremonia-del-nobel","status":"publish","type":"post","link":"https:\/\/lasprimeras.com.do\/index.php\/2025\/12\/09\/cancelan-conferencia-de-lider-opositora-venezolana-en-vispera-de-ceremonia-del-nobel\/","title":{"rendered":"Cancelan conferencia de l\u00edder opositora venezolana en v\u00edspera de ceremonia del Nobel"},"content":{"rendered":"\n<p>OSLO, Noruega (AP) \u2014 Una conferencia de prensa planeada para el martes por la l\u00edder opositora venezolana y ganadora del Premio Nobel de la Paz, Mar\u00eda Corina Machado, fue cancelada tras un retraso de varias horas, un d\u00eda antes de la ceremonia de entrega del premio en Oslo.<\/p>\n\n\n\n<p>Machado, quien apareci\u00f3 en p\u00fablico por \u00faltima vez hace 11 meses, ten\u00eda previsto realizar la conferencia de prensa tradicional del laureado el d\u00eda antes de la ceremonia formal de entrega del premio. Pero el evento programado para el mediod\u00eda se retras\u00f3 sin explicaci\u00f3n, hasta que el Instituto Nobel Noruego dijo tres horas despu\u00e9s de la hora programada que \u201cno tendr\u00e1 lugar hoy\u201d.<\/p>\n\n\n\n<p>\u201cMar\u00eda Corina Machado ha manifestado en entrevistas lo dif\u00edcil que ser\u00e1 el viaje a Oslo, Noruega\u201d, indic\u00f3 el instituto en un correo electr\u00f3nico. \u201cPor lo tanto, en este momento no podemos proporcionar m\u00e1s informaci\u00f3n sobre cu\u00e1ndo y c\u00f3mo llegar\u00e1 para la ceremonia del Premio Nobel de la Paz\u201d.<\/p>\n\n\n\n<p>El instituto no especific\u00f3 si la conferencia de prensa se llevar\u00eda a cabo en otro momento.<\/p>\n\n\n\n<p>El portavoz de Machado no respondi\u00f3 de inmediato a las preguntas sobre la ubicaci\u00f3n de la l\u00edder opositora y su asistencia planeada a la ceremonia del mi\u00e9rcoles.<\/p>\n\n\n\n<p>La victoria de la mujer de 58 a\u00f1os por su lucha para lograr una transici\u00f3n democr\u00e1tica en su naci\u00f3n sudamericana fue anunciada el 10 de octubre, y fue descrita como una mujer \u201cque mantiene viva la llama de la democracia en medio de una creciente oscuridad\u201d.<\/p>\n\n\n\n<p>Machado gan\u00f3 la elecci\u00f3n primaria de la oposici\u00f3n y ten\u00eda la intenci\u00f3n de postularse contra el presidente Nicol\u00e1s Maduro en la elecci\u00f3n presidencial del a\u00f1o pasado, pero el gobierno le prohibi\u00f3 postularse para el cargo. El diplom\u00e1tico retirado Edmundo Gonz\u00e1lez ocup\u00f3 su lugar.<\/p>\n\n\n\n<p>El per\u00edodo previo a la elecci\u00f3n del 28 de julio de 2024 vio una represi\u00f3n generalizada, incluidas descalificaciones, arrestos y violaciones de derechos humanos. Eso aument\u00f3 despu\u00e9s de que el Consejo Nacional Electoral del pa\u00eds, que est\u00e1 lleno de leales a Maduro, declarara al titular como ganador a pesar de la evidencia cre\u00edble en contrario.<\/p>\n\n\n\n<p>Gonz\u00e1lez solicit\u00f3 asilo en Espa\u00f1a el a\u00f1o pasado despu\u00e9s de que un tribunal venezolano emitiera una orden de arresto en su contra.<\/p>\n\n\n\n<p>Mientras tanto, Machado se ocult\u00f3 y no ha sido vista en p\u00fablico desde el 9 de enero, cuando fue detenida brevemente tras unirse a simpatizantes en una protesta en Caracas, la capital de Venezuela. Al d\u00eda siguiente, Maduro asumi\u00f3 su tercer mandato de seis a\u00f1os.<\/p>\n","protected":false},"excerpt":{"rendered":"<p>OSLO, Noruega (AP) \u2014 Una conferencia de prensa planeada para el martes por la l\u00edder opositora venezolana y ganadora del Premio Nobel de la Paz, Mar\u00eda Corina Machado, fue cancelada&hellip;<\/p>\n","protected":false},"author":10,"featured_media":117306,"comment_status":"open","ping_status":"open","sticky":false,"template":"","format":"standard","meta":{"content-type":"","jetpack_post_was_ever_published":false,"_jetpack_newsletter_access":"","_jetpack_dont_email_post_to_subs":false,"_jetpack_newsletter_tier_id":0,"_jetpack_memberships_contains_paywalled_content":false,"_jetpack_memberships_contains_paid_content":false,"footnotes":""},"categories":[16289],"tags":[5054,11427,667,28394,14145,28395,208,10823],"class_list":["post-117305","post","type-post","status-publish","format-standard","has-post-thumbnail","hentry","category-internacionales","tag-cancelan","tag-ceremonia","tag-conferencia","tag-lider-opositora","tag-maria-corina-machado","tag-nobel","tag-venezolana","tag-vispera"],"jetpack_featured_media_url":"https:\/\/lasprimeras.com.do\/wp-content\/uploads\/2025\/12\/Maria-Corina-Machado.jpg","jetpack-related-posts":[{"id":117341,"url":"https:\/\/lasprimeras.com.do\/index.php\/2025\/12\/10\/maria-corina-machado-se-perdera-la-ceremonia-del-premio-nobel-de-la-paz\/","url_meta":{"origin":117305,"position":0},"title":"Mar\u00eda Corina Machado se perder\u00e1 la ceremonia del Premio Nobel de la Paz","author":"Nelson Feliz","date":"10 de diciembre de 2025","format":false,"excerpt":"Por David Keyton OSLO, Noruega (AP) \u2014 La l\u00edder opositora venezolana Mar\u00eda Corina Machado no asistir\u00e1 a la ceremonia de entrega del Premio Nobel de la Paz en Oslo el mi\u00e9rcoles, dijo el director del Instituto Noruego del Nobel. La \u00faltima aparici\u00f3n p\u00fablica de Machado fue hace 11 meses. El\u2026","rel":"","context":"En \u00abINTERNACIONALES\u00bb","block_context":{"text":"INTERNACIONALES","link":"https:\/\/lasprimeras.com.do\/index.php\/category\/sin-categoria\/internacionales\/"},"img":{"alt_text":"Mar\u00eda Corina Machado","src":"https:\/\/i0.wp.com\/lasprimeras.com.do\/wp-content\/uploads\/2025\/12\/Maria-Corina-Machado-1.jpg?resize=350%2C200&ssl=1","width":350,"height":200,"srcset":"https:\/\/i0.wp.com\/lasprimeras.com.do\/wp-content\/uploads\/2025\/12\/Maria-Corina-Machado-1.jpg?resize=350%2C200&ssl=1 1x, https:\/\/i0.wp.com\/lasprimeras.com.do\/wp-content\/uploads\/2025\/12\/Maria-Corina-Machado-1.jpg?resize=525%2C300&ssl=1 1.5x, https:\/\/i0.wp.com\/lasprimeras.com.do\/wp-content\/uploads\/2025\/12\/Maria-Corina-Machado-1.jpg?resize=700%2C400&ssl=1 2x"},"classes":[]},{"id":117470,"url":"https:\/\/lasprimeras.com.do\/index.php\/2025\/12\/11\/la-opositora-venezolana-machado-dice-que-el-gobierno-de-maduro-no-sabia-donde-se-escondia\/","url_meta":{"origin":117305,"position":1},"title":"La opositora venezolana Machado dice que el gobierno de Maduro no sab\u00eda d\u00f3nde se escond\u00eda","author":"Nelson Feliz","date":"11 de diciembre de 2025","format":false,"excerpt":"OSLO, Noruega (AP) \u2014 La l\u00edder opositora venezolana Mar\u00eda Corina Machado afirm\u00f3 el jueves que no cree que el gobierno venezolano supiera d\u00f3nde se escond\u00eda durante la mayor parte de este a\u00f1o, en declaraciones durante un encuentro con el mandatario de Noruega al d\u00eda siguiente de que su hija recibiera\u2026","rel":"","context":"En \u00abINTERNACIONALES\u00bb","block_context":{"text":"INTERNACIONALES","link":"https:\/\/lasprimeras.com.do\/index.php\/category\/sin-categoria\/internacionales\/"},"img":{"alt_text":"La ganadora del Nobel de la Paz Mar\u00eda Corina Machado habla durante una conferencia de prensa en un recinto representativo del gobierno en un complejo representativo del gobierno en Oslo, Noruega el jueves 11 de diciembre de 2025. (Stian Lysberg Solum\/NTB Scanpix, Pool Foto via AP)","src":"https:\/\/i0.wp.com\/lasprimeras.com.do\/wp-content\/uploads\/2025\/12\/Maria-Corina-Machado-2.jpg?resize=350%2C200&ssl=1","width":350,"height":200,"srcset":"https:\/\/i0.wp.com\/lasprimeras.com.do\/wp-content\/uploads\/2025\/12\/Maria-Corina-Machado-2.jpg?resize=350%2C200&ssl=1 1x, https:\/\/i0.wp.com\/lasprimeras.com.do\/wp-content\/uploads\/2025\/12\/Maria-Corina-Machado-2.jpg?resize=525%2C300&ssl=1 1.5x, https:\/\/i0.wp.com\/lasprimeras.com.do\/wp-content\/uploads\/2025\/12\/Maria-Corina-Machado-2.jpg?resize=700%2C400&ssl=1 2x"},"classes":[]},{"id":117372,"url":"https:\/\/lasprimeras.com.do\/index.php\/2025\/12\/10\/hija-de-maria-corina-machado-acepta-el-nobel-en-su-nombre\/","url_meta":{"origin":117305,"position":2},"title":"Hija de Mar\u00eda Corina Machado acepta el Nobel en su nombre","author":"Nelson Feliz","date":"10 de diciembre de 2025","format":false,"excerpt":"POR DAVID KEYTON OSLO, Noruega (AP) \u2014 La hija de la l\u00edder opositora venezolana Mar\u00eda Corina Machado acept\u00f3 el Premio Nobel de la Paz en Noruega en nombre de su madre el mi\u00e9rcoles, leyendo un discurso escrito por Machado en que asevera que \u201cdebemos estar dispuestos a luchar por la\u2026","rel":"","context":"En \u00abINTERNACIONALES\u00bb","block_context":{"text":"INTERNACIONALES","link":"https:\/\/lasprimeras.com.do\/index.php\/category\/sin-categoria\/internacionales\/"},"img":{"alt_text":"Ana Corina Sosa","src":"https:\/\/i0.wp.com\/lasprimeras.com.do\/wp-content\/uploads\/2025\/12\/Ana-Corina-Sosa.jpg?resize=350%2C200&ssl=1","width":350,"height":200,"srcset":"https:\/\/i0.wp.com\/lasprimeras.com.do\/wp-content\/uploads\/2025\/12\/Ana-Corina-Sosa.jpg?resize=350%2C200&ssl=1 1x, https:\/\/i0.wp.com\/lasprimeras.com.do\/wp-content\/uploads\/2025\/12\/Ana-Corina-Sosa.jpg?resize=525%2C300&ssl=1 1.5x, https:\/\/i0.wp.com\/lasprimeras.com.do\/wp-content\/uploads\/2025\/12\/Ana-Corina-Sosa.jpg?resize=700%2C400&ssl=1 2x"},"classes":[]},{"id":111515,"url":"https:\/\/lasprimeras.com.do\/index.php\/2025\/10\/10\/maria-corina-machado-gana-el-premio-nobel-de-la-paz\/","url_meta":{"origin":117305,"position":3},"title":"Mar\u00eda Corina Machado gana el Premio Nobel de la Paz","author":"Nelson Feliz","date":"10 de octubre de 2025","format":false,"excerpt":"POR KOSTYA MANENKOV and GEIR MOULSON OSLO, Noruega (AP) \u2014 La activista opositora venezolana Mar\u00eda Corina Machado fue reconocida el viernes con el Premio Nobel de la Paz. La excandidata presidencial fue elogiada por ser una \u201cfigura clave y unificadora en una oposici\u00f3n pol\u00edtica que antes estaba profundamente dividida, una\u2026","rel":"","context":"En \u00abINTERNACIONALES\u00bb","block_context":{"text":"INTERNACIONALES","link":"https:\/\/lasprimeras.com.do\/index.php\/category\/sin-categoria\/internacionales\/"},"img":{"alt_text":"","src":"https:\/\/i0.wp.com\/lasprimeras.com.do\/wp-content\/uploads\/2025\/10\/Maria-Corina-Machado.jpg?resize=350%2C200&ssl=1","width":350,"height":200,"srcset":"https:\/\/i0.wp.com\/lasprimeras.com.do\/wp-content\/uploads\/2025\/10\/Maria-Corina-Machado.jpg?resize=350%2C200&ssl=1 1x, https:\/\/i0.wp.com\/lasprimeras.com.do\/wp-content\/uploads\/2025\/10\/Maria-Corina-Machado.jpg?resize=525%2C300&ssl=1 1.5x, https:\/\/i0.wp.com\/lasprimeras.com.do\/wp-content\/uploads\/2025\/10\/Maria-Corina-Machado.jpg?resize=700%2C400&ssl=1 2x"},"classes":[]},{"id":111536,"url":"https:\/\/lasprimeras.com.do\/index.php\/2025\/10\/10\/una-lista-de-los-ganadores-del-premio-nobel-de-este-ano-hasta-el-momento\/","url_meta":{"origin":117305,"position":4},"title":"Una lista de los ganadores del Premio Nobel de este a\u00f1o hasta el momento","author":"Nelson Feliz","date":"10 de octubre de 2025","format":false,"excerpt":"OSLO, Noruega (AP) \u2014 La entrega del Premio Nobel de la Paz el viernes a la l\u00edder opositora venezolana Mar\u00eda Corina Machado puso fin a los anuncios de esta semana . Solo queda el premio de econom\u00eda, que se entregar\u00e1 el lunes. El Premio Nobel de la Paz es el\u2026","rel":"","context":"En \u00abENTRETENIMIENTO\u00bb","block_context":{"text":"ENTRETENIMIENTO","link":"https:\/\/lasprimeras.com.do\/index.php\/category\/entretenimiento\/"},"img":{"alt_text":"","src":"https:\/\/i0.wp.com\/lasprimeras.com.do\/wp-content\/uploads\/2025\/10\/Premio-Nobel.jpg?resize=350%2C200&ssl=1","width":350,"height":200,"srcset":"https:\/\/i0.wp.com\/lasprimeras.com.do\/wp-content\/uploads\/2025\/10\/Premio-Nobel.jpg?resize=350%2C200&ssl=1 1x, https:\/\/i0.wp.com\/lasprimeras.com.do\/wp-content\/uploads\/2025\/10\/Premio-Nobel.jpg?resize=525%2C300&ssl=1 1.5x, https:\/\/i0.wp.com\/lasprimeras.com.do\/wp-content\/uploads\/2025\/10\/Premio-Nobel.jpg?resize=700%2C400&ssl=1 2x"},"classes":[]},{"id":119741,"url":"https:\/\/lasprimeras.com.do\/index.php\/2026\/01\/16\/lider-opositora-de-venezuela-confia-en-retorno-de-la-democracia-pero-dice-poco-sobre-sus-planes\/","url_meta":{"origin":117305,"position":5},"title":"L\u00edder opositora de Venezuela conf\u00eda en retorno de la democracia pero dice poco sobre sus planes","author":"Nelson Feliz","date":"16 de enero de 2026","format":false,"excerpt":"POR JOSHUA GOODMAN e ISABEL DEBRE WASHINGTON (AP) \u2014 La l\u00edder opositora venezolana Mar\u00eda Corina Machado expres\u00f3 el viernes confianza en la eventual transici\u00f3n de su pa\u00eds a la democracia despu\u00e9s de que el ej\u00e9rcito de Estados Unidos derrocara al expresidente Nicol\u00e1s Maduro. Pero reconoci\u00f3 el desaf\u00edo de celebrar elecciones\u2026","rel":"","context":"En \u00abINTERNACIONALES\u00bb","block_context":{"text":"INTERNACIONALES","link":"https:\/\/lasprimeras.com.do\/index.php\/category\/sin-categoria\/internacionales\/"},"img":{"alt_text":"","src":"https:\/\/i0.wp.com\/lasprimeras.com.do\/wp-content\/uploads\/2026\/01\/Maria-Corina-Machado-1.jpg?resize=350%2C200&ssl=1","width":350,"height":200,"srcset":"https:\/\/i0.wp.com\/lasprimeras.com.do\/wp-content\/uploads\/2026\/01\/Maria-Corina-Machado-1.jpg?resize=350%2C200&ssl=1 1x, https:\/\/i0.wp.com\/lasprimeras.com.do\/wp-content\/uploads\/2026\/01\/Maria-Corina-Machado-1.jpg?resize=525%2C300&ssl=1 1.5x, https:\/\/i0.wp.com\/lasprimeras.com.do\/wp-content\/uploads\/2026\/01\/Maria-Corina-Machado-1.jpg?resize=700%2C400&ssl=1 2x"},"classes":[]}],"jetpack_sharing_enabled":true,"_links":{"self":[{"href":"https:\/\/lasprimeras.com.do\/index.php\/wp-json\/wp\/v2\/posts\/117305","targetHints":{"allow":["GET"]}}],"collection":[{"href":"https:\/\/lasprimeras.com.do\/index.php\/wp-json\/wp\/v2\/posts"}],"about":[{"href":"https:\/\/lasprimeras.com.do\/index.php\/wp-json\/wp\/v2\/types\/post"}],"author":[{"embeddable":true,"href":"https:\/\/lasprimeras.com.do\/index.php\/wp-json\/wp\/v2\/users\/10"}],"replies":[{"embeddable":true,"href":"https:\/\/lasprimeras.com.do\/index.php\/wp-json\/wp\/v2\/comments?post=117305"}],"version-history":[{"count":1,"href":"https:\/\/lasprimeras.com.do\/index.php\/wp-json\/wp\/v2\/posts\/117305\/revisions"}],"predecessor-version":[{"id":117307,"href":"https:\/\/lasprimeras.com.do\/index.php\/wp-json\/wp\/v2\/posts\/117305\/revisions\/117307"}],"wp:featuredmedia":[{"embeddable":true,"href":"https:\/\/lasprimeras.com.do\/index.php\/wp-json\/wp\/v2\/media\/117306"}],"wp:attachment":[{"href":"https:\/\/lasprimeras.com.do\/index.php\/wp-json\/wp\/v2\/media?parent=117305"}],"wp:term":[{"taxonomy":"category","embeddable":true,"href":"https:\/\/lasprimeras.com.do\/index.php\/wp-json\/wp\/v2\/categories?post=117305"},{"taxonomy":"post_tag","embeddable":true,"href":"https:\/\/lasprimeras.com.do\/index.php\/wp-json\/wp\/v2\/tags?post=117305"}],"curies":[{"name":"wp","href":"https:\/\/api.w.org\/{rel}","templated":true}]}}