{"id":117399,"date":"2025-12-10T14:51:53","date_gmt":"2025-12-10T18:51:53","guid":{"rendered":"https:\/\/lasprimeras.com.do\/?p=117399"},"modified":"2025-12-10T17:43:16","modified_gmt":"2025-12-10T21:43:16","slug":"imponen-garantia-economica-a-tres-empleadas-por-muerte-de-stephora-mp-apelara-decision","status":"publish","type":"post","link":"https:\/\/lasprimeras.com.do\/index.php\/2025\/12\/10\/imponen-garantia-economica-a-tres-empleadas-por-muerte-de-stephora-mp-apelara-decision\/","title":{"rendered":"Imponen garant\u00eda econ\u00f3mica a tres empleadas por muerte de Stephora; MP apelar\u00e1 decisi\u00f3n"},"content":{"rendered":"\n<p><strong>La directora queda en libertad pura y simple<\/strong><\/p>\n\n\n\n<p><strong>Ministerio P\u00fablico considera que las medidas de coerci\u00f3n no responden a la gravedad del caso.<\/strong><\/p>\n\n\n\n<p>La jueza de Atenci\u00f3n Permanente del Distrito Judicial de Santiago, Yerixa Cabral, impuso una garant\u00eda econ\u00f3mica de 500,000 pesos y presentaci\u00f3n peri\u00f3dica a tres de las cuatro empleadas del Instituto Integral Leonardo Da Vinci imputadas por la muerte de la ni\u00f1a Stephora Anne-Mircie Joseph durante una excursi\u00f3n escolar, decisi\u00f3n que ser\u00e1 apelada por el Ministerio P\u00fablico.<\/p>\n\n\n\n<p>Yris del Carmen Reyes Adames, Francisca Josefina Tav\u00e1rez V\u00e9lez y Vilma Altagracia Vargas Morel deber\u00e1n hacer el pago a trav\u00e9s de una compa\u00f1\u00eda aseguradora.<\/p>\n\n\n\n<p>En el caso de la directora del centro educativo, Gisela Gonz\u00e1lez, el tribunal dispuso libertad pura y simple al considerar que el Ministerio P\u00fablico no present\u00f3 ninguna prueba que la vincule con el hecho.<\/p>\n\n\n\n<p>La abogada Mar\u00eda del Pilar Zuleta, representante de una de las imputadas, afirm\u00f3 que la decisi\u00f3n fue correcta y se ajusta al derecho.<\/p>\n\n\n\n<p>&#8220;Nuestra representada, la se\u00f1ora Gisela Gonz\u00e1lez, era se\u00f1alada por el Ministerio P\u00fablico como la directora del colegio. Sin embargo, el tribunal entendi\u00f3 que no se deposit\u00f3 ni una sola prueba que la conecte con lo ocurrido&#8221;, explic\u00f3.<\/p>\n\n\n\n<p>No estaba en el lugar cuando ocurri\u00f3 el hecho<\/p>\n\n\n\n<figure class=\"wp-block-image size-large\"><img decoding=\"async\" width=\"1024\" height=\"683\" src=\"https:\/\/lasprimeras.com.do\/wp-content\/uploads\/2025\/12\/La-madre-de-Stephora-Anne-Mircie-Joseph-1024x683.jpeg\" alt=\"\" class=\"wp-image-117400\" srcset=\"https:\/\/lasprimeras.com.do\/wp-content\/uploads\/2025\/12\/La-madre-de-Stephora-Anne-Mircie-Joseph-1024x683.jpeg 1024w, https:\/\/lasprimeras.com.do\/wp-content\/uploads\/2025\/12\/La-madre-de-Stephora-Anne-Mircie-Joseph-300x200.jpeg 300w, https:\/\/lasprimeras.com.do\/wp-content\/uploads\/2025\/12\/La-madre-de-Stephora-Anne-Mircie-Joseph-768x512.jpeg 768w, https:\/\/lasprimeras.com.do\/wp-content\/uploads\/2025\/12\/La-madre-de-Stephora-Anne-Mircie-Joseph.jpeg 1280w\" sizes=\"(max-width: 1024px) 100vw, 1024px\" \/><\/figure>\n\n\n\n<p>A\u00f1adi\u00f3 que los elementos presentados demostraron que Gonz\u00e1lez no estaba presente en el lugar cuando ocurri\u00f3 la tragedia, raz\u00f3n por la cual la jueza consider\u00f3 que no hab\u00eda motivos para imponerle una medida de coerci\u00f3n.<\/p>\n\n\n\n<p>Sobre las dem\u00e1s imputadas, el abogado Lorenzo Ferm\u00edn destac\u00f3 que cumplir\u00e1n con la garant\u00eda econ\u00f3mica y las visitas peri\u00f3dicas establecidas.<\/p>\n\n\n\n<p>&#8220;Entendemos que es una decisi\u00f3n justa. Ellas est\u00e1n dispuestas a colaborar para que este caso sea transparente y resplandezca la verdad. Ese es su compromiso&#8221;, dijo Ferm\u00edn.<\/p>\n\n\n\n<p>El jurista tambi\u00e9n reconoci\u00f3 el drama humano detr\u00e1s del caso.<\/p>\n\n\n\n<p>&#8220;Es lamentable lo sucedido; afecta profundamente a esa madre y a esa familia, y nos solidarizamos con su dolor. Pero tambi\u00e9n afecta a las profesoras involucradas, para quienes ha sido desgarrador expresar p\u00fablicamente sus sentimientos de pena por lo ocurrido&#8221;, expres\u00f3.<\/p>\n\n\n\n<p>Ministerio P\u00fablico apelar\u00e1<\/p>\n\n\n\n<p>El Ministerio P\u00fablico anunci\u00f3 que apelar\u00e1 la decisi\u00f3n adoptada por la jueza Yerixa Cabral, al considerar que las medidas de coerci\u00f3n impuestas a las imputadas no responden a la gravedad del caso.<\/p>\n\n\n\n<p>La procuradora de corte Olga Dina Llaver\u00edas inform\u00f3 que la instituci\u00f3n &#8220;no est\u00e1 conforme con la decisi\u00f3n&#8221; y que proceder\u00e1n a recurrir tan pronto sean notificadas formalmente.<\/p>\n\n\n\n<p>&#8220;Esperamos la notificaci\u00f3n para iniciar el proceso correspondiente&#8221;, declar\u00f3.<\/p>\n","protected":false},"excerpt":{"rendered":"<p>La directora queda en libertad pura y simple Ministerio P\u00fablico considera que las medidas de coerci\u00f3n no responden a la gravedad del caso. La jueza de Atenci\u00f3n Permanente del Distrito&hellip;<\/p>\n","protected":false},"author":10,"featured_media":117449,"comment_status":"open","ping_status":"open","sticky":false,"template":"","format":"standard","meta":{"content-type":"","jetpack_post_was_ever_published":false,"_jetpack_newsletter_access":"","_jetpack_dont_email_post_to_subs":false,"_jetpack_newsletter_tier_id":0,"_jetpack_memberships_contains_paywalled_content":false,"_jetpack_memberships_contains_paid_content":false,"footnotes":""},"categories":[289,25],"tags":[22442,2714,28387,28435],"class_list":["post-117399","post","type-post","status-publish","format-standard","has-post-thumbnail","hentry","category-justicia","category-portada","tag-garantia-economica","tag-imponen","tag-muerte-de-stephora","tag-tres-empleadas"],"jetpack_featured_media_url":"https:\/\/lasprimeras.com.do\/wp-content\/uploads\/2025\/12\/sala-de-audiencia.jpg","jetpack-related-posts":[{"id":117060,"url":"https:\/\/lasprimeras.com.do\/index.php\/2025\/12\/06\/ministerio-publico-califica-como-homicidio-involuntario-la-muerte-de-la-menor-stephora-anne-mircie-joseph\/","url_meta":{"origin":117399,"position":0},"title":"Ministerio P\u00fablico califica como homicidio involuntario la muerte de la menor Stephora Anne-Mircie Joseph","author":"Nelson Feliz","date":"6 de diciembre de 2025","format":false,"excerpt":"El Ministerio P\u00fablico calific\u00f3 el s\u00e1bado como homicidio involuntario la muerte de Stephora Anne-Mircie Joseph, la ni\u00f1a de 11 a\u00f1os que perdi\u00f3 la vida por ahogamiento el pasado 14 de noviembre durante una excursi\u00f3n organizada por el Colegio Leonardo Da Vinci en la hacienda Los Caballos, ubicada en Gurabo, Santiago.\u2026","rel":"","context":"En \u00abJUSTICIA\u00bb","block_context":{"text":"JUSTICIA","link":"https:\/\/lasprimeras.com.do\/index.php\/category\/justicia\/"},"img":{"alt_text":"Stephora Anne-Mircie Joseph","src":"https:\/\/i0.wp.com\/lasprimeras.com.do\/wp-content\/uploads\/2025\/12\/Stephora-Anne-Mircie-Joseph-2.jpg?resize=350%2C200&ssl=1","width":350,"height":200,"srcset":"https:\/\/i0.wp.com\/lasprimeras.com.do\/wp-content\/uploads\/2025\/12\/Stephora-Anne-Mircie-Joseph-2.jpg?resize=350%2C200&ssl=1 1x, https:\/\/i0.wp.com\/lasprimeras.com.do\/wp-content\/uploads\/2025\/12\/Stephora-Anne-Mircie-Joseph-2.jpg?resize=525%2C300&ssl=1 1.5x, https:\/\/i0.wp.com\/lasprimeras.com.do\/wp-content\/uploads\/2025\/12\/Stephora-Anne-Mircie-Joseph-2.jpg?resize=700%2C400&ssl=1 2x"},"classes":[]},{"id":117292,"url":"https:\/\/lasprimeras.com.do\/index.php\/2025\/12\/09\/denuncian-el-mp-excluye-al-colegio-leonardo-da-vinci-del-proceso-judicial-por-muerte-de-stephora\/","url_meta":{"origin":117399,"position":1},"title":"Denuncian el MP excluye al colegio Leonardo Da Vinci del proceso judicial por muerte de Stephora","author":"Nelson Feliz","date":"9 de diciembre de 2025","format":false,"excerpt":"Abogados de la familia presentar\u00e1n querella y pedir\u00e1 prisi\u00f3n preventiva contra las procesadas. 1jc2nk61e3684c233ae El equipo legal de la familia de Stephora Anne-Mircie Joseph, la ni\u00f1a de 11 a\u00f1os que muri\u00f3 ahogada durante una excursi\u00f3n escolar, anunci\u00f3 que presentar\u00e1 una querella formal y solicitar\u00e1 prisi\u00f3n preventiva contra los responsables del\u2026","rel":"","context":"En \u00abJUSTICIA\u00bb","block_context":{"text":"JUSTICIA","link":"https:\/\/lasprimeras.com.do\/index.php\/category\/justicia\/"},"img":{"alt_text":"","src":"https:\/\/i0.wp.com\/lasprimeras.com.do\/wp-content\/uploads\/2025\/12\/Colegio-Da-Vinci-suspende-docencia-por-la-tranquilidad-de-las-familias-eljacaguero.jpg?resize=350%2C200&ssl=1","width":350,"height":200,"srcset":"https:\/\/i0.wp.com\/lasprimeras.com.do\/wp-content\/uploads\/2025\/12\/Colegio-Da-Vinci-suspende-docencia-por-la-tranquilidad-de-las-familias-eljacaguero.jpg?resize=350%2C200&ssl=1 1x, https:\/\/i0.wp.com\/lasprimeras.com.do\/wp-content\/uploads\/2025\/12\/Colegio-Da-Vinci-suspende-docencia-por-la-tranquilidad-de-las-familias-eljacaguero.jpg?resize=525%2C300&ssl=1 1.5x, https:\/\/i0.wp.com\/lasprimeras.com.do\/wp-content\/uploads\/2025\/12\/Colegio-Da-Vinci-suspende-docencia-por-la-tranquilidad-de-las-familias-eljacaguero.jpg?resize=700%2C400&ssl=1 2x"},"classes":[]},{"id":117170,"url":"https:\/\/lasprimeras.com.do\/index.php\/2025\/12\/08\/presidente-abinader-lamenta-muerte-de-la-estudiante-stephora-anne-mircie\/","url_meta":{"origin":117399,"position":2},"title":"Presidente Abinader lamenta muerte de la estudiante Stephora Anne-Mircie","author":"Nelson Feliz","date":"8 de diciembre de 2025","format":false,"excerpt":"El presidente de la Rep\u00fablica Dominicana, Luis Abinader, lament\u00f3 profundamente la muerte de la estudiante Stephora Anne-Mircie Joseph, calificando el hecho como \u201cmuy penoso y muy triste\u201d, y asegurando que la tragedia ha estremecido a todo el pa\u00eds. Durante La Semanal con la Prensa, el mandatario expres\u00f3 su total confianza\u2026","rel":"","context":"En \u00abNACIONALES\u00bb","block_context":{"text":"NACIONALES","link":"https:\/\/lasprimeras.com.do\/index.php\/category\/nacionales\/"},"img":{"alt_text":"Luis Abinader y Stephora Anne-Mircie Joseph","src":"https:\/\/i0.wp.com\/lasprimeras.com.do\/wp-content\/uploads\/2025\/12\/Luis-Abinader-y-Stephora-Anne-Mircie-Joseph.jpg?resize=350%2C200&ssl=1","width":350,"height":200,"srcset":"https:\/\/i0.wp.com\/lasprimeras.com.do\/wp-content\/uploads\/2025\/12\/Luis-Abinader-y-Stephora-Anne-Mircie-Joseph.jpg?resize=350%2C200&ssl=1 1x, https:\/\/i0.wp.com\/lasprimeras.com.do\/wp-content\/uploads\/2025\/12\/Luis-Abinader-y-Stephora-Anne-Mircie-Joseph.jpg?resize=525%2C300&ssl=1 1.5x, https:\/\/i0.wp.com\/lasprimeras.com.do\/wp-content\/uploads\/2025\/12\/Luis-Abinader-y-Stephora-Anne-Mircie-Joseph.jpg?resize=700%2C400&ssl=1 2x"},"classes":[]},{"id":116647,"url":"https:\/\/lasprimeras.com.do\/index.php\/2025\/12\/02\/familia-de-stephora-sigue-sin-recibir-informacion-sobre-su-muerte\/","url_meta":{"origin":117399,"position":3},"title":"Familia de Stephora sigue sin recibir informaci\u00f3n sobre su muerte","author":"Nelson Feliz","date":"2 de diciembre de 2025","format":false,"excerpt":"Abogado de la familia califica de \"injustificable e incre\u00edble\" la investigaci\u00f3n preliminar que realiza el Ministerio P\u00fablico sobre el caso. Uno de los abogados que representa a la familia de Stephora Anne-Mircie Joseph, la ni\u00f1a de 11 a\u00f1os que muri\u00f3 el pasado 14 de noviembre durante una excursi\u00f3n escolar en\u2026","rel":"","context":"En \u00abNACIONALES\u00bb","block_context":{"text":"NACIONALES","link":"https:\/\/lasprimeras.com.do\/index.php\/category\/nacionales\/"},"img":{"alt_text":"","src":"https:\/\/i0.wp.com\/lasprimeras.com.do\/wp-content\/uploads\/2025\/12\/Stephora-Anne-Mircie-Joseph-1.jpg?resize=350%2C200&ssl=1","width":350,"height":200,"srcset":"https:\/\/i0.wp.com\/lasprimeras.com.do\/wp-content\/uploads\/2025\/12\/Stephora-Anne-Mircie-Joseph-1.jpg?resize=350%2C200&ssl=1 1x, https:\/\/i0.wp.com\/lasprimeras.com.do\/wp-content\/uploads\/2025\/12\/Stephora-Anne-Mircie-Joseph-1.jpg?resize=525%2C300&ssl=1 1.5x, https:\/\/i0.wp.com\/lasprimeras.com.do\/wp-content\/uploads\/2025\/12\/Stephora-Anne-Mircie-Joseph-1.jpg?resize=700%2C400&ssl=1 2x"},"classes":[]},{"id":117071,"url":"https:\/\/lasprimeras.com.do\/index.php\/2025\/12\/07\/cuatro-miembros-del-colegio-leonardo-da-vinci-enfrentan-coercion-por-homicidio-involuntario\/","url_meta":{"origin":117399,"position":4},"title":"Cuatro miembros del Colegio Leonardo Da Vinci enfrentan coerci\u00f3n por homicidio involuntario","author":"Nelson Feliz","date":"7 de diciembre de 2025","format":false,"excerpt":"La ni\u00f1a de 11 a\u00f1os de edad falleci\u00f3 ahogada el 14 de noviembre en hacienda Los Caballos, en Gurabo, durante una excursi\u00f3n a la que la llev\u00f3 el centro de estudio. El Ministerio P\u00fablico solicit\u00f3 este domingo la imposici\u00f3n de medidas de coerci\u00f3n contra cuatro miembros del Instituto Leonardo Da\u2026","rel":"","context":"En \u00abJUSTICIA\u00bb","block_context":{"text":"JUSTICIA","link":"https:\/\/lasprimeras.com.do\/index.php\/category\/justicia\/"},"img":{"alt_text":"Stephora Anne-Mircie Joseph","src":"https:\/\/i0.wp.com\/lasprimeras.com.do\/wp-content\/uploads\/2025\/12\/Stephora-Anne-Mircie-Joseph-2.jpg?resize=350%2C200&ssl=1","width":350,"height":200,"srcset":"https:\/\/i0.wp.com\/lasprimeras.com.do\/wp-content\/uploads\/2025\/12\/Stephora-Anne-Mircie-Joseph-2.jpg?resize=350%2C200&ssl=1 1x, https:\/\/i0.wp.com\/lasprimeras.com.do\/wp-content\/uploads\/2025\/12\/Stephora-Anne-Mircie-Joseph-2.jpg?resize=525%2C300&ssl=1 1.5x, https:\/\/i0.wp.com\/lasprimeras.com.do\/wp-content\/uploads\/2025\/12\/Stephora-Anne-Mircie-Joseph-2.jpg?resize=700%2C400&ssl=1 2x"},"classes":[]},{"id":116444,"url":"https:\/\/lasprimeras.com.do\/index.php\/2025\/12\/01\/faride-raful-pide-esperar-resultados-oficiales-sobre-la-estudiante-stephora-anne-mircie\/","url_meta":{"origin":117399,"position":5},"title":"Faride Raful pide esperar resultados oficiales sobre la estudiante Stephora Anne-Mircie","author":"Nelson Feliz","date":"1 de diciembre de 2025","format":false,"excerpt":"Faride Raful solicita evitar especulaciones sobre la muerte de la ni\u00f1a en Santiago. La ministra de Interior y Polic\u00eda, Faride Raful, exhort\u00f3 a la poblaci\u00f3n a evitar la especulaci\u00f3n mientras avanza la investigaci\u00f3n oficial en la muerte de Stephora Anne-Mircie Joseph, la ni\u00f1a de 11 a\u00f1os que falleci\u00f3 durante una\u2026","rel":"","context":"En \u00abNACIONALES\u00bb","block_context":{"text":"NACIONALES","link":"https:\/\/lasprimeras.com.do\/index.php\/category\/nacionales\/"},"img":{"alt_text":"","src":"https:\/\/i0.wp.com\/lasprimeras.com.do\/wp-content\/uploads\/2025\/12\/Faride-Raful.jpg?resize=350%2C200&ssl=1","width":350,"height":200,"srcset":"https:\/\/i0.wp.com\/lasprimeras.com.do\/wp-content\/uploads\/2025\/12\/Faride-Raful.jpg?resize=350%2C200&ssl=1 1x, https:\/\/i0.wp.com\/lasprimeras.com.do\/wp-content\/uploads\/2025\/12\/Faride-Raful.jpg?resize=525%2C300&ssl=1 1.5x, https:\/\/i0.wp.com\/lasprimeras.com.do\/wp-content\/uploads\/2025\/12\/Faride-Raful.jpg?resize=700%2C400&ssl=1 2x"},"classes":[]}],"jetpack_sharing_enabled":true,"_links":{"self":[{"href":"https:\/\/lasprimeras.com.do\/index.php\/wp-json\/wp\/v2\/posts\/117399","targetHints":{"allow":["GET"]}}],"collection":[{"href":"https:\/\/lasprimeras.com.do\/index.php\/wp-json\/wp\/v2\/posts"}],"about":[{"href":"https:\/\/lasprimeras.com.do\/index.php\/wp-json\/wp\/v2\/types\/post"}],"author":[{"embeddable":true,"href":"https:\/\/lasprimeras.com.do\/index.php\/wp-json\/wp\/v2\/users\/10"}],"replies":[{"embeddable":true,"href":"https:\/\/lasprimeras.com.do\/index.php\/wp-json\/wp\/v2\/comments?post=117399"}],"version-history":[{"count":1,"href":"https:\/\/lasprimeras.com.do\/index.php\/wp-json\/wp\/v2\/posts\/117399\/revisions"}],"predecessor-version":[{"id":117401,"href":"https:\/\/lasprimeras.com.do\/index.php\/wp-json\/wp\/v2\/posts\/117399\/revisions\/117401"}],"wp:featuredmedia":[{"embeddable":true,"href":"https:\/\/lasprimeras.com.do\/index.php\/wp-json\/wp\/v2\/media\/117449"}],"wp:attachment":[{"href":"https:\/\/lasprimeras.com.do\/index.php\/wp-json\/wp\/v2\/media?parent=117399"}],"wp:term":[{"taxonomy":"category","embeddable":true,"href":"https:\/\/lasprimeras.com.do\/index.php\/wp-json\/wp\/v2\/categories?post=117399"},{"taxonomy":"post_tag","embeddable":true,"href":"https:\/\/lasprimeras.com.do\/index.php\/wp-json\/wp\/v2\/tags?post=117399"}],"curies":[{"name":"wp","href":"https:\/\/api.w.org\/{rel}","templated":true}]}}