{"id":117402,"date":"2025-12-10T15:06:50","date_gmt":"2025-12-10T19:06:50","guid":{"rendered":"https:\/\/lasprimeras.com.do\/?p=117402"},"modified":"2025-12-10T17:44:50","modified_gmt":"2025-12-10T21:44:50","slug":"republica-dominicana-y-otros-paises-piden-a-oea-dar-informe-de-comicios-hondurenos","status":"publish","type":"post","link":"https:\/\/lasprimeras.com.do\/index.php\/2025\/12\/10\/republica-dominicana-y-otros-paises-piden-a-oea-dar-informe-de-comicios-hondurenos\/","title":{"rendered":"Rep\u00fablica Dominicana y otros pa\u00edses piden a OEA dar informe de comicios hondure\u00f1os"},"content":{"rendered":"\n<p><strong>Luego de m\u00e1s de una semana de las elecciones generales del pasado 30 de noviembre en Honduras, su poblaci\u00f3n no conoce todav\u00eda al nuevo gobernante electo<\/strong><\/p>\n\n\n\n<p><strong>Ciudad de Panam\u00e1,EFE-<\/strong> La Alianza para el Desarrollo en Democracia (ADD), integrada por Costa Rica, Ecuador, Rep\u00fablica Dominicana y Panam\u00e1, pidi\u00f3 este mi\u00e9rcoles a la misi\u00f3n de observaci\u00f3n electoral de la Organizaci\u00f3n de los Estados Americanos (OEA) presentar un informe ante el Consejo Permanente de ese organismo regional para &#8220;conocer la situaci\u00f3n actual&#8221; de las elecciones hondure\u00f1as.<\/p>\n\n\n\n<p>&#8220;Hacemos un llamado urgente a la misi\u00f3n de observaci\u00f3n electoral de la Organizaci\u00f3n de los Estados Americanos a que presente al Consejo Permanente de la OEA un informe que permita conocer la situaci\u00f3n actual del proceso electoral&#8221;, se\u00f1ala el comunicado compartido por la Canciller\u00eda paname\u00f1a.<\/p>\n\n\n\n<p>Luego de m\u00e1s de una semana de las elecciones generales del pasado 30 de noviembre en Honduras, su poblaci\u00f3n no conoce todav\u00eda al nuevo gobernante electo debido a un lento conteo preliminar de votos a\u00fan sin concluir, con denuncias de presuntas irregularidades y constantes ca\u00eddas del portal web donde son exhibidos.<\/p>\n\n\n\n<p>Sin embargo, ese escrutinio preliminar posiciona a la cabeza al candidato del conservador Partido Nacional, Nasry &#8216;Tito&#8217; Asfura, quien cuenta adem\u00e1s con el apoyo del presidente estadounidense, Donald Trump, por un estrecho margen frente a Salvador Nasralla, del Partido Liberal y en segundo lugar.<\/p>\n\n\n\n<p>Nasralla, que lleg\u00f3 a superar levemente a Asfura durante m\u00e1s de 24 horas en el conteo de votos, ha denunciado un &#8220;fraude monumental&#8221; en las elecciones a la vez que ha exigido un escrutinio especial &#8220;acta por acta&#8221;, mientras que la candidata del gobernante Partido Libre (izquierda), Rixi Moncada, ha quedado en un tercer lugar.<\/p>\n\n\n\n<p><strong>Instan a garantizar que ente electoral trabaje &#8220;sin presiones&#8221;<\/strong><\/p>\n\n\n\n<p>La ADD tambi\u00e9n expres\u00f3 su &#8220;profunda preocupaci\u00f3n por la afirmaci\u00f3n de la Presidenta de la Rep\u00fablica de Honduras, Xiomara Castro, quien ha declarado la nulidad de las elecciones generales efectuadas el 30 de noviembre de 2025, por presuntas irregularidades&#8221;.<\/p>\n\n\n\n<p>Sin embargo, Castro se\u00f1al\u00f3 este martes que las elecciones &#8220;est\u00e1n viciadas de nulidad&#8221; tras condenar la injerencia de Trump despu\u00e9s de su apoyo a Asfura y considerar que hay &#8220;trampas&#8221; en el conteo de votos preliminar, por lo que anunci\u00f3 una futura denuncia ante la ONU, OEA y otros organismos.<\/p>\n\n\n\n<p>La Alianza &#8220;record\u00f3&#8221; que Honduras es un &#8220;Estado democr\u00e1tico de derecho, cuya Constituci\u00f3n Pol\u00edtica y su marco jur\u00eddico electoral, establecen con claridad que \u00fanicamente el Consejo Nacional Electoral (CNE) es la autoridad competente para administrar el proceso, resolver incidencias y emitir los resultados oficiales&#8221;.<\/p>\n\n\n\n<p>&#8220;Esa instancia se encuentra en el ejercicio de sus funciones y en el desarrollo del escrutinio correspondiente, y por lo cual se le debe garantizar su funcionamiento libre de presiones&#8221;, agrega el comunicado de la alianza, que hizo un &#8220;llamado a todas las partes&#8221; a &#8220;respetar los plazos de la ley&#8221; para presentar los resultados definitivos.<\/p>\n\n\n\n<p>&#8220;(Hacemos un llamado a) todas las partes a respetar el orden constitucional, los plazos de ley establecidos por la normativa para presentar la declaraci\u00f3n con los resultados definitivos, la independencia de los \u00f3rganos electorales y los principios fundamentales de la democracia, evitando acciones o declaraciones que puedan afectar la estabilidad institucional, generar incertidumbre o alterar el curso legal o la integridad del proceso electoral&#8221;, se\u00f1ala.<\/p>\n\n\n\n<p>El expresidente de Honduras Manuel Zelaya, quien es esposo y principal asesor de la presidenta hondure\u00f1a, Xiomara Castro, y coordinador general de Libre convoc\u00f3 ayer a grupos de sus activistas en Tegucigalpa a movilizarse a un centro gubernamental de apoyo log\u00edstico de ente electoral.<\/p>\n","protected":false},"excerpt":{"rendered":"<p>Luego de m\u00e1s de una semana de las elecciones generales del pasado 30 de noviembre en Honduras, su poblaci\u00f3n no conoce todav\u00eda al nuevo gobernante electo Ciudad de Panam\u00e1,EFE- La&hellip;<\/p>\n","protected":false},"author":10,"featured_media":117450,"comment_status":"open","ping_status":"open","sticky":false,"template":"","format":"standard","meta":{"content-type":"","jetpack_post_was_ever_published":false,"_jetpack_newsletter_access":"","_jetpack_dont_email_post_to_subs":false,"_jetpack_newsletter_tier_id":0,"_jetpack_memberships_contains_paywalled_content":false,"_jetpack_memberships_contains_paid_content":false,"footnotes":""},"categories":[16289,25],"tags":[28437,11851,975,455,3583,2451,1226],"class_list":["post-117402","post","type-post","status-publish","format-standard","has-post-thumbnail","hentry","category-internacionales","category-portada","tag-comicios-hondurenos","tag-costa-rica","tag-ecuador","tag-informe","tag-oea","tag-panama","tag-republica-dominicana"],"jetpack_featured_media_url":"https:\/\/lasprimeras.com.do\/wp-content\/uploads\/2025\/12\/Republica-Dominicana-y-otros-paises-piden-a-OEA-dar-informe-de-comicios-hondurenos.jpg","jetpack-related-posts":[{"id":74175,"url":"https:\/\/lasprimeras.com.do\/index.php\/2024\/01\/19\/oea-y-jce-firman-acuerdo-para-la-observacion-electoral-de-elecciones-dominicanas\/","url_meta":{"origin":117402,"position":0},"title":"OEA y JCE firman acuerdo para la observaci\u00f3n electoral de elecciones dominicanas","author":"Nelson Feliz","date":"19 de enero de 2024","format":false,"excerpt":"Washington, Estados Unidos. - La Junta Central Electoral (JCE) y la Organizaci\u00f3n de los Estados Americanos (OEA) firmaron un acuerdo que contempla el procedimiento para la Misi\u00f3n de Observadores que el organismo internacional enviar\u00e1 para las elecciones que celebrar\u00e1 Rep\u00fablica Dominicana en este 2024.\u00a0 En el acuerdo, firmado por el\u2026","rel":"","context":"En \u00abPORTADA\u00bb","block_context":{"text":"PORTADA","link":"https:\/\/lasprimeras.com.do\/index.php\/category\/portada\/"},"img":{"alt_text":"OEA y JCE firman acuerdo para la observaci\u00f3n electoral de elecciones dominicanas","src":"https:\/\/i0.wp.com\/lasprimeras.com.do\/wp-content\/uploads\/2024\/01\/acuerdo-1.jpg?resize=350%2C200&ssl=1","width":350,"height":200,"srcset":"https:\/\/i0.wp.com\/lasprimeras.com.do\/wp-content\/uploads\/2024\/01\/acuerdo-1.jpg?resize=350%2C200&ssl=1 1x, https:\/\/i0.wp.com\/lasprimeras.com.do\/wp-content\/uploads\/2024\/01\/acuerdo-1.jpg?resize=525%2C300&ssl=1 1.5x, https:\/\/i0.wp.com\/lasprimeras.com.do\/wp-content\/uploads\/2024\/01\/acuerdo-1.jpg?resize=700%2C400&ssl=1 2x"},"classes":[]},{"id":77405,"url":"https:\/\/lasprimeras.com.do\/index.php\/2024\/02\/20\/oea-confirma-hubo-compra-de-votos-y-proselitismo-en-elecciones-municipales\/","url_meta":{"origin":117402,"position":1},"title":"OEA confirma hubo compra de votos y proselitismo en elecciones municipales","author":"Nelson Feliz","date":"20 de febrero de 2024","format":false,"excerpt":"La Misi\u00f3n de Observaci\u00f3n Electoral de la Organizaci\u00f3n de Estados Americanos (MOE\/OEA) rindi\u00f3 este martes un informe preliminar de su trabajo en las elecciones municipales celebradas el pasado domingo y confirmo que durante el proceso, pudo comprobar la compra de votos de parte de fuerzas pol\u00edticas. Otra pr\u00e1ctica que detect\u00f3\u2026","rel":"","context":"En \u00abPORTADA\u00bb","block_context":{"text":"PORTADA","link":"https:\/\/lasprimeras.com.do\/index.php\/category\/portada\/"},"img":{"alt_text":"El excanciller de Paraguay Eladio Loizaga lider\u00f3 la misi\u00f3n de observadores de la OEA. (DIARIO LIBRE)","src":"https:\/\/i0.wp.com\/lasprimeras.com.do\/wp-content\/uploads\/2024\/02\/Eladio-Loizaga.jpg?resize=350%2C200&ssl=1","width":350,"height":200,"srcset":"https:\/\/i0.wp.com\/lasprimeras.com.do\/wp-content\/uploads\/2024\/02\/Eladio-Loizaga.jpg?resize=350%2C200&ssl=1 1x, https:\/\/i0.wp.com\/lasprimeras.com.do\/wp-content\/uploads\/2024\/02\/Eladio-Loizaga.jpg?resize=525%2C300&ssl=1 1.5x, https:\/\/i0.wp.com\/lasprimeras.com.do\/wp-content\/uploads\/2024\/02\/Eladio-Loizaga.jpg?resize=700%2C400&ssl=1 2x"},"classes":[]},{"id":78630,"url":"https:\/\/lasprimeras.com.do\/index.php\/2024\/03\/18\/designan-a-eduardo-frei-ruiz-como-jefe-de-la-mision-electoral-de-la-oea-en-rd\/","url_meta":{"origin":117402,"position":2},"title":"Designan a Eduardo Frei Ruiz como Jefe de la Misi\u00f3n Electoral de la OEA en RD","author":"BIMARY DE JES\u00daS Matos","date":"18 de marzo de 2024","format":false,"excerpt":"SANTO DOMINGO. \u2013 El expresidente de Chile Eduardo Frei Ruiz-Tagle, fue designado este lunes como Jefe de la Misi\u00f3n Electoral de la Organizaci\u00f3n de Estados Americanos (OEA) en Rep\u00fablica Dominicana. El secretario general de la OEA, Luis Almagro, confirm\u00f3 la informaci\u00f3n a trav\u00e9s de cuenta de la red social X.\u2026","rel":"","context":"En \u00abSin categor\u00eda\u00bb","block_context":{"text":"Sin categor\u00eda","link":"https:\/\/lasprimeras.com.do\/index.php\/category\/sin-categoria\/"},"img":{"alt_text":"","src":"https:\/\/i0.wp.com\/lasprimeras.com.do\/wp-content\/uploads\/2024\/03\/Diseno-sin-titulo-3-8.jpg?resize=350%2C200&ssl=1","width":350,"height":200,"srcset":"https:\/\/i0.wp.com\/lasprimeras.com.do\/wp-content\/uploads\/2024\/03\/Diseno-sin-titulo-3-8.jpg?resize=350%2C200&ssl=1 1x, https:\/\/i0.wp.com\/lasprimeras.com.do\/wp-content\/uploads\/2024\/03\/Diseno-sin-titulo-3-8.jpg?resize=525%2C300&ssl=1 1.5x"},"classes":[]},{"id":83414,"url":"https:\/\/lasprimeras.com.do\/index.php\/2024\/05\/16\/jce-oficializa-la-observacion-electoral-internacional-de-cara-a-las-elecciones-de-este-domingo\/","url_meta":{"origin":117402,"position":3},"title":"JCE oficializa la observaci\u00f3n electoral internacional de cara a las elecciones de este domingo","author":"Nelson Feliz","date":"16 de mayo de 2024","format":false,"excerpt":"M\u00e1s de 400 representantes de misiones internacionales observar\u00e1n comicios de este domingo. La Junta Central Electoral (JCE) inici\u00f3 este jueves la jornada de trabajo que da paso a la observaci\u00f3n electoral internacional con el inicio de un ciclo de conferencias y actividades para el despliegue territorial de las 21 misiones\u2026","rel":"","context":"En \u00abNACIONALES\u00bb","block_context":{"text":"NACIONALES","link":"https:\/\/lasprimeras.com.do\/index.php\/category\/nacionales\/"},"img":{"alt_text":"Junta Central Electoral","src":"https:\/\/i0.wp.com\/lasprimeras.com.do\/wp-content\/uploads\/2024\/05\/Junta-Central-Electoral.jpg?resize=350%2C200&ssl=1","width":350,"height":200,"srcset":"https:\/\/i0.wp.com\/lasprimeras.com.do\/wp-content\/uploads\/2024\/05\/Junta-Central-Electoral.jpg?resize=350%2C200&ssl=1 1x, https:\/\/i0.wp.com\/lasprimeras.com.do\/wp-content\/uploads\/2024\/05\/Junta-Central-Electoral.jpg?resize=525%2C300&ssl=1 1.5x, https:\/\/i0.wp.com\/lasprimeras.com.do\/wp-content\/uploads\/2024\/05\/Junta-Central-Electoral.jpg?resize=700%2C400&ssl=1 2x"},"classes":[]},{"id":86686,"url":"https:\/\/lasprimeras.com.do\/index.php\/2024\/07\/30\/oea-insta-a-maduro-a-asumir-derrota-o-convocar-nuevas-elecciones-biden-y-lula-urgen-a-liberar-actas\/","url_meta":{"origin":117402,"position":4},"title":"OEA insta a Maduro a asumir derrota o convocar nuevas elecciones; Biden y Lula urgen a liberar actas","author":"Nelson Feliz","date":"30 de julio de 2024","format":false,"excerpt":"By GISELA SALOMON MIAMI (AP) \u2014 El secretario general de la Organizaci\u00f3n de los Estados Americanos inst\u00f3 el martes a Nicol\u00e1s Maduro a que reconozca su derrota en los comicios presidenciales de Venezuela o convoque a una nueva votaci\u00f3n m\u00e1s transparente, sum\u00e1ndose a numerosos cuestionamientos internacionales al resultado de las\u2026","rel":"","context":"En \u00abSin categor\u00eda\u00bb","block_context":{"text":"Sin categor\u00eda","link":"https:\/\/lasprimeras.com.do\/index.php\/category\/sin-categoria\/"},"img":{"alt_text":"","src":"https:\/\/i0.wp.com\/lasprimeras.com.do\/wp-content\/uploads\/2024\/07\/OEA.png?resize=350%2C200&ssl=1","width":350,"height":200,"srcset":"https:\/\/i0.wp.com\/lasprimeras.com.do\/wp-content\/uploads\/2024\/07\/OEA.png?resize=350%2C200&ssl=1 1x, https:\/\/i0.wp.com\/lasprimeras.com.do\/wp-content\/uploads\/2024\/07\/OEA.png?resize=525%2C300&ssl=1 1.5x, https:\/\/i0.wp.com\/lasprimeras.com.do\/wp-content\/uploads\/2024\/07\/OEA.png?resize=700%2C400&ssl=1 2x"},"classes":[]},{"id":86740,"url":"https:\/\/lasprimeras.com.do\/index.php\/2024\/07\/31\/oea-rechaza-una-resolucion-que-exigia-a-venezuela-publicar-las-actas-de-votacion\/","url_meta":{"origin":117402,"position":5},"title":"OEA rechaza una resoluci\u00f3n que exig\u00eda a Venezuela publicar las actas de votaci\u00f3n","author":"Nelson Feliz","date":"31 de julio de 2024","format":false,"excerpt":"El Consejo Permanente de la Organizaci\u00f3n de los Estados Americanos (OEA) rechaz\u00f3 este mi\u00e9rcoles una resoluci\u00f3n que exig\u00eda a las autoridades de Venezuela publicar de inmediato las actas de las elecciones del domingo y garantizar la seguridad del personal diplom\u00e1tico en el pa\u00eds. La resoluci\u00f3n no cont\u00f3 con los votos\u2026","rel":"","context":"En \u00abNACIONALES\u00bb","block_context":{"text":"NACIONALES","link":"https:\/\/lasprimeras.com.do\/index.php\/category\/nacionales\/"},"img":{"alt_text":"Roberto \u00c1lvarez","src":"https:\/\/i0.wp.com\/lasprimeras.com.do\/wp-content\/uploads\/2024\/07\/Roberto-Alvarez.jpg?resize=350%2C200&ssl=1","width":350,"height":200,"srcset":"https:\/\/i0.wp.com\/lasprimeras.com.do\/wp-content\/uploads\/2024\/07\/Roberto-Alvarez.jpg?resize=350%2C200&ssl=1 1x, https:\/\/i0.wp.com\/lasprimeras.com.do\/wp-content\/uploads\/2024\/07\/Roberto-Alvarez.jpg?resize=525%2C300&ssl=1 1.5x, https:\/\/i0.wp.com\/lasprimeras.com.do\/wp-content\/uploads\/2024\/07\/Roberto-Alvarez.jpg?resize=700%2C400&ssl=1 2x"},"classes":[]}],"jetpack_sharing_enabled":true,"_links":{"self":[{"href":"https:\/\/lasprimeras.com.do\/index.php\/wp-json\/wp\/v2\/posts\/117402","targetHints":{"allow":["GET"]}}],"collection":[{"href":"https:\/\/lasprimeras.com.do\/index.php\/wp-json\/wp\/v2\/posts"}],"about":[{"href":"https:\/\/lasprimeras.com.do\/index.php\/wp-json\/wp\/v2\/types\/post"}],"author":[{"embeddable":true,"href":"https:\/\/lasprimeras.com.do\/index.php\/wp-json\/wp\/v2\/users\/10"}],"replies":[{"embeddable":true,"href":"https:\/\/lasprimeras.com.do\/index.php\/wp-json\/wp\/v2\/comments?post=117402"}],"version-history":[{"count":1,"href":"https:\/\/lasprimeras.com.do\/index.php\/wp-json\/wp\/v2\/posts\/117402\/revisions"}],"predecessor-version":[{"id":117403,"href":"https:\/\/lasprimeras.com.do\/index.php\/wp-json\/wp\/v2\/posts\/117402\/revisions\/117403"}],"wp:featuredmedia":[{"embeddable":true,"href":"https:\/\/lasprimeras.com.do\/index.php\/wp-json\/wp\/v2\/media\/117450"}],"wp:attachment":[{"href":"https:\/\/lasprimeras.com.do\/index.php\/wp-json\/wp\/v2\/media?parent=117402"}],"wp:term":[{"taxonomy":"category","embeddable":true,"href":"https:\/\/lasprimeras.com.do\/index.php\/wp-json\/wp\/v2\/categories?post=117402"},{"taxonomy":"post_tag","embeddable":true,"href":"https:\/\/lasprimeras.com.do\/index.php\/wp-json\/wp\/v2\/tags?post=117402"}],"curies":[{"name":"wp","href":"https:\/\/api.w.org\/{rel}","templated":true}]}}