{"id":117409,"date":"2025-12-10T15:36:49","date_gmt":"2025-12-10T19:36:49","guid":{"rendered":"https:\/\/lasprimeras.com.do\/?p=117409"},"modified":"2025-12-10T15:36:51","modified_gmt":"2025-12-10T19:36:51","slug":"petro-denuncia-que-lancheros-bombardeados-por-ee-uu-podrian-ser-dominicanos","status":"publish","type":"post","link":"https:\/\/lasprimeras.com.do\/index.php\/2025\/12\/10\/petro-denuncia-que-lancheros-bombardeados-por-ee-uu-podrian-ser-dominicanos\/","title":{"rendered":"Petro denuncia que &#8220;lancheros bombardeados&#8221; por EE. UU. podr\u00edan ser dominicanos"},"content":{"rendered":"\n<p><strong>Fuerzas militares de Estados Unidos han bombardeado desde septiembre una veintena de supuestas narcolanchas en el Caribe y el Pac\u00edfico<\/strong><\/p>\n\n\n\n<p><strong>Bogot\u00e1, AFP &#8211;<\/strong> El presidente de Colombia, Gustavo Petro, dijo el mi\u00e9rcoles que los dos cuerpos supuestamente &#8220;bombardeados&#8221; por Estados Unidos y hallados la semana pasada en una playa colombiana podr\u00edan ser &#8220;ciudadanos de la Rep\u00fablica Dominicana&#8221;.<\/p>\n\n\n\n<p>El mandatario izquierdista pidi\u00f3 a la fiscal\u00eda abrir una investigaci\u00f3n sobre el hallazgo de dos cuerpos en la orilla del mar en un pueblo de pescadores del departamento de La Guajira (norte) y sugiri\u00f3 que sus muertes pudieron deberse a un bombardeo estadounidense.<\/p>\n\n\n\n<p>En un video compartido por el mandatario en la red social X, se ve a pobladores cavar una fosa en una playa, mientras un cuerpo con un brazo mutilado yace sobre la orilla del mar.<\/p>\n\n\n\n<p>Fuerzas militares de Estados Unidos han bombardeado desde septiembre una veintena de supuestas narcolanchas en el Caribe y el Pac\u00edfico bajo \u00f3rdenes del presidente Donald Trump, que no descarta incursiones terrestres en Venezuela y Colombia para golpear al narcotr\u00e1fico.<\/p>\n\n\n\n<p>Los ataques en aguas internacionales han dejado 87 muertos.<br>&#8220;Al parecer son lancheros bombardeados en el mar Caribe, al parecer ciudadanos de la Rep\u00fablica Dominicana&#8221;, indic\u00f3 Petro en X.<\/p>\n\n\n\n<figure class=\"wp-block-embed is-type-rich is-provider-twitter wp-block-embed-twitter\"><div class=\"wp-block-embed__wrapper\">\n<div class=\"embed-twitter\"><blockquote class=\"twitter-tweet\" data-width=\"500\" data-dnt=\"true\"><p lang=\"es\" dir=\"ltr\">Espero del CTI la mayor colaboraci\u00f3n para encontrar estos cad\u00e1veres. Est\u00e1n enterrados en Puerto L\u00f3pez extremo norte de la Guajira<br><br>Al parecer son lancheros bombardeados en el mar Caribe, al parecer ciudadanos de la Rep\u00fablica Dominicana.<br><br>Es inhumano que mientras los ind\u00edgenas\u2026 <a href=\"https:\/\/t.co\/Sai42sEsNK\">pic.twitter.com\/Sai42sEsNK<\/a><\/p>&mdash; Gustavo Petro (@petrogustavo) <a href=\"https:\/\/twitter.com\/petrogustavo\/status\/1998793831785922791?ref_src=twsrc%5Etfw\">December 10, 2025<\/a><\/blockquote><script async src=\"https:\/\/platform.twitter.com\/widgets.js\" charset=\"utf-8\"><\/script><\/div>\n<\/div><\/figure>\n\n\n\n<p>Ejecuciones extrajudiciales<\/p>\n\n\n\n<p>En medio de crecientes tensiones diplom\u00e1ticas con su hom\u00f3logo estadounidense, el mandatario izquierdista denuncia que estos ataques son &#8220;ejecuciones extrajudiciales&#8221;.<\/p>\n\n\n\n<p>&#8220;Estos son asesinatos. No hay aguas internacionales en el Caribe, todas pertenecen a nuestras naciones caribe\u00f1as&#8221;, a\u00f1adi\u00f3.<\/p>\n\n\n\n<p>Un vocero de la polic\u00eda en La Guajira confirm\u00f3 a la AFP que los cuerpos fueron hallados la semana pasada, pero aclar\u00f3 que no se han determinado las circunstancias de sus decesos.<\/p>\n\n\n\n<p>Petro pidi\u00f3 apoyo al gobierno de su par dominicano, Luis Abinader, para identificar los cad\u00e1veres.<\/p>\n\n\n\n<p>La familia de un pescador colombiano que muri\u00f3 en uno de los bombardeos acus\u00f3 a Estados Unidos ante la Comisi\u00f3n Interamericana de Derechos Humanos (CIDH) la semana pasada.<\/p>\n\n\n\n<p>Es la primera denuncia formal sobre estas muertes ante un organismo internacional.<\/p>\n\n\n\n<p>Trump retir\u00f3 a Colombia, el mayor productor mundial de coca\u00edna, de una lista de naciones aliadas en la lucha antinarco, por considerar que el pa\u00eds no hace lo suficiente por detener la producci\u00f3n de droga.<\/p>\n\n\n\n<p>Tambi\u00e9n impuso severas sanciones econ\u00f3micas contra Petro y miembros de su familia.<\/p>\n","protected":false},"excerpt":{"rendered":"<p>Fuerzas militares de Estados Unidos han bombardeado desde septiembre una veintena de supuestas narcolanchas en el Caribe y el Pac\u00edfico Bogot\u00e1, AFP &#8211; El presidente de Colombia, Gustavo Petro, dijo&hellip;<\/p>\n","protected":false},"author":10,"featured_media":93203,"comment_status":"open","ping_status":"open","sticky":false,"template":"","format":"standard","meta":{"content-type":"","jetpack_post_was_ever_published":false,"_jetpack_newsletter_access":"","_jetpack_dont_email_post_to_subs":false,"_jetpack_newsletter_tier_id":0,"_jetpack_memberships_contains_paywalled_content":false,"_jetpack_memberships_contains_paid_content":false,"footnotes":""},"categories":[16289],"tags":[28439,487,2831,3423,28440],"class_list":["post-117409","post","type-post","status-publish","format-standard","has-post-thumbnail","hentry","category-internacionales","tag-bombardeados","tag-dominicanos","tag-ee-uu-2","tag-gustavo-petro","tag-lancheros"],"jetpack_featured_media_url":"https:\/\/lasprimeras.com.do\/wp-content\/uploads\/2025\/01\/Gustavo-Petro.jpg","jetpack-related-posts":[{"id":118842,"url":"https:\/\/lasprimeras.com.do\/index.php\/2026\/01\/03\/gobierno-dominicano-guarda-silencio-sobre-ataques-de-ee-uu-a-venezuela\/","url_meta":{"origin":117409,"position":0},"title":"Gobierno dominicano guarda silencio sobre ataques de EE.UU. a Venezuela","author":"Nelson Feliz","date":"3 de enero de 2026","format":false,"excerpt":"El Gobierno dominicano guarda absoluto silencio sobre los ataques a Venezuela la madrugada del s\u00e1bado por parte de Estados Unidos, mientras otros gobiernos de la regi\u00f3n se han expresado sobre el tema. El Nacional trat\u00f3 de obtener declaraciones oficiales, tanto del Poder Ejecutivo como del Ministerio de Relaciones Exteriores, sin\u2026","rel":"","context":"En \u00abNACIONALES\u00bb","block_context":{"text":"NACIONALES","link":"https:\/\/lasprimeras.com.do\/index.php\/category\/nacionales\/"},"img":{"alt_text":"","src":"https:\/\/i0.wp.com\/lasprimeras.com.do\/wp-content\/uploads\/2025\/10\/Palacio-Nacional.jpg?resize=350%2C200&ssl=1","width":350,"height":200,"srcset":"https:\/\/i0.wp.com\/lasprimeras.com.do\/wp-content\/uploads\/2025\/10\/Palacio-Nacional.jpg?resize=350%2C200&ssl=1 1x, https:\/\/i0.wp.com\/lasprimeras.com.do\/wp-content\/uploads\/2025\/10\/Palacio-Nacional.jpg?resize=525%2C300&ssl=1 1.5x, https:\/\/i0.wp.com\/lasprimeras.com.do\/wp-content\/uploads\/2025\/10\/Palacio-Nacional.jpg?resize=700%2C400&ssl=1 2x"},"classes":[]},{"id":112127,"url":"https:\/\/lasprimeras.com.do\/index.php\/2025\/10\/17\/petro-no-asistira-a-la-cumbre-de-las-americas-en-rd\/","url_meta":{"origin":117409,"position":1},"title":"Petro no asistir\u00e1 a la Cumbre de las Am\u00e9ricas en RD","author":"Nelson Feliz","date":"17 de octubre de 2025","format":false,"excerpt":"Bogot\u00e1.- El presidente de Colombia, Gustavo Petro, anunci\u00f3 este mi\u00e9rcoles que no asistir\u00e1 a la pr\u00f3xima Cumbre de las Am\u00e9ricas de diciembre en Rep\u00fablica Dominicana, tras la exclusi\u00f3n de Cuba, Nicaragua y Venezuela y el \u00faltimo ataque de Estados Unidos contra una supuesta narcolancha en el Caribe. \u201cNo asistir\u00e9 a\u2026","rel":"","context":"En \u00abINTERNACIONALES\u00bb","block_context":{"text":"INTERNACIONALES","link":"https:\/\/lasprimeras.com.do\/index.php\/category\/sin-categoria\/internacionales\/"},"img":{"alt_text":"","src":"https:\/\/i0.wp.com\/lasprimeras.com.do\/wp-content\/uploads\/2025\/07\/Gustavo-Petro.jpg?resize=350%2C200&ssl=1","width":350,"height":200,"srcset":"https:\/\/i0.wp.com\/lasprimeras.com.do\/wp-content\/uploads\/2025\/07\/Gustavo-Petro.jpg?resize=350%2C200&ssl=1 1x, https:\/\/i0.wp.com\/lasprimeras.com.do\/wp-content\/uploads\/2025\/07\/Gustavo-Petro.jpg?resize=525%2C300&ssl=1 1.5x, https:\/\/i0.wp.com\/lasprimeras.com.do\/wp-content\/uploads\/2025\/07\/Gustavo-Petro.jpg?resize=700%2C400&ssl=1 2x"},"classes":[]},{"id":93205,"url":"https:\/\/lasprimeras.com.do\/index.php\/2025\/01\/26\/petro-ordena-subir-un-25-los-aranceles-a-los-productos-de-ee-uu-importados-por-colombia\/","url_meta":{"origin":117409,"position":2},"title":"Petro ordena subir un 25 % los aranceles a los productos de EE.UU. importados por Colombia","author":"Nelson Feliz","date":"26 de enero de 2025","format":false,"excerpt":"El presidente colombiano tom\u00f3 la medida luego que Donald Trump impusiera aranceles del 25 % a todos los productos colombianos, una tarifa que se elevar\u00e1 al 50 % dentro de una semana. Bogot\u00e1, EFE- El presidente de Colombia, Gustavo Petro, orden\u00f3 este domingo incrementar en un 25 % los aranceles\u2026","rel":"","context":"En \u00abINTERNACIONALES\u00bb","block_context":{"text":"INTERNACIONALES","link":"https:\/\/lasprimeras.com.do\/index.php\/category\/sin-categoria\/internacionales\/"},"img":{"alt_text":"","src":"https:\/\/i0.wp.com\/lasprimeras.com.do\/wp-content\/uploads\/2025\/01\/Gustavo-Petro-1.jpg?resize=350%2C200&ssl=1","width":350,"height":200,"srcset":"https:\/\/i0.wp.com\/lasprimeras.com.do\/wp-content\/uploads\/2025\/01\/Gustavo-Petro-1.jpg?resize=350%2C200&ssl=1 1x, https:\/\/i0.wp.com\/lasprimeras.com.do\/wp-content\/uploads\/2025\/01\/Gustavo-Petro-1.jpg?resize=525%2C300&ssl=1 1.5x, https:\/\/i0.wp.com\/lasprimeras.com.do\/wp-content\/uploads\/2025\/01\/Gustavo-Petro-1.jpg?resize=700%2C400&ssl=1 2x"},"classes":[]},{"id":116644,"url":"https:\/\/lasprimeras.com.do\/index.php\/2025\/12\/02\/trump-advierte-que-cualquier-pais-que-trafique-droga-hacia-ee-uu-esta-sujeto-a-ataques\/","url_meta":{"origin":117409,"position":3},"title":"Trump advierte que cualquier pa\u00eds que trafique droga hacia EE. UU. &#8220;est\u00e1 sujeto a ataques&#8221;","author":"Nelson Feliz","date":"2 de diciembre de 2025","format":false,"excerpt":"El mandatario, quien reiter\u00f3 que los ataques contra los c\u00e1rteles de la droga dentro del territorio venezolano comenzar\u00e1n \"muy pronto\" Washington,EFE -El presidente de Estados Unidos, Donald Trump, advirti\u00f3 este martes que cualquier pa\u00eds que produzca y trafique droga hacia el pa\u00eds norteamericano \"est\u00e1 sujeto a ataques\", al sugerir que\u2026","rel":"","context":"En \u00abINTERNACIONALES\u00bb","block_context":{"text":"INTERNACIONALES","link":"https:\/\/lasprimeras.com.do\/index.php\/category\/sin-categoria\/internacionales\/"},"img":{"alt_text":"","src":"https:\/\/i0.wp.com\/lasprimeras.com.do\/wp-content\/uploads\/2025\/10\/Donald-Trump.jpg?resize=350%2C200&ssl=1","width":350,"height":200,"srcset":"https:\/\/i0.wp.com\/lasprimeras.com.do\/wp-content\/uploads\/2025\/10\/Donald-Trump.jpg?resize=350%2C200&ssl=1 1x, https:\/\/i0.wp.com\/lasprimeras.com.do\/wp-content\/uploads\/2025\/10\/Donald-Trump.jpg?resize=525%2C300&ssl=1 1.5x, https:\/\/i0.wp.com\/lasprimeras.com.do\/wp-content\/uploads\/2025\/10\/Donald-Trump.jpg?resize=700%2C400&ssl=1 2x"},"classes":[]},{"id":128608,"url":"https:\/\/lasprimeras.com.do\/index.php\/2026\/04\/24\/dos-muertos-en-un-nuevo-ataque-de-ee-uu-a-embarcacion-en-el-pacifico\/","url_meta":{"origin":117409,"position":4},"title":"Dos muertos en un nuevo ataque de EE.UU. a embarcaci\u00f3n en el Pac\u00edfico","author":"Nelson Feliz","date":"24 de abril de 2026","format":false,"excerpt":"Estados Unidos dijo haber destruido este viernes una nueva embarcaci\u00f3n supuestamente vinculada al narcotr\u00e1fico en aguas internacionales del Pac\u00edfico, en un ataque en el que murieron dos personas. Washington, EFE - Estados Unidos dijo haber destruido este viernes una nueva embarcaci\u00f3n supuestamente vinculada al narcotr\u00e1fico en aguas internacionales del Pac\u00edfico,\u2026","rel":"","context":"En \u00abINTERNACIONALES\u00bb","block_context":{"text":"INTERNACIONALES","link":"https:\/\/lasprimeras.com.do\/index.php\/category\/sin-categoria\/internacionales\/"},"img":{"alt_text":"","src":"https:\/\/i0.wp.com\/lasprimeras.com.do\/wp-content\/uploads\/2026\/04\/jjuvias.jpg?resize=350%2C200&ssl=1","width":350,"height":200,"srcset":"https:\/\/i0.wp.com\/lasprimeras.com.do\/wp-content\/uploads\/2026\/04\/jjuvias.jpg?resize=350%2C200&ssl=1 1x, https:\/\/i0.wp.com\/lasprimeras.com.do\/wp-content\/uploads\/2026\/04\/jjuvias.jpg?resize=525%2C300&ssl=1 1.5x"},"classes":[]},{"id":89015,"url":"https:\/\/lasprimeras.com.do\/index.php\/2024\/09\/14\/petro-dice-que-fue-la-dea-quien-le-alerto-de-un-supuesto-plan-para-asesinarlo\/","url_meta":{"origin":117409,"position":5},"title":"Petro dice que fue la DEA quien le alert\u00f3 de un supuesto plan para asesinarlo","author":"Nelson Feliz","date":"14 de septiembre de 2024","format":false,"excerpt":"Bogot\u00e1, (EFE).- El presidente de Colombia, Gustavo Petro, asegur\u00f3 este s\u00e1bado que fue la Agencia Antidrogas de Estados Unidos (DEA), a trav\u00e9s del embajador de ese pa\u00eds en Bogot\u00e1, quien le alert\u00f3 de un supuesto plan para asesinarlo antes de que acabe este a\u00f1o en un atentado con un cami\u00f3n\u2026","rel":"","context":"En \u00abSin categor\u00eda\u00bb","block_context":{"text":"Sin categor\u00eda","link":"https:\/\/lasprimeras.com.do\/index.php\/category\/sin-categoria\/"},"img":{"alt_text":"Gustavo Petro","src":"https:\/\/i0.wp.com\/lasprimeras.com.do\/wp-content\/uploads\/2024\/09\/Gustavo-Petro.jpg?resize=350%2C200&ssl=1","width":350,"height":200,"srcset":"https:\/\/i0.wp.com\/lasprimeras.com.do\/wp-content\/uploads\/2024\/09\/Gustavo-Petro.jpg?resize=350%2C200&ssl=1 1x, https:\/\/i0.wp.com\/lasprimeras.com.do\/wp-content\/uploads\/2024\/09\/Gustavo-Petro.jpg?resize=525%2C300&ssl=1 1.5x, https:\/\/i0.wp.com\/lasprimeras.com.do\/wp-content\/uploads\/2024\/09\/Gustavo-Petro.jpg?resize=700%2C400&ssl=1 2x"},"classes":[]}],"jetpack_sharing_enabled":true,"_links":{"self":[{"href":"https:\/\/lasprimeras.com.do\/index.php\/wp-json\/wp\/v2\/posts\/117409","targetHints":{"allow":["GET"]}}],"collection":[{"href":"https:\/\/lasprimeras.com.do\/index.php\/wp-json\/wp\/v2\/posts"}],"about":[{"href":"https:\/\/lasprimeras.com.do\/index.php\/wp-json\/wp\/v2\/types\/post"}],"author":[{"embeddable":true,"href":"https:\/\/lasprimeras.com.do\/index.php\/wp-json\/wp\/v2\/users\/10"}],"replies":[{"embeddable":true,"href":"https:\/\/lasprimeras.com.do\/index.php\/wp-json\/wp\/v2\/comments?post=117409"}],"version-history":[{"count":1,"href":"https:\/\/lasprimeras.com.do\/index.php\/wp-json\/wp\/v2\/posts\/117409\/revisions"}],"predecessor-version":[{"id":117410,"href":"https:\/\/lasprimeras.com.do\/index.php\/wp-json\/wp\/v2\/posts\/117409\/revisions\/117410"}],"wp:featuredmedia":[{"embeddable":true,"href":"https:\/\/lasprimeras.com.do\/index.php\/wp-json\/wp\/v2\/media\/93203"}],"wp:attachment":[{"href":"https:\/\/lasprimeras.com.do\/index.php\/wp-json\/wp\/v2\/media?parent=117409"}],"wp:term":[{"taxonomy":"category","embeddable":true,"href":"https:\/\/lasprimeras.com.do\/index.php\/wp-json\/wp\/v2\/categories?post=117409"},{"taxonomy":"post_tag","embeddable":true,"href":"https:\/\/lasprimeras.com.do\/index.php\/wp-json\/wp\/v2\/tags?post=117409"}],"curies":[{"name":"wp","href":"https:\/\/api.w.org\/{rel}","templated":true}]}}