{"id":117488,"date":"2025-12-11T08:34:13","date_gmt":"2025-12-11T12:34:13","guid":{"rendered":"https:\/\/lasprimeras.com.do\/?p=117488"},"modified":"2025-12-11T08:34:14","modified_gmt":"2025-12-11T12:34:14","slug":"los-aranceles-en-2do-mandato-de-trump-han-costado-1-200-dolares-por-hogar-en-eeuu-dicen-democratas","status":"publish","type":"post","link":"https:\/\/lasprimeras.com.do\/index.php\/2025\/12\/11\/los-aranceles-en-2do-mandato-de-trump-han-costado-1-200-dolares-por-hogar-en-eeuu-dicen-democratas\/","title":{"rendered":"Los aranceles en 2do mandato de Trump han costado 1.200 d\u00f3lares por hogar en EEUU, dicen dem\u00f3cratas"},"content":{"rendered":"\n<p>POR PAUL WISEMAN<\/p>\n\n\n\n<p>WASHINGTON (AP) \u2014 Los amplios impuestos sobre las importaciones han costado al hogar estadounidense promedio casi 1.200 d\u00f3lares desde que Donald Trump regres\u00f3 a la Casa Blanca este a\u00f1o, seg\u00fan c\u00e1lculos de los dem\u00f3cratas en el Comit\u00e9 Econ\u00f3mico Conjunto del Congreso.<\/p>\n\n\n\n<p>Utilizando cifras del Departamento del Tesoro sobre ingresos por aranceles y estimaciones de Goldman Sachs sobre qui\u00e9n termina pag\u00e1ndolos, el reporte de los dem\u00f3cratas del jueves encontr\u00f3 que la parte que han asumido los consumidores estadounidenses ascendi\u00f3 a casi 159.000 millones de d\u00f3lares, o 1.198 d\u00f3lares por hogar, desde febrero hasta noviembre.<\/p>\n\n\n\n<p>\u201cEste reporte muestra que los aranceles de (Trump) no han hecho m\u00e1s que aumentar a\u00fan m\u00e1s los precios para las familias\u201d, afirm\u00f3 la senadora Maggie Hassan de Nueva Hampshire, la principal dem\u00f3crata en el comit\u00e9 econ\u00f3mico.<br>\u201cEn un momento en que ambos partidos deber\u00edan estar trabajando juntos para reducir los costos, el impuesto del presidente a las familias estadounidenses simplemente est\u00e1 haciendo las cosas m\u00e1s caras\u201d.<\/p>\n\n\n\n<p>En su segundo mandato, Trump ha revertido d\u00e9cadas de pol\u00edtica estadounidense a favor del libre comercio. Ha impuesto aranceles de dos d\u00edgitos a casi todos los pa\u00edses del mundo.<\/p>\n\n\n\n<p>Seg\u00fan el Laboratorio de Presupuesto de la Universidad de Yale, el arancel promedio en Estados Unidos ha aumentado del 2,4% al comienzo del a\u00f1o al 16,8%, el m\u00e1s alto desde 1935.<\/p>\n\n\n\n<p>El presidente argumenta que los impuestos a las importaciones proteger\u00e1n a las industrias estadounidenses de la competencia extranjera desleal, traer\u00e1n f\u00e1bricas a Estados Unidos y recaudar\u00e1n dinero para el Tesoro.<\/p>\n\n\n\n<p>\u201cLos aranceles del presidente Trump han asegurado billones en inversiones para fabricar y contratar en Estados Unidos, as\u00ed como acuerdos comerciales hist\u00f3ricos que finalmente nivelan el campo de juego para los trabajadores e industrias estadounidenses\u201d, afirm\u00f3 el portavoz de la Casa Blanca Kush Desai.<\/p>\n\n\n\n<p>\u201cLos dem\u00f3cratas pasaron d\u00e9cadas quej\u00e1ndose de acuerdos comerciales desequilibrados que socavan a la clase trabajadora estadounidense, y ahora se quejan del \u00fanico presidente que ha hecho algo al respecto\u201d.<\/p>\n\n\n\n<p>Los aranceles los pagan los importadores, que normalmente intentan trasladar los costos m\u00e1s altos a sus clientes.<\/p>\n\n\n\n<p>Los dem\u00f3cratas tuvieron buenos resultados en las elecciones del mes pasado en Virginia, Nueva Jersey y otros lugares, en gran parte porque los votantes culpan a Trump y a los republicanos por el alto costo de vida, tal como culparon al predecesor de Trump, el dem\u00f3crata Joe Biden, por lo mismo un a\u00f1o antes.<\/p>\n\n\n\n<p>La economista Kimberly Clausing de la Escuela de Derecho de UCLA y el Instituto Peterson de Econom\u00eda Internacional dijo la semana pasada a un subcomit\u00e9 de la C\u00e1mara que los aranceles de Trump equivalen a \u201cel mayor aumento de impuestos a los consumidores estadounidenses en una generaci\u00f3n, reduciendo los est\u00e1ndares de vida para todos los estadounidenses\u201d.<\/p>\n\n\n\n<p>Clausing, que fue funcionaria de impuestos del Departamento del Tesoro durante el gobierno de Biden, ha calculado que los impuestos a las importaciones de Trump \u201cequivalen a un aumento anual de impuestos de aproximadamente 1.700 d\u00f3lares para un hogar promedio\u201d.<\/p>\n","protected":false},"excerpt":{"rendered":"<p>POR PAUL WISEMAN WASHINGTON (AP) \u2014 Los amplios impuestos sobre las importaciones han costado al hogar estadounidense promedio casi 1.200 d\u00f3lares desde que Donald Trump regres\u00f3 a la Casa Blanca&hellip;<\/p>\n","protected":false},"author":10,"featured_media":117489,"comment_status":"open","ping_status":"open","sticky":false,"template":"","format":"standard","meta":{"content-type":"","jetpack_post_was_ever_published":false,"_jetpack_newsletter_access":"","_jetpack_dont_email_post_to_subs":false,"_jetpack_newsletter_tier_id":0,"_jetpack_memberships_contains_paywalled_content":false,"_jetpack_memberships_contains_paid_content":false,"footnotes":""},"categories":[39],"tags":[28467,11540,8172,978,979,1398],"class_list":["post-117488","post","type-post","status-publish","format-standard","has-post-thumbnail","hentry","category-economia","tag-2do-mandato","tag-aranceles","tag-democratas","tag-donald-trump","tag-eeuu","tag-hogar"],"jetpack_featured_media_url":"https:\/\/lasprimeras.com.do\/wp-content\/uploads\/2025\/12\/aranceles.jpg","jetpack-related-posts":[{"id":96544,"url":"https:\/\/lasprimeras.com.do\/index.php\/2025\/04\/02\/trump-anuncia-nuevos-aranceles-para-promover-manufactura-en-eeuu-con-el-riesgo-de-generar-inflacion\/","url_meta":{"origin":117488,"position":0},"title":"Trump anuncia nuevos aranceles para promover manufactura en EEUU, con el riesgo de generar inflaci\u00f3n","author":"Nelson Feliz","date":"2 de abril de 2025","format":false,"excerpt":"POR JOSH BOAK WASHINGTON (AP) \u2014 El presidente estadounidense Donald Trump anunci\u00f3 el mi\u00e9rcoles nuevos aranceles de gran alcance sobre casi todos los socios comerciales de Estados Unidos: un impuesto del 34 % a las importaciones de China y del 20% sobre la Uni\u00f3n Europea, entre otros, que amenazan con\u2026","rel":"","context":"En \u00abECONOM\u00cdA\u00bb","block_context":{"text":"ECONOM\u00cdA","link":"https:\/\/lasprimeras.com.do\/index.php\/category\/economia\/"},"img":{"alt_text":"","src":"https:\/\/i0.wp.com\/lasprimeras.com.do\/wp-content\/uploads\/2025\/04\/Donald-Trump-aranceles.jpg?resize=350%2C200&ssl=1","width":350,"height":200,"srcset":"https:\/\/i0.wp.com\/lasprimeras.com.do\/wp-content\/uploads\/2025\/04\/Donald-Trump-aranceles.jpg?resize=350%2C200&ssl=1 1x, https:\/\/i0.wp.com\/lasprimeras.com.do\/wp-content\/uploads\/2025\/04\/Donald-Trump-aranceles.jpg?resize=525%2C300&ssl=1 1.5x, https:\/\/i0.wp.com\/lasprimeras.com.do\/wp-content\/uploads\/2025\/04\/Donald-Trump-aranceles.jpg?resize=700%2C400&ssl=1 2x"},"classes":[]},{"id":96526,"url":"https:\/\/lasprimeras.com.do\/index.php\/2025\/04\/02\/trump-anunciara-aranceles-reciprocos-en-una-arriesgada-medida-que-podria-transformar-la-economia\/","url_meta":{"origin":117488,"position":1},"title":"Trump anunciar\u00e1 aranceles \u201crec\u00edprocos\u201d en una arriesgada medida que podr\u00eda transformar la econom\u00eda","author":"Nelson Feliz","date":"2 de abril de 2025","format":false,"excerpt":"WASHINGTON (AP) \u2014 Despu\u00e9s de semanas de expectativas por parte de la Casa Blanca y nerviosismo del p\u00fablico, el presidente Donald Trump est\u00e1 listo para anunciar el mi\u00e9rcoles una serie de aranceles que \u00e9l mismo describe como \u201crec\u00edprocos\u201d tanto para amigos como para enemigos. Los nuevos aranceles, que se anunciar\u00e1n\u2026","rel":"","context":"En \u00abINTERNACIONALES\u00bb","block_context":{"text":"INTERNACIONALES","link":"https:\/\/lasprimeras.com.do\/index.php\/category\/sin-categoria\/internacionales\/"},"img":{"alt_text":"","src":"https:\/\/i0.wp.com\/lasprimeras.com.do\/wp-content\/uploads\/2025\/02\/Donald-Trump.png?resize=350%2C200&ssl=1","width":350,"height":200,"srcset":"https:\/\/i0.wp.com\/lasprimeras.com.do\/wp-content\/uploads\/2025\/02\/Donald-Trump.png?resize=350%2C200&ssl=1 1x, https:\/\/i0.wp.com\/lasprimeras.com.do\/wp-content\/uploads\/2025\/02\/Donald-Trump.png?resize=525%2C300&ssl=1 1.5x, https:\/\/i0.wp.com\/lasprimeras.com.do\/wp-content\/uploads\/2025\/02\/Donald-Trump.png?resize=700%2C400&ssl=1 2x"},"classes":[]},{"id":96255,"url":"https:\/\/lasprimeras.com.do\/index.php\/2025\/03\/28\/trump-impone-arancel-de-25-a-autos-importados-podria-aumentar-costos-y-reducir-ventas\/","url_meta":{"origin":117488,"position":2},"title":"Trump impone arancel de 25% a autos importados; podr\u00eda aumentar costos y reducir ventas","author":"Nelson Feliz","date":"28 de marzo de 2025","format":false,"excerpt":"POR JOSH BOAK WASHINGTON (AP) \u2014 El presidente estadounidense Donald Trump dijo que impondr\u00eda aranceles del 25% a las importaciones de autom\u00f3viles, una medida que, seg\u00fan la Casa Blanca, fomentar\u00e1 la manufactura nacional, pero que tambi\u00e9n podr\u00eda poner presi\u00f3n financiera sobre los fabricantes que dependen de cadenas mundiales de suministro.\u2026","rel":"","context":"En \u00abECONOM\u00cdA\u00bb","block_context":{"text":"ECONOM\u00cdA","link":"https:\/\/lasprimeras.com.do\/index.php\/category\/economia\/"},"img":{"alt_text":"","src":"https:\/\/i0.wp.com\/lasprimeras.com.do\/wp-content\/uploads\/2025\/03\/VEH.jpg?resize=350%2C200&ssl=1","width":350,"height":200,"srcset":"https:\/\/i0.wp.com\/lasprimeras.com.do\/wp-content\/uploads\/2025\/03\/VEH.jpg?resize=350%2C200&ssl=1 1x, https:\/\/i0.wp.com\/lasprimeras.com.do\/wp-content\/uploads\/2025\/03\/VEH.jpg?resize=525%2C300&ssl=1 1.5x, https:\/\/i0.wp.com\/lasprimeras.com.do\/wp-content\/uploads\/2025\/03\/VEH.jpg?resize=700%2C400&ssl=1 2x"},"classes":[]},{"id":94069,"url":"https:\/\/lasprimeras.com.do\/index.php\/2025\/02\/25\/apple-anuncia-inversion-en-eeuu-en-medio-de-amenazas-arancelarias-que-podrian-afectar-al-iphone\/","url_meta":{"origin":117488,"position":3},"title":"Apple anuncia inversi\u00f3n en EEUU en medio de amenazas arancelarias que podr\u00edan afectar al iPhone","author":"Nelson Feliz","date":"25 de febrero de 2025","format":false,"excerpt":"NUEVA YORK (AP) \u2014 Apple anunci\u00f3 el lunes que planea invertir m\u00e1s de 500.000 millones de d\u00f3lares en Estados Unidos durante los pr\u00f3ximos cuatro a\u00f1os, incluyendo planes para contratar a 20.000 personas y construir una nueva f\u00e1brica de servidores en Texas. La medida se da apenas d\u00edas despu\u00e9s que el\u2026","rel":"","context":"En \u00abINTERNACIONALES\u00bb","block_context":{"text":"INTERNACIONALES","link":"https:\/\/lasprimeras.com.do\/index.php\/category\/sin-categoria\/internacionales\/"},"img":{"alt_text":"","src":"https:\/\/i0.wp.com\/lasprimeras.com.do\/wp-content\/uploads\/2025\/02\/Apple.png?resize=350%2C200&ssl=1","width":350,"height":200,"srcset":"https:\/\/i0.wp.com\/lasprimeras.com.do\/wp-content\/uploads\/2025\/02\/Apple.png?resize=350%2C200&ssl=1 1x, https:\/\/i0.wp.com\/lasprimeras.com.do\/wp-content\/uploads\/2025\/02\/Apple.png?resize=525%2C300&ssl=1 1.5x, https:\/\/i0.wp.com\/lasprimeras.com.do\/wp-content\/uploads\/2025\/02\/Apple.png?resize=700%2C400&ssl=1 2x"},"classes":[]},{"id":99615,"url":"https:\/\/lasprimeras.com.do\/index.php\/2025\/05\/23\/apple-ha-tenido-pocos-incentivos-en-el-pasado-para-empezar-a-fabricar-iphones-en-ee-uu\/","url_meta":{"origin":117488,"position":4},"title":"Apple ha tenido pocos incentivos en el pasado para empezar a fabricar iPhones en EE.UU.","author":"Nelson Feliz","date":"23 de mayo de 2025","format":false,"excerpt":"Por MICHAEL LIEDTKE SAN FRANCISCO (AP) \u2014 Descontento porque Apple pretende obtener casi todos sus iPhones estadounidenses de la India, el presidente Donald Trump amenaz\u00f3 el viernes con un arancel del 25% sobre el popular dispositivo a menos que el gigante tecnol\u00f3gico traslade su producci\u00f3n a Estados Unidos. Pero Apple\u2026","rel":"","context":"En \u00abECONOM\u00cdA\u00bb","block_context":{"text":"ECONOM\u00cdA","link":"https:\/\/lasprimeras.com.do\/index.php\/category\/economia\/"},"img":{"alt_text":"Donald Trump","src":"https:\/\/i0.wp.com\/lasprimeras.com.do\/wp-content\/uploads\/2025\/05\/Donald-Trump-4.jpg?resize=350%2C200&ssl=1","width":350,"height":200,"srcset":"https:\/\/i0.wp.com\/lasprimeras.com.do\/wp-content\/uploads\/2025\/05\/Donald-Trump-4.jpg?resize=350%2C200&ssl=1 1x, https:\/\/i0.wp.com\/lasprimeras.com.do\/wp-content\/uploads\/2025\/05\/Donald-Trump-4.jpg?resize=525%2C300&ssl=1 1.5x, https:\/\/i0.wp.com\/lasprimeras.com.do\/wp-content\/uploads\/2025\/05\/Donald-Trump-4.jpg?resize=700%2C400&ssl=1 2x"},"classes":[]},{"id":96408,"url":"https:\/\/lasprimeras.com.do\/index.php\/2025\/03\/31\/trump-dice-que-se-acerca-el-dia-de-la-liberacion-con-sus-aranceles\/","url_meta":{"origin":117488,"position":5},"title":"Trump dice que se acerca el \u201cD\u00eda de la Liberaci\u00f3n\u201d con sus aranceles","author":"Nelson Feliz","date":"31 de marzo de 2025","format":false,"excerpt":"POR JOSH BOAK WASHINGTON (AP) \u2014 El presidente Donald Trump dijo que el mi\u00e9rcoles ser\u00e1 el \u201cD\u00eda de la Liberaci\u00f3n\u201d, un momento en el que planea implementar un conjunto de aranceles que promete liberar\u00e1n a Estados Unidos de productos extranjeros. Los detalles de la pr\u00f3xima ronda de impuestos a las\u2026","rel":"","context":"En \u00abECONOM\u00cdA\u00bb","block_context":{"text":"ECONOM\u00cdA","link":"https:\/\/lasprimeras.com.do\/index.php\/category\/economia\/"},"img":{"alt_text":"","src":"https:\/\/i0.wp.com\/lasprimeras.com.do\/wp-content\/uploads\/2025\/03\/vehi.jpg?resize=350%2C200&ssl=1","width":350,"height":200,"srcset":"https:\/\/i0.wp.com\/lasprimeras.com.do\/wp-content\/uploads\/2025\/03\/vehi.jpg?resize=350%2C200&ssl=1 1x, https:\/\/i0.wp.com\/lasprimeras.com.do\/wp-content\/uploads\/2025\/03\/vehi.jpg?resize=525%2C300&ssl=1 1.5x, https:\/\/i0.wp.com\/lasprimeras.com.do\/wp-content\/uploads\/2025\/03\/vehi.jpg?resize=700%2C400&ssl=1 2x"},"classes":[]}],"jetpack_sharing_enabled":true,"_links":{"self":[{"href":"https:\/\/lasprimeras.com.do\/index.php\/wp-json\/wp\/v2\/posts\/117488","targetHints":{"allow":["GET"]}}],"collection":[{"href":"https:\/\/lasprimeras.com.do\/index.php\/wp-json\/wp\/v2\/posts"}],"about":[{"href":"https:\/\/lasprimeras.com.do\/index.php\/wp-json\/wp\/v2\/types\/post"}],"author":[{"embeddable":true,"href":"https:\/\/lasprimeras.com.do\/index.php\/wp-json\/wp\/v2\/users\/10"}],"replies":[{"embeddable":true,"href":"https:\/\/lasprimeras.com.do\/index.php\/wp-json\/wp\/v2\/comments?post=117488"}],"version-history":[{"count":1,"href":"https:\/\/lasprimeras.com.do\/index.php\/wp-json\/wp\/v2\/posts\/117488\/revisions"}],"predecessor-version":[{"id":117490,"href":"https:\/\/lasprimeras.com.do\/index.php\/wp-json\/wp\/v2\/posts\/117488\/revisions\/117490"}],"wp:featuredmedia":[{"embeddable":true,"href":"https:\/\/lasprimeras.com.do\/index.php\/wp-json\/wp\/v2\/media\/117489"}],"wp:attachment":[{"href":"https:\/\/lasprimeras.com.do\/index.php\/wp-json\/wp\/v2\/media?parent=117488"}],"wp:term":[{"taxonomy":"category","embeddable":true,"href":"https:\/\/lasprimeras.com.do\/index.php\/wp-json\/wp\/v2\/categories?post=117488"},{"taxonomy":"post_tag","embeddable":true,"href":"https:\/\/lasprimeras.com.do\/index.php\/wp-json\/wp\/v2\/tags?post=117488"}],"curies":[{"name":"wp","href":"https:\/\/api.w.org\/{rel}","templated":true}]}}