{"id":117497,"date":"2025-12-11T09:12:01","date_gmt":"2025-12-11T13:12:01","guid":{"rendered":"https:\/\/lasprimeras.com.do\/?p=117497"},"modified":"2025-12-11T09:12:03","modified_gmt":"2025-12-11T13:12:03","slug":"fallece-monsenor-felipe-nunez-pastor-emerito-de-barahona-y-figura-emblematica-de-la-iglesia-dominicana","status":"publish","type":"post","link":"https:\/\/lasprimeras.com.do\/index.php\/2025\/12\/11\/fallece-monsenor-felipe-nunez-pastor-emerito-de-barahona-y-figura-emblematica-de-la-iglesia-dominicana\/","title":{"rendered":"Fallece monse\u00f1or Felipe N\u00fa\u00f1ez, pastor em\u00e9rito de Barahona y figura emblem\u00e1tica de la Iglesia dominicana"},"content":{"rendered":"\n<p>Bartolo Garc\u00eda<\/p>\n\n\n\n<p>La Iglesia cat\u00f3lica de la Rep\u00fablica Dominicana inform\u00f3 con profundo pesar el fallecimiento de monse\u00f1or Rafael Le\u00f3nidas Felipe N\u00fa\u00f1ez, obispo em\u00e9rito de la di\u00f3cesis de Barahona, quien parti\u00f3 a la Casa del Padre la noche del mi\u00e9rcoles 10 de diciembre de 2025, a las 11:44 p. m., en la Arquidi\u00f3cesis de Santiago de los Caballeros. Ten\u00eda 87 a\u00f1os de edad.<\/p>\n\n\n\n<p>A trav\u00e9s de un comunicado oficial, la Conferencia del Episcopado Dominicano (CED) expres\u00f3 que su muerte constituye una p\u00e9rdida sentida para toda la comunidad eclesial, que lo recordar\u00e1 como un pastor cercano, dedicado y profundamente comprometido con la misi\u00f3n evangelizadora de la Iglesia.<\/p>\n\n\n\n<p>Monse\u00f1or Felipe N\u00fa\u00f1ez hab\u00eda permanecido varios d\u00edas hospitalizado en Santiago tras presentar complicaciones de salud. Durante la \u00faltima semana estuvo en estado cr\u00edtico, acompa\u00f1ado por sacerdotes, religiosos, familiares y fieles que elevaron constantes oraciones por su recuperaci\u00f3n.<\/p>\n\n\n\n<p>La CED destac\u00f3 que el obispo em\u00e9rito sirvi\u00f3 con fidelidad durante toda su vida sacerdotal y episcopal, dejando huellas imborrables en cada comunidad donde ejerci\u00f3 su ministerio.<\/p>\n\n\n\n<p>Su liderazgo pastoral, su sensibilidad humana y su profundo amor por los m\u00e1s necesitados marcaron su trayectoria dentro de la Iglesia dominicana.<\/p>\n\n\n\n<p>Asimismo, el organismo agradeci\u00f3 la dedicaci\u00f3n y entrega generosa que monse\u00f1or Felipe N\u00fa\u00f1ez ofreci\u00f3 durante d\u00e9cadas al servicio de Dios y del pueblo, siendo un referente de coherencia cristiana, prudencia pastoral y compromiso social.<\/p>\n\n\n\n<p>En el comunicado, los obispos recordaron que su legado permanece vivo en la di\u00f3cesis de Barahona, donde ejerci\u00f3 como pastor durante a\u00f1os, impulsando obras sociales, fortaleciendo la estructura eclesial y acompa\u00f1ando con cercan\u00eda a las comunidades rurales y urbanas.<\/p>\n\n\n\n<p>La Conferencia del Episcopado anunci\u00f3 que los restos del obispo em\u00e9rito ser\u00e1n expuestos este jueves a partir de las 9:00 de la ma\u00f1ana en el Seminario San P\u00edo X, donde los fieles podr\u00e1n rendirle homenaje y elevar oraciones por su eterno descanso.<\/p>\n\n\n\n<p>A las 2:00 de la tarde se celebrar\u00e1 una solemne Eucarist\u00eda en su honor, presidida por autoridades eclesi\u00e1sticas de la Arquidi\u00f3cesis y acompa\u00f1ada por sacerdotes, seminaristas, familiares y miembros de diversas comunidades religiosas.<\/p>\n\n\n\n<p>Posteriormente, a las 3:30 p. m., el cuerpo ser\u00e1 trasladado hacia la di\u00f3cesis de Barahona, donde continuar\u00e1 el velatorio y se celebrar\u00e1n actos lit\u00fargicos en reconocimiento a su vida de entrega pastoral y amor al servicio.<\/p>\n\n\n\n<p>La Iglesia invit\u00f3 a todo el pueblo dominicano a unirse en oraci\u00f3n por el alma de monse\u00f1or Rafael Le\u00f3nidas Felipe N\u00fa\u00f1ez, record\u00e1ndolo como un pastor que dedic\u00f3 su existencia a anunciar el Evangelio con humildad, cercan\u00eda y profunda fe.<\/p>\n\n\n\n<p>Su partida, aunque dolorosa, deja un testimonio luminoso que contin\u00faa inspirando a sacerdotes, religiosos y laicos comprometidos con la misi\u00f3n de la Iglesia en el pa\u00eds.<\/p>\n\n\n\n<p>La Conferencia del Episcopado concluy\u00f3 haciendo un llamado a agradecer a Dios por su vida fecunda y por su ejemplo de entrega inquebrantable, que seguir\u00e1 guiando a las generaciones futuras dentro de la comunidad eclesial dominicana.<\/p>\n","protected":false},"excerpt":{"rendered":"<p>Bartolo Garc\u00eda La Iglesia cat\u00f3lica de la Rep\u00fablica Dominicana inform\u00f3 con profundo pesar el fallecimiento de monse\u00f1or Rafael Le\u00f3nidas Felipe N\u00fa\u00f1ez, obispo em\u00e9rito de la di\u00f3cesis de Barahona, quien parti\u00f3&hellip;<\/p>\n","protected":false},"author":10,"featured_media":117498,"comment_status":"open","ping_status":"open","sticky":false,"template":"","format":"standard","meta":{"content-type":"","jetpack_post_was_ever_published":false,"_jetpack_newsletter_access":"","_jetpack_dont_email_post_to_subs":false,"_jetpack_newsletter_tier_id":0,"_jetpack_memberships_contains_paywalled_content":false,"_jetpack_memberships_contains_paid_content":false,"footnotes":""},"categories":[35,25],"tags":[265,1423,28470,28472,28469,28471],"class_list":["post-117497","post","type-post","status-publish","format-standard","has-post-thumbnail","hentry","category-nacionales","category-portada","tag-barahona","tag-fallece","tag-figura-emblematica","tag-iglesia-dominicana","tag-monsenor-felipe-nunez","tag-pastor-emerito"],"jetpack_featured_media_url":"https:\/\/lasprimeras.com.do\/wp-content\/uploads\/2025\/12\/Felipe-Nunez.jpg","jetpack-related-posts":[{"id":117572,"url":"https:\/\/lasprimeras.com.do\/index.php\/2025\/12\/11\/victor-manuel-terrero-lamenta-el-fallecimiento-de-monsenor-rafael-leonidas-felipe-nunez\/","url_meta":{"origin":117497,"position":0},"title":"V\u00edctor Manuel Terrero lamenta el fallecimiento de Monse\u00f1or Rafael Le\u00f3nidas Felipe N\u00fa\u00f1ez","author":"Nelson Feliz","date":"11 de diciembre de 2025","format":false,"excerpt":"Terrero califico al sacerdote como \"un pastor cercano a su comunidad\" El exdiputado de Barahona y miembro del Comit\u00e9 Central del Partido de la Liberaci\u00f3n Dominicana (PLD), Dr. V\u00edctor Manuel Terrero, ha expresado su profundo pesar por la partida f\u00edsica de Monse\u00f1or Rafael Le\u00f3nidas Felipe N\u00fa\u00f1ez, Obispo Em\u00e9rito de la\u2026","rel":"","context":"En \u00abNACIONALES\u00bb","block_context":{"text":"NACIONALES","link":"https:\/\/lasprimeras.com.do\/index.php\/category\/nacionales\/"},"img":{"alt_text":"V\u00edctor Manuel Terrero","src":"https:\/\/i0.wp.com\/lasprimeras.com.do\/wp-content\/uploads\/2024\/04\/Victor-Manuel-Terrero.jpg?resize=350%2C200&ssl=1","width":350,"height":200,"srcset":"https:\/\/i0.wp.com\/lasprimeras.com.do\/wp-content\/uploads\/2024\/04\/Victor-Manuel-Terrero.jpg?resize=350%2C200&ssl=1 1x, https:\/\/i0.wp.com\/lasprimeras.com.do\/wp-content\/uploads\/2024\/04\/Victor-Manuel-Terrero.jpg?resize=525%2C300&ssl=1 1.5x"},"classes":[]},{"id":117560,"url":"https:\/\/lasprimeras.com.do\/index.php\/2025\/12\/11\/pld-lamenta-fallecimiento-del-obispo-rafael-leonidas-felipe-nunez\/","url_meta":{"origin":117497,"position":1},"title":"PLD\u00a0lamenta fallecimiento del\u00a0obispo\u00a0Rafael Le\u00f3nidas Felipe N\u00fa\u00f1ez","author":"Nelson Feliz","date":"11 de diciembre de 2025","format":false,"excerpt":"La Secretaria de Cultos del Partido de la Liberaci\u00f3n Dominicana (PLD) emiti\u00f3 su pesar por el fallecimiento del Obispo Rafael Le\u00f3nidas Felipe N\u00fa\u00f1ez, de quien destac\u00f3 su fruct\u00edfera labor sacerdotal y social. \u201cHemos perdido un pastor recordado por su cercan\u00eda con las comunidades, su vocaci\u00f3n de servicio y su firmeza\u2026","rel":"","context":"En \u00abNACIONALES\u00bb","block_context":{"text":"NACIONALES","link":"https:\/\/lasprimeras.com.do\/index.php\/category\/nacionales\/"},"img":{"alt_text":"Rafael Le\u00f3nidas Felipe N\u00fa\u00f1ez","src":"https:\/\/i0.wp.com\/lasprimeras.com.do\/wp-content\/uploads\/2025\/12\/Mons-Rafael-FelipeNunez.jpg?resize=350%2C200&ssl=1","width":350,"height":200,"srcset":"https:\/\/i0.wp.com\/lasprimeras.com.do\/wp-content\/uploads\/2025\/12\/Mons-Rafael-FelipeNunez.jpg?resize=350%2C200&ssl=1 1x, https:\/\/i0.wp.com\/lasprimeras.com.do\/wp-content\/uploads\/2025\/12\/Mons-Rafael-FelipeNunez.jpg?resize=525%2C300&ssl=1 1.5x, https:\/\/i0.wp.com\/lasprimeras.com.do\/wp-content\/uploads\/2025\/12\/Mons-Rafael-FelipeNunez.jpg?resize=700%2C400&ssl=1 2x, https:\/\/i0.wp.com\/lasprimeras.com.do\/wp-content\/uploads\/2025\/12\/Mons-Rafael-FelipeNunez.jpg?resize=1050%2C600&ssl=1 3x"},"classes":[]},{"id":128526,"url":"https:\/\/lasprimeras.com.do\/index.php\/2026\/04\/24\/edgar-feliz-resalta-legado-de-los-obispos-de-barahona-en-el-50-aniversario-de-la-diocesis\/","url_meta":{"origin":117497,"position":2},"title":"Edgar F\u00e9liz resalta legado de los obispos de Barahona en el 50 aniversario de la Di\u00f3cesis","author":"Nelson Feliz","date":"24 de abril de 2026","format":false,"excerpt":"El director de la Direcci\u00f3n de Asistencia Social y Alimentaci\u00f3n Comunitaria (DASAC), Edgar Augusto F\u00e9liz Arbona, destac\u00f3 la trascendental labor religiosa, social y comunitaria de la Di\u00f3cesis de Barahona al cumplirse 50 a\u00f1os de su fundaci\u00f3n, resaltando el legado de sus pastores y el liderazgo actual de monse\u00f1or Andr\u00e9s Napole\u00f3n\u2026","rel":"","context":"En \u00abNACIONALES\u00bb","block_context":{"text":"NACIONALES","link":"https:\/\/lasprimeras.com.do\/index.php\/category\/nacionales\/"},"img":{"alt_text":"","src":"https:\/\/i0.wp.com\/lasprimeras.com.do\/wp-content\/uploads\/2026\/04\/IMG-20260424-WA0249.jpg?resize=350%2C200&ssl=1","width":350,"height":200},"classes":[]},{"id":117998,"url":"https:\/\/lasprimeras.com.do\/index.php\/2025\/12\/19\/el-papa-nombra-al-dominicano-manuel-de-jesus-rodriguez-como-nuevo-obispo-de-palm-beach\/","url_meta":{"origin":117497,"position":3},"title":"El Papa nombra al dominicano Manuel de Jes\u00fas Rodr\u00edguez como nuevo obispo de Palm Beach","author":"Nelson Feliz","date":"19 de diciembre de 2025","format":false,"excerpt":"El obispo de origen dominicano habla con fluidez ingl\u00e9s, espa\u00f1ol, italiano y franc\u00e9s. El Papa Le\u00f3n XIV ha nombrado al padre Manuel de Jes\u00fas Rodr\u00edguez como el sexto obispo de la Di\u00f3cesis de Palm Beach, Florida. Rodr\u00edguez, originario de la Rep\u00fablica Dominicana, suceder\u00e1 a monse\u00f1or Gerald M. Barbarito, quien present\u00f3\u2026","rel":"","context":"En \u00abNACIONALES\u00bb","block_context":{"text":"NACIONALES","link":"https:\/\/lasprimeras.com.do\/index.php\/category\/nacionales\/"},"img":{"alt_text":"Padre Manuel de Jes\u00fas Rodr\u00edguez, nombrado como el sexto Obispo de de Palm Beach.Fuente Externa","src":"https:\/\/i0.wp.com\/lasprimeras.com.do\/wp-content\/uploads\/2025\/12\/Padre-Manuel-de-Jesus-Rodriguez.jpg?resize=350%2C200&ssl=1","width":350,"height":200},"classes":[]},{"id":114399,"url":"https:\/\/lasprimeras.com.do\/index.php\/2025\/11\/13\/vaticano-suspende-funciones-de-monsenor-francisco-ozoria-por-mala-administracion\/","url_meta":{"origin":117497,"position":4},"title":"Vaticano suspende funciones de monse\u00f1or Francisco Ozoria por \u201cmala administraci\u00f3n\u201d","author":"Nelson Feliz","date":"13 de noviembre de 2025","format":false,"excerpt":"Dice sentirse tranquilo y feliz por el ministerio sacerdotal que ha ejercido durante m\u00e1s de cuatro d\u00e9cadas. La Santa Sede retir\u00f3 a monse\u00f1or Francisco Ozoria sus principales facultades administrativas y de gesti\u00f3n por una supuesta mala administraci\u00f3n, seg\u00fan revel\u00f3 este mi\u00e9rcoles el propio jerarca cat\u00f3lico, quien qued\u00f3 con el t\u00edtulo\u2026","rel":"","context":"En \u00abNACIONALES\u00bb","block_context":{"text":"NACIONALES","link":"https:\/\/lasprimeras.com.do\/index.php\/category\/nacionales\/"},"img":{"alt_text":"","src":"https:\/\/i0.wp.com\/lasprimeras.com.do\/wp-content\/uploads\/2025\/11\/Francisco-Ozoria.jpg?resize=350%2C200&ssl=1","width":350,"height":200,"srcset":"https:\/\/i0.wp.com\/lasprimeras.com.do\/wp-content\/uploads\/2025\/11\/Francisco-Ozoria.jpg?resize=350%2C200&ssl=1 1x, https:\/\/i0.wp.com\/lasprimeras.com.do\/wp-content\/uploads\/2025\/11\/Francisco-Ozoria.jpg?resize=525%2C300&ssl=1 1.5x, https:\/\/i0.wp.com\/lasprimeras.com.do\/wp-content\/uploads\/2025\/11\/Francisco-Ozoria.jpg?resize=700%2C400&ssl=1 2x"},"classes":[]},{"id":101012,"url":"https:\/\/lasprimeras.com.do\/index.php\/2025\/06\/14\/udc-pide-a-la-iglesia-catolica-unirse-al-pueblo-con-las-deportaciones\/","url_meta":{"origin":117497,"position":5},"title":"UDC pide a la iglesia cat\u00f3lica unirse al pueblo con las deportaciones","author":"Nelson Feliz","date":"14 de junio de 2025","format":false,"excerpt":"El presidente de la Uni\u00f3n Dem\u00f3crata Cristiana \u2013UDC-, Luis Acosta Moreta, Luis \u201cEl Gallo\u201d, defendi\u00f3 hoy el derecho del gobierno y el pueblo dominicano a deportar a indocumentados, y pidi\u00f3 a los jesuitas que pensaran m\u00e1s en los intereses y el desarrollo nacional. Asimismo, deplor\u00f3 las declaraciones del obispo de\u2026","rel":"","context":"En \u00abPOLITICA\u00bb","block_context":{"text":"POLITICA","link":"https:\/\/lasprimeras.com.do\/index.php\/category\/politica\/"},"img":{"alt_text":"","src":"https:\/\/i0.wp.com\/lasprimeras.com.do\/wp-content\/uploads\/2025\/06\/WhatsApp-Image-2025-06-09-at-9.52.10-PM.jpeg?resize=350%2C200&ssl=1","width":350,"height":200,"srcset":"https:\/\/i0.wp.com\/lasprimeras.com.do\/wp-content\/uploads\/2025\/06\/WhatsApp-Image-2025-06-09-at-9.52.10-PM.jpeg?resize=350%2C200&ssl=1 1x, https:\/\/i0.wp.com\/lasprimeras.com.do\/wp-content\/uploads\/2025\/06\/WhatsApp-Image-2025-06-09-at-9.52.10-PM.jpeg?resize=525%2C300&ssl=1 1.5x, https:\/\/i0.wp.com\/lasprimeras.com.do\/wp-content\/uploads\/2025\/06\/WhatsApp-Image-2025-06-09-at-9.52.10-PM.jpeg?resize=700%2C400&ssl=1 2x"},"classes":[]}],"jetpack_sharing_enabled":true,"_links":{"self":[{"href":"https:\/\/lasprimeras.com.do\/index.php\/wp-json\/wp\/v2\/posts\/117497","targetHints":{"allow":["GET"]}}],"collection":[{"href":"https:\/\/lasprimeras.com.do\/index.php\/wp-json\/wp\/v2\/posts"}],"about":[{"href":"https:\/\/lasprimeras.com.do\/index.php\/wp-json\/wp\/v2\/types\/post"}],"author":[{"embeddable":true,"href":"https:\/\/lasprimeras.com.do\/index.php\/wp-json\/wp\/v2\/users\/10"}],"replies":[{"embeddable":true,"href":"https:\/\/lasprimeras.com.do\/index.php\/wp-json\/wp\/v2\/comments?post=117497"}],"version-history":[{"count":1,"href":"https:\/\/lasprimeras.com.do\/index.php\/wp-json\/wp\/v2\/posts\/117497\/revisions"}],"predecessor-version":[{"id":117499,"href":"https:\/\/lasprimeras.com.do\/index.php\/wp-json\/wp\/v2\/posts\/117497\/revisions\/117499"}],"wp:featuredmedia":[{"embeddable":true,"href":"https:\/\/lasprimeras.com.do\/index.php\/wp-json\/wp\/v2\/media\/117498"}],"wp:attachment":[{"href":"https:\/\/lasprimeras.com.do\/index.php\/wp-json\/wp\/v2\/media?parent=117497"}],"wp:term":[{"taxonomy":"category","embeddable":true,"href":"https:\/\/lasprimeras.com.do\/index.php\/wp-json\/wp\/v2\/categories?post=117497"},{"taxonomy":"post_tag","embeddable":true,"href":"https:\/\/lasprimeras.com.do\/index.php\/wp-json\/wp\/v2\/tags?post=117497"}],"curies":[{"name":"wp","href":"https:\/\/api.w.org\/{rel}","templated":true}]}}