{"id":117502,"date":"2025-12-11T09:30:58","date_gmt":"2025-12-11T13:30:58","guid":{"rendered":"https:\/\/lasprimeras.com.do\/?p=117502"},"modified":"2025-12-11T09:30:59","modified_gmt":"2025-12-11T13:30:59","slug":"jornada-de-empleo-de-infotep-y-grupo-ramos-selecciona-a-59-aspirantes-para-nueva-tienda-en-tenares","status":"publish","type":"post","link":"https:\/\/lasprimeras.com.do\/index.php\/2025\/12\/11\/jornada-de-empleo-de-infotep-y-grupo-ramos-selecciona-a-59-aspirantes-para-nueva-tienda-en-tenares\/","title":{"rendered":"Jornada de empleo de INFOTEP y Grupo Ramos selecciona a 59 aspirantes para nueva tienda en Tenares"},"content":{"rendered":"\n<p><strong>\u00b7La jornada evidencia el impacto de la formaci\u00f3n t\u00e9cnico profesional en la inserci\u00f3n laboral y el crecimiento econ\u00f3mico de la provincia.<\/strong><\/p>\n\n\n\n<p>El Instituto Nacional de Formaci\u00f3n T\u00e9cnico Profesional (INFOTEP), a trav\u00e9s de su Direcci\u00f3n Regional Cibao Nordeste, desarroll\u00f3 una feria de empleos en coordinaci\u00f3n con el Grupo Ramos, destinada al reclutamiento de personal para la pr\u00f3xima apertura de una tienda comercial en el municipio de Tenares.<\/p>\n\n\n\n<p>Durante la jornada, realizada en el Centro Tecnol\u00f3gico Hermanas Mirabal, se recibieron 65 solicitudes de aspirantes, de las cuales 59 fueron calificadas para ocupar las posiciones disponibles.<\/p>\n\n\n\n<p>Esta alta tasa de calificaci\u00f3n refleja, seg\u00fan explic\u00f3 Fern\u00e9lis Berig\u00fcete, director regional Cibao Nordeste del INFOTEP, el impacto que tiene la formaci\u00f3n t\u00e9cnico profesional en la preparaci\u00f3n de mano de obra competente y alineada a las necesidades del sector productivo.<\/p>\n\n\n\n<p>Entre las vacantes ofertadas se encontraban puestos de l\u00edder senior de tienda, l\u00edder junior, encargado de protecci\u00f3n de activos, auxiliares de tienda y caja, gerente de prevenci\u00f3n y seguridad, junto a diversas posiciones operativas y administrativas requeridas para el funcionamiento de la nueva tienda.<\/p>\n\n\n\n<p>Berig\u00fcete destac\u00f3 que la participaci\u00f3n masiva de aspirantes provenientes de diferentes sectores de la provincia Hermanas Mirabal muestra la confianza de la poblaci\u00f3n en los procesos de formaci\u00f3n t\u00e9cnico profesional, as\u00ed como la creciente demanda de personal calificado para impulsar el dinamismo econ\u00f3mico de la regi\u00f3n.<\/p>\n\n\n\n<p>La feria se desarroll\u00f3 desde las 9:00 de la ma\u00f1ana hasta las 4:00 de la tarde, en un proceso que forma parte de la puesta en marcha del nuevo establecimiento del Grupo Ramos, una infraestructura de m\u00e1s de 650 metros cuadrados, ubicada en la calle Duarte de Tenares, pr\u00f3xima al Banco Popular.<\/p>\n\n\n\n<p>Esta sucursal integrar\u00e1 las marcas Sirena, Aprezio y Sirena Market, ampliando la oferta comercial y generando nuevas oportunidades de empleo formal.<\/p>\n\n\n\n<p>El director regional resalt\u00f3 que el Centro Tecnol\u00f3gico Hermanas Mirabal se ha consolidado como un punto estrat\u00e9gico de apoyo al desarrollo laboral de la zona.<\/p>\n\n\n\n<p>Record\u00f3 que, desde su apertura, ha realizado dos ferias de empleo, gestionando m\u00e1s de 200 oportunidades laborales para empresas que requieren t\u00e9cnicos, trabajadores capacitados y j\u00f3venes en proceso de inserci\u00f3n laboral.<\/p>\n","protected":false},"excerpt":{"rendered":"<p>\u00b7La jornada evidencia el impacto de la formaci\u00f3n t\u00e9cnico profesional en la inserci\u00f3n laboral y el crecimiento econ\u00f3mico de la provincia. El Instituto Nacional de Formaci\u00f3n T\u00e9cnico Profesional (INFOTEP), a&hellip;<\/p>\n","protected":false},"author":10,"featured_media":117503,"comment_status":"open","ping_status":"open","sticky":false,"template":"","format":"standard","meta":{"content-type":"","jetpack_post_was_ever_published":false,"_jetpack_newsletter_access":"","_jetpack_dont_email_post_to_subs":false,"_jetpack_newsletter_tier_id":0,"_jetpack_memberships_contains_paywalled_content":false,"_jetpack_memberships_contains_paid_content":false,"footnotes":""},"categories":[39,25],"tags":[2098,25449,1880,28405,16351],"class_list":["post-117502","post","type-post","status-publish","format-standard","has-post-thumbnail","hentry","category-economia","category-portada","tag-aspirantes","tag-grupo-ramos","tag-infotep","tag-jornada-de-empleo","tag-tenares"],"jetpack_featured_media_url":"https:\/\/lasprimeras.com.do\/wp-content\/uploads\/2025\/12\/Jornada-de-empleo-de-INFOTEP-1.jpg","jetpack-related-posts":[{"id":127467,"url":"https:\/\/lasprimeras.com.do\/index.php\/2026\/04\/12\/infotep-invita-a-jornada-de-empleo-este-martes-14-de-abril-en-la-direccion-regional-oriental-sde\/","url_meta":{"origin":117502,"position":0},"title":"INFOTEP invita a jornada de empleo este martes 14 de abril en la Direcci\u00f3n Regional Oriental SDE","author":"Nelson Feliz","date":"12 de abril de 2026","format":false,"excerpt":"Alrededor de 200 vacantes ser\u00e1n ofertadas durante la actividad El Instituto Nacional de Formaci\u00f3n T\u00e9cnico Profesional (INFOTEP), en colaboraci\u00f3n con el Ministerio de Industria, Comercio y MIPYMES (MICM) y la empresa internacional ARK Dominican Republic, invit\u00f3 a la ciudadan\u00eda a participar en una jornada de empleo que se llevar\u00e1 a\u2026","rel":"","context":"En \u00abECONOM\u00cdA\u00bb","block_context":{"text":"ECONOM\u00cdA","link":"https:\/\/lasprimeras.com.do\/index.php\/category\/economia\/"},"img":{"alt_text":"","src":"https:\/\/i0.wp.com\/lasprimeras.com.do\/wp-content\/uploads\/2026\/04\/infotep.jpg?resize=350%2C200&ssl=1","width":350,"height":200,"srcset":"https:\/\/i0.wp.com\/lasprimeras.com.do\/wp-content\/uploads\/2026\/04\/infotep.jpg?resize=350%2C200&ssl=1 1x, https:\/\/i0.wp.com\/lasprimeras.com.do\/wp-content\/uploads\/2026\/04\/infotep.jpg?resize=525%2C300&ssl=1 1.5x, https:\/\/i0.wp.com\/lasprimeras.com.do\/wp-content\/uploads\/2026\/04\/infotep.jpg?resize=700%2C400&ssl=1 2x"},"classes":[]},{"id":87271,"url":"https:\/\/lasprimeras.com.do\/index.php\/2024\/08\/09\/infotep-inaugura-dos-nuevos-centros-en-monte-llano-y-blanco-arriba\/","url_meta":{"origin":117502,"position":1},"title":"INFOTEP inaugura dos nuevos centros en Monte Llano y Blanco Arriba","author":"Nelson Feliz","date":"9 de agosto de 2024","format":false,"excerpt":"Dos nuevos centros t\u00e9cnicos comunitarios fueron inaugurados por el Instituto Nacional de Formaci\u00f3n T\u00e9cnico Profesional (INFOTEP), en Monte Llano y Blanco Arriba, los cuales impactar\u00e1n de manera positiva a la fuerza productiva de esas localidades, dinamizando el desarrollo socioecon\u00f3mico de la provincia Hermanas Mirabal. El ministro de la presidencia, Joel\u2026","rel":"","context":"En \u00abNACIONALES\u00bb","block_context":{"text":"NACIONALES","link":"https:\/\/lasprimeras.com.do\/index.php\/category\/nacionales\/"},"img":{"alt_text":"","src":"https:\/\/i0.wp.com\/lasprimeras.com.do\/wp-content\/uploads\/2024\/08\/SANTOS.jpg?resize=350%2C200&ssl=1","width":350,"height":200,"srcset":"https:\/\/i0.wp.com\/lasprimeras.com.do\/wp-content\/uploads\/2024\/08\/SANTOS.jpg?resize=350%2C200&ssl=1 1x, https:\/\/i0.wp.com\/lasprimeras.com.do\/wp-content\/uploads\/2024\/08\/SANTOS.jpg?resize=525%2C300&ssl=1 1.5x, https:\/\/i0.wp.com\/lasprimeras.com.do\/wp-content\/uploads\/2024\/08\/SANTOS.jpg?resize=700%2C400&ssl=1 2x"},"classes":[]},{"id":53314,"url":"https:\/\/lasprimeras.com.do\/index.php\/2023\/06\/25\/abinader-destaca-empuje-de-la-formacion-profesional-del-infotep\/","url_meta":{"origin":117502,"position":2},"title":"Abinader destaca empuje de la formaci\u00f3n profesional del INFOTEP","author":"Nelson Feliz","date":"25 de junio de 2023","format":false,"excerpt":"Por Mart\u00edn Restituyo El presidente Luis Abinader inaugur\u00f3 un moderno centro del Instituto Nacional de Formaci\u00f3n T\u00e9cnico Profesional (INFOTEP), en la provincia Hermanas Mirabal, especializado en turismo y hoteler\u00eda. El Centro Tecnol\u00f3gico Hermanas Mirabal, cuenta con una oferta formativa de m\u00e1s de veinte programas de capacitaci\u00f3n, est\u00e1 ubicado en las\u2026","rel":"","context":"En \u00abNACIONALES\u00bb","block_context":{"text":"NACIONALES","link":"https:\/\/lasprimeras.com.do\/index.php\/category\/nacionales\/"},"img":{"alt_text":"Luis Abinader inaugur\u00f3 un moderno centro del Instituto Nacional de Formaci\u00f3n T\u00e9cnico Profesional","src":"https:\/\/i0.wp.com\/lasprimeras.com.do\/wp-content\/uploads\/2023\/06\/Infotep.jpg?resize=350%2C200&ssl=1","width":350,"height":200,"srcset":"https:\/\/i0.wp.com\/lasprimeras.com.do\/wp-content\/uploads\/2023\/06\/Infotep.jpg?resize=350%2C200&ssl=1 1x, https:\/\/i0.wp.com\/lasprimeras.com.do\/wp-content\/uploads\/2023\/06\/Infotep.jpg?resize=525%2C300&ssl=1 1.5x, https:\/\/i0.wp.com\/lasprimeras.com.do\/wp-content\/uploads\/2023\/06\/Infotep.jpg?resize=700%2C400&ssl=1 2x"},"classes":[]},{"id":106304,"url":"https:\/\/lasprimeras.com.do\/index.php\/2025\/08\/13\/el-infotep-y-el-coe-certifican-a-173-brigadistas-para-fortalecer-la-respuesta-ante-emergencias-a-nivel-nacional\/","url_meta":{"origin":117502,"position":3},"title":"El INFOTEP y el COE certifican a 173 brigadistas para fortalecer la respuesta ante emergencias a nivel nacional","author":"Nelson Feliz","date":"13 de agosto de 2025","format":false,"excerpt":"\u2022 Colaboradores de las principales sedes del INFOTEP recibieron formaci\u00f3n integral para actuar ante emergencias m\u00e9dicas, incendios y fen\u00f3menos naturales. El Instituto Nacional de Formaci\u00f3n T\u00e9cnico Profesional (INFOTEP) dio un paso firme hacia la prevenci\u00f3n y la seguridad, al certificar a 173 colaboradores de sus sedes principales como brigadistas de\u2026","rel":"","context":"En \u00abNACIONALES\u00bb","block_context":{"text":"NACIONALES","link":"https:\/\/lasprimeras.com.do\/index.php\/category\/nacionales\/"},"img":{"alt_text":"","src":"https:\/\/i0.wp.com\/lasprimeras.com.do\/wp-content\/uploads\/2025\/08\/info-1.jpg?resize=350%2C200&ssl=1","width":350,"height":200,"srcset":"https:\/\/i0.wp.com\/lasprimeras.com.do\/wp-content\/uploads\/2025\/08\/info-1.jpg?resize=350%2C200&ssl=1 1x, https:\/\/i0.wp.com\/lasprimeras.com.do\/wp-content\/uploads\/2025\/08\/info-1.jpg?resize=525%2C300&ssl=1 1.5x, https:\/\/i0.wp.com\/lasprimeras.com.do\/wp-content\/uploads\/2025\/08\/info-1.jpg?resize=700%2C400&ssl=1 2x"},"classes":[]},{"id":116132,"url":"https:\/\/lasprimeras.com.do\/index.php\/2025\/11\/27\/infotep-incorpora-2097-nuevos-tecnicos-al-mercado-laboral-impulsando-sectores-estrategicos-de-la-economia-dominicana\/","url_meta":{"origin":117502,"position":4},"title":"INFOTEP incorpora 2,097 nuevos t\u00e9cnicos al mercado laboral, impulsando sectores estrat\u00e9gicos de la econom\u00eda dominicana","author":"Nelson Feliz","date":"27 de noviembre de 2025","format":false,"excerpt":"El Instituto Nacional de Formaci\u00f3n T\u00e9cnico Profesional (INFOTEP) realiz\u00f3 la Graduaci\u00f3n Ordinaria del Gran Santo Domingo, entregando 2,097 nuevos t\u00e9cnicos formados en m\u00e1s de 60 \u00e1reas de alta demanda, un aporte que su director general, Rafael Santos Bad\u00eda, defini\u00f3 como \u201cuna inyecci\u00f3n directa de productividad, innovaci\u00f3n y dinamismo para la\u2026","rel":"","context":"En \u00abNACIONALES\u00bb","block_context":{"text":"NACIONALES","link":"https:\/\/lasprimeras.com.do\/index.php\/category\/nacionales\/"},"img":{"alt_text":"","src":"https:\/\/i0.wp.com\/lasprimeras.com.do\/wp-content\/uploads\/2025\/11\/INFOTEP.jpg?resize=350%2C200&ssl=1","width":350,"height":200,"srcset":"https:\/\/i0.wp.com\/lasprimeras.com.do\/wp-content\/uploads\/2025\/11\/INFOTEP.jpg?resize=350%2C200&ssl=1 1x, https:\/\/i0.wp.com\/lasprimeras.com.do\/wp-content\/uploads\/2025\/11\/INFOTEP.jpg?resize=525%2C300&ssl=1 1.5x, https:\/\/i0.wp.com\/lasprimeras.com.do\/wp-content\/uploads\/2025\/11\/INFOTEP.jpg?resize=700%2C400&ssl=1 2x"},"classes":[]},{"id":101077,"url":"https:\/\/lasprimeras.com.do\/index.php\/2025\/06\/15\/infotep-entrega-certificados-a-colaboradores-del-parque-industrial-itabo-en-haina\/","url_meta":{"origin":117502,"position":5},"title":"INFOTEP entrega certificados a colaboradores del Parque Industrial ITABO en Haina","author":"Nelson Feliz","date":"15 de junio de 2025","format":false,"excerpt":"El Instituto Nacional de Formaci\u00f3n T\u00e9cnico Profesional (INFOTEP) entreg\u00f3 932 certificados a 882 colaboradores de 26 empresas del Parque Industrial de ITABO, quienes completaron satisfactoriamente 44 acciones formativas especializadas, como parte del acuerdo estrat\u00e9gico con la Asociaci\u00f3n Dominicana de Zonas Francas (ADOZONA). Algunos participantes cursaron m\u00e1s de una capacitaci\u00f3n, lo\u2026","rel":"","context":"En \u00abNACIONALES\u00bb","block_context":{"text":"NACIONALES","link":"https:\/\/lasprimeras.com.do\/index.php\/category\/nacionales\/"},"img":{"alt_text":"","src":"https:\/\/i0.wp.com\/lasprimeras.com.do\/wp-content\/uploads\/2025\/06\/INFOTEP-1.jpg?resize=350%2C200&ssl=1","width":350,"height":200,"srcset":"https:\/\/i0.wp.com\/lasprimeras.com.do\/wp-content\/uploads\/2025\/06\/INFOTEP-1.jpg?resize=350%2C200&ssl=1 1x, https:\/\/i0.wp.com\/lasprimeras.com.do\/wp-content\/uploads\/2025\/06\/INFOTEP-1.jpg?resize=525%2C300&ssl=1 1.5x, https:\/\/i0.wp.com\/lasprimeras.com.do\/wp-content\/uploads\/2025\/06\/INFOTEP-1.jpg?resize=700%2C400&ssl=1 2x"},"classes":[]}],"jetpack_sharing_enabled":true,"_links":{"self":[{"href":"https:\/\/lasprimeras.com.do\/index.php\/wp-json\/wp\/v2\/posts\/117502","targetHints":{"allow":["GET"]}}],"collection":[{"href":"https:\/\/lasprimeras.com.do\/index.php\/wp-json\/wp\/v2\/posts"}],"about":[{"href":"https:\/\/lasprimeras.com.do\/index.php\/wp-json\/wp\/v2\/types\/post"}],"author":[{"embeddable":true,"href":"https:\/\/lasprimeras.com.do\/index.php\/wp-json\/wp\/v2\/users\/10"}],"replies":[{"embeddable":true,"href":"https:\/\/lasprimeras.com.do\/index.php\/wp-json\/wp\/v2\/comments?post=117502"}],"version-history":[{"count":1,"href":"https:\/\/lasprimeras.com.do\/index.php\/wp-json\/wp\/v2\/posts\/117502\/revisions"}],"predecessor-version":[{"id":117504,"href":"https:\/\/lasprimeras.com.do\/index.php\/wp-json\/wp\/v2\/posts\/117502\/revisions\/117504"}],"wp:featuredmedia":[{"embeddable":true,"href":"https:\/\/lasprimeras.com.do\/index.php\/wp-json\/wp\/v2\/media\/117503"}],"wp:attachment":[{"href":"https:\/\/lasprimeras.com.do\/index.php\/wp-json\/wp\/v2\/media?parent=117502"}],"wp:term":[{"taxonomy":"category","embeddable":true,"href":"https:\/\/lasprimeras.com.do\/index.php\/wp-json\/wp\/v2\/categories?post=117502"},{"taxonomy":"post_tag","embeddable":true,"href":"https:\/\/lasprimeras.com.do\/index.php\/wp-json\/wp\/v2\/tags?post=117502"}],"curies":[{"name":"wp","href":"https:\/\/api.w.org\/{rel}","templated":true}]}}